{"id":6988,"date":"2019-10-25T12:02:55","date_gmt":"2019-10-25T17:02:55","guid":{"rendered":"https:\/\/difusionculturaluninter.wordpress.com\/?p=6988"},"modified":"2019-10-25T12:02:55","modified_gmt":"2019-10-25T17:02:55","slug":"elena-poniatowska-presenta-la-exposicion-del-movimiento-ferrocarrilero","status":"publish","type":"post","link":"https:\/\/blogs.uninter.edu.mx\/difusioncultural\/?p=6988","title":{"rendered":"Elena Poniatowska presenta la exposici\u00f3n del Movimiento Ferrocarrilero"},"content":{"rendered":"<p style=\"text-align:justify;\">La escritora Elena Poniatowska inaugur\u00f3 esta noche la exposici\u00f3n\u00a0<em>Una mirada a los rieles: el movimiento ferrocarrilero a trav\u00e9s de un ojo art\u00edstico<\/em>, que forma parte del ciclo Los rieles de la memoria: 60 aniversario del movimiento ferrocarrilero, que se realizar\u00e1 durante octubre en la fundaci\u00f3n que lleva su nombre.<\/p>\n<p style=\"text-align:justify;\">Previo a la apertura de la muestra, donde la mayor\u00eda de las obras se encuentran a la venta, la Premio Cervantes habl\u00f3 del dirigente ferrocarriles Demetrio Vallejo, en quien se inspir\u00f3 para su novela El tren pasa primero, y cont\u00f3 c\u00f3mo lo conoci\u00f3 en prisi\u00f3n, y un poco de la biograf\u00eda de este l\u00edder que naci\u00f3 en un peque\u00f1o pueblo de\u00a0 Oaxaca, y como le ten\u00eda miedo al campo sigui\u00f3 el segundo oficio disponible: la estaci\u00f3n de trenes.<\/p>\n<blockquote>\n<p style=\"text-align:justify;\"><img decoding=\"async\" class=\" aligncenter\" src=\"https:\/\/www.jornada.com.mx\/ultimas\/2019\/10\/23\/elena-poniatowska-exposicion-fotografica-del-movimiento-ferrocarrilero-1386.html\/roberto-garcia.jpg-8497.html\/image_large\" \/> <span class=\"nitf_author font-weight-bold\">Ericka Monta\u00f1o Garfias\u00a0<\/span>| Viernes, 25 oct 2019 22:10<\/p>\n<\/blockquote>\n<p style=\"text-align:justify;\">El director de la Fundaci\u00f3n Elena Poniatowska, Felipe Poniatowska, se refiri\u00f3, a su vez, a la entrega de la medalla Belisario Dom\u00ednguez a la activista Rosario Ibarra de Piedra, \u201cquien representa a madres y padres de desaparecidos, y que dice \u2018ya basta\u2019\u201d.<\/p>\n<p style=\"text-align:justify;\">El ciclo de conmemoraci\u00f3n del movimiento ferrocarrilero continuar\u00e1 este 24 de octubre a las 18;00 con la proyecci\u00f3n del documental La otra historia: los ferrocarrileros 1958-1959. El 29 de octubre a las 19 horas se realizar\u00e1 una mesa de di\u00e1logo en torno al ese movimiento y el 30 de octubre una conferencia acerca de Demetrio Vallejo a cargo de Carlos Betancourt, historiador y colaborador de la Fundaci\u00f3n del Museo de los Ferrocarrileros. Ambas actividades son a las 19 horas.<\/p>\n<p style=\"text-align:justify;\">Finalmente el 31 de octubre se proyectar\u00e1 el documental Hechos sobre rieles, de John Mraz, a las 7 de la noche.<\/p>\n<p style=\"text-align:justify;\">La fundaci\u00f3n se localiza en la calle Jos\u00e9 Mart\u00ed, n\u00famero 105, en la colonia Escandon, y parte de lo que se recaude con la venta de las obras de la exposici\u00f3n Una mirada a los rieles\u2026 ser\u00e1 donada a la instituci\u00f3n.<\/p>\n","protected":false},"excerpt":{"rendered":"<p>La escritora Elena Poniatowska inaugur\u00f3 esta noche la exposici\u00f3n\u00a0Una mirada a los rieles: el movimiento ferrocarrilero a trav\u00e9s de un ojo art\u00edstico, que forma parte del ciclo Los rieles de la memoria: 60 aniversario del movimiento ferrocarrilero, que se realizar\u00e1 durante octubre en la fundaci\u00f3n que lleva su nombre. Previo a la apertura de la&hellip;<\/p>\n","protected":false},"author":1,"featured_media":6997,"comment_status":"closed","ping_status":"open","sticky":false,"template":"","format":"standard","meta":{"_jetpack_memberships_contains_paid_content":false,"footnotes":"","jetpack_publicize_message":"","jetpack_publicize_feature_enabled":true,"jetpack_social_post_already_shared":false,"jetpack_social_options":{"image_generator_settings":{"template":"highway","default_image_id":0,"font":"","enabled":false},"version":2}},"categories":[8,13],"tags":[],"class_list":["post-6988","post","type-post","status-publish","format-standard","has-post-thumbnail","hentry","category-eventos","category-personas-interesantes"],"yoast_head":"<!-- This site is optimized with the Yoast SEO plugin v26.3 - https:\/\/yoast.com\/wordpress\/plugins\/seo\/ -->\r\n<title>Elena Poniatowska presenta la exposici\u00f3n del Movimiento Ferrocarrilero - Difusi\u00f3n Cultural<\/title>\r\n<meta name=\"robots\" content=\"index, follow, max-snippet:-1, max-image-preview:large, max-video-preview:-1\" \/>\r\n<link rel=\"canonical\" href=\"https:\/\/blogs.uninter.edu.mx\/difusioncultural\/?p=6988\" \/>\r\n<meta property=\"og:locale\" content=\"es_MX\" \/>\r\n<meta property=\"og:type\" content=\"article\" \/>\r\n<meta property=\"og:title\" content=\"Elena Poniatowska presenta la exposici\u00f3n del Movimiento Ferrocarrilero - Difusi\u00f3n Cultural\" \/>\r\n<meta property=\"og:description\" content=\"La escritora Elena Poniatowska inaugur\u00f3 esta noche la exposici\u00f3n\u00a0Una mirada a los rieles: el movimiento ferrocarrilero a trav\u00e9s de un ojo art\u00edstico, que forma parte del ciclo Los rieles de la memoria: 60 aniversario del movimiento ferrocarrilero, que se realizar\u00e1 durante octubre en la fundaci\u00f3n que lleva su nombre. Previo a la apertura de la&hellip;\" \/>\r\n<meta property=\"og:url\" content=\"https:\/\/blogs.uninter.edu.mx\/difusioncultural\/?p=6988\" \/>\r\n<meta property=\"og:site_name\" content=\"Difusi\u00f3n Cultural\" \/>\r\n<meta property=\"article:published_time\" content=\"2019-10-25T17:02:55+00:00\" \/>\r\n<meta property=\"og:image\" content=\"https:\/\/blogs.uninter.edu.mx\/difusioncultural\/wp-content\/uploads\/2019\/10\/image_large.jpg\" \/>\r\n\t<meta property=\"og:image:width\" content=\"745\" \/>\r\n\t<meta property=\"og:image:height\" content=\"496\" \/>\r\n\t<meta property=\"og:image:type\" content=\"image\/jpeg\" \/>\r\n<meta name=\"author\" content=\"webmaster\" \/>\r\n<meta name=\"twitter:card\" content=\"summary_large_image\" \/>\r\n<meta name=\"twitter:label1\" content=\"Escrito por\" \/>\n\t<meta name=\"twitter:data1\" content=\"webmaster\" \/>\n\t<meta name=\"twitter:label2\" content=\"Tiempo de lectura\" \/>\n\t<meta name=\"twitter:data2\" content=\"2 minutos\" \/>\r\n<script type=\"application\/ld+json\" class=\"yoast-schema-graph\">{\"@context\":\"https:\/\/schema.org\",\"@graph\":[{\"@type\":\"Article\",\"@id\":\"https:\/\/blogs.uninter.edu.mx\/difusioncultural\/?p=6988#article\",\"isPartOf\":{\"@id\":\"https:\/\/blogs.uninter.edu.mx\/difusioncultural\/?p=6988\"},\"author\":{\"name\":\"webmaster\",\"@id\":\"https:\/\/blogs.uninter.edu.mx\/difusioncultural\/#\/schema\/person\/37a0926f4dd300a814993fd595abdc4a\"},\"headline\":\"Elena Poniatowska presenta la exposici\u00f3n del Movimiento Ferrocarrilero\",\"datePublished\":\"2019-10-25T17:02:55+00:00\",\"mainEntityOfPage\":{\"@id\":\"https:\/\/blogs.uninter.edu.mx\/difusioncultural\/?p=6988\"},\"wordCount\":338,\"publisher\":{\"@id\":\"https:\/\/blogs.uninter.edu.mx\/difusioncultural\/#organization\"},\"image\":{\"@id\":\"https:\/\/blogs.uninter.edu.mx\/difusioncultural\/?p=6988#primaryimage\"},\"thumbnailUrl\":\"https:\/\/blogs.uninter.edu.mx\/difusioncultural\/wp-content\/uploads\/2019\/10\/image_large.jpg\",\"articleSection\":[\"Eventos\",\"Personas interesantes\"],\"inLanguage\":\"es\"},{\"@type\":\"WebPage\",\"@id\":\"https:\/\/blogs.uninter.edu.mx\/difusioncultural\/?p=6988\",\"url\":\"https:\/\/blogs.uninter.edu.mx\/difusioncultural\/?p=6988\",\"name\":\"Elena Poniatowska presenta la exposici\u00f3n del Movimiento Ferrocarrilero - Difusi\u00f3n Cultural\",\"isPartOf\":{\"@id\":\"https:\/\/blogs.uninter.edu.mx\/difusioncultural\/#website\"},\"primaryImageOfPage\":{\"@id\":\"https:\/\/blogs.uninter.edu.mx\/difusioncultural\/?p=6988#primaryimage\"},\"image\":{\"@id\":\"https:\/\/blogs.uninter.edu.mx\/difusioncultural\/?p=6988#primaryimage\"},\"thumbnailUrl\":\"https:\/\/blogs.uninter.edu.mx\/difusioncultural\/wp-content\/uploads\/2019\/10\/image_large.jpg\",\"datePublished\":\"2019-10-25T17:02:55+00:00\",\"breadcrumb\":{\"@id\":\"https:\/\/blogs.uninter.edu.mx\/difusioncultural\/?p=6988#breadcrumb\"},\"inLanguage\":\"es\",\"potentialAction\":[{\"@type\":\"ReadAction\",\"target\":[\"https:\/\/blogs.uninter.edu.mx\/difusioncultural\/?p=6988\"]}]},{\"@type\":\"ImageObject\",\"inLanguage\":\"es\",\"@id\":\"https:\/\/blogs.uninter.edu.mx\/difusioncultural\/?p=6988#primaryimage\",\"url\":\"https:\/\/blogs.uninter.edu.mx\/difusioncultural\/wp-content\/uploads\/2019\/10\/image_large.jpg\",\"contentUrl\":\"https:\/\/blogs.uninter.edu.mx\/difusioncultural\/wp-content\/uploads\/2019\/10\/image_large.jpg\",\"width\":745,\"height\":496},{\"@type\":\"BreadcrumbList\",\"@id\":\"https:\/\/blogs.uninter.edu.mx\/difusioncultural\/?p=6988#breadcrumb\",\"itemListElement\":[{\"@type\":\"ListItem\",\"position\":1,\"name\":\"Inicio\",\"item\":\"https:\/\/blogs.uninter.edu.mx\/difusioncultural\/\"},{\"@type\":\"ListItem\",\"position\":2,\"name\":\"Elena Poniatowska presenta la exposici\u00f3n del Movimiento Ferrocarrilero\"}]},{\"@type\":\"WebSite\",\"@id\":\"https:\/\/blogs.uninter.edu.mx\/difusioncultural\/#website\",\"url\":\"https:\/\/blogs.uninter.edu.mx\/difusioncultural\/\",\"name\":\"Difusi\u00f3n Cultural\",\"description\":\"UNINTER\",\"publisher\":{\"@id\":\"https:\/\/blogs.uninter.edu.mx\/difusioncultural\/#organization\"},\"potentialAction\":[{\"@type\":\"SearchAction\",\"target\":{\"@type\":\"EntryPoint\",\"urlTemplate\":\"https:\/\/blogs.uninter.edu.mx\/difusioncultural\/?s={search_term_string}\"},\"query-input\":{\"@type\":\"PropertyValueSpecification\",\"valueRequired\":true,\"valueName\":\"search_term_string\"}}],\"inLanguage\":\"es\"},{\"@type\":\"Organization\",\"@id\":\"https:\/\/blogs.uninter.edu.mx\/difusioncultural\/#organization\",\"name\":\"Difusi\u00f3n Cultural\",\"url\":\"https:\/\/blogs.uninter.edu.mx\/difusioncultural\/\",\"logo\":{\"@type\":\"ImageObject\",\"inLanguage\":\"es\",\"@id\":\"https:\/\/blogs.uninter.edu.mx\/difusioncultural\/#\/schema\/logo\/image\/\",\"url\":\"https:\/\/blogs.uninter.edu.mx\/difusioncultural\/wp-content\/uploads\/2022\/09\/uninter.jpg\",\"contentUrl\":\"https:\/\/blogs.uninter.edu.mx\/difusioncultural\/wp-content\/uploads\/2022\/09\/uninter.jpg\",\"width\":2048,\"height\":2048,\"caption\":\"Difusi\u00f3n Cultural\"},\"image\":{\"@id\":\"https:\/\/blogs.uninter.edu.mx\/difusioncultural\/#\/schema\/logo\/image\/\"}},{\"@type\":\"Person\",\"@id\":\"https:\/\/blogs.uninter.edu.mx\/difusioncultural\/#\/schema\/person\/37a0926f4dd300a814993fd595abdc4a\",\"name\":\"webmaster\",\"image\":{\"@type\":\"ImageObject\",\"inLanguage\":\"es\",\"@id\":\"https:\/\/blogs.uninter.edu.mx\/difusioncultural\/#\/schema\/person\/image\/\",\"url\":\"https:\/\/secure.gravatar.com\/avatar\/a59c276b01147463ef3aab4118e3137ebc5e1ad6700deb39ccdf8b89e517f7dc?s=96&d=mm&r=g\",\"contentUrl\":\"https:\/\/secure.gravatar.com\/avatar\/a59c276b01147463ef3aab4118e3137ebc5e1ad6700deb39ccdf8b89e517f7dc?s=96&d=mm&r=g\",\"caption\":\"webmaster\"},\"sameAs\":[\"https:\/\/blogs.uninter.edu.mx\/difusioncultural\"],\"url\":\"https:\/\/blogs.uninter.edu.mx\/difusioncultural\/?author=1\"}]}<\/script>\r\n<!-- \/ Yoast SEO plugin. -->","yoast_head_json":{"title":"Elena Poniatowska presenta la exposici\u00f3n del Movimiento Ferrocarrilero - Difusi\u00f3n Cultural","robots":{"index":"index","follow":"follow","max-snippet":"max-snippet:-1","max-image-preview":"max-image-preview:large","max-video-preview":"max-video-preview:-1"},"canonical":"https:\/\/blogs.uninter.edu.mx\/difusioncultural\/?p=6988","og_locale":"es_MX","og_type":"article","og_title":"Elena Poniatowska presenta la exposici\u00f3n del Movimiento Ferrocarrilero - Difusi\u00f3n Cultural","og_description":"La escritora Elena Poniatowska inaugur\u00f3 esta noche la exposici\u00f3n\u00a0Una mirada a los rieles: el movimiento ferrocarrilero a trav\u00e9s de un ojo art\u00edstico, que forma parte del ciclo Los rieles de la memoria: 60 aniversario del movimiento ferrocarrilero, que se realizar\u00e1 durante octubre en la fundaci\u00f3n que lleva su nombre. Previo a la apertura de la&hellip;","og_url":"https:\/\/blogs.uninter.edu.mx\/difusioncultural\/?p=6988","og_site_name":"Difusi\u00f3n Cultural","article_published_time":"2019-10-25T17:02:55+00:00","og_image":[{"width":745,"height":496,"url":"https:\/\/blogs.uninter.edu.mx\/difusioncultural\/wp-content\/uploads\/2019\/10\/image_large.jpg","type":"image\/jpeg"}],"author":"webmaster","twitter_card":"summary_large_image","twitter_misc":{"Escrito por":"webmaster","Tiempo de lectura":"2 minutos"},"schema":{"@context":"https:\/\/schema.org","@graph":[{"@type":"Article","@id":"https:\/\/blogs.uninter.edu.mx\/difusioncultural\/?p=6988#article","isPartOf":{"@id":"https:\/\/blogs.uninter.edu.mx\/difusioncultural\/?p=6988"},"author":{"name":"webmaster","@id":"https:\/\/blogs.uninter.edu.mx\/difusioncultural\/#\/schema\/person\/37a0926f4dd300a814993fd595abdc4a"},"headline":"Elena Poniatowska presenta la exposici\u00f3n del Movimiento Ferrocarrilero","datePublished":"2019-10-25T17:02:55+00:00","mainEntityOfPage":{"@id":"https:\/\/blogs.uninter.edu.mx\/difusioncultural\/?p=6988"},"wordCount":338,"publisher":{"@id":"https:\/\/blogs.uninter.edu.mx\/difusioncultural\/#organization"},"image":{"@id":"https:\/\/blogs.uninter.edu.mx\/difusioncultural\/?p=6988#primaryimage"},"thumbnailUrl":"https:\/\/blogs.uninter.edu.mx\/difusioncultural\/wp-content\/uploads\/2019\/10\/image_large.jpg","articleSection":["Eventos","Personas interesantes"],"inLanguage":"es"},{"@type":"WebPage","@id":"https:\/\/blogs.uninter.edu.mx\/difusioncultural\/?p=6988","url":"https:\/\/blogs.uninter.edu.mx\/difusioncultural\/?p=6988","name":"Elena Poniatowska presenta la exposici\u00f3n del Movimiento Ferrocarrilero - Difusi\u00f3n Cultural","isPartOf":{"@id":"https:\/\/blogs.uninter.edu.mx\/difusioncultural\/#website"},"primaryImageOfPage":{"@id":"https:\/\/blogs.uninter.edu.mx\/difusioncultural\/?p=6988#primaryimage"},"image":{"@id":"https:\/\/blogs.uninter.edu.mx\/difusioncultural\/?p=6988#primaryimage"},"thumbnailUrl":"https:\/\/blogs.uninter.edu.mx\/difusioncultural\/wp-content\/uploads\/2019\/10\/image_large.jpg","datePublished":"2019-10-25T17:02:55+00:00","breadcrumb":{"@id":"https:\/\/blogs.uninter.edu.mx\/difusioncultural\/?p=6988#breadcrumb"},"inLanguage":"es","potentialAction":[{"@type":"ReadAction","target":["https:\/\/blogs.uninter.edu.mx\/difusioncultural\/?p=6988"]}]},{"@type":"ImageObject","inLanguage":"es","@id":"https:\/\/blogs.uninter.edu.mx\/difusioncultural\/?p=6988#primaryimage","url":"https:\/\/blogs.uninter.edu.mx\/difusioncultural\/wp-content\/uploads\/2019\/10\/image_large.jpg","contentUrl":"https:\/\/blogs.uninter.edu.mx\/difusioncultural\/wp-content\/uploads\/2019\/10\/image_large.jpg","width":745,"height":496},{"@type":"BreadcrumbList","@id":"https:\/\/blogs.uninter.edu.mx\/difusioncultural\/?p=6988#breadcrumb","itemListElement":[{"@type":"ListItem","position":1,"name":"Inicio","item":"https:\/\/blogs.uninter.edu.mx\/difusioncultural\/"},{"@type":"ListItem","position":2,"name":"Elena Poniatowska presenta la exposici\u00f3n del Movimiento Ferrocarrilero"}]},{"@type":"WebSite","@id":"https:\/\/blogs.uninter.edu.mx\/difusioncultural\/#website","url":"https:\/\/blogs.uninter.edu.mx\/difusioncultural\/","name":"Difusi\u00f3n Cultural","description":"UNINTER","publisher":{"@id":"https:\/\/blogs.uninter.edu.mx\/difusioncultural\/#organization"},"potentialAction":[{"@type":"SearchAction","target":{"@type":"EntryPoint","urlTemplate":"https:\/\/blogs.uninter.edu.mx\/difusioncultural\/?s={search_term_string}"},"query-input":{"@type":"PropertyValueSpecification","valueRequired":true,"valueName":"search_term_string"}}],"inLanguage":"es"},{"@type":"Organization","@id":"https:\/\/blogs.uninter.edu.mx\/difusioncultural\/#organization","name":"Difusi\u00f3n Cultural","url":"https:\/\/blogs.uninter.edu.mx\/difusioncultural\/","logo":{"@type":"ImageObject","inLanguage":"es","@id":"https:\/\/blogs.uninter.edu.mx\/difusioncultural\/#\/schema\/logo\/image\/","url":"https:\/\/blogs.uninter.edu.mx\/difusioncultural\/wp-content\/uploads\/2022\/09\/uninter.jpg","contentUrl":"https:\/\/blogs.uninter.edu.mx\/difusioncultural\/wp-content\/uploads\/2022\/09\/uninter.jpg","width":2048,"height":2048,"caption":"Difusi\u00f3n Cultural"},"image":{"@id":"https:\/\/blogs.uninter.edu.mx\/difusioncultural\/#\/schema\/logo\/image\/"}},{"@type":"Person","@id":"https:\/\/blogs.uninter.edu.mx\/difusioncultural\/#\/schema\/person\/37a0926f4dd300a814993fd595abdc4a","name":"webmaster","image":{"@type":"ImageObject","inLanguage":"es","@id":"https:\/\/blogs.uninter.edu.mx\/difusioncultural\/#\/schema\/person\/image\/","url":"https:\/\/secure.gravatar.com\/avatar\/a59c276b01147463ef3aab4118e3137ebc5e1ad6700deb39ccdf8b89e517f7dc?s=96&d=mm&r=g","contentUrl":"https:\/\/secure.gravatar.com\/avatar\/a59c276b01147463ef3aab4118e3137ebc5e1ad6700deb39ccdf8b89e517f7dc?s=96&d=mm&r=g","caption":"webmaster"},"sameAs":["https:\/\/blogs.uninter.edu.mx\/difusioncultural"],"url":"https:\/\/blogs.uninter.edu.mx\/difusioncultural\/?author=1"}]}},"jetpack_publicize_connections":[],"jetpack_featured_media_url":"https:\/\/blogs.uninter.edu.mx\/difusioncultural\/wp-content\/uploads\/2019\/10\/image_large.jpg","jetpack_sharing_enabled":true,"_links":{"self":[{"href":"https:\/\/blogs.uninter.edu.mx\/difusioncultural\/index.php?rest_route=\/wp\/v2\/posts\/6988","targetHints":{"allow":["GET"]}}],"collection":[{"href":"https:\/\/blogs.uninter.edu.mx\/difusioncultural\/index.php?rest_route=\/wp\/v2\/posts"}],"about":[{"href":"https:\/\/blogs.uninter.edu.mx\/difusioncultural\/index.php?rest_route=\/wp\/v2\/types\/post"}],"author":[{"embeddable":true,"href":"https:\/\/blogs.uninter.edu.mx\/difusioncultural\/index.php?rest_route=\/wp\/v2\/users\/1"}],"replies":[{"embeddable":true,"href":"https:\/\/blogs.uninter.edu.mx\/difusioncultural\/index.php?rest_route=%2Fwp%2Fv2%2Fcomments&post=6988"}],"version-history":[{"count":0,"href":"https:\/\/blogs.uninter.edu.mx\/difusioncultural\/index.php?rest_route=\/wp\/v2\/posts\/6988\/revisions"}],"wp:featuredmedia":[{"embeddable":true,"href":"https:\/\/blogs.uninter.edu.mx\/difusioncultural\/index.php?rest_route=\/wp\/v2\/media\/6997"}],"wp:attachment":[{"href":"https:\/\/blogs.uninter.edu.mx\/difusioncultural\/index.php?rest_route=%2Fwp%2Fv2%2Fmedia&parent=6988"}],"wp:term":[{"taxonomy":"category","embeddable":true,"href":"https:\/\/blogs.uninter.edu.mx\/difusioncultural\/index.php?rest_route=%2Fwp%2Fv2%2Fcategories&post=6988"},{"taxonomy":"post_tag","embeddable":true,"href":"https:\/\/blogs.uninter.edu.mx\/difusioncultural\/index.php?rest_route=%2Fwp%2Fv2%2Ftags&post=6988"}],"curies":[{"name":"wp","href":"https:\/\/api.w.org\/{rel}","templated":true}]}}