{"id":7001,"date":"2019-10-26T12:26:39","date_gmt":"2019-10-26T17:26:39","guid":{"rendered":"https:\/\/difusionculturaluninter.wordpress.com\/?p=7001"},"modified":"2019-10-26T12:26:39","modified_gmt":"2019-10-26T17:26:39","slug":"que-le-voy-a-contar-a-mexico-en-el-tema-de-erigir-muros-se-pregunta-jaume-plensa","status":"publish","type":"post","link":"https:\/\/blogs.uninter.edu.mx\/difusioncultural\/?p=7001","title":{"rendered":"\u00bfQu\u00e9 le voy a contar a M\u00e9xico en el tema de erigir muros?, se pregunta Jaume Plensa"},"content":{"rendered":"<div id=\"content_nitf\" class=\"tbl-forkorts-article\">\n<div class=\"col col1\">\n<p class=\"s-s\" style=\"text-align:justify;\"><em>Ciudad de M\u00e9xico.\u00a0<\/em>El artista catal\u00e1n Jaume Plensa (Barcelona, 1955) charla con\u00a0<em>La Jornada<\/em>\u00a0en una banca de piedra dentro del Museo Nacional de Arte (Munal), de espaldas a la escultura monumental\u00a0<em>Behind the walls\/ Detr\u00e1s del muro,<\/em>\u00a0colocada en el Patio de los Leones. Ese es el motivo de su presencia en M\u00e9xico: la inauguraci\u00f3n de esa pieza de 7.5 metros de altura, hecha con una mezcla de fibra de vidrio y polvo de m\u00e1rmol.<\/p>\n<p style=\"text-align:justify;\">Es el rostro de una mujer-ni\u00f1a que se cubre los ojos con las manos, y cuya posible lectura ser\u00e1 diferente en cada lugar que se coloque, en cada individuo que la vea. Fue concebida para instalarse frente al Rockefeller Center, en Nueva York, donde r\u00e1pidamente se convirti\u00f3 en la escultura m\u00e1s fotografiada, y ahora se encuentra en el coraz\u00f3n de M\u00e9xico. Esta es la primera ocasi\u00f3n en la que Plensa expone en el pa\u00eds.<\/p>\n<p style=\"text-align:justify;\"><img decoding=\"async\" class=\" aligncenter\" src=\"https:\/\/www.jornada.com.mx\/ultimas\/2019\/10\/24\/que-le-voy-a-contar-a-mexico-en-el-tema-de-erigir-muros-se-pregunta-jaume-plensa-1505.html\/a03n1cul-1.jpg-4214.html\/image_large\" \/><\/p>\n<p style=\"text-align:justify;\">\u2013Aqu\u00ed las lecturas acerca de la escultura ser\u00e1n diferentes por el tema del muro en la frontera y de la violencia de g\u00e9nero.<\/p>\n<p style=\"text-align:justify;\">\u2013Esto que est\u00e1 pasando, la forma en la que se ha canalizado una energ\u00eda en esta pieza, en un lugar concreto. \u00a1Caramba! Creo que esto es arte en estado puro. Cuando William Blake dec\u00eda \u2018\u2018un pensamiento llena la inmensidad\u2019\u2019, esta idea de que no son objetos, no son materias, no son cosas f\u00edsicas, sino que es esta vibraci\u00f3n de los cuerpos, de nuestros pensamientos, que van llenando el espacio y nos unen a todos, creo que esto es arte.<\/p>\n<p class=\"sumario\" style=\"text-align:justify;\"><strong>El Mediterr\u00e1neo, gran tumba<\/strong><\/p>\n<p class=\"s-s\" style=\"text-align:justify;\">\u2013\u00bfC\u00f3mo traducimos el t\u00edtulo\u00a0<em>Behind the walls:<\/em>\u00a0detr\u00e1s de las paredes o detr\u00e1s de los muros?<\/p>\n<p style=\"text-align:justify;\">\u2013Sabes que la hice para esta instalaci\u00f3n en el Rockefeller Center de Nueva York, y era una pieza a la que quer\u00eda darle un sentido muy gen\u00e9rico, no estaba dedicada a un muro concreto ni a un problema en particular. Creo que estaba dedicada al ser humano que tiene una capacidad infinita de levantar muros, ah\u00ed donde est\u00e9 lo primero que hace es levantar un muro, primero para protegerse y luego para evitar el contacto con lo que le parece que no es adecuado.<\/p>\n<p style=\"text-align:justify;\">\u2018\u2018Muchas veces he dicho que los muros m\u00e1s altos, los m\u00e1s impenetrables son los que creamos con nuestras propias manos cuando nos tapamos los ojos y preferimos no ver, no saber, mirar hacia otro lado. Y creo que esto son los grandes muros. Ya lo s\u00e9 que no son los que parece que levantan los pol\u00edticos pero quer\u00eda darle un sentido m\u00e1s individual, personal, m\u00e1s de responsabilidad propia de cada uno de nosotros porque siempre parece que la culpa es de alguien pero nunca nuestra.<\/p>\n<p style=\"text-align:justify;\">\u2018\u2018Me pareci\u00f3 que Nueva York era un lugar muy adecuado para hablar de este sentido an\u00f3nimo de la culpa o la responsabilidad, lo que pasa es que ha sido una suerte o un destino tal vez que esta pieza venga a M\u00e9xico. Y, claro, este pa\u00eds es un lugar que conoce muy bien este tema, \u00bfqu\u00e9 le voy a contar yo a M\u00e9xico de todo esto?<\/p>\n<\/div>\n<div class=\"col col2\" style=\"text-align:justify;\">\n<p>\u2018\u2018Y yo que soy un hombre del Mediterr\u00e1neo que tambi\u00e9n el mar que yo adoraba se ha convertido en otra cosa, es una gran tumba ahora, es decir, vivimos experiencias distintas pero parecidas en el dolor humano y en la responsabilidad de cada uno.<\/p>\n<p>\u2018\u2018Es una pieza que me gustar\u00eda que cuando el espectador est\u00e9 delante de ella, tuviera un sentido casi de espejo, en el que se vea reflejado y dos segundos de reflexi\u00f3n o de ternura hacia este gran problema.\u2019\u2019<\/p>\n<p class=\"sumario\"><strong>Otras sensibilidades<\/strong><\/p>\n<p class=\"s-s\">\u2013Tambi\u00e9n es un\u00a0<em>shock<\/em>\u00a0ver la escultura porque pareciera que estamos viendo todo, todo el tiempo, pero la obra nos dice que no es cierto.<\/p>\n<p>\u2013Estar\u00e1s de acuerdo con que a veces con los ojos no es con lo que m\u00e1s se ve, o con la boca no es con lo mejor con lo que se puede decir algo, con las orejas no es con lo que puedes escuchar mejor. Necesitar\u00edamos poner en marcha otras sensibilidades en nuestro cuerpo, de nuestra mente, para poder llegar con m\u00e1s precisi\u00f3n al mensaje de verdad. Soy artista, por tanto, trabajo con la mirada, la visi\u00f3n; ha habido una p\u00e9rdida de la percepci\u00f3n visual en beneficio de la informaci\u00f3n visual y creo que esa velocidad, esta rapidez, esto que nos parece informaci\u00f3n, ha ido deteriorando la profundidad de nuestra mirada, la lentitud de esta mirada y sobre todo la lentitud de la reflexi\u00f3n de los que aprendemos gracias a la mirada.<\/p>\n<p>\u2018\u2018Esta pieza es verdad que es fuerte, porque es como cerrarte a lo que te une a los dem\u00e1s que es la mirada, pero tambi\u00e9n de alguna forma se cubre pr\u00e1cticamente todo el rostro: porque tenemos unas manos enormes, aunque no lo parezcan, en nuestra proporci\u00f3n humana. Creo que va a ser muy bonita porque es muy emocional, tambi\u00e9n.\u201d<\/p>\n<p>Una vez que concluya la exhibici\u00f3n en M\u00e9xico, Jaume Plensa no sabe ad\u00f3nde ir\u00e1 su escultura monumental. \u2018\u2018Normalmente trabajo encargos espec\u00edficos para lugares concretos, pero de vez en cuando surgen proyectos que son casi p\u00fablicos que no tienen casa, como un\u00a0<em>homeless,<\/em>\u00a0que va buscando casa. Eso me encanta, porque la pieza vive distintas experiencias y situaciones, y creo que es bueno para ellas, las enriquece\u2019\u2019.<\/p>\n<p>La obra\u00a0<em>Behind the walls\/Detr\u00e1s del muro,<\/em>\u00a0que concluir\u00e1 exhibici\u00f3n en el Munal (Tacuba 8, Centro Hist\u00f3rico) el 20 de febrero, es un proyecto conjunto de la Secretar\u00eda de Cultura federal, el Instituto Nacional de Bellas Artes y Literatura, el Munal, la Fundaci\u00f3n Callia y la iniciativa privada.<\/p>\n<\/div>\n<\/div>\n<div id=\"taboolacodesc\">\n<div id=\"taboola-below-article-thumbnails\" class=\" trc_related_container trc_spotlight_widget tbl-feed-container tbl-feed-frame-DIVIDER  render-late-effect\">\n<div class=\" tbl-feed-header tbl-logo-right-position\">\n<div class=\"tbl-feed-header-logo\" style=\"text-align:justify;\"><\/div>\n<\/div>\n<\/div>\n<\/div>\n","protected":false},"excerpt":{"rendered":"<p>Ciudad de M\u00e9xico.\u00a0El artista catal\u00e1n Jaume Plensa (Barcelona, 1955) charla con\u00a0La Jornada\u00a0en una banca de piedra dentro del Museo Nacional de Arte (Munal), de espaldas a la escultura monumental\u00a0Behind the walls\/ Detr\u00e1s del muro,\u00a0colocada en el Patio de los Leones. Ese es el motivo de su presencia en M\u00e9xico: la inauguraci\u00f3n de esa pieza de&hellip;<\/p>\n","protected":false},"author":1,"featured_media":7004,"comment_status":"closed","ping_status":"open","sticky":false,"template":"","format":"standard","meta":{"_jetpack_memberships_contains_paid_content":false,"footnotes":"","jetpack_publicize_message":"","jetpack_publicize_feature_enabled":true,"jetpack_social_post_already_shared":false,"jetpack_social_options":{"image_generator_settings":{"template":"highway","default_image_id":0,"font":"","enabled":false},"version":2}},"categories":[8],"tags":[],"class_list":["post-7001","post","type-post","status-publish","format-standard","has-post-thumbnail","hentry","category-eventos"],"yoast_head":"<!-- This site is optimized with the Yoast SEO plugin v26.3 - https:\/\/yoast.com\/wordpress\/plugins\/seo\/ -->\r\n<title>\u00bfQu\u00e9 le voy a contar a M\u00e9xico en el tema de erigir muros?, se pregunta Jaume Plensa - Difusi\u00f3n Cultural<\/title>\r\n<meta name=\"robots\" content=\"index, follow, max-snippet:-1, max-image-preview:large, max-video-preview:-1\" \/>\r\n<link rel=\"canonical\" href=\"https:\/\/blogs.uninter.edu.mx\/difusioncultural\/?p=7001\" \/>\r\n<meta property=\"og:locale\" content=\"es_MX\" \/>\r\n<meta property=\"og:type\" content=\"article\" \/>\r\n<meta property=\"og:title\" content=\"\u00bfQu\u00e9 le voy a contar a M\u00e9xico en el tema de erigir muros?, se pregunta Jaume Plensa - Difusi\u00f3n Cultural\" \/>\r\n<meta property=\"og:description\" content=\"Ciudad de M\u00e9xico.\u00a0El artista catal\u00e1n Jaume Plensa (Barcelona, 1955) charla con\u00a0La Jornada\u00a0en una banca de piedra dentro del Museo Nacional de Arte (Munal), de espaldas a la escultura monumental\u00a0Behind the walls\/ Detr\u00e1s del muro,\u00a0colocada en el Patio de los Leones. Ese es el motivo de su presencia en M\u00e9xico: la inauguraci\u00f3n de esa pieza de&hellip;\" \/>\r\n<meta property=\"og:url\" content=\"https:\/\/blogs.uninter.edu.mx\/difusioncultural\/?p=7001\" \/>\r\n<meta property=\"og:site_name\" content=\"Difusi\u00f3n Cultural\" \/>\r\n<meta property=\"article:published_time\" content=\"2019-10-26T17:26:39+00:00\" \/>\r\n<meta property=\"og:image\" content=\"https:\/\/blogs.uninter.edu.mx\/difusioncultural\/wp-content\/uploads\/2019\/10\/image_large-1.jpg\" \/>\r\n\t<meta property=\"og:image:width\" content=\"500\" \/>\r\n\t<meta property=\"og:image:height\" content=\"247\" \/>\r\n\t<meta property=\"og:image:type\" content=\"image\/jpeg\" \/>\r\n<meta name=\"author\" content=\"webmaster\" \/>\r\n<meta name=\"twitter:card\" content=\"summary_large_image\" \/>\r\n<meta name=\"twitter:label1\" content=\"Escrito por\" \/>\n\t<meta name=\"twitter:data1\" content=\"webmaster\" \/>\n\t<meta name=\"twitter:label2\" content=\"Tiempo de lectura\" \/>\n\t<meta name=\"twitter:data2\" content=\"5 minutos\" \/>\r\n<script type=\"application\/ld+json\" class=\"yoast-schema-graph\">{\"@context\":\"https:\/\/schema.org\",\"@graph\":[{\"@type\":\"Article\",\"@id\":\"https:\/\/blogs.uninter.edu.mx\/difusioncultural\/?p=7001#article\",\"isPartOf\":{\"@id\":\"https:\/\/blogs.uninter.edu.mx\/difusioncultural\/?p=7001\"},\"author\":{\"name\":\"webmaster\",\"@id\":\"https:\/\/blogs.uninter.edu.mx\/difusioncultural\/#\/schema\/person\/37a0926f4dd300a814993fd595abdc4a\"},\"headline\":\"\u00bfQu\u00e9 le voy a contar a M\u00e9xico en el tema de erigir muros?, se pregunta Jaume Plensa\",\"datePublished\":\"2019-10-26T17:26:39+00:00\",\"mainEntityOfPage\":{\"@id\":\"https:\/\/blogs.uninter.edu.mx\/difusioncultural\/?p=7001\"},\"wordCount\":1004,\"publisher\":{\"@id\":\"https:\/\/blogs.uninter.edu.mx\/difusioncultural\/#organization\"},\"image\":{\"@id\":\"https:\/\/blogs.uninter.edu.mx\/difusioncultural\/?p=7001#primaryimage\"},\"thumbnailUrl\":\"https:\/\/blogs.uninter.edu.mx\/difusioncultural\/wp-content\/uploads\/2019\/10\/image_large-1.jpg\",\"articleSection\":[\"Eventos\"],\"inLanguage\":\"es\"},{\"@type\":\"WebPage\",\"@id\":\"https:\/\/blogs.uninter.edu.mx\/difusioncultural\/?p=7001\",\"url\":\"https:\/\/blogs.uninter.edu.mx\/difusioncultural\/?p=7001\",\"name\":\"\u00bfQu\u00e9 le voy a contar a M\u00e9xico en el tema de erigir muros?, se pregunta Jaume Plensa - Difusi\u00f3n Cultural\",\"isPartOf\":{\"@id\":\"https:\/\/blogs.uninter.edu.mx\/difusioncultural\/#website\"},\"primaryImageOfPage\":{\"@id\":\"https:\/\/blogs.uninter.edu.mx\/difusioncultural\/?p=7001#primaryimage\"},\"image\":{\"@id\":\"https:\/\/blogs.uninter.edu.mx\/difusioncultural\/?p=7001#primaryimage\"},\"thumbnailUrl\":\"https:\/\/blogs.uninter.edu.mx\/difusioncultural\/wp-content\/uploads\/2019\/10\/image_large-1.jpg\",\"datePublished\":\"2019-10-26T17:26:39+00:00\",\"breadcrumb\":{\"@id\":\"https:\/\/blogs.uninter.edu.mx\/difusioncultural\/?p=7001#breadcrumb\"},\"inLanguage\":\"es\",\"potentialAction\":[{\"@type\":\"ReadAction\",\"target\":[\"https:\/\/blogs.uninter.edu.mx\/difusioncultural\/?p=7001\"]}]},{\"@type\":\"ImageObject\",\"inLanguage\":\"es\",\"@id\":\"https:\/\/blogs.uninter.edu.mx\/difusioncultural\/?p=7001#primaryimage\",\"url\":\"https:\/\/blogs.uninter.edu.mx\/difusioncultural\/wp-content\/uploads\/2019\/10\/image_large-1.jpg\",\"contentUrl\":\"https:\/\/blogs.uninter.edu.mx\/difusioncultural\/wp-content\/uploads\/2019\/10\/image_large-1.jpg\",\"width\":500,\"height\":247},{\"@type\":\"BreadcrumbList\",\"@id\":\"https:\/\/blogs.uninter.edu.mx\/difusioncultural\/?p=7001#breadcrumb\",\"itemListElement\":[{\"@type\":\"ListItem\",\"position\":1,\"name\":\"Inicio\",\"item\":\"https:\/\/blogs.uninter.edu.mx\/difusioncultural\/\"},{\"@type\":\"ListItem\",\"position\":2,\"name\":\"\u00bfQu\u00e9 le voy a contar a M\u00e9xico en el tema de erigir muros?, se pregunta Jaume Plensa\"}]},{\"@type\":\"WebSite\",\"@id\":\"https:\/\/blogs.uninter.edu.mx\/difusioncultural\/#website\",\"url\":\"https:\/\/blogs.uninter.edu.mx\/difusioncultural\/\",\"name\":\"Difusi\u00f3n Cultural\",\"description\":\"UNINTER\",\"publisher\":{\"@id\":\"https:\/\/blogs.uninter.edu.mx\/difusioncultural\/#organization\"},\"potentialAction\":[{\"@type\":\"SearchAction\",\"target\":{\"@type\":\"EntryPoint\",\"urlTemplate\":\"https:\/\/blogs.uninter.edu.mx\/difusioncultural\/?s={search_term_string}\"},\"query-input\":{\"@type\":\"PropertyValueSpecification\",\"valueRequired\":true,\"valueName\":\"search_term_string\"}}],\"inLanguage\":\"es\"},{\"@type\":\"Organization\",\"@id\":\"https:\/\/blogs.uninter.edu.mx\/difusioncultural\/#organization\",\"name\":\"Difusi\u00f3n Cultural\",\"url\":\"https:\/\/blogs.uninter.edu.mx\/difusioncultural\/\",\"logo\":{\"@type\":\"ImageObject\",\"inLanguage\":\"es\",\"@id\":\"https:\/\/blogs.uninter.edu.mx\/difusioncultural\/#\/schema\/logo\/image\/\",\"url\":\"https:\/\/blogs.uninter.edu.mx\/difusioncultural\/wp-content\/uploads\/2022\/09\/uninter.jpg\",\"contentUrl\":\"https:\/\/blogs.uninter.edu.mx\/difusioncultural\/wp-content\/uploads\/2022\/09\/uninter.jpg\",\"width\":2048,\"height\":2048,\"caption\":\"Difusi\u00f3n Cultural\"},\"image\":{\"@id\":\"https:\/\/blogs.uninter.edu.mx\/difusioncultural\/#\/schema\/logo\/image\/\"}},{\"@type\":\"Person\",\"@id\":\"https:\/\/blogs.uninter.edu.mx\/difusioncultural\/#\/schema\/person\/37a0926f4dd300a814993fd595abdc4a\",\"name\":\"webmaster\",\"image\":{\"@type\":\"ImageObject\",\"inLanguage\":\"es\",\"@id\":\"https:\/\/blogs.uninter.edu.mx\/difusioncultural\/#\/schema\/person\/image\/\",\"url\":\"https:\/\/secure.gravatar.com\/avatar\/a59c276b01147463ef3aab4118e3137ebc5e1ad6700deb39ccdf8b89e517f7dc?s=96&d=mm&r=g\",\"contentUrl\":\"https:\/\/secure.gravatar.com\/avatar\/a59c276b01147463ef3aab4118e3137ebc5e1ad6700deb39ccdf8b89e517f7dc?s=96&d=mm&r=g\",\"caption\":\"webmaster\"},\"sameAs\":[\"https:\/\/blogs.uninter.edu.mx\/difusioncultural\"],\"url\":\"https:\/\/blogs.uninter.edu.mx\/difusioncultural\/?author=1\"}]}<\/script>\r\n<!-- \/ Yoast SEO plugin. -->","yoast_head_json":{"title":"\u00bfQu\u00e9 le voy a contar a M\u00e9xico en el tema de erigir muros?, se pregunta Jaume Plensa - Difusi\u00f3n Cultural","robots":{"index":"index","follow":"follow","max-snippet":"max-snippet:-1","max-image-preview":"max-image-preview:large","max-video-preview":"max-video-preview:-1"},"canonical":"https:\/\/blogs.uninter.edu.mx\/difusioncultural\/?p=7001","og_locale":"es_MX","og_type":"article","og_title":"\u00bfQu\u00e9 le voy a contar a M\u00e9xico en el tema de erigir muros?, se pregunta Jaume Plensa - Difusi\u00f3n Cultural","og_description":"Ciudad de M\u00e9xico.\u00a0El artista catal\u00e1n Jaume Plensa (Barcelona, 1955) charla con\u00a0La Jornada\u00a0en una banca de piedra dentro del Museo Nacional de Arte (Munal), de espaldas a la escultura monumental\u00a0Behind the walls\/ Detr\u00e1s del muro,\u00a0colocada en el Patio de los Leones. Ese es el motivo de su presencia en M\u00e9xico: la inauguraci\u00f3n de esa pieza de&hellip;","og_url":"https:\/\/blogs.uninter.edu.mx\/difusioncultural\/?p=7001","og_site_name":"Difusi\u00f3n Cultural","article_published_time":"2019-10-26T17:26:39+00:00","og_image":[{"width":500,"height":247,"url":"https:\/\/blogs.uninter.edu.mx\/difusioncultural\/wp-content\/uploads\/2019\/10\/image_large-1.jpg","type":"image\/jpeg"}],"author":"webmaster","twitter_card":"summary_large_image","twitter_misc":{"Escrito por":"webmaster","Tiempo de lectura":"5 minutos"},"schema":{"@context":"https:\/\/schema.org","@graph":[{"@type":"Article","@id":"https:\/\/blogs.uninter.edu.mx\/difusioncultural\/?p=7001#article","isPartOf":{"@id":"https:\/\/blogs.uninter.edu.mx\/difusioncultural\/?p=7001"},"author":{"name":"webmaster","@id":"https:\/\/blogs.uninter.edu.mx\/difusioncultural\/#\/schema\/person\/37a0926f4dd300a814993fd595abdc4a"},"headline":"\u00bfQu\u00e9 le voy a contar a M\u00e9xico en el tema de erigir muros?, se pregunta Jaume Plensa","datePublished":"2019-10-26T17:26:39+00:00","mainEntityOfPage":{"@id":"https:\/\/blogs.uninter.edu.mx\/difusioncultural\/?p=7001"},"wordCount":1004,"publisher":{"@id":"https:\/\/blogs.uninter.edu.mx\/difusioncultural\/#organization"},"image":{"@id":"https:\/\/blogs.uninter.edu.mx\/difusioncultural\/?p=7001#primaryimage"},"thumbnailUrl":"https:\/\/blogs.uninter.edu.mx\/difusioncultural\/wp-content\/uploads\/2019\/10\/image_large-1.jpg","articleSection":["Eventos"],"inLanguage":"es"},{"@type":"WebPage","@id":"https:\/\/blogs.uninter.edu.mx\/difusioncultural\/?p=7001","url":"https:\/\/blogs.uninter.edu.mx\/difusioncultural\/?p=7001","name":"\u00bfQu\u00e9 le voy a contar a M\u00e9xico en el tema de erigir muros?, se pregunta Jaume Plensa - Difusi\u00f3n Cultural","isPartOf":{"@id":"https:\/\/blogs.uninter.edu.mx\/difusioncultural\/#website"},"primaryImageOfPage":{"@id":"https:\/\/blogs.uninter.edu.mx\/difusioncultural\/?p=7001#primaryimage"},"image":{"@id":"https:\/\/blogs.uninter.edu.mx\/difusioncultural\/?p=7001#primaryimage"},"thumbnailUrl":"https:\/\/blogs.uninter.edu.mx\/difusioncultural\/wp-content\/uploads\/2019\/10\/image_large-1.jpg","datePublished":"2019-10-26T17:26:39+00:00","breadcrumb":{"@id":"https:\/\/blogs.uninter.edu.mx\/difusioncultural\/?p=7001#breadcrumb"},"inLanguage":"es","potentialAction":[{"@type":"ReadAction","target":["https:\/\/blogs.uninter.edu.mx\/difusioncultural\/?p=7001"]}]},{"@type":"ImageObject","inLanguage":"es","@id":"https:\/\/blogs.uninter.edu.mx\/difusioncultural\/?p=7001#primaryimage","url":"https:\/\/blogs.uninter.edu.mx\/difusioncultural\/wp-content\/uploads\/2019\/10\/image_large-1.jpg","contentUrl":"https:\/\/blogs.uninter.edu.mx\/difusioncultural\/wp-content\/uploads\/2019\/10\/image_large-1.jpg","width":500,"height":247},{"@type":"BreadcrumbList","@id":"https:\/\/blogs.uninter.edu.mx\/difusioncultural\/?p=7001#breadcrumb","itemListElement":[{"@type":"ListItem","position":1,"name":"Inicio","item":"https:\/\/blogs.uninter.edu.mx\/difusioncultural\/"},{"@type":"ListItem","position":2,"name":"\u00bfQu\u00e9 le voy a contar a M\u00e9xico en el tema de erigir muros?, se pregunta Jaume Plensa"}]},{"@type":"WebSite","@id":"https:\/\/blogs.uninter.edu.mx\/difusioncultural\/#website","url":"https:\/\/blogs.uninter.edu.mx\/difusioncultural\/","name":"Difusi\u00f3n Cultural","description":"UNINTER","publisher":{"@id":"https:\/\/blogs.uninter.edu.mx\/difusioncultural\/#organization"},"potentialAction":[{"@type":"SearchAction","target":{"@type":"EntryPoint","urlTemplate":"https:\/\/blogs.uninter.edu.mx\/difusioncultural\/?s={search_term_string}"},"query-input":{"@type":"PropertyValueSpecification","valueRequired":true,"valueName":"search_term_string"}}],"inLanguage":"es"},{"@type":"Organization","@id":"https:\/\/blogs.uninter.edu.mx\/difusioncultural\/#organization","name":"Difusi\u00f3n Cultural","url":"https:\/\/blogs.uninter.edu.mx\/difusioncultural\/","logo":{"@type":"ImageObject","inLanguage":"es","@id":"https:\/\/blogs.uninter.edu.mx\/difusioncultural\/#\/schema\/logo\/image\/","url":"https:\/\/blogs.uninter.edu.mx\/difusioncultural\/wp-content\/uploads\/2022\/09\/uninter.jpg","contentUrl":"https:\/\/blogs.uninter.edu.mx\/difusioncultural\/wp-content\/uploads\/2022\/09\/uninter.jpg","width":2048,"height":2048,"caption":"Difusi\u00f3n Cultural"},"image":{"@id":"https:\/\/blogs.uninter.edu.mx\/difusioncultural\/#\/schema\/logo\/image\/"}},{"@type":"Person","@id":"https:\/\/blogs.uninter.edu.mx\/difusioncultural\/#\/schema\/person\/37a0926f4dd300a814993fd595abdc4a","name":"webmaster","image":{"@type":"ImageObject","inLanguage":"es","@id":"https:\/\/blogs.uninter.edu.mx\/difusioncultural\/#\/schema\/person\/image\/","url":"https:\/\/secure.gravatar.com\/avatar\/a59c276b01147463ef3aab4118e3137ebc5e1ad6700deb39ccdf8b89e517f7dc?s=96&d=mm&r=g","contentUrl":"https:\/\/secure.gravatar.com\/avatar\/a59c276b01147463ef3aab4118e3137ebc5e1ad6700deb39ccdf8b89e517f7dc?s=96&d=mm&r=g","caption":"webmaster"},"sameAs":["https:\/\/blogs.uninter.edu.mx\/difusioncultural"],"url":"https:\/\/blogs.uninter.edu.mx\/difusioncultural\/?author=1"}]}},"jetpack_publicize_connections":[],"jetpack_featured_media_url":"https:\/\/blogs.uninter.edu.mx\/difusioncultural\/wp-content\/uploads\/2019\/10\/image_large-1.jpg","jetpack_sharing_enabled":true,"_links":{"self":[{"href":"https:\/\/blogs.uninter.edu.mx\/difusioncultural\/index.php?rest_route=\/wp\/v2\/posts\/7001","targetHints":{"allow":["GET"]}}],"collection":[{"href":"https:\/\/blogs.uninter.edu.mx\/difusioncultural\/index.php?rest_route=\/wp\/v2\/posts"}],"about":[{"href":"https:\/\/blogs.uninter.edu.mx\/difusioncultural\/index.php?rest_route=\/wp\/v2\/types\/post"}],"author":[{"embeddable":true,"href":"https:\/\/blogs.uninter.edu.mx\/difusioncultural\/index.php?rest_route=\/wp\/v2\/users\/1"}],"replies":[{"embeddable":true,"href":"https:\/\/blogs.uninter.edu.mx\/difusioncultural\/index.php?rest_route=%2Fwp%2Fv2%2Fcomments&post=7001"}],"version-history":[{"count":0,"href":"https:\/\/blogs.uninter.edu.mx\/difusioncultural\/index.php?rest_route=\/wp\/v2\/posts\/7001\/revisions"}],"wp:featuredmedia":[{"embeddable":true,"href":"https:\/\/blogs.uninter.edu.mx\/difusioncultural\/index.php?rest_route=\/wp\/v2\/media\/7004"}],"wp:attachment":[{"href":"https:\/\/blogs.uninter.edu.mx\/difusioncultural\/index.php?rest_route=%2Fwp%2Fv2%2Fmedia&parent=7001"}],"wp:term":[{"taxonomy":"category","embeddable":true,"href":"https:\/\/blogs.uninter.edu.mx\/difusioncultural\/index.php?rest_route=%2Fwp%2Fv2%2Fcategories&post=7001"},{"taxonomy":"post_tag","embeddable":true,"href":"https:\/\/blogs.uninter.edu.mx\/difusioncultural\/index.php?rest_route=%2Fwp%2Fv2%2Ftags&post=7001"}],"curies":[{"name":"wp","href":"https:\/\/api.w.org\/{rel}","templated":true}]}}