{"id":7006,"date":"2019-10-27T13:29:43","date_gmt":"2019-10-27T19:29:43","guid":{"rendered":"https:\/\/difusionculturaluninter.wordpress.com\/?p=7006"},"modified":"2019-10-27T13:29:43","modified_gmt":"2019-10-27T19:29:43","slug":"feria-de-las-calacas-se-realizara-en-4-sedes-distintas-de-cdmx-y-edomex","status":"publish","type":"post","link":"https:\/\/blogs.uninter.edu.mx\/difusioncultural\/?p=7006","title":{"rendered":"Feria de las Calacas se realizar\u00e1 en 4 sedes distintas de CDMX y EdoMex"},"content":{"rendered":"<p style=\"text-align:justify;\">Ciudad de M\u00e9xico. La edici\u00f3n 19 de la Feria de las Calacas. Diversidad y tradici\u00f3n, que organiza el Programa de Alas y Ra\u00edces de La Secretar\u00eda de Cultura, se realizar\u00e1 por primera vez este 2 de noviembre en<br \/>\ncuatro sedes de manera simult\u00e1nea.<\/p>\n<p style=\"text-align:justify;\">El Centro Nacional de las Artes -donde se realiza cada a\u00f1o-, el Complejo Cultural Los Pinos, la Central de Abasto de la Ciudad de M\u00e9xico, y el Deportivo Alfredo del Mazo en el municipio de Ecatepec de Morelos, Estado de M\u00e9xico, albergar\u00e1n m\u00e1s de 240 actividades art\u00edsticas multidisciplinarias en torno al D\u00eda de Muertos, inform\u00f3 este mi\u00e9rcoles Antonio Rodr\u00edguez \u201cFrino\u201d, coordinador nacional de Desarrollo Infantil Alas y Ra\u00edces.<\/p>\n<blockquote>\n<p style=\"text-align:justify;\"><img decoding=\"async\" class=\" aligncenter\" src=\"https:\/\/www.jornada.com.mx\/ultimas\/2019\/10\/23\/feria-de-las-calacas-se-realizara-en-4-sedes-distintas-de-cdmx-y-edomex-1679.html\/luis-castillo.jpg-7512.html\/image_large\" \/><\/p>\n<p>Fabiola Palapa Quijas<\/p><\/blockquote>\n<p style=\"text-align:justify;\">En esta edici\u00f3n no s\u00f3lo se ampli\u00f3 la programaci\u00f3n a otras sedes tambi\u00e9n se contar\u00e1 con la participaci\u00f3n de las Coordinaciones Estatales de Cultura Infantil Alas y Ra\u00edces de los estados de Campeche, Colima, Guanajuato, Jalisco, Michoac\u00e1n, Veracruz, Yucat\u00e1n y Zacatecas.<\/p>\n<p style=\"text-align:justify;\">Frino indic\u00f3 que se ofrecer\u00e1 a los visitantes una programaci\u00f3n equilibrada con actividades relacionadas a la tradici\u00f3n del D\u00eda de Muertos, pero tambi\u00e9n se presentar\u00e1n espect\u00e1culos y talleres que dialoguen con nuestras tradiciones.<\/p>\n<p style=\"text-align:justify;\">La idea de extender las actividades a otras tres sedes, explic\u00f3 Frino, fue para descentralizar la feria y que m\u00e1s ni\u00f1os, ni\u00f1as y familias tuvieran acceso a las actividades art\u00edsticas de teatro, danza, m\u00fasica, historias y leyendas.<\/p>\n<p style=\"text-align:justify;\">As\u00ed como a las ofrendas tradicionales y talleres creativos para que los peque\u00f1os conozcan m\u00e1s de la celebraci\u00f3n del D\u00eda de Muertos.<br \/>\nEl organizador explic\u00f3 que el objetivo de extender a otras sedes la feria permite conocer la infraestructura cultural del pa\u00eds con una programaci\u00f3n sobre las distintas formas y tradiciones con que se celebra el D\u00eda de Muertos.<\/p>\n<p style=\"text-align:justify;\">En la presentaci\u00f3n de la ya tradicional Feria de las Calacas, la directora del Cenart, Mar\u00eda de los \u00c1ngeles Castro, destac\u00f3 que en esta edici\u00f3n se realizar\u00e1n actividades destinadas a beb\u00e9s y la familia en general podr\u00e1 divertirse.<\/p>\n<p style=\"text-align:justify;\">Como parte de las actividades en el Cenart se realizar\u00e1 una exposici\u00f3n sobre el ma\u00edz, la venta de artesan\u00edas y el p\u00fablico podr\u00e1 ver la ofrenda de Muertos. Tambi\u00e9n de manera especial se edit\u00f3 el ejemplar El petate. Cuando la muere se va, que re\u00fane una selecci\u00f3n de calaveritas literarias escritas por ni\u00f1os y ni\u00f1as, el cual se distribuir\u00e1 de manera gratuita durante la feria.<\/p>\n<p style=\"text-align:justify;\">Gracias a la colaboraci\u00f3n de Canal 23 del Cenart, el 2 de noviembre se realizar\u00e1 la transmisi\u00f3n en vivo de funciones desde el Teatro de las Artes que podr\u00e1n disfrutarse en l\u00ednea a trav\u00e9s del sitio web<br \/>\n<a href=\"http:\/\/www.alasyraices.gob.mx\/\" target=\"_blank\" rel=\"noopener noreferrer\">www.alasyraices.gob.mx<\/a><\/p>\n","protected":false},"excerpt":{"rendered":"<p>Ciudad de M\u00e9xico. La edici\u00f3n 19 de la Feria de las Calacas. Diversidad y tradici\u00f3n, que organiza el Programa de Alas y Ra\u00edces de La Secretar\u00eda de Cultura, se realizar\u00e1 por primera vez este 2 de noviembre en cuatro sedes de manera simult\u00e1nea. El Centro Nacional de las Artes -donde se realiza cada a\u00f1o-, el&hellip;<\/p>\n","protected":false},"author":1,"featured_media":7009,"comment_status":"closed","ping_status":"open","sticky":false,"template":"","format":"standard","meta":{"_jetpack_memberships_contains_paid_content":false,"footnotes":"","jetpack_publicize_message":"","jetpack_publicize_feature_enabled":true,"jetpack_social_post_already_shared":false,"jetpack_social_options":{"image_generator_settings":{"template":"highway","default_image_id":0,"font":"","enabled":false},"version":2}},"categories":[8],"tags":[],"class_list":["post-7006","post","type-post","status-publish","format-standard","has-post-thumbnail","hentry","category-eventos"],"yoast_head":"<!-- This site is optimized with the Yoast SEO plugin v26.3 - https:\/\/yoast.com\/wordpress\/plugins\/seo\/ -->\r\n<title>Feria de las Calacas se realizar\u00e1 en 4 sedes distintas de CDMX y EdoMex - Difusi\u00f3n Cultural<\/title>\r\n<meta name=\"robots\" content=\"index, follow, max-snippet:-1, max-image-preview:large, max-video-preview:-1\" \/>\r\n<link rel=\"canonical\" href=\"https:\/\/blogs.uninter.edu.mx\/difusioncultural\/?p=7006\" \/>\r\n<meta property=\"og:locale\" content=\"es_MX\" \/>\r\n<meta property=\"og:type\" content=\"article\" \/>\r\n<meta property=\"og:title\" content=\"Feria de las Calacas se realizar\u00e1 en 4 sedes distintas de CDMX y EdoMex - Difusi\u00f3n Cultural\" \/>\r\n<meta property=\"og:description\" content=\"Ciudad de M\u00e9xico. La edici\u00f3n 19 de la Feria de las Calacas. Diversidad y tradici\u00f3n, que organiza el Programa de Alas y Ra\u00edces de La Secretar\u00eda de Cultura, se realizar\u00e1 por primera vez este 2 de noviembre en cuatro sedes de manera simult\u00e1nea. El Centro Nacional de las Artes -donde se realiza cada a\u00f1o-, el&hellip;\" \/>\r\n<meta property=\"og:url\" content=\"https:\/\/blogs.uninter.edu.mx\/difusioncultural\/?p=7006\" \/>\r\n<meta property=\"og:site_name\" content=\"Difusi\u00f3n Cultural\" \/>\r\n<meta property=\"article:published_time\" content=\"2019-10-27T19:29:43+00:00\" \/>\r\n<meta property=\"og:image\" content=\"https:\/\/blogs.uninter.edu.mx\/difusioncultural\/wp-content\/uploads\/2019\/10\/image_large-2.jpg\" \/>\r\n\t<meta property=\"og:image:width\" content=\"745\" \/>\r\n\t<meta property=\"og:image:height\" content=\"496\" \/>\r\n\t<meta property=\"og:image:type\" content=\"image\/jpeg\" \/>\r\n<meta name=\"author\" content=\"webmaster\" \/>\r\n<meta name=\"twitter:card\" content=\"summary_large_image\" \/>\r\n<meta name=\"twitter:label1\" content=\"Escrito por\" \/>\n\t<meta name=\"twitter:data1\" content=\"webmaster\" \/>\n\t<meta name=\"twitter:label2\" content=\"Tiempo de lectura\" \/>\n\t<meta name=\"twitter:data2\" content=\"2 minutos\" \/>\r\n<script type=\"application\/ld+json\" class=\"yoast-schema-graph\">{\"@context\":\"https:\/\/schema.org\",\"@graph\":[{\"@type\":\"Article\",\"@id\":\"https:\/\/blogs.uninter.edu.mx\/difusioncultural\/?p=7006#article\",\"isPartOf\":{\"@id\":\"https:\/\/blogs.uninter.edu.mx\/difusioncultural\/?p=7006\"},\"author\":{\"name\":\"webmaster\",\"@id\":\"https:\/\/blogs.uninter.edu.mx\/difusioncultural\/#\/schema\/person\/37a0926f4dd300a814993fd595abdc4a\"},\"headline\":\"Feria de las Calacas se realizar\u00e1 en 4 sedes distintas de CDMX y EdoMex\",\"datePublished\":\"2019-10-27T19:29:43+00:00\",\"mainEntityOfPage\":{\"@id\":\"https:\/\/blogs.uninter.edu.mx\/difusioncultural\/?p=7006\"},\"wordCount\":497,\"publisher\":{\"@id\":\"https:\/\/blogs.uninter.edu.mx\/difusioncultural\/#organization\"},\"image\":{\"@id\":\"https:\/\/blogs.uninter.edu.mx\/difusioncultural\/?p=7006#primaryimage\"},\"thumbnailUrl\":\"https:\/\/blogs.uninter.edu.mx\/difusioncultural\/wp-content\/uploads\/2019\/10\/image_large-2.jpg\",\"articleSection\":[\"Eventos\"],\"inLanguage\":\"es\"},{\"@type\":\"WebPage\",\"@id\":\"https:\/\/blogs.uninter.edu.mx\/difusioncultural\/?p=7006\",\"url\":\"https:\/\/blogs.uninter.edu.mx\/difusioncultural\/?p=7006\",\"name\":\"Feria de las Calacas se realizar\u00e1 en 4 sedes distintas de CDMX y EdoMex - Difusi\u00f3n Cultural\",\"isPartOf\":{\"@id\":\"https:\/\/blogs.uninter.edu.mx\/difusioncultural\/#website\"},\"primaryImageOfPage\":{\"@id\":\"https:\/\/blogs.uninter.edu.mx\/difusioncultural\/?p=7006#primaryimage\"},\"image\":{\"@id\":\"https:\/\/blogs.uninter.edu.mx\/difusioncultural\/?p=7006#primaryimage\"},\"thumbnailUrl\":\"https:\/\/blogs.uninter.edu.mx\/difusioncultural\/wp-content\/uploads\/2019\/10\/image_large-2.jpg\",\"datePublished\":\"2019-10-27T19:29:43+00:00\",\"breadcrumb\":{\"@id\":\"https:\/\/blogs.uninter.edu.mx\/difusioncultural\/?p=7006#breadcrumb\"},\"inLanguage\":\"es\",\"potentialAction\":[{\"@type\":\"ReadAction\",\"target\":[\"https:\/\/blogs.uninter.edu.mx\/difusioncultural\/?p=7006\"]}]},{\"@type\":\"ImageObject\",\"inLanguage\":\"es\",\"@id\":\"https:\/\/blogs.uninter.edu.mx\/difusioncultural\/?p=7006#primaryimage\",\"url\":\"https:\/\/blogs.uninter.edu.mx\/difusioncultural\/wp-content\/uploads\/2019\/10\/image_large-2.jpg\",\"contentUrl\":\"https:\/\/blogs.uninter.edu.mx\/difusioncultural\/wp-content\/uploads\/2019\/10\/image_large-2.jpg\",\"width\":745,\"height\":496},{\"@type\":\"BreadcrumbList\",\"@id\":\"https:\/\/blogs.uninter.edu.mx\/difusioncultural\/?p=7006#breadcrumb\",\"itemListElement\":[{\"@type\":\"ListItem\",\"position\":1,\"name\":\"Inicio\",\"item\":\"https:\/\/blogs.uninter.edu.mx\/difusioncultural\/\"},{\"@type\":\"ListItem\",\"position\":2,\"name\":\"Feria de las Calacas se realizar\u00e1 en 4 sedes distintas de CDMX y EdoMex\"}]},{\"@type\":\"WebSite\",\"@id\":\"https:\/\/blogs.uninter.edu.mx\/difusioncultural\/#website\",\"url\":\"https:\/\/blogs.uninter.edu.mx\/difusioncultural\/\",\"name\":\"Difusi\u00f3n Cultural\",\"description\":\"UNINTER\",\"publisher\":{\"@id\":\"https:\/\/blogs.uninter.edu.mx\/difusioncultural\/#organization\"},\"potentialAction\":[{\"@type\":\"SearchAction\",\"target\":{\"@type\":\"EntryPoint\",\"urlTemplate\":\"https:\/\/blogs.uninter.edu.mx\/difusioncultural\/?s={search_term_string}\"},\"query-input\":{\"@type\":\"PropertyValueSpecification\",\"valueRequired\":true,\"valueName\":\"search_term_string\"}}],\"inLanguage\":\"es\"},{\"@type\":\"Organization\",\"@id\":\"https:\/\/blogs.uninter.edu.mx\/difusioncultural\/#organization\",\"name\":\"Difusi\u00f3n Cultural\",\"url\":\"https:\/\/blogs.uninter.edu.mx\/difusioncultural\/\",\"logo\":{\"@type\":\"ImageObject\",\"inLanguage\":\"es\",\"@id\":\"https:\/\/blogs.uninter.edu.mx\/difusioncultural\/#\/schema\/logo\/image\/\",\"url\":\"https:\/\/blogs.uninter.edu.mx\/difusioncultural\/wp-content\/uploads\/2022\/09\/uninter.jpg\",\"contentUrl\":\"https:\/\/blogs.uninter.edu.mx\/difusioncultural\/wp-content\/uploads\/2022\/09\/uninter.jpg\",\"width\":2048,\"height\":2048,\"caption\":\"Difusi\u00f3n Cultural\"},\"image\":{\"@id\":\"https:\/\/blogs.uninter.edu.mx\/difusioncultural\/#\/schema\/logo\/image\/\"}},{\"@type\":\"Person\",\"@id\":\"https:\/\/blogs.uninter.edu.mx\/difusioncultural\/#\/schema\/person\/37a0926f4dd300a814993fd595abdc4a\",\"name\":\"webmaster\",\"image\":{\"@type\":\"ImageObject\",\"inLanguage\":\"es\",\"@id\":\"https:\/\/blogs.uninter.edu.mx\/difusioncultural\/#\/schema\/person\/image\/\",\"url\":\"https:\/\/secure.gravatar.com\/avatar\/a59c276b01147463ef3aab4118e3137ebc5e1ad6700deb39ccdf8b89e517f7dc?s=96&d=mm&r=g\",\"contentUrl\":\"https:\/\/secure.gravatar.com\/avatar\/a59c276b01147463ef3aab4118e3137ebc5e1ad6700deb39ccdf8b89e517f7dc?s=96&d=mm&r=g\",\"caption\":\"webmaster\"},\"sameAs\":[\"https:\/\/blogs.uninter.edu.mx\/difusioncultural\"],\"url\":\"https:\/\/blogs.uninter.edu.mx\/difusioncultural\/?author=1\"}]}<\/script>\r\n<!-- \/ Yoast SEO plugin. -->","yoast_head_json":{"title":"Feria de las Calacas se realizar\u00e1 en 4 sedes distintas de CDMX y EdoMex - Difusi\u00f3n Cultural","robots":{"index":"index","follow":"follow","max-snippet":"max-snippet:-1","max-image-preview":"max-image-preview:large","max-video-preview":"max-video-preview:-1"},"canonical":"https:\/\/blogs.uninter.edu.mx\/difusioncultural\/?p=7006","og_locale":"es_MX","og_type":"article","og_title":"Feria de las Calacas se realizar\u00e1 en 4 sedes distintas de CDMX y EdoMex - Difusi\u00f3n Cultural","og_description":"Ciudad de M\u00e9xico. La edici\u00f3n 19 de la Feria de las Calacas. Diversidad y tradici\u00f3n, que organiza el Programa de Alas y Ra\u00edces de La Secretar\u00eda de Cultura, se realizar\u00e1 por primera vez este 2 de noviembre en cuatro sedes de manera simult\u00e1nea. El Centro Nacional de las Artes -donde se realiza cada a\u00f1o-, el&hellip;","og_url":"https:\/\/blogs.uninter.edu.mx\/difusioncultural\/?p=7006","og_site_name":"Difusi\u00f3n Cultural","article_published_time":"2019-10-27T19:29:43+00:00","og_image":[{"width":745,"height":496,"url":"https:\/\/blogs.uninter.edu.mx\/difusioncultural\/wp-content\/uploads\/2019\/10\/image_large-2.jpg","type":"image\/jpeg"}],"author":"webmaster","twitter_card":"summary_large_image","twitter_misc":{"Escrito por":"webmaster","Tiempo de lectura":"2 minutos"},"schema":{"@context":"https:\/\/schema.org","@graph":[{"@type":"Article","@id":"https:\/\/blogs.uninter.edu.mx\/difusioncultural\/?p=7006#article","isPartOf":{"@id":"https:\/\/blogs.uninter.edu.mx\/difusioncultural\/?p=7006"},"author":{"name":"webmaster","@id":"https:\/\/blogs.uninter.edu.mx\/difusioncultural\/#\/schema\/person\/37a0926f4dd300a814993fd595abdc4a"},"headline":"Feria de las Calacas se realizar\u00e1 en 4 sedes distintas de CDMX y EdoMex","datePublished":"2019-10-27T19:29:43+00:00","mainEntityOfPage":{"@id":"https:\/\/blogs.uninter.edu.mx\/difusioncultural\/?p=7006"},"wordCount":497,"publisher":{"@id":"https:\/\/blogs.uninter.edu.mx\/difusioncultural\/#organization"},"image":{"@id":"https:\/\/blogs.uninter.edu.mx\/difusioncultural\/?p=7006#primaryimage"},"thumbnailUrl":"https:\/\/blogs.uninter.edu.mx\/difusioncultural\/wp-content\/uploads\/2019\/10\/image_large-2.jpg","articleSection":["Eventos"],"inLanguage":"es"},{"@type":"WebPage","@id":"https:\/\/blogs.uninter.edu.mx\/difusioncultural\/?p=7006","url":"https:\/\/blogs.uninter.edu.mx\/difusioncultural\/?p=7006","name":"Feria de las Calacas se realizar\u00e1 en 4 sedes distintas de CDMX y EdoMex - Difusi\u00f3n Cultural","isPartOf":{"@id":"https:\/\/blogs.uninter.edu.mx\/difusioncultural\/#website"},"primaryImageOfPage":{"@id":"https:\/\/blogs.uninter.edu.mx\/difusioncultural\/?p=7006#primaryimage"},"image":{"@id":"https:\/\/blogs.uninter.edu.mx\/difusioncultural\/?p=7006#primaryimage"},"thumbnailUrl":"https:\/\/blogs.uninter.edu.mx\/difusioncultural\/wp-content\/uploads\/2019\/10\/image_large-2.jpg","datePublished":"2019-10-27T19:29:43+00:00","breadcrumb":{"@id":"https:\/\/blogs.uninter.edu.mx\/difusioncultural\/?p=7006#breadcrumb"},"inLanguage":"es","potentialAction":[{"@type":"ReadAction","target":["https:\/\/blogs.uninter.edu.mx\/difusioncultural\/?p=7006"]}]},{"@type":"ImageObject","inLanguage":"es","@id":"https:\/\/blogs.uninter.edu.mx\/difusioncultural\/?p=7006#primaryimage","url":"https:\/\/blogs.uninter.edu.mx\/difusioncultural\/wp-content\/uploads\/2019\/10\/image_large-2.jpg","contentUrl":"https:\/\/blogs.uninter.edu.mx\/difusioncultural\/wp-content\/uploads\/2019\/10\/image_large-2.jpg","width":745,"height":496},{"@type":"BreadcrumbList","@id":"https:\/\/blogs.uninter.edu.mx\/difusioncultural\/?p=7006#breadcrumb","itemListElement":[{"@type":"ListItem","position":1,"name":"Inicio","item":"https:\/\/blogs.uninter.edu.mx\/difusioncultural\/"},{"@type":"ListItem","position":2,"name":"Feria de las Calacas se realizar\u00e1 en 4 sedes distintas de CDMX y EdoMex"}]},{"@type":"WebSite","@id":"https:\/\/blogs.uninter.edu.mx\/difusioncultural\/#website","url":"https:\/\/blogs.uninter.edu.mx\/difusioncultural\/","name":"Difusi\u00f3n Cultural","description":"UNINTER","publisher":{"@id":"https:\/\/blogs.uninter.edu.mx\/difusioncultural\/#organization"},"potentialAction":[{"@type":"SearchAction","target":{"@type":"EntryPoint","urlTemplate":"https:\/\/blogs.uninter.edu.mx\/difusioncultural\/?s={search_term_string}"},"query-input":{"@type":"PropertyValueSpecification","valueRequired":true,"valueName":"search_term_string"}}],"inLanguage":"es"},{"@type":"Organization","@id":"https:\/\/blogs.uninter.edu.mx\/difusioncultural\/#organization","name":"Difusi\u00f3n Cultural","url":"https:\/\/blogs.uninter.edu.mx\/difusioncultural\/","logo":{"@type":"ImageObject","inLanguage":"es","@id":"https:\/\/blogs.uninter.edu.mx\/difusioncultural\/#\/schema\/logo\/image\/","url":"https:\/\/blogs.uninter.edu.mx\/difusioncultural\/wp-content\/uploads\/2022\/09\/uninter.jpg","contentUrl":"https:\/\/blogs.uninter.edu.mx\/difusioncultural\/wp-content\/uploads\/2022\/09\/uninter.jpg","width":2048,"height":2048,"caption":"Difusi\u00f3n Cultural"},"image":{"@id":"https:\/\/blogs.uninter.edu.mx\/difusioncultural\/#\/schema\/logo\/image\/"}},{"@type":"Person","@id":"https:\/\/blogs.uninter.edu.mx\/difusioncultural\/#\/schema\/person\/37a0926f4dd300a814993fd595abdc4a","name":"webmaster","image":{"@type":"ImageObject","inLanguage":"es","@id":"https:\/\/blogs.uninter.edu.mx\/difusioncultural\/#\/schema\/person\/image\/","url":"https:\/\/secure.gravatar.com\/avatar\/a59c276b01147463ef3aab4118e3137ebc5e1ad6700deb39ccdf8b89e517f7dc?s=96&d=mm&r=g","contentUrl":"https:\/\/secure.gravatar.com\/avatar\/a59c276b01147463ef3aab4118e3137ebc5e1ad6700deb39ccdf8b89e517f7dc?s=96&d=mm&r=g","caption":"webmaster"},"sameAs":["https:\/\/blogs.uninter.edu.mx\/difusioncultural"],"url":"https:\/\/blogs.uninter.edu.mx\/difusioncultural\/?author=1"}]}},"jetpack_publicize_connections":[],"jetpack_featured_media_url":"https:\/\/blogs.uninter.edu.mx\/difusioncultural\/wp-content\/uploads\/2019\/10\/image_large-2.jpg","jetpack_sharing_enabled":true,"_links":{"self":[{"href":"https:\/\/blogs.uninter.edu.mx\/difusioncultural\/index.php?rest_route=\/wp\/v2\/posts\/7006","targetHints":{"allow":["GET"]}}],"collection":[{"href":"https:\/\/blogs.uninter.edu.mx\/difusioncultural\/index.php?rest_route=\/wp\/v2\/posts"}],"about":[{"href":"https:\/\/blogs.uninter.edu.mx\/difusioncultural\/index.php?rest_route=\/wp\/v2\/types\/post"}],"author":[{"embeddable":true,"href":"https:\/\/blogs.uninter.edu.mx\/difusioncultural\/index.php?rest_route=\/wp\/v2\/users\/1"}],"replies":[{"embeddable":true,"href":"https:\/\/blogs.uninter.edu.mx\/difusioncultural\/index.php?rest_route=%2Fwp%2Fv2%2Fcomments&post=7006"}],"version-history":[{"count":0,"href":"https:\/\/blogs.uninter.edu.mx\/difusioncultural\/index.php?rest_route=\/wp\/v2\/posts\/7006\/revisions"}],"wp:featuredmedia":[{"embeddable":true,"href":"https:\/\/blogs.uninter.edu.mx\/difusioncultural\/index.php?rest_route=\/wp\/v2\/media\/7009"}],"wp:attachment":[{"href":"https:\/\/blogs.uninter.edu.mx\/difusioncultural\/index.php?rest_route=%2Fwp%2Fv2%2Fmedia&parent=7006"}],"wp:term":[{"taxonomy":"category","embeddable":true,"href":"https:\/\/blogs.uninter.edu.mx\/difusioncultural\/index.php?rest_route=%2Fwp%2Fv2%2Fcategories&post=7006"},{"taxonomy":"post_tag","embeddable":true,"href":"https:\/\/blogs.uninter.edu.mx\/difusioncultural\/index.php?rest_route=%2Fwp%2Fv2%2Ftags&post=7006"}],"curies":[{"name":"wp","href":"https:\/\/api.w.org\/{rel}","templated":true}]}}