{"id":7011,"date":"2019-10-28T12:25:20","date_gmt":"2019-10-28T18:25:20","guid":{"rendered":"https:\/\/difusionculturaluninter.wordpress.com\/?p=7011"},"modified":"2019-10-28T12:25:20","modified_gmt":"2019-10-28T18:25:20","slug":"fotos-y-video-completo-desfile-internacional-de-dia-de-muertos-en-la-cdmx","status":"publish","type":"post","link":"https:\/\/blogs.uninter.edu.mx\/difusioncultural\/?p=7011","title":{"rendered":"Fotos y video completo: Desfile Internacional de D\u00eda de Muertos en la CDMX"},"content":{"rendered":"<section class=\"data_note\">\n<h2 class=\"intro\">Te compartimos videos y fotos del Desfile Internacional de D\u00eda de Muertos que ocurri\u00f3 este domingo 27 de octubre en la CDMX.<\/h2>\n<\/section>\n<div class=\"fecha_publicacion\"><\/div>\n<figure class=\"mainImg\"><img decoding=\"async\" src=\"https:\/\/www.mexicodesconocido.com.mx\/wp-content\/uploads\/2019\/10\/desfile-internacional-dia-muertos-2019-cdmx-brenda-islas-mexico-desconocido-7.jpg\" alt=\"Fotos y video completo: Desfile Internacional de D\u00eda de Muertos en la CDMX\" \/><figcaption>Brenda Islas<\/figcaption><\/figure>\n<div class=\"writter\">\n<figure><img decoding=\"async\" class=\"avatar avatar-32 photo\" src=\"https:\/\/www.mexicodesconocido.com.mx\/wp-content\/uploads\/2018\/02\/mexico_desconocido_logo-150x150.png\" alt=\"mm\" width=\"32\" height=\"32\" \/><\/figure>\n<h4><a title=\"Entradas de M\u00e9xico Desconocido\" href=\"https:\/\/www.mexicodesconocido.com.mx\/author\/mexico-desconocido\" rel=\"author\">M\u00e9xico Desconocido\u00a0<\/a>Conoce M\u00e9xico, sus tradiciones y costumbres, pueblos m\u00e1gicos, zonas arqueol\u00f3gicas, playas y hasta la comida mexicana.<\/h4>\n<\/div>\n<div class=\"publicidad\"><\/div>\n<p>Este domingo la Ciudad de M\u00e9xico fue el escenario del primer Desfile Internacional de D\u00eda de Muertos, un evento que reuni\u00f3 a millones de mexicanos y turistas para que fuera testigos de un desfile \u00fanico y colorido que rindi\u00f3 homenaje a una de las celebraciones m\u00e1s importantes del pa\u00eds.<\/p>\n<h2>Desfile Internacional de D\u00eda de Muertos COMPLETO<\/h2>\n<p>[youtube https:\/\/www.youtube.com\/watch?v=NYNglPxneYM]<\/p>\n<h4>El recorrido tuvo como ruta el Z\u00f3calo capitalino, Av. 5 de mayo, Avenida Ju\u00e1rez, Paseo de la Reforma y Masaryk en Polanco.<\/h4>\n<figure class=\"wp-block-image\"><img decoding=\"async\" class=\"wp-image-59813\" src=\"https:\/\/www.mexicodesconocido.com.mx\/wp-content\/uploads\/2019\/10\/desfile-internacional-dia-muertos-2019-cdmx-brenda-islas-mexico-desconocido-8-1024x683.jpg\" alt=\"\" \/><figcaption><\/figcaption><\/figure>\n<h4>El desfile fue organizado por el Fondo Mixto de Promoci\u00f3n Tur\u00edstica.<\/h4>\n<figure class=\"wp-block-image\"><img decoding=\"async\" class=\"wp-image-59817\" src=\"https:\/\/www.mexicodesconocido.com.mx\/wp-content\/uploads\/2019\/10\/desfile-internacional-dia-muertos-2019-cdmx-brenda-islas-mexico-desconocido-6-1024x683.jpg\" alt=\"\" \/><figcaption><span class=\"media-credit\">Brenda Islas<\/span><\/figcaption><\/figure>\n<h4>\u201cUn regalo de cantos y flores de M\u00e9xico para el mundo\u201d fue el tema de este desfile.<\/h4>\n<figure class=\"wp-block-image\"><img decoding=\"async\" class=\"wp-image-59823\" src=\"https:\/\/www.mexicodesconocido.com.mx\/wp-content\/uploads\/2019\/10\/desfile-internacional-dia-muertos-2019-cdmx-brenda-islas-mexico-desconocido-3-1024x683.jpg\" alt=\"\" \/><figcaption><span class=\"media-credit\">Brenda Islas<\/span><\/figcaption><\/figure>\n<p>La m\u00fasica fue pieza clave en este desfile.<\/p>\n<figure class=\"wp-block-image\"><img decoding=\"async\" class=\"wp-image-59814\" src=\"https:\/\/www.mexicodesconocido.com.mx\/wp-content\/uploads\/2019\/10\/desfile-internacional-dia-muertos-2019-cdmx-brenda-islas-mexico-desconocido-4-683x1024.jpg\" alt=\"\" \/><figcaption><\/figcaption><\/figure>\n<h4>Fueron m\u00e1s de mil voluntarios los que participaron en este desfile.<\/h4>\n<figure class=\"wp-block-image\"><img decoding=\"async\" class=\"wp-image-59822\" src=\"https:\/\/www.mexicodesconocido.com.mx\/wp-content\/uploads\/2019\/10\/desfile-internacional-dia-muertos-2019-cdmx-brenda-islas-mexico-desconocido-9-1024x683.jpg\" alt=\"\" \/><figcaption><span class=\"media-credit\">Brenda Islas<\/span><\/figcaption><\/figure>\n<h4>Este desfile fue una fiesta de color, donde tehuanas, mariachis, catrinas danzantes es esqueletos que monumentales se unieron a gozar con el p\u00fablico que entusiasmado cantaba y aplaud\u00eda.<\/h4>\n<figure class=\"wp-block-image\"><img decoding=\"async\" class=\"wp-image-59820\" src=\"https:\/\/www.mexicodesconocido.com.mx\/wp-content\/uploads\/2019\/10\/desfile-internacional-dia-muertos-2019-cdmx-brenda-islas-mexico-desconocido-10-1024x683.jpg\" alt=\"\" \/><figcaption><span class=\"media-credit\">Brenda Islas<\/span><\/figcaption><\/figure>\n<h4>Se calcula que asistieron al desfile 3 millones de personas aproximadamente.<\/h4>\n<figure class=\"wp-block-image\"><img decoding=\"async\" class=\"wp-image-59819\" src=\"https:\/\/www.mexicodesconocido.com.mx\/wp-content\/uploads\/2019\/10\/desfile-internacional-dia-muertos-2019-cdmx-brenda-islas-mexico-desconocido-5-1024x683.jpg\" alt=\"\" \/><figcaption><span class=\"media-credit\">Brenda Islas<\/p>\n<p><strong>Fuente:<\/strong><br \/>\nBrenda Islas. (2019). Fotos y video completo: Desfile Internacional de D\u00eda de Muertos en la CDMX. 28 octubre 2019, de Mexico Desconocido Sitio web: https:\/\/www.mexicodesconocido.com.mx\/fotos-y-video-desfile-internacional-de-dia-de-muertos-en-la-cdmx.html<br \/>\n<\/span><\/figcaption><\/figure>\n","protected":false},"excerpt":{"rendered":"<p>Te compartimos videos y fotos del Desfile Internacional de D\u00eda de Muertos que ocurri\u00f3 este domingo 27 de octubre en la CDMX. Brenda Islas M\u00e9xico Desconocido\u00a0Conoce M\u00e9xico, sus tradiciones y costumbres, pueblos m\u00e1gicos, zonas arqueol\u00f3gicas, playas y hasta la comida mexicana. Este domingo la Ciudad de M\u00e9xico fue el escenario del primer Desfile Internacional de&hellip;<\/p>\n","protected":false},"author":1,"featured_media":7013,"comment_status":"closed","ping_status":"open","sticky":false,"template":"","format":"standard","meta":{"_jetpack_memberships_contains_paid_content":false,"footnotes":"","jetpack_publicize_message":"","jetpack_publicize_feature_enabled":true,"jetpack_social_post_already_shared":false,"jetpack_social_options":{"image_generator_settings":{"template":"highway","default_image_id":0,"font":"","enabled":false},"version":2}},"categories":[1],"tags":[],"class_list":["post-7011","post","type-post","status-publish","format-standard","has-post-thumbnail","hentry","category-sin-categoria"],"yoast_head":"<!-- This site is optimized with the Yoast SEO plugin v26.3 - https:\/\/yoast.com\/wordpress\/plugins\/seo\/ -->\r\n<title>Fotos y video completo: Desfile Internacional de D\u00eda de Muertos en la CDMX - Difusi\u00f3n Cultural<\/title>\r\n<meta name=\"robots\" content=\"index, follow, max-snippet:-1, max-image-preview:large, max-video-preview:-1\" \/>\r\n<link rel=\"canonical\" href=\"https:\/\/blogs.uninter.edu.mx\/difusioncultural\/?p=7011\" \/>\r\n<meta property=\"og:locale\" content=\"es_MX\" \/>\r\n<meta property=\"og:type\" content=\"article\" \/>\r\n<meta property=\"og:title\" content=\"Fotos y video completo: Desfile Internacional de D\u00eda de Muertos en la CDMX - Difusi\u00f3n Cultural\" \/>\r\n<meta property=\"og:description\" content=\"Te compartimos videos y fotos del Desfile Internacional de D\u00eda de Muertos que ocurri\u00f3 este domingo 27 de octubre en la CDMX. Brenda Islas M\u00e9xico Desconocido\u00a0Conoce M\u00e9xico, sus tradiciones y costumbres, pueblos m\u00e1gicos, zonas arqueol\u00f3gicas, playas y hasta la comida mexicana. Este domingo la Ciudad de M\u00e9xico fue el escenario del primer Desfile Internacional de&hellip;\" \/>\r\n<meta property=\"og:url\" content=\"https:\/\/blogs.uninter.edu.mx\/difusioncultural\/?p=7011\" \/>\r\n<meta property=\"og:site_name\" content=\"Difusi\u00f3n Cultural\" \/>\r\n<meta property=\"article:published_time\" content=\"2019-10-28T18:25:20+00:00\" \/>\r\n<meta property=\"og:image\" content=\"https:\/\/blogs.uninter.edu.mx\/difusioncultural\/wp-content\/uploads\/2019\/10\/desfile-internacional-dia-muertos-2019-cdmx-brenda-islas-mexico-desconocido-6-1024x683-1.jpg\" \/>\r\n\t<meta property=\"og:image:width\" content=\"680\" \/>\r\n\t<meta property=\"og:image:height\" content=\"453\" \/>\r\n\t<meta property=\"og:image:type\" content=\"image\/jpeg\" \/>\r\n<meta name=\"author\" content=\"webmaster\" \/>\r\n<meta name=\"twitter:card\" content=\"summary_large_image\" \/>\r\n<meta name=\"twitter:label1\" content=\"Escrito por\" \/>\n\t<meta name=\"twitter:data1\" content=\"webmaster\" \/>\n\t<meta name=\"twitter:label2\" content=\"Tiempo de lectura\" \/>\n\t<meta name=\"twitter:data2\" content=\"1 minuto\" \/>\r\n<script type=\"application\/ld+json\" class=\"yoast-schema-graph\">{\"@context\":\"https:\/\/schema.org\",\"@graph\":[{\"@type\":\"Article\",\"@id\":\"https:\/\/blogs.uninter.edu.mx\/difusioncultural\/?p=7011#article\",\"isPartOf\":{\"@id\":\"https:\/\/blogs.uninter.edu.mx\/difusioncultural\/?p=7011\"},\"author\":{\"name\":\"webmaster\",\"@id\":\"https:\/\/blogs.uninter.edu.mx\/difusioncultural\/#\/schema\/person\/37a0926f4dd300a814993fd595abdc4a\"},\"headline\":\"Fotos y video completo: Desfile Internacional de D\u00eda de Muertos en la CDMX\",\"datePublished\":\"2019-10-28T18:25:20+00:00\",\"mainEntityOfPage\":{\"@id\":\"https:\/\/blogs.uninter.edu.mx\/difusioncultural\/?p=7011\"},\"wordCount\":284,\"publisher\":{\"@id\":\"https:\/\/blogs.uninter.edu.mx\/difusioncultural\/#organization\"},\"image\":{\"@id\":\"https:\/\/blogs.uninter.edu.mx\/difusioncultural\/?p=7011#primaryimage\"},\"thumbnailUrl\":\"https:\/\/blogs.uninter.edu.mx\/difusioncultural\/wp-content\/uploads\/2019\/10\/desfile-internacional-dia-muertos-2019-cdmx-brenda-islas-mexico-desconocido-6-1024x683-1.jpg\",\"inLanguage\":\"es\"},{\"@type\":\"WebPage\",\"@id\":\"https:\/\/blogs.uninter.edu.mx\/difusioncultural\/?p=7011\",\"url\":\"https:\/\/blogs.uninter.edu.mx\/difusioncultural\/?p=7011\",\"name\":\"Fotos y video completo: Desfile Internacional de D\u00eda de Muertos en la CDMX - Difusi\u00f3n Cultural\",\"isPartOf\":{\"@id\":\"https:\/\/blogs.uninter.edu.mx\/difusioncultural\/#website\"},\"primaryImageOfPage\":{\"@id\":\"https:\/\/blogs.uninter.edu.mx\/difusioncultural\/?p=7011#primaryimage\"},\"image\":{\"@id\":\"https:\/\/blogs.uninter.edu.mx\/difusioncultural\/?p=7011#primaryimage\"},\"thumbnailUrl\":\"https:\/\/blogs.uninter.edu.mx\/difusioncultural\/wp-content\/uploads\/2019\/10\/desfile-internacional-dia-muertos-2019-cdmx-brenda-islas-mexico-desconocido-6-1024x683-1.jpg\",\"datePublished\":\"2019-10-28T18:25:20+00:00\",\"breadcrumb\":{\"@id\":\"https:\/\/blogs.uninter.edu.mx\/difusioncultural\/?p=7011#breadcrumb\"},\"inLanguage\":\"es\",\"potentialAction\":[{\"@type\":\"ReadAction\",\"target\":[\"https:\/\/blogs.uninter.edu.mx\/difusioncultural\/?p=7011\"]}]},{\"@type\":\"ImageObject\",\"inLanguage\":\"es\",\"@id\":\"https:\/\/blogs.uninter.edu.mx\/difusioncultural\/?p=7011#primaryimage\",\"url\":\"https:\/\/blogs.uninter.edu.mx\/difusioncultural\/wp-content\/uploads\/2019\/10\/desfile-internacional-dia-muertos-2019-cdmx-brenda-islas-mexico-desconocido-6-1024x683-1.jpg\",\"contentUrl\":\"https:\/\/blogs.uninter.edu.mx\/difusioncultural\/wp-content\/uploads\/2019\/10\/desfile-internacional-dia-muertos-2019-cdmx-brenda-islas-mexico-desconocido-6-1024x683-1.jpg\",\"width\":680,\"height\":453},{\"@type\":\"BreadcrumbList\",\"@id\":\"https:\/\/blogs.uninter.edu.mx\/difusioncultural\/?p=7011#breadcrumb\",\"itemListElement\":[{\"@type\":\"ListItem\",\"position\":1,\"name\":\"Inicio\",\"item\":\"https:\/\/blogs.uninter.edu.mx\/difusioncultural\/\"},{\"@type\":\"ListItem\",\"position\":2,\"name\":\"Fotos y video completo: Desfile Internacional de D\u00eda de Muertos en la CDMX\"}]},{\"@type\":\"WebSite\",\"@id\":\"https:\/\/blogs.uninter.edu.mx\/difusioncultural\/#website\",\"url\":\"https:\/\/blogs.uninter.edu.mx\/difusioncultural\/\",\"name\":\"Difusi\u00f3n Cultural\",\"description\":\"UNINTER\",\"publisher\":{\"@id\":\"https:\/\/blogs.uninter.edu.mx\/difusioncultural\/#organization\"},\"potentialAction\":[{\"@type\":\"SearchAction\",\"target\":{\"@type\":\"EntryPoint\",\"urlTemplate\":\"https:\/\/blogs.uninter.edu.mx\/difusioncultural\/?s={search_term_string}\"},\"query-input\":{\"@type\":\"PropertyValueSpecification\",\"valueRequired\":true,\"valueName\":\"search_term_string\"}}],\"inLanguage\":\"es\"},{\"@type\":\"Organization\",\"@id\":\"https:\/\/blogs.uninter.edu.mx\/difusioncultural\/#organization\",\"name\":\"Difusi\u00f3n Cultural\",\"url\":\"https:\/\/blogs.uninter.edu.mx\/difusioncultural\/\",\"logo\":{\"@type\":\"ImageObject\",\"inLanguage\":\"es\",\"@id\":\"https:\/\/blogs.uninter.edu.mx\/difusioncultural\/#\/schema\/logo\/image\/\",\"url\":\"https:\/\/blogs.uninter.edu.mx\/difusioncultural\/wp-content\/uploads\/2022\/09\/uninter.jpg\",\"contentUrl\":\"https:\/\/blogs.uninter.edu.mx\/difusioncultural\/wp-content\/uploads\/2022\/09\/uninter.jpg\",\"width\":2048,\"height\":2048,\"caption\":\"Difusi\u00f3n Cultural\"},\"image\":{\"@id\":\"https:\/\/blogs.uninter.edu.mx\/difusioncultural\/#\/schema\/logo\/image\/\"}},{\"@type\":\"Person\",\"@id\":\"https:\/\/blogs.uninter.edu.mx\/difusioncultural\/#\/schema\/person\/37a0926f4dd300a814993fd595abdc4a\",\"name\":\"webmaster\",\"image\":{\"@type\":\"ImageObject\",\"inLanguage\":\"es\",\"@id\":\"https:\/\/blogs.uninter.edu.mx\/difusioncultural\/#\/schema\/person\/image\/\",\"url\":\"https:\/\/secure.gravatar.com\/avatar\/a59c276b01147463ef3aab4118e3137ebc5e1ad6700deb39ccdf8b89e517f7dc?s=96&d=mm&r=g\",\"contentUrl\":\"https:\/\/secure.gravatar.com\/avatar\/a59c276b01147463ef3aab4118e3137ebc5e1ad6700deb39ccdf8b89e517f7dc?s=96&d=mm&r=g\",\"caption\":\"webmaster\"},\"sameAs\":[\"https:\/\/blogs.uninter.edu.mx\/difusioncultural\"],\"url\":\"https:\/\/blogs.uninter.edu.mx\/difusioncultural\/?author=1\"}]}<\/script>\r\n<!-- \/ Yoast SEO plugin. -->","yoast_head_json":{"title":"Fotos y video completo: Desfile Internacional de D\u00eda de Muertos en la CDMX - Difusi\u00f3n Cultural","robots":{"index":"index","follow":"follow","max-snippet":"max-snippet:-1","max-image-preview":"max-image-preview:large","max-video-preview":"max-video-preview:-1"},"canonical":"https:\/\/blogs.uninter.edu.mx\/difusioncultural\/?p=7011","og_locale":"es_MX","og_type":"article","og_title":"Fotos y video completo: Desfile Internacional de D\u00eda de Muertos en la CDMX - Difusi\u00f3n Cultural","og_description":"Te compartimos videos y fotos del Desfile Internacional de D\u00eda de Muertos que ocurri\u00f3 este domingo 27 de octubre en la CDMX. Brenda Islas M\u00e9xico Desconocido\u00a0Conoce M\u00e9xico, sus tradiciones y costumbres, pueblos m\u00e1gicos, zonas arqueol\u00f3gicas, playas y hasta la comida mexicana. Este domingo la Ciudad de M\u00e9xico fue el escenario del primer Desfile Internacional de&hellip;","og_url":"https:\/\/blogs.uninter.edu.mx\/difusioncultural\/?p=7011","og_site_name":"Difusi\u00f3n Cultural","article_published_time":"2019-10-28T18:25:20+00:00","og_image":[{"width":680,"height":453,"url":"https:\/\/blogs.uninter.edu.mx\/difusioncultural\/wp-content\/uploads\/2019\/10\/desfile-internacional-dia-muertos-2019-cdmx-brenda-islas-mexico-desconocido-6-1024x683-1.jpg","type":"image\/jpeg"}],"author":"webmaster","twitter_card":"summary_large_image","twitter_misc":{"Escrito por":"webmaster","Tiempo de lectura":"1 minuto"},"schema":{"@context":"https:\/\/schema.org","@graph":[{"@type":"Article","@id":"https:\/\/blogs.uninter.edu.mx\/difusioncultural\/?p=7011#article","isPartOf":{"@id":"https:\/\/blogs.uninter.edu.mx\/difusioncultural\/?p=7011"},"author":{"name":"webmaster","@id":"https:\/\/blogs.uninter.edu.mx\/difusioncultural\/#\/schema\/person\/37a0926f4dd300a814993fd595abdc4a"},"headline":"Fotos y video completo: Desfile Internacional de D\u00eda de Muertos en la CDMX","datePublished":"2019-10-28T18:25:20+00:00","mainEntityOfPage":{"@id":"https:\/\/blogs.uninter.edu.mx\/difusioncultural\/?p=7011"},"wordCount":284,"publisher":{"@id":"https:\/\/blogs.uninter.edu.mx\/difusioncultural\/#organization"},"image":{"@id":"https:\/\/blogs.uninter.edu.mx\/difusioncultural\/?p=7011#primaryimage"},"thumbnailUrl":"https:\/\/blogs.uninter.edu.mx\/difusioncultural\/wp-content\/uploads\/2019\/10\/desfile-internacional-dia-muertos-2019-cdmx-brenda-islas-mexico-desconocido-6-1024x683-1.jpg","inLanguage":"es"},{"@type":"WebPage","@id":"https:\/\/blogs.uninter.edu.mx\/difusioncultural\/?p=7011","url":"https:\/\/blogs.uninter.edu.mx\/difusioncultural\/?p=7011","name":"Fotos y video completo: Desfile Internacional de D\u00eda de Muertos en la CDMX - Difusi\u00f3n Cultural","isPartOf":{"@id":"https:\/\/blogs.uninter.edu.mx\/difusioncultural\/#website"},"primaryImageOfPage":{"@id":"https:\/\/blogs.uninter.edu.mx\/difusioncultural\/?p=7011#primaryimage"},"image":{"@id":"https:\/\/blogs.uninter.edu.mx\/difusioncultural\/?p=7011#primaryimage"},"thumbnailUrl":"https:\/\/blogs.uninter.edu.mx\/difusioncultural\/wp-content\/uploads\/2019\/10\/desfile-internacional-dia-muertos-2019-cdmx-brenda-islas-mexico-desconocido-6-1024x683-1.jpg","datePublished":"2019-10-28T18:25:20+00:00","breadcrumb":{"@id":"https:\/\/blogs.uninter.edu.mx\/difusioncultural\/?p=7011#breadcrumb"},"inLanguage":"es","potentialAction":[{"@type":"ReadAction","target":["https:\/\/blogs.uninter.edu.mx\/difusioncultural\/?p=7011"]}]},{"@type":"ImageObject","inLanguage":"es","@id":"https:\/\/blogs.uninter.edu.mx\/difusioncultural\/?p=7011#primaryimage","url":"https:\/\/blogs.uninter.edu.mx\/difusioncultural\/wp-content\/uploads\/2019\/10\/desfile-internacional-dia-muertos-2019-cdmx-brenda-islas-mexico-desconocido-6-1024x683-1.jpg","contentUrl":"https:\/\/blogs.uninter.edu.mx\/difusioncultural\/wp-content\/uploads\/2019\/10\/desfile-internacional-dia-muertos-2019-cdmx-brenda-islas-mexico-desconocido-6-1024x683-1.jpg","width":680,"height":453},{"@type":"BreadcrumbList","@id":"https:\/\/blogs.uninter.edu.mx\/difusioncultural\/?p=7011#breadcrumb","itemListElement":[{"@type":"ListItem","position":1,"name":"Inicio","item":"https:\/\/blogs.uninter.edu.mx\/difusioncultural\/"},{"@type":"ListItem","position":2,"name":"Fotos y video completo: Desfile Internacional de D\u00eda de Muertos en la CDMX"}]},{"@type":"WebSite","@id":"https:\/\/blogs.uninter.edu.mx\/difusioncultural\/#website","url":"https:\/\/blogs.uninter.edu.mx\/difusioncultural\/","name":"Difusi\u00f3n Cultural","description":"UNINTER","publisher":{"@id":"https:\/\/blogs.uninter.edu.mx\/difusioncultural\/#organization"},"potentialAction":[{"@type":"SearchAction","target":{"@type":"EntryPoint","urlTemplate":"https:\/\/blogs.uninter.edu.mx\/difusioncultural\/?s={search_term_string}"},"query-input":{"@type":"PropertyValueSpecification","valueRequired":true,"valueName":"search_term_string"}}],"inLanguage":"es"},{"@type":"Organization","@id":"https:\/\/blogs.uninter.edu.mx\/difusioncultural\/#organization","name":"Difusi\u00f3n Cultural","url":"https:\/\/blogs.uninter.edu.mx\/difusioncultural\/","logo":{"@type":"ImageObject","inLanguage":"es","@id":"https:\/\/blogs.uninter.edu.mx\/difusioncultural\/#\/schema\/logo\/image\/","url":"https:\/\/blogs.uninter.edu.mx\/difusioncultural\/wp-content\/uploads\/2022\/09\/uninter.jpg","contentUrl":"https:\/\/blogs.uninter.edu.mx\/difusioncultural\/wp-content\/uploads\/2022\/09\/uninter.jpg","width":2048,"height":2048,"caption":"Difusi\u00f3n Cultural"},"image":{"@id":"https:\/\/blogs.uninter.edu.mx\/difusioncultural\/#\/schema\/logo\/image\/"}},{"@type":"Person","@id":"https:\/\/blogs.uninter.edu.mx\/difusioncultural\/#\/schema\/person\/37a0926f4dd300a814993fd595abdc4a","name":"webmaster","image":{"@type":"ImageObject","inLanguage":"es","@id":"https:\/\/blogs.uninter.edu.mx\/difusioncultural\/#\/schema\/person\/image\/","url":"https:\/\/secure.gravatar.com\/avatar\/a59c276b01147463ef3aab4118e3137ebc5e1ad6700deb39ccdf8b89e517f7dc?s=96&d=mm&r=g","contentUrl":"https:\/\/secure.gravatar.com\/avatar\/a59c276b01147463ef3aab4118e3137ebc5e1ad6700deb39ccdf8b89e517f7dc?s=96&d=mm&r=g","caption":"webmaster"},"sameAs":["https:\/\/blogs.uninter.edu.mx\/difusioncultural"],"url":"https:\/\/blogs.uninter.edu.mx\/difusioncultural\/?author=1"}]}},"jetpack_publicize_connections":[],"jetpack_featured_media_url":"https:\/\/blogs.uninter.edu.mx\/difusioncultural\/wp-content\/uploads\/2019\/10\/desfile-internacional-dia-muertos-2019-cdmx-brenda-islas-mexico-desconocido-6-1024x683-1.jpg","jetpack_sharing_enabled":true,"_links":{"self":[{"href":"https:\/\/blogs.uninter.edu.mx\/difusioncultural\/index.php?rest_route=\/wp\/v2\/posts\/7011","targetHints":{"allow":["GET"]}}],"collection":[{"href":"https:\/\/blogs.uninter.edu.mx\/difusioncultural\/index.php?rest_route=\/wp\/v2\/posts"}],"about":[{"href":"https:\/\/blogs.uninter.edu.mx\/difusioncultural\/index.php?rest_route=\/wp\/v2\/types\/post"}],"author":[{"embeddable":true,"href":"https:\/\/blogs.uninter.edu.mx\/difusioncultural\/index.php?rest_route=\/wp\/v2\/users\/1"}],"replies":[{"embeddable":true,"href":"https:\/\/blogs.uninter.edu.mx\/difusioncultural\/index.php?rest_route=%2Fwp%2Fv2%2Fcomments&post=7011"}],"version-history":[{"count":0,"href":"https:\/\/blogs.uninter.edu.mx\/difusioncultural\/index.php?rest_route=\/wp\/v2\/posts\/7011\/revisions"}],"wp:featuredmedia":[{"embeddable":true,"href":"https:\/\/blogs.uninter.edu.mx\/difusioncultural\/index.php?rest_route=\/wp\/v2\/media\/7013"}],"wp:attachment":[{"href":"https:\/\/blogs.uninter.edu.mx\/difusioncultural\/index.php?rest_route=%2Fwp%2Fv2%2Fmedia&parent=7011"}],"wp:term":[{"taxonomy":"category","embeddable":true,"href":"https:\/\/blogs.uninter.edu.mx\/difusioncultural\/index.php?rest_route=%2Fwp%2Fv2%2Fcategories&post=7011"},{"taxonomy":"post_tag","embeddable":true,"href":"https:\/\/blogs.uninter.edu.mx\/difusioncultural\/index.php?rest_route=%2Fwp%2Fv2%2Ftags&post=7011"}],"curies":[{"name":"wp","href":"https:\/\/api.w.org\/{rel}","templated":true}]}}