{"id":7016,"date":"2019-10-30T09:00:22","date_gmt":"2019-10-30T15:00:22","guid":{"rendered":"https:\/\/difusionculturaluninter.wordpress.com\/?p=7016"},"modified":"2019-10-30T09:00:22","modified_gmt":"2019-10-30T15:00:22","slug":"disfraces-para-dia-de-muertos-muy-mexicanos","status":"publish","type":"post","link":"https:\/\/blogs.uninter.edu.mx\/difusioncultural\/?p=7016","title":{"rendered":"Disfraces para D\u00eda de Muertos muy mexicanos"},"content":{"rendered":"<section class=\"data_note\">\n<h2 class=\"intro\">En los lugares donde se han mezclado las costumbres, algunos han logrado adoptar lo mejor de ambas tradiciones.<\/h2>\n<\/section>\n<figure class=\"mainImg\"><img decoding=\"async\" src=\"https:\/\/www.mexicodesconocido.com.mx\/wp-content\/uploads\/2018\/11\/desfile-catrinas-puerto-vallarta-tania-aleman-saavedra-2.jpg\" alt=\"Disfraces para D\u00eda de Muertos muy mexicanos\" \/><\/figure>\n<div class=\"writter\">\n<div class=\"social_writter\"><span style=\"color:var(--color-text);\">Durante a\u00f1os han coexistido en M\u00e9xico dos tradiciones muy diversas: la propia, la del\u00a0<\/span><strong style=\"color:var(--color-text);\">D\u00eda de Muertos<\/strong><span style=\"color:var(--color-text);\">, y la que hemos adoptado por la cercan\u00eda cultural con Estados Unidos:\u00a0<\/span><strong style=\"color:var(--color-text);\">Halloween<\/strong><span style=\"color:var(--color-text);\">.<\/span><\/div>\n<\/div>\n<p>Muchos han se\u00f1alado a la segunda como una tradici\u00f3n que desvirt\u00faa las creencias y el sentido del D\u00eda de los Fieles Difuntos, pero ello no ha significado un obst\u00e1culo para la adopci\u00f3n de costumbres propias de Halloween, como pedir dulces o disfrazarse.<\/p>\n<h2>Sincretismo<\/h2>\n<p>El sincretismo se siente mucho m\u00e1s en las grandes ciudades y en zonas fronterizas con el pa\u00eds vecino, sin embargo, hay pueblos y localidades m\u00e1s hacia el centro y sur de M\u00e9xico donde Halloween tiene una presencia m\u00ednima o nula.<\/p>\n<p>No obstante, en los lugares donde se han mezclado las costumbres, algunos han logrado adoptar lo mejor de ambas tradiciones para celebrar en nombre de los seres queridos que ya partieron de este mundo. En este sentido, muchos mexicanos celebran con bellas ofrendas, asisten a misa y tambi\u00e9n organizan fiestas de disfraces, algo propio de Halloween. Porque al final las celebraciones son en fechas diferentes y una no interfiere con la otra. El Halloween propiamente se festeja el 31 de octubre, mientras que d\u00eda de muertos es 1 y 2 de noviembre.<\/p>\n<h2>Disfraces muy mexicanos<\/h2>\n<p>Algunos de los cl\u00e1sicos disfraces con los que se visten a los ni\u00f1os y usan algunos adultos son vampiros, lobos, brujas y demonios o zombies sin embargo, como a cada celebraci\u00f3n, es importante impregnarle de nuestra identidad. Esta es una selecci\u00f3n de disfraces inspirados en personajes mexicanos:<\/p>\n<h3><a href=\"https:\/\/www.mexicodesconocido.com.mx\/la-leyenda-del-charro-negro.html\" target=\"_blank\" rel=\"noreferrer noopener\" aria-label=\"El Charro Negro (abre en una nueva pesta\u00f1a)\">El Charro Negro<\/a><\/h3>\n<p>Este personaje se hizo famoso por la leyenda que es popular sobre todo en los estados sure\u00f1os, la cual habla de la figura delgada y esbelta de un hombre ataviado en traje de charro, a caballo, que se aparece sigilosamente para llevarse alguna alma que est\u00e9 dispuesta a cabalgar con \u00e9l.<\/p>\n<figure class=\"wp-block-image\"><img decoding=\"async\" class=\"wp-image-59699\" src=\"https:\/\/www.mexicodesconocido.com.mx\/wp-content\/uploads\/2019\/10\/disfraz-charro-negro.jpg\" alt=\"\" \/><figcaption><\/figcaption><\/figure>\n<h3><a href=\"https:\/\/www.mexicodesconocido.com.mx\/5-rincones-para-revivir-la-historia-de-amor-de-diego-y-frida-en-el-df.html\" target=\"_blank\" rel=\"noreferrer noopener\" aria-label=\"Frida y Diego (abre en una nueva pesta\u00f1a)\">Frida y Diego<\/a><\/h3>\n<p>Uno de los romances m\u00e1s emblem\u00e1ticos de la cultura mexicana es el que vivieron los pintores mexicanos Frida Kalho y Diego Rivera. Sin duda, sus figuras han pasado a la historia como iconos de la mexicanidad y el talento. No dan miedo, pero s\u00ed que son disfraces originales.<\/p>\n<figure class=\"wp-block-image\"><img decoding=\"async\" class=\"wp-image-59698\" src=\"https:\/\/www.mexicodesconocido.com.mx\/wp-content\/uploads\/2019\/10\/frida-diego-disfraz.jpg\" alt=\"\" \/><figcaption><\/figcaption><\/figure>\n<h3><a href=\"https:\/\/www.mexicodesconocido.com.mx\/capula-pueblo-donde-nacio-la-catrina-barro.html\" target=\"_blank\" rel=\"noreferrer noopener\" aria-label=\"La Catrina (abre en una nueva pesta\u00f1a)\">La Catrina<\/a><\/h3>\n<p>Esta emblem\u00e1tica figura fue creada por\u00a0<a href=\"https:\/\/www.mexicodesconocido.com.mx\/jose-guadalupe-posada.html\" target=\"_blank\" rel=\"noreferrer noopener\" aria-label=\"Jos\u00e9 Guadalupe Posada (abre en una nueva pesta\u00f1a)\">Jos\u00e9 Guadalupe Posada<\/a>\u00a0a principios del siglo XX y hoy su imagen es de dominio p\u00fablico y uno de los s\u00edmbolos mexicanos que m\u00e1s se representan durante estas fechas. Miles de personas en todo el mundo se maquillan como ella.<\/p>\n<figure class=\"wp-block-image\"><img decoding=\"async\" class=\"wp-image-55952\" src=\"https:\/\/www.mexicodesconocido.com.mx\/wp-content\/uploads\/2019\/08\/mega_procesion_catrinas-1024x410.jpg\" alt=\"\" \/><figcaption><\/figcaption><\/figure>\n<h3><a href=\"https:\/\/www.mexicodesconocido.com.mx\/4-lugares-en-coyoacan-para-fans-de-frida-kahlo.html\" target=\"_blank\" rel=\"noreferrer noopener\" aria-label=\"Frida Kalho (abre en una nueva pesta\u00f1a)\">Frida Kalho<\/a><\/h3>\n<p>La artista ha pasado a la historia como s\u00edmbolo de la libertad, el trabajo duro, la pasi\u00f3n, el talento y el amor que se vive en M\u00e9xico. Su trabajo es ampliamente conocido en el mundo y su caracter\u00edstica imagen se ha convertido en inspiraci\u00f3n para estas fechas.<\/p>\n<figure class=\"wp-block-image\"><img decoding=\"async\" class=\"wp-image-59697\" src=\"https:\/\/www.mexicodesconocido.com.mx\/wp-content\/uploads\/2019\/10\/disfrz-frida-kahlo.jpg\" alt=\"\" \/><figcaption><\/figcaption><\/figure>\n<h3><a href=\"https:\/\/www.mexicodesconocido.com.mx\/la-llorona-leyenda.html\" target=\"_blank\" rel=\"noreferrer noopener\" aria-label=\"La llorona (abre en una nueva pesta\u00f1a)\">La llorona<\/a><\/h3>\n<p>Dentro del folclore latinoamericano, esta figura representa a una mujer que se aparece lament\u00e1ndose por la p\u00e9rdida de sus hijos. Es un alma en pena que nunca dejar\u00e1 de vagar y de asustar a quienes escuchan su lastimero llanto.<\/p>\n<figure class=\"wp-block-image\"><img decoding=\"async\" class=\"wp-image-21506\" src=\"https:\/\/www.mexicodesconocido.com.mx\/wp-content\/uploads\/2018\/02\/la-llorona-1-1024x640.jpg\" alt=\"La llorona\" \/><figcaption><\/figcaption><\/figure>\n<h3>Guerrero azteca<\/h3>\n<p>En la plancha del Z\u00f3calo de la Ciudad de M\u00e9xico es com\u00fan apreciar a danzantes ataviados con m\u00e1scaras y penachos que asemejan a aquellos usados por los antepasados prehisp\u00e1nicos. Sin duda, \u00e9ste podr\u00eda ser un disfraz original y cargado de simbolismo.<\/p>\n<figure class=\"wp-block-image\"><img decoding=\"async\" class=\"wp-image-59696\" src=\"https:\/\/www.mexicodesconocido.com.mx\/wp-content\/uploads\/2019\/10\/traje-de-azteca-hombre-D_NQ_NP_280521-MLM20796074557_072016-F-777x1024.jpg\" alt=\"\" \/><figcaption><\/figcaption><\/figure>\n<h3>El luchador\u2026 zombi<\/h3>\n<p>Todos conocemos a personajes como El Santo y Blue Demon, son parte de la cultura y el folclor mexicano. La lucha libre mexicana es parte de nuestra identidad, pero la creatividad tambi\u00e9n se vale para crear un disfraz y en este caso se trata de un homenaje a lo mexicano con un peque\u00f1o giro.<\/p>\n<figure class=\"wp-block-image\"><img decoding=\"async\" class=\"wp-image-59695\" src=\"https:\/\/www.mexicodesconocido.com.mx\/wp-content\/uploads\/2019\/10\/luchador-zombie.jpg\" alt=\"\" \/><figcaption><\/figcaption><\/figure>\n<p>Ojal\u00e1 estos ejemplos te hayan servido de inspiraci\u00f3n, \u00bftienes alguna otra idea que quieras compartir?<\/p>\n<h4>Lanie Ramirez. (2019). Disfraces para D\u00eda de Muertos muy mexicanos. 28 octubre 2019, de Mexico Desconocido Sitio web: https:\/\/www.mexicodesconocido.com.mx\/disfraces-mexicanos-halloween.html<\/h4>\n","protected":false},"excerpt":{"rendered":"<p>En los lugares donde se han mezclado las costumbres, algunos han logrado adoptar lo mejor de ambas tradiciones. Durante a\u00f1os han coexistido en M\u00e9xico dos tradiciones muy diversas: la propia, la del\u00a0D\u00eda de Muertos, y la que hemos adoptado por la cercan\u00eda cultural con Estados Unidos:\u00a0Halloween. Muchos han se\u00f1alado a la segunda como una tradici\u00f3n&hellip;<\/p>\n","protected":false},"author":1,"featured_media":7019,"comment_status":"closed","ping_status":"open","sticky":false,"template":"","format":"standard","meta":{"_jetpack_memberships_contains_paid_content":false,"footnotes":"","jetpack_publicize_message":"","jetpack_publicize_feature_enabled":true,"jetpack_social_post_already_shared":false,"jetpack_social_options":{"image_generator_settings":{"template":"highway","default_image_id":0,"font":"","enabled":false},"version":2}},"categories":[1],"tags":[],"class_list":["post-7016","post","type-post","status-publish","format-standard","has-post-thumbnail","hentry","category-sin-categoria"],"yoast_head":"<!-- This site is optimized with the Yoast SEO plugin v26.3 - https:\/\/yoast.com\/wordpress\/plugins\/seo\/ -->\r\n<title>Disfraces para D\u00eda de Muertos muy mexicanos - Difusi\u00f3n Cultural<\/title>\r\n<meta name=\"robots\" content=\"index, follow, max-snippet:-1, max-image-preview:large, max-video-preview:-1\" \/>\r\n<link rel=\"canonical\" href=\"https:\/\/blogs.uninter.edu.mx\/difusioncultural\/?p=7016\" \/>\r\n<meta property=\"og:locale\" content=\"es_MX\" \/>\r\n<meta property=\"og:type\" content=\"article\" \/>\r\n<meta property=\"og:title\" content=\"Disfraces para D\u00eda de Muertos muy mexicanos - Difusi\u00f3n Cultural\" \/>\r\n<meta property=\"og:description\" content=\"En los lugares donde se han mezclado las costumbres, algunos han logrado adoptar lo mejor de ambas tradiciones. Durante a\u00f1os han coexistido en M\u00e9xico dos tradiciones muy diversas: la propia, la del\u00a0D\u00eda de Muertos, y la que hemos adoptado por la cercan\u00eda cultural con Estados Unidos:\u00a0Halloween. Muchos han se\u00f1alado a la segunda como una tradici\u00f3n&hellip;\" \/>\r\n<meta property=\"og:url\" content=\"https:\/\/blogs.uninter.edu.mx\/difusioncultural\/?p=7016\" \/>\r\n<meta property=\"og:site_name\" content=\"Difusi\u00f3n Cultural\" \/>\r\n<meta property=\"article:published_time\" content=\"2019-10-30T15:00:22+00:00\" \/>\r\n<meta property=\"og:image\" content=\"https:\/\/blogs.uninter.edu.mx\/difusioncultural\/wp-content\/uploads\/2019\/10\/desfile-catrinas-puerto-vallarta-tania-aleman-saavedra-2.jpg\" \/>\r\n\t<meta property=\"og:image:width\" content=\"1200\" \/>\r\n\t<meta property=\"og:image:height\" content=\"798\" \/>\r\n\t<meta property=\"og:image:type\" content=\"image\/jpeg\" \/>\r\n<meta name=\"author\" content=\"webmaster\" \/>\r\n<meta name=\"twitter:card\" content=\"summary_large_image\" \/>\r\n<meta name=\"twitter:label1\" content=\"Escrito por\" \/>\n\t<meta name=\"twitter:data1\" content=\"webmaster\" \/>\n\t<meta name=\"twitter:label2\" content=\"Tiempo de lectura\" \/>\n\t<meta name=\"twitter:data2\" content=\"3 minutos\" \/>\r\n<script type=\"application\/ld+json\" class=\"yoast-schema-graph\">{\"@context\":\"https:\/\/schema.org\",\"@graph\":[{\"@type\":\"Article\",\"@id\":\"https:\/\/blogs.uninter.edu.mx\/difusioncultural\/?p=7016#article\",\"isPartOf\":{\"@id\":\"https:\/\/blogs.uninter.edu.mx\/difusioncultural\/?p=7016\"},\"author\":{\"name\":\"webmaster\",\"@id\":\"https:\/\/blogs.uninter.edu.mx\/difusioncultural\/#\/schema\/person\/37a0926f4dd300a814993fd595abdc4a\"},\"headline\":\"Disfraces para D\u00eda de Muertos muy mexicanos\",\"datePublished\":\"2019-10-30T15:00:22+00:00\",\"mainEntityOfPage\":{\"@id\":\"https:\/\/blogs.uninter.edu.mx\/difusioncultural\/?p=7016\"},\"wordCount\":703,\"publisher\":{\"@id\":\"https:\/\/blogs.uninter.edu.mx\/difusioncultural\/#organization\"},\"image\":{\"@id\":\"https:\/\/blogs.uninter.edu.mx\/difusioncultural\/?p=7016#primaryimage\"},\"thumbnailUrl\":\"https:\/\/blogs.uninter.edu.mx\/difusioncultural\/wp-content\/uploads\/2019\/10\/desfile-catrinas-puerto-vallarta-tania-aleman-saavedra-2.jpg\",\"inLanguage\":\"es\"},{\"@type\":\"WebPage\",\"@id\":\"https:\/\/blogs.uninter.edu.mx\/difusioncultural\/?p=7016\",\"url\":\"https:\/\/blogs.uninter.edu.mx\/difusioncultural\/?p=7016\",\"name\":\"Disfraces para D\u00eda de Muertos muy mexicanos - Difusi\u00f3n Cultural\",\"isPartOf\":{\"@id\":\"https:\/\/blogs.uninter.edu.mx\/difusioncultural\/#website\"},\"primaryImageOfPage\":{\"@id\":\"https:\/\/blogs.uninter.edu.mx\/difusioncultural\/?p=7016#primaryimage\"},\"image\":{\"@id\":\"https:\/\/blogs.uninter.edu.mx\/difusioncultural\/?p=7016#primaryimage\"},\"thumbnailUrl\":\"https:\/\/blogs.uninter.edu.mx\/difusioncultural\/wp-content\/uploads\/2019\/10\/desfile-catrinas-puerto-vallarta-tania-aleman-saavedra-2.jpg\",\"datePublished\":\"2019-10-30T15:00:22+00:00\",\"breadcrumb\":{\"@id\":\"https:\/\/blogs.uninter.edu.mx\/difusioncultural\/?p=7016#breadcrumb\"},\"inLanguage\":\"es\",\"potentialAction\":[{\"@type\":\"ReadAction\",\"target\":[\"https:\/\/blogs.uninter.edu.mx\/difusioncultural\/?p=7016\"]}]},{\"@type\":\"ImageObject\",\"inLanguage\":\"es\",\"@id\":\"https:\/\/blogs.uninter.edu.mx\/difusioncultural\/?p=7016#primaryimage\",\"url\":\"https:\/\/blogs.uninter.edu.mx\/difusioncultural\/wp-content\/uploads\/2019\/10\/desfile-catrinas-puerto-vallarta-tania-aleman-saavedra-2.jpg\",\"contentUrl\":\"https:\/\/blogs.uninter.edu.mx\/difusioncultural\/wp-content\/uploads\/2019\/10\/desfile-catrinas-puerto-vallarta-tania-aleman-saavedra-2.jpg\",\"width\":1200,\"height\":798},{\"@type\":\"BreadcrumbList\",\"@id\":\"https:\/\/blogs.uninter.edu.mx\/difusioncultural\/?p=7016#breadcrumb\",\"itemListElement\":[{\"@type\":\"ListItem\",\"position\":1,\"name\":\"Inicio\",\"item\":\"https:\/\/blogs.uninter.edu.mx\/difusioncultural\/\"},{\"@type\":\"ListItem\",\"position\":2,\"name\":\"Disfraces para D\u00eda de Muertos muy mexicanos\"}]},{\"@type\":\"WebSite\",\"@id\":\"https:\/\/blogs.uninter.edu.mx\/difusioncultural\/#website\",\"url\":\"https:\/\/blogs.uninter.edu.mx\/difusioncultural\/\",\"name\":\"Difusi\u00f3n Cultural\",\"description\":\"UNINTER\",\"publisher\":{\"@id\":\"https:\/\/blogs.uninter.edu.mx\/difusioncultural\/#organization\"},\"potentialAction\":[{\"@type\":\"SearchAction\",\"target\":{\"@type\":\"EntryPoint\",\"urlTemplate\":\"https:\/\/blogs.uninter.edu.mx\/difusioncultural\/?s={search_term_string}\"},\"query-input\":{\"@type\":\"PropertyValueSpecification\",\"valueRequired\":true,\"valueName\":\"search_term_string\"}}],\"inLanguage\":\"es\"},{\"@type\":\"Organization\",\"@id\":\"https:\/\/blogs.uninter.edu.mx\/difusioncultural\/#organization\",\"name\":\"Difusi\u00f3n Cultural\",\"url\":\"https:\/\/blogs.uninter.edu.mx\/difusioncultural\/\",\"logo\":{\"@type\":\"ImageObject\",\"inLanguage\":\"es\",\"@id\":\"https:\/\/blogs.uninter.edu.mx\/difusioncultural\/#\/schema\/logo\/image\/\",\"url\":\"https:\/\/blogs.uninter.edu.mx\/difusioncultural\/wp-content\/uploads\/2022\/09\/uninter.jpg\",\"contentUrl\":\"https:\/\/blogs.uninter.edu.mx\/difusioncultural\/wp-content\/uploads\/2022\/09\/uninter.jpg\",\"width\":2048,\"height\":2048,\"caption\":\"Difusi\u00f3n Cultural\"},\"image\":{\"@id\":\"https:\/\/blogs.uninter.edu.mx\/difusioncultural\/#\/schema\/logo\/image\/\"}},{\"@type\":\"Person\",\"@id\":\"https:\/\/blogs.uninter.edu.mx\/difusioncultural\/#\/schema\/person\/37a0926f4dd300a814993fd595abdc4a\",\"name\":\"webmaster\",\"image\":{\"@type\":\"ImageObject\",\"inLanguage\":\"es\",\"@id\":\"https:\/\/blogs.uninter.edu.mx\/difusioncultural\/#\/schema\/person\/image\/\",\"url\":\"https:\/\/secure.gravatar.com\/avatar\/a59c276b01147463ef3aab4118e3137ebc5e1ad6700deb39ccdf8b89e517f7dc?s=96&d=mm&r=g\",\"contentUrl\":\"https:\/\/secure.gravatar.com\/avatar\/a59c276b01147463ef3aab4118e3137ebc5e1ad6700deb39ccdf8b89e517f7dc?s=96&d=mm&r=g\",\"caption\":\"webmaster\"},\"sameAs\":[\"https:\/\/blogs.uninter.edu.mx\/difusioncultural\"],\"url\":\"https:\/\/blogs.uninter.edu.mx\/difusioncultural\/?author=1\"}]}<\/script>\r\n<!-- \/ Yoast SEO plugin. -->","yoast_head_json":{"title":"Disfraces para D\u00eda de Muertos muy mexicanos - Difusi\u00f3n Cultural","robots":{"index":"index","follow":"follow","max-snippet":"max-snippet:-1","max-image-preview":"max-image-preview:large","max-video-preview":"max-video-preview:-1"},"canonical":"https:\/\/blogs.uninter.edu.mx\/difusioncultural\/?p=7016","og_locale":"es_MX","og_type":"article","og_title":"Disfraces para D\u00eda de Muertos muy mexicanos - Difusi\u00f3n Cultural","og_description":"En los lugares donde se han mezclado las costumbres, algunos han logrado adoptar lo mejor de ambas tradiciones. Durante a\u00f1os han coexistido en M\u00e9xico dos tradiciones muy diversas: la propia, la del\u00a0D\u00eda de Muertos, y la que hemos adoptado por la cercan\u00eda cultural con Estados Unidos:\u00a0Halloween. Muchos han se\u00f1alado a la segunda como una tradici\u00f3n&hellip;","og_url":"https:\/\/blogs.uninter.edu.mx\/difusioncultural\/?p=7016","og_site_name":"Difusi\u00f3n Cultural","article_published_time":"2019-10-30T15:00:22+00:00","og_image":[{"width":1200,"height":798,"url":"https:\/\/blogs.uninter.edu.mx\/difusioncultural\/wp-content\/uploads\/2019\/10\/desfile-catrinas-puerto-vallarta-tania-aleman-saavedra-2.jpg","type":"image\/jpeg"}],"author":"webmaster","twitter_card":"summary_large_image","twitter_misc":{"Escrito por":"webmaster","Tiempo de lectura":"3 minutos"},"schema":{"@context":"https:\/\/schema.org","@graph":[{"@type":"Article","@id":"https:\/\/blogs.uninter.edu.mx\/difusioncultural\/?p=7016#article","isPartOf":{"@id":"https:\/\/blogs.uninter.edu.mx\/difusioncultural\/?p=7016"},"author":{"name":"webmaster","@id":"https:\/\/blogs.uninter.edu.mx\/difusioncultural\/#\/schema\/person\/37a0926f4dd300a814993fd595abdc4a"},"headline":"Disfraces para D\u00eda de Muertos muy mexicanos","datePublished":"2019-10-30T15:00:22+00:00","mainEntityOfPage":{"@id":"https:\/\/blogs.uninter.edu.mx\/difusioncultural\/?p=7016"},"wordCount":703,"publisher":{"@id":"https:\/\/blogs.uninter.edu.mx\/difusioncultural\/#organization"},"image":{"@id":"https:\/\/blogs.uninter.edu.mx\/difusioncultural\/?p=7016#primaryimage"},"thumbnailUrl":"https:\/\/blogs.uninter.edu.mx\/difusioncultural\/wp-content\/uploads\/2019\/10\/desfile-catrinas-puerto-vallarta-tania-aleman-saavedra-2.jpg","inLanguage":"es"},{"@type":"WebPage","@id":"https:\/\/blogs.uninter.edu.mx\/difusioncultural\/?p=7016","url":"https:\/\/blogs.uninter.edu.mx\/difusioncultural\/?p=7016","name":"Disfraces para D\u00eda de Muertos muy mexicanos - Difusi\u00f3n Cultural","isPartOf":{"@id":"https:\/\/blogs.uninter.edu.mx\/difusioncultural\/#website"},"primaryImageOfPage":{"@id":"https:\/\/blogs.uninter.edu.mx\/difusioncultural\/?p=7016#primaryimage"},"image":{"@id":"https:\/\/blogs.uninter.edu.mx\/difusioncultural\/?p=7016#primaryimage"},"thumbnailUrl":"https:\/\/blogs.uninter.edu.mx\/difusioncultural\/wp-content\/uploads\/2019\/10\/desfile-catrinas-puerto-vallarta-tania-aleman-saavedra-2.jpg","datePublished":"2019-10-30T15:00:22+00:00","breadcrumb":{"@id":"https:\/\/blogs.uninter.edu.mx\/difusioncultural\/?p=7016#breadcrumb"},"inLanguage":"es","potentialAction":[{"@type":"ReadAction","target":["https:\/\/blogs.uninter.edu.mx\/difusioncultural\/?p=7016"]}]},{"@type":"ImageObject","inLanguage":"es","@id":"https:\/\/blogs.uninter.edu.mx\/difusioncultural\/?p=7016#primaryimage","url":"https:\/\/blogs.uninter.edu.mx\/difusioncultural\/wp-content\/uploads\/2019\/10\/desfile-catrinas-puerto-vallarta-tania-aleman-saavedra-2.jpg","contentUrl":"https:\/\/blogs.uninter.edu.mx\/difusioncultural\/wp-content\/uploads\/2019\/10\/desfile-catrinas-puerto-vallarta-tania-aleman-saavedra-2.jpg","width":1200,"height":798},{"@type":"BreadcrumbList","@id":"https:\/\/blogs.uninter.edu.mx\/difusioncultural\/?p=7016#breadcrumb","itemListElement":[{"@type":"ListItem","position":1,"name":"Inicio","item":"https:\/\/blogs.uninter.edu.mx\/difusioncultural\/"},{"@type":"ListItem","position":2,"name":"Disfraces para D\u00eda de Muertos muy mexicanos"}]},{"@type":"WebSite","@id":"https:\/\/blogs.uninter.edu.mx\/difusioncultural\/#website","url":"https:\/\/blogs.uninter.edu.mx\/difusioncultural\/","name":"Difusi\u00f3n Cultural","description":"UNINTER","publisher":{"@id":"https:\/\/blogs.uninter.edu.mx\/difusioncultural\/#organization"},"potentialAction":[{"@type":"SearchAction","target":{"@type":"EntryPoint","urlTemplate":"https:\/\/blogs.uninter.edu.mx\/difusioncultural\/?s={search_term_string}"},"query-input":{"@type":"PropertyValueSpecification","valueRequired":true,"valueName":"search_term_string"}}],"inLanguage":"es"},{"@type":"Organization","@id":"https:\/\/blogs.uninter.edu.mx\/difusioncultural\/#organization","name":"Difusi\u00f3n Cultural","url":"https:\/\/blogs.uninter.edu.mx\/difusioncultural\/","logo":{"@type":"ImageObject","inLanguage":"es","@id":"https:\/\/blogs.uninter.edu.mx\/difusioncultural\/#\/schema\/logo\/image\/","url":"https:\/\/blogs.uninter.edu.mx\/difusioncultural\/wp-content\/uploads\/2022\/09\/uninter.jpg","contentUrl":"https:\/\/blogs.uninter.edu.mx\/difusioncultural\/wp-content\/uploads\/2022\/09\/uninter.jpg","width":2048,"height":2048,"caption":"Difusi\u00f3n Cultural"},"image":{"@id":"https:\/\/blogs.uninter.edu.mx\/difusioncultural\/#\/schema\/logo\/image\/"}},{"@type":"Person","@id":"https:\/\/blogs.uninter.edu.mx\/difusioncultural\/#\/schema\/person\/37a0926f4dd300a814993fd595abdc4a","name":"webmaster","image":{"@type":"ImageObject","inLanguage":"es","@id":"https:\/\/blogs.uninter.edu.mx\/difusioncultural\/#\/schema\/person\/image\/","url":"https:\/\/secure.gravatar.com\/avatar\/a59c276b01147463ef3aab4118e3137ebc5e1ad6700deb39ccdf8b89e517f7dc?s=96&d=mm&r=g","contentUrl":"https:\/\/secure.gravatar.com\/avatar\/a59c276b01147463ef3aab4118e3137ebc5e1ad6700deb39ccdf8b89e517f7dc?s=96&d=mm&r=g","caption":"webmaster"},"sameAs":["https:\/\/blogs.uninter.edu.mx\/difusioncultural"],"url":"https:\/\/blogs.uninter.edu.mx\/difusioncultural\/?author=1"}]}},"jetpack_publicize_connections":[],"jetpack_featured_media_url":"https:\/\/blogs.uninter.edu.mx\/difusioncultural\/wp-content\/uploads\/2019\/10\/desfile-catrinas-puerto-vallarta-tania-aleman-saavedra-2.jpg","jetpack_sharing_enabled":true,"_links":{"self":[{"href":"https:\/\/blogs.uninter.edu.mx\/difusioncultural\/index.php?rest_route=\/wp\/v2\/posts\/7016","targetHints":{"allow":["GET"]}}],"collection":[{"href":"https:\/\/blogs.uninter.edu.mx\/difusioncultural\/index.php?rest_route=\/wp\/v2\/posts"}],"about":[{"href":"https:\/\/blogs.uninter.edu.mx\/difusioncultural\/index.php?rest_route=\/wp\/v2\/types\/post"}],"author":[{"embeddable":true,"href":"https:\/\/blogs.uninter.edu.mx\/difusioncultural\/index.php?rest_route=\/wp\/v2\/users\/1"}],"replies":[{"embeddable":true,"href":"https:\/\/blogs.uninter.edu.mx\/difusioncultural\/index.php?rest_route=%2Fwp%2Fv2%2Fcomments&post=7016"}],"version-history":[{"count":0,"href":"https:\/\/blogs.uninter.edu.mx\/difusioncultural\/index.php?rest_route=\/wp\/v2\/posts\/7016\/revisions"}],"wp:featuredmedia":[{"embeddable":true,"href":"https:\/\/blogs.uninter.edu.mx\/difusioncultural\/index.php?rest_route=\/wp\/v2\/media\/7019"}],"wp:attachment":[{"href":"https:\/\/blogs.uninter.edu.mx\/difusioncultural\/index.php?rest_route=%2Fwp%2Fv2%2Fmedia&parent=7016"}],"wp:term":[{"taxonomy":"category","embeddable":true,"href":"https:\/\/blogs.uninter.edu.mx\/difusioncultural\/index.php?rest_route=%2Fwp%2Fv2%2Fcategories&post=7016"},{"taxonomy":"post_tag","embeddable":true,"href":"https:\/\/blogs.uninter.edu.mx\/difusioncultural\/index.php?rest_route=%2Fwp%2Fv2%2Ftags&post=7016"}],"curies":[{"name":"wp","href":"https:\/\/api.w.org\/{rel}","templated":true}]}}