{"id":7138,"date":"2019-11-20T15:13:27","date_gmt":"2019-11-20T21:13:27","guid":{"rendered":"https:\/\/difusionculturaluninter.wordpress.com\/?p=7138"},"modified":"2019-11-20T15:13:27","modified_gmt":"2019-11-20T21:13:27","slug":"concluye-primer-encuentro-mexicano-de-cartoneria-en-morelos","status":"publish","type":"post","link":"https:\/\/blogs.uninter.edu.mx\/difusioncultural\/?p=7138","title":{"rendered":"Concluye primer Encuentro Mexicano de Cartoner\u00eda en Morelos"},"content":{"rendered":"<h2><strong>Buscan que se convierta en un evento anual<\/strong><\/h2>\n<p>Autoridades de la Secretar\u00eda de Turismo y Cultura (STyC)\u00a0 clausuraron el \u201cPrimer Encuentro Mexicano de Cartoner\u00eda\u201d realizado\u00a0 en el estado de Morelos y que cont\u00f3 con la asistencia de maestros cartoneros de 16 entidades del pa\u00eds, quienes desfilaron en colorido contingente con lo m\u00e1s representativo de sus obras por las calles del Centro Hist\u00f3rico de Cuernavaca.<\/p>\n<p>Durante el acto de cierre de actividades, Mario Caballero Luna, secretario T\u00e9cnico de la dependencia, asegur\u00f3 que desde el Gobierno estatal se impulsa un importante apoyo al arte popular y la cultura comunitaria, por lo que este encuentro representa un logro compartido con los artesanos morelenses que d\u00eda con d\u00eda luchan por que sus trabajos tengan m\u00e1s y mejores espacios de promoci\u00f3n e intercambio.<\/p>\n<p><img decoding=\"async\" class=\" aligncenter\" src=\"http:\/\/turismoycultura.morelos.gob.mx\/sites\/turismoycultura.morelos.gob.mx\/files\/styles\/large\/public\/noticias\/principal\/encuentro_de_cartoneria_desfile-6_1.jpg?itok=-k8QgwPB\" \/><\/p>\n<p>Asegur\u00f3 que, derivado del \u00e9xito y gran impacto que tuvo este evento, se tiene proyectado convertirlo en un encuentro anual con la posibilidad de que m\u00e1s estados del pa\u00eds se integren, colocando a Morelos como anfitri\u00f3n de la cultura popular, en especial de la cartoner\u00eda, que en este \u00faltimo a\u00f1o ha tenido una proyecci\u00f3n considerable en la entidad.<\/p>\n<p>Por su parte, Gudelia Col\u00edn Moreno, coordinadora del Museo Morelense de Arte Popular, inform\u00f3 que se cont\u00f3 con la presencia de artesanos de Aguascalientes, Ciudad de M\u00e9xico, Durango, Estado de M\u00e9xico, Guanajuato, Hidalgo, Jalisco, Nuevo Le\u00f3n, Oaxaca, Puebla, San Lu\u00eds Potos\u00ed, Tabasco, Tlaxcala, Veracruz y Zacatecas.<\/p>\n<p>Destac\u00f3 que este evento fue posible gracias al trabajo coordinado entre la STyC y los maestros cartoneros morelenses, quienes participaron en la organizaci\u00f3n, logrando esta importante convocatoria.<\/p>\n<p>Durante la ceremonia de clausura, autoridades estatales junto con el comit\u00e9 organizador entregaron reconocimientos a los maestros cartoneros que tomaron los talleres, conferencias y expusieron sus piezas en el Centro Cultural Jard\u00edn Borda.<\/p>\n<p><img decoding=\"async\" src=\"http:\/\/turismoycultura.morelos.gob.mx\/sites\/turismoycultura.morelos.gob.mx\/files\/styles\/foto__190x143_\/public\/noticias\/galeria_fotografica\/encuentro_de_cartoneria_desfile-1.jpg?itok=czb1pV_j\" \/>\u00a0<img decoding=\"async\" src=\"http:\/\/turismoycultura.morelos.gob.mx\/sites\/turismoycultura.morelos.gob.mx\/files\/styles\/foto__190x143_\/public\/noticias\/galeria_fotografica\/encuentro_de_cartoneria_desfile-2.jpg?itok=JHeiqI2N\" \/> <img decoding=\"async\" src=\"http:\/\/turismoycultura.morelos.gob.mx\/sites\/turismoycultura.morelos.gob.mx\/files\/styles\/foto__190x143_\/public\/noticias\/galeria_fotografica\/encuentro_de_cartoneria_desfile-3.jpg?itok=iU2T0Zit\" \/><\/p>\n<p>&nbsp;<\/p>\n<p><span style=\"color:var(--color-text);\">Secretar\u00eda de Turismo y Cultura. (2019). Concluye primer Encuentro Mexicano de Cartoner\u00eda en Morelos. Noviembre 20,2019, de Secretar\u00eda de Turismo y Cultura Sitio web: http:\/\/turismoycultura.morelos.gob.mx\/noticias\/concluye-primer-encuentro-mexicano-de-cartoneria-en-morelos\u00a0\u00a0<\/span><\/p>\n","protected":false},"excerpt":{"rendered":"<p>Buscan que se convierta en un evento anual Autoridades de la Secretar\u00eda de Turismo y Cultura (STyC)\u00a0 clausuraron el \u201cPrimer Encuentro Mexicano de Cartoner\u00eda\u201d realizado\u00a0 en el estado de Morelos y que cont\u00f3 con la asistencia de maestros cartoneros de 16 entidades del pa\u00eds, quienes desfilaron en colorido contingente con lo m\u00e1s representativo de sus&hellip;<\/p>\n","protected":false},"author":1,"featured_media":7146,"comment_status":"closed","ping_status":"open","sticky":false,"template":"","format":"standard","meta":{"_jetpack_memberships_contains_paid_content":false,"footnotes":"","jetpack_publicize_message":"","jetpack_publicize_feature_enabled":true,"jetpack_social_post_already_shared":false,"jetpack_social_options":{"image_generator_settings":{"template":"highway","default_image_id":0,"font":"","enabled":false},"version":2}},"categories":[8],"tags":[],"class_list":["post-7138","post","type-post","status-publish","format-standard","has-post-thumbnail","hentry","category-eventos"],"yoast_head":"<!-- This site is optimized with the Yoast SEO plugin v26.3 - https:\/\/yoast.com\/wordpress\/plugins\/seo\/ -->\r\n<title>Concluye primer Encuentro Mexicano de Cartoner\u00eda en Morelos - Difusi\u00f3n Cultural<\/title>\r\n<meta name=\"robots\" content=\"index, follow, max-snippet:-1, max-image-preview:large, max-video-preview:-1\" \/>\r\n<link rel=\"canonical\" href=\"https:\/\/blogs.uninter.edu.mx\/difusioncultural\/?p=7138\" \/>\r\n<meta property=\"og:locale\" content=\"es_MX\" \/>\r\n<meta property=\"og:type\" content=\"article\" \/>\r\n<meta property=\"og:title\" content=\"Concluye primer Encuentro Mexicano de Cartoner\u00eda en Morelos - Difusi\u00f3n Cultural\" \/>\r\n<meta property=\"og:description\" content=\"Buscan que se convierta en un evento anual Autoridades de la Secretar\u00eda de Turismo y Cultura (STyC)\u00a0 clausuraron el \u201cPrimer Encuentro Mexicano de Cartoner\u00eda\u201d realizado\u00a0 en el estado de Morelos y que cont\u00f3 con la asistencia de maestros cartoneros de 16 entidades del pa\u00eds, quienes desfilaron en colorido contingente con lo m\u00e1s representativo de sus&hellip;\" \/>\r\n<meta property=\"og:url\" content=\"https:\/\/blogs.uninter.edu.mx\/difusioncultural\/?p=7138\" \/>\r\n<meta property=\"og:site_name\" content=\"Difusi\u00f3n Cultural\" \/>\r\n<meta property=\"article:published_time\" content=\"2019-11-20T21:13:27+00:00\" \/>\r\n<meta property=\"og:image\" content=\"https:\/\/blogs.uninter.edu.mx\/difusioncultural\/wp-content\/uploads\/2019\/11\/encuentro_de_cartoneria_desfile-1.jpg\" \/>\r\n\t<meta property=\"og:image:width\" content=\"190\" \/>\r\n\t<meta property=\"og:image:height\" content=\"143\" \/>\r\n\t<meta property=\"og:image:type\" content=\"image\/jpeg\" \/>\r\n<meta name=\"author\" content=\"webmaster\" \/>\r\n<meta name=\"twitter:card\" content=\"summary_large_image\" \/>\r\n<meta name=\"twitter:label1\" content=\"Escrito por\" \/>\n\t<meta name=\"twitter:data1\" content=\"webmaster\" \/>\n\t<meta name=\"twitter:label2\" content=\"Tiempo de lectura\" \/>\n\t<meta name=\"twitter:data2\" content=\"2 minutos\" \/>\r\n<script type=\"application\/ld+json\" class=\"yoast-schema-graph\">{\"@context\":\"https:\/\/schema.org\",\"@graph\":[{\"@type\":\"Article\",\"@id\":\"https:\/\/blogs.uninter.edu.mx\/difusioncultural\/?p=7138#article\",\"isPartOf\":{\"@id\":\"https:\/\/blogs.uninter.edu.mx\/difusioncultural\/?p=7138\"},\"author\":{\"name\":\"webmaster\",\"@id\":\"https:\/\/blogs.uninter.edu.mx\/difusioncultural\/#\/schema\/person\/37a0926f4dd300a814993fd595abdc4a\"},\"headline\":\"Concluye primer Encuentro Mexicano de Cartoner\u00eda en Morelos\",\"datePublished\":\"2019-11-20T21:13:27+00:00\",\"mainEntityOfPage\":{\"@id\":\"https:\/\/blogs.uninter.edu.mx\/difusioncultural\/?p=7138\"},\"wordCount\":356,\"publisher\":{\"@id\":\"https:\/\/blogs.uninter.edu.mx\/difusioncultural\/#organization\"},\"image\":{\"@id\":\"https:\/\/blogs.uninter.edu.mx\/difusioncultural\/?p=7138#primaryimage\"},\"thumbnailUrl\":\"https:\/\/blogs.uninter.edu.mx\/difusioncultural\/wp-content\/uploads\/2019\/11\/encuentro_de_cartoneria_desfile-1.jpg\",\"articleSection\":[\"Eventos\"],\"inLanguage\":\"es\"},{\"@type\":\"WebPage\",\"@id\":\"https:\/\/blogs.uninter.edu.mx\/difusioncultural\/?p=7138\",\"url\":\"https:\/\/blogs.uninter.edu.mx\/difusioncultural\/?p=7138\",\"name\":\"Concluye primer Encuentro Mexicano de Cartoner\u00eda en Morelos - Difusi\u00f3n Cultural\",\"isPartOf\":{\"@id\":\"https:\/\/blogs.uninter.edu.mx\/difusioncultural\/#website\"},\"primaryImageOfPage\":{\"@id\":\"https:\/\/blogs.uninter.edu.mx\/difusioncultural\/?p=7138#primaryimage\"},\"image\":{\"@id\":\"https:\/\/blogs.uninter.edu.mx\/difusioncultural\/?p=7138#primaryimage\"},\"thumbnailUrl\":\"https:\/\/blogs.uninter.edu.mx\/difusioncultural\/wp-content\/uploads\/2019\/11\/encuentro_de_cartoneria_desfile-1.jpg\",\"datePublished\":\"2019-11-20T21:13:27+00:00\",\"breadcrumb\":{\"@id\":\"https:\/\/blogs.uninter.edu.mx\/difusioncultural\/?p=7138#breadcrumb\"},\"inLanguage\":\"es\",\"potentialAction\":[{\"@type\":\"ReadAction\",\"target\":[\"https:\/\/blogs.uninter.edu.mx\/difusioncultural\/?p=7138\"]}]},{\"@type\":\"ImageObject\",\"inLanguage\":\"es\",\"@id\":\"https:\/\/blogs.uninter.edu.mx\/difusioncultural\/?p=7138#primaryimage\",\"url\":\"https:\/\/blogs.uninter.edu.mx\/difusioncultural\/wp-content\/uploads\/2019\/11\/encuentro_de_cartoneria_desfile-1.jpg\",\"contentUrl\":\"https:\/\/blogs.uninter.edu.mx\/difusioncultural\/wp-content\/uploads\/2019\/11\/encuentro_de_cartoneria_desfile-1.jpg\",\"width\":190,\"height\":143},{\"@type\":\"BreadcrumbList\",\"@id\":\"https:\/\/blogs.uninter.edu.mx\/difusioncultural\/?p=7138#breadcrumb\",\"itemListElement\":[{\"@type\":\"ListItem\",\"position\":1,\"name\":\"Inicio\",\"item\":\"https:\/\/blogs.uninter.edu.mx\/difusioncultural\/\"},{\"@type\":\"ListItem\",\"position\":2,\"name\":\"Concluye primer Encuentro Mexicano de Cartoner\u00eda en Morelos\"}]},{\"@type\":\"WebSite\",\"@id\":\"https:\/\/blogs.uninter.edu.mx\/difusioncultural\/#website\",\"url\":\"https:\/\/blogs.uninter.edu.mx\/difusioncultural\/\",\"name\":\"Difusi\u00f3n Cultural\",\"description\":\"UNINTER\",\"publisher\":{\"@id\":\"https:\/\/blogs.uninter.edu.mx\/difusioncultural\/#organization\"},\"potentialAction\":[{\"@type\":\"SearchAction\",\"target\":{\"@type\":\"EntryPoint\",\"urlTemplate\":\"https:\/\/blogs.uninter.edu.mx\/difusioncultural\/?s={search_term_string}\"},\"query-input\":{\"@type\":\"PropertyValueSpecification\",\"valueRequired\":true,\"valueName\":\"search_term_string\"}}],\"inLanguage\":\"es\"},{\"@type\":\"Organization\",\"@id\":\"https:\/\/blogs.uninter.edu.mx\/difusioncultural\/#organization\",\"name\":\"Difusi\u00f3n Cultural\",\"url\":\"https:\/\/blogs.uninter.edu.mx\/difusioncultural\/\",\"logo\":{\"@type\":\"ImageObject\",\"inLanguage\":\"es\",\"@id\":\"https:\/\/blogs.uninter.edu.mx\/difusioncultural\/#\/schema\/logo\/image\/\",\"url\":\"https:\/\/blogs.uninter.edu.mx\/difusioncultural\/wp-content\/uploads\/2022\/09\/uninter.jpg\",\"contentUrl\":\"https:\/\/blogs.uninter.edu.mx\/difusioncultural\/wp-content\/uploads\/2022\/09\/uninter.jpg\",\"width\":2048,\"height\":2048,\"caption\":\"Difusi\u00f3n Cultural\"},\"image\":{\"@id\":\"https:\/\/blogs.uninter.edu.mx\/difusioncultural\/#\/schema\/logo\/image\/\"}},{\"@type\":\"Person\",\"@id\":\"https:\/\/blogs.uninter.edu.mx\/difusioncultural\/#\/schema\/person\/37a0926f4dd300a814993fd595abdc4a\",\"name\":\"webmaster\",\"image\":{\"@type\":\"ImageObject\",\"inLanguage\":\"es\",\"@id\":\"https:\/\/blogs.uninter.edu.mx\/difusioncultural\/#\/schema\/person\/image\/\",\"url\":\"https:\/\/secure.gravatar.com\/avatar\/a59c276b01147463ef3aab4118e3137ebc5e1ad6700deb39ccdf8b89e517f7dc?s=96&d=mm&r=g\",\"contentUrl\":\"https:\/\/secure.gravatar.com\/avatar\/a59c276b01147463ef3aab4118e3137ebc5e1ad6700deb39ccdf8b89e517f7dc?s=96&d=mm&r=g\",\"caption\":\"webmaster\"},\"sameAs\":[\"https:\/\/blogs.uninter.edu.mx\/difusioncultural\"],\"url\":\"https:\/\/blogs.uninter.edu.mx\/difusioncultural\/?author=1\"}]}<\/script>\r\n<!-- \/ Yoast SEO plugin. -->","yoast_head_json":{"title":"Concluye primer Encuentro Mexicano de Cartoner\u00eda en Morelos - Difusi\u00f3n Cultural","robots":{"index":"index","follow":"follow","max-snippet":"max-snippet:-1","max-image-preview":"max-image-preview:large","max-video-preview":"max-video-preview:-1"},"canonical":"https:\/\/blogs.uninter.edu.mx\/difusioncultural\/?p=7138","og_locale":"es_MX","og_type":"article","og_title":"Concluye primer Encuentro Mexicano de Cartoner\u00eda en Morelos - Difusi\u00f3n Cultural","og_description":"Buscan que se convierta en un evento anual Autoridades de la Secretar\u00eda de Turismo y Cultura (STyC)\u00a0 clausuraron el \u201cPrimer Encuentro Mexicano de Cartoner\u00eda\u201d realizado\u00a0 en el estado de Morelos y que cont\u00f3 con la asistencia de maestros cartoneros de 16 entidades del pa\u00eds, quienes desfilaron en colorido contingente con lo m\u00e1s representativo de sus&hellip;","og_url":"https:\/\/blogs.uninter.edu.mx\/difusioncultural\/?p=7138","og_site_name":"Difusi\u00f3n Cultural","article_published_time":"2019-11-20T21:13:27+00:00","og_image":[{"width":190,"height":143,"url":"https:\/\/blogs.uninter.edu.mx\/difusioncultural\/wp-content\/uploads\/2019\/11\/encuentro_de_cartoneria_desfile-1.jpg","type":"image\/jpeg"}],"author":"webmaster","twitter_card":"summary_large_image","twitter_misc":{"Escrito por":"webmaster","Tiempo de lectura":"2 minutos"},"schema":{"@context":"https:\/\/schema.org","@graph":[{"@type":"Article","@id":"https:\/\/blogs.uninter.edu.mx\/difusioncultural\/?p=7138#article","isPartOf":{"@id":"https:\/\/blogs.uninter.edu.mx\/difusioncultural\/?p=7138"},"author":{"name":"webmaster","@id":"https:\/\/blogs.uninter.edu.mx\/difusioncultural\/#\/schema\/person\/37a0926f4dd300a814993fd595abdc4a"},"headline":"Concluye primer Encuentro Mexicano de Cartoner\u00eda en Morelos","datePublished":"2019-11-20T21:13:27+00:00","mainEntityOfPage":{"@id":"https:\/\/blogs.uninter.edu.mx\/difusioncultural\/?p=7138"},"wordCount":356,"publisher":{"@id":"https:\/\/blogs.uninter.edu.mx\/difusioncultural\/#organization"},"image":{"@id":"https:\/\/blogs.uninter.edu.mx\/difusioncultural\/?p=7138#primaryimage"},"thumbnailUrl":"https:\/\/blogs.uninter.edu.mx\/difusioncultural\/wp-content\/uploads\/2019\/11\/encuentro_de_cartoneria_desfile-1.jpg","articleSection":["Eventos"],"inLanguage":"es"},{"@type":"WebPage","@id":"https:\/\/blogs.uninter.edu.mx\/difusioncultural\/?p=7138","url":"https:\/\/blogs.uninter.edu.mx\/difusioncultural\/?p=7138","name":"Concluye primer Encuentro Mexicano de Cartoner\u00eda en Morelos - Difusi\u00f3n Cultural","isPartOf":{"@id":"https:\/\/blogs.uninter.edu.mx\/difusioncultural\/#website"},"primaryImageOfPage":{"@id":"https:\/\/blogs.uninter.edu.mx\/difusioncultural\/?p=7138#primaryimage"},"image":{"@id":"https:\/\/blogs.uninter.edu.mx\/difusioncultural\/?p=7138#primaryimage"},"thumbnailUrl":"https:\/\/blogs.uninter.edu.mx\/difusioncultural\/wp-content\/uploads\/2019\/11\/encuentro_de_cartoneria_desfile-1.jpg","datePublished":"2019-11-20T21:13:27+00:00","breadcrumb":{"@id":"https:\/\/blogs.uninter.edu.mx\/difusioncultural\/?p=7138#breadcrumb"},"inLanguage":"es","potentialAction":[{"@type":"ReadAction","target":["https:\/\/blogs.uninter.edu.mx\/difusioncultural\/?p=7138"]}]},{"@type":"ImageObject","inLanguage":"es","@id":"https:\/\/blogs.uninter.edu.mx\/difusioncultural\/?p=7138#primaryimage","url":"https:\/\/blogs.uninter.edu.mx\/difusioncultural\/wp-content\/uploads\/2019\/11\/encuentro_de_cartoneria_desfile-1.jpg","contentUrl":"https:\/\/blogs.uninter.edu.mx\/difusioncultural\/wp-content\/uploads\/2019\/11\/encuentro_de_cartoneria_desfile-1.jpg","width":190,"height":143},{"@type":"BreadcrumbList","@id":"https:\/\/blogs.uninter.edu.mx\/difusioncultural\/?p=7138#breadcrumb","itemListElement":[{"@type":"ListItem","position":1,"name":"Inicio","item":"https:\/\/blogs.uninter.edu.mx\/difusioncultural\/"},{"@type":"ListItem","position":2,"name":"Concluye primer Encuentro Mexicano de Cartoner\u00eda en Morelos"}]},{"@type":"WebSite","@id":"https:\/\/blogs.uninter.edu.mx\/difusioncultural\/#website","url":"https:\/\/blogs.uninter.edu.mx\/difusioncultural\/","name":"Difusi\u00f3n Cultural","description":"UNINTER","publisher":{"@id":"https:\/\/blogs.uninter.edu.mx\/difusioncultural\/#organization"},"potentialAction":[{"@type":"SearchAction","target":{"@type":"EntryPoint","urlTemplate":"https:\/\/blogs.uninter.edu.mx\/difusioncultural\/?s={search_term_string}"},"query-input":{"@type":"PropertyValueSpecification","valueRequired":true,"valueName":"search_term_string"}}],"inLanguage":"es"},{"@type":"Organization","@id":"https:\/\/blogs.uninter.edu.mx\/difusioncultural\/#organization","name":"Difusi\u00f3n Cultural","url":"https:\/\/blogs.uninter.edu.mx\/difusioncultural\/","logo":{"@type":"ImageObject","inLanguage":"es","@id":"https:\/\/blogs.uninter.edu.mx\/difusioncultural\/#\/schema\/logo\/image\/","url":"https:\/\/blogs.uninter.edu.mx\/difusioncultural\/wp-content\/uploads\/2022\/09\/uninter.jpg","contentUrl":"https:\/\/blogs.uninter.edu.mx\/difusioncultural\/wp-content\/uploads\/2022\/09\/uninter.jpg","width":2048,"height":2048,"caption":"Difusi\u00f3n Cultural"},"image":{"@id":"https:\/\/blogs.uninter.edu.mx\/difusioncultural\/#\/schema\/logo\/image\/"}},{"@type":"Person","@id":"https:\/\/blogs.uninter.edu.mx\/difusioncultural\/#\/schema\/person\/37a0926f4dd300a814993fd595abdc4a","name":"webmaster","image":{"@type":"ImageObject","inLanguage":"es","@id":"https:\/\/blogs.uninter.edu.mx\/difusioncultural\/#\/schema\/person\/image\/","url":"https:\/\/secure.gravatar.com\/avatar\/a59c276b01147463ef3aab4118e3137ebc5e1ad6700deb39ccdf8b89e517f7dc?s=96&d=mm&r=g","contentUrl":"https:\/\/secure.gravatar.com\/avatar\/a59c276b01147463ef3aab4118e3137ebc5e1ad6700deb39ccdf8b89e517f7dc?s=96&d=mm&r=g","caption":"webmaster"},"sameAs":["https:\/\/blogs.uninter.edu.mx\/difusioncultural"],"url":"https:\/\/blogs.uninter.edu.mx\/difusioncultural\/?author=1"}]}},"jetpack_publicize_connections":[],"jetpack_featured_media_url":"https:\/\/blogs.uninter.edu.mx\/difusioncultural\/wp-content\/uploads\/2019\/11\/encuentro_de_cartoneria_desfile-1.jpg","jetpack_sharing_enabled":true,"_links":{"self":[{"href":"https:\/\/blogs.uninter.edu.mx\/difusioncultural\/index.php?rest_route=\/wp\/v2\/posts\/7138","targetHints":{"allow":["GET"]}}],"collection":[{"href":"https:\/\/blogs.uninter.edu.mx\/difusioncultural\/index.php?rest_route=\/wp\/v2\/posts"}],"about":[{"href":"https:\/\/blogs.uninter.edu.mx\/difusioncultural\/index.php?rest_route=\/wp\/v2\/types\/post"}],"author":[{"embeddable":true,"href":"https:\/\/blogs.uninter.edu.mx\/difusioncultural\/index.php?rest_route=\/wp\/v2\/users\/1"}],"replies":[{"embeddable":true,"href":"https:\/\/blogs.uninter.edu.mx\/difusioncultural\/index.php?rest_route=%2Fwp%2Fv2%2Fcomments&post=7138"}],"version-history":[{"count":0,"href":"https:\/\/blogs.uninter.edu.mx\/difusioncultural\/index.php?rest_route=\/wp\/v2\/posts\/7138\/revisions"}],"wp:featuredmedia":[{"embeddable":true,"href":"https:\/\/blogs.uninter.edu.mx\/difusioncultural\/index.php?rest_route=\/wp\/v2\/media\/7146"}],"wp:attachment":[{"href":"https:\/\/blogs.uninter.edu.mx\/difusioncultural\/index.php?rest_route=%2Fwp%2Fv2%2Fmedia&parent=7138"}],"wp:term":[{"taxonomy":"category","embeddable":true,"href":"https:\/\/blogs.uninter.edu.mx\/difusioncultural\/index.php?rest_route=%2Fwp%2Fv2%2Fcategories&post=7138"},{"taxonomy":"post_tag","embeddable":true,"href":"https:\/\/blogs.uninter.edu.mx\/difusioncultural\/index.php?rest_route=%2Fwp%2Fv2%2Ftags&post=7138"}],"curies":[{"name":"wp","href":"https:\/\/api.w.org\/{rel}","templated":true}]}}