{"id":7174,"date":"2019-12-12T10:00:04","date_gmt":"2019-12-12T16:00:04","guid":{"rendered":"https:\/\/difusionculturaluninter.wordpress.com\/?p=7174"},"modified":"2019-12-12T10:00:04","modified_gmt":"2019-12-12T16:00:04","slug":"yucatan-hace-obligatoria-la-ensenanza-del-maya-en-primaria-y-secundaria","status":"publish","type":"post","link":"https:\/\/blogs.uninter.edu.mx\/difusioncultural\/?p=7174","title":{"rendered":"Yucat\u00e1n hace obligatoria la ense\u00f1anza del maya en primaria y secundaria"},"content":{"rendered":"<section class=\"data_note\">\n<h2 class=\"intro\">\u00a1Ya es ley! Yucat\u00e1n tendr\u00e1 como asignatura obligatoria la ense\u00f1anza del maya.<\/h2>\n<\/section>\n<figure class=\"mainImg\"><img decoding=\"async\" src=\"https:\/\/www.mexicodesconocido.com.mx\/wp-content\/uploads\/2019\/12\/maya_nin%CC%83os.jpg\" alt=\"Yucat\u00e1n hace obligatoria la ense\u00f1anza del maya en primaria y secundaria\" \/><\/figure>\n<div class=\"writter\">\n<section class=\"author_desc\"><span style=\"color:var(--color-text);\">El poder legislativo de <\/span><a href=\"https:\/\/www.mexicodesconocido.com.mx\/yucatan\">Yucat\u00e1n<\/a><span style=\"color:var(--color-text);\">\u00a0aprob\u00f3 una nueva reforma a la constituci\u00f3n local para establecer la ense\u00f1anza obligatoria del idioma\u00a0<\/span><a href=\"https:\/\/www.mexicodesconocido.com.mx\/origenes-de-la-cultura-maya.html\">maya<\/a><span style=\"color:var(--color-text);\">\u00a0en el nivel b\u00e1sico.<\/span><\/section>\n<\/div>\n<p>La aprobaci\u00f3n de la reforma\u00a0<strong>se logr\u00f3 por unanimidad entre los legisladores<\/strong>, quienes afirmaron que la intenci\u00f3n es el rescate y preservaci\u00f3n de la lengua nativa de la entidad.<\/p>\n<p>Previo al dictamen, la diputada panista Paulina Viana se\u00f1al\u00f3 que de acuerdo con los datos del\u00a0<a href=\"https:\/\/www.inegi.org.mx\/\">INEGI<\/a>,\u00a0<strong>el 30% de la poblaci\u00f3n de Yucat\u00e1n es\u00a0<\/strong><a href=\"https:\/\/www.mexicodesconocido.com.mx\/pueblos-indigenas-de-mexico.html\"><strong>ind\u00edgena<\/strong><\/a><strong>; una de las m\u00e1s grandes del pa\u00eds.<\/strong><\/p>\n<figure class=\"wp-block-image\"><img decoding=\"async\" class=\"wp-image-62702\" src=\"https:\/\/www.mexicodesconocido.com.mx\/wp-content\/uploads\/2019\/12\/yucatan.jpg\" alt=\"\" \/><figcaption><\/figcaption><\/figure>\n<p>Por otra parte, el INEGI inform\u00f3 que<strong>\u00a0<\/strong><a href=\"https:\/\/www.mexicodesconocido.com.mx\/yucatan\"><strong>Yucat\u00e1n<\/strong><\/a><strong>\u00a0registra la mayor cantidad de poblaci\u00f3n hablante de una lengua ind\u00edgena<\/strong>, con cerca de 570 mil hablantes del maya. Lamentablemente, el uso y los hablantes del maya han ca\u00eddo de forma dr\u00e1stica durante las \u00faltimas d\u00e9cadas, por lo cual es necesario impulsar pol\u00edticas p\u00fablicas para el rescate de esta lengua materna.<\/p>\n<p>Por ello,<strong>\u00a0los cambios en la Constituci\u00f3n que fueron aprobados por el congreso buscan generar en el sistema educativo de nivel b\u00e1sico las condiciones para rescatar, fomentar y preservar la lengua nativa del\u00a0<\/strong><a href=\"https:\/\/www.mexicodesconocido.com.mx\/viajes_por_carretera\/ruta-de-las-montanas-del-sureste\"><strong>sureste<\/strong><\/a><strong>\u00a0mexicano<\/strong>. A su vez, la reforma es compatible con el art\u00edculo 28 del Convenio 169 sobre los pueblos ind\u00edgenas y tribales de pa\u00edses independientes de la Organizaci\u00f3n Internacional del Trabajo. Asimismo tambi\u00e9n es respaldada por el art\u00edculo 2 de la<a href=\"https:\/\/www.mexicodesconocido.com.mx\/constitucion-de-1917.html\">\u00a0Constituci\u00f3n Pol\u00edtica de los Estados Unidos Mexicanos.<\/a><\/p>\n<figure class=\"wp-block-image\"><img decoding=\"async\" class=\"wp-image-62703\" src=\"https:\/\/www.mexicodesconocido.com.mx\/wp-content\/uploads\/2019\/12\/yucatan-mexico-izamal-1024x640.jpg\" alt=\"\" \/><figcaption><\/figcaption><\/figure>\n<p>La nueva ley entrar\u00e1 en vigor una vez se publique el\u00a0<a href=\"http:\/\/www.yucatan.gob.mx\/gobierno\/diario_oficial.php\">Diario Oficial del Estado de Yucat\u00e1n<\/a>. Sin embargo, la aplicaci\u00f3n ser\u00e1 de forma paulatina en coordinaci\u00f3n con las instituciones educativas estatales.<\/p>\n<p>Fuente:<br \/>\nRodrigo Osegueda. (2019). Yucat\u00e1n hace obligatoria la ense\u00f1anza del maya en primaria y secundaria. diciembre 2019, de M\u00e9xico Desconocido Sitio web: https:\/\/www.mexicodesconocido.com.mx\/yucatan-hace-obligatoria-la-ensenanza-del-maya-en-primaria-y-secundaria.html<\/p>\n<p>&nbsp;<\/p>\n","protected":false},"excerpt":{"rendered":"<p>\u00a1Ya es ley! Yucat\u00e1n tendr\u00e1 como asignatura obligatoria la ense\u00f1anza del maya. El poder legislativo de Yucat\u00e1n\u00a0aprob\u00f3 una nueva reforma a la constituci\u00f3n local para establecer la ense\u00f1anza obligatoria del idioma\u00a0maya\u00a0en el nivel b\u00e1sico. La aprobaci\u00f3n de la reforma\u00a0se logr\u00f3 por unanimidad entre los legisladores, quienes afirmaron que la intenci\u00f3n es el rescate y preservaci\u00f3n&hellip;<\/p>\n","protected":false},"author":1,"featured_media":7177,"comment_status":"closed","ping_status":"open","sticky":false,"template":"","format":"standard","meta":{"_jetpack_memberships_contains_paid_content":false,"footnotes":"","jetpack_publicize_message":"","jetpack_publicize_feature_enabled":true,"jetpack_social_post_already_shared":false,"jetpack_social_options":{"image_generator_settings":{"template":"highway","default_image_id":0,"font":"","enabled":false},"version":2}},"categories":[1],"tags":[],"class_list":["post-7174","post","type-post","status-publish","format-standard","has-post-thumbnail","hentry","category-sin-categoria"],"yoast_head":"<!-- This site is optimized with the Yoast SEO plugin v26.3 - https:\/\/yoast.com\/wordpress\/plugins\/seo\/ -->\r\n<title>Yucat\u00e1n hace obligatoria la ense\u00f1anza del maya en primaria y secundaria - Difusi\u00f3n Cultural<\/title>\r\n<meta name=\"robots\" content=\"index, follow, max-snippet:-1, max-image-preview:large, max-video-preview:-1\" \/>\r\n<link rel=\"canonical\" href=\"https:\/\/blogs.uninter.edu.mx\/difusioncultural\/?p=7174\" \/>\r\n<meta property=\"og:locale\" content=\"es_MX\" \/>\r\n<meta property=\"og:type\" content=\"article\" \/>\r\n<meta property=\"og:title\" content=\"Yucat\u00e1n hace obligatoria la ense\u00f1anza del maya en primaria y secundaria - Difusi\u00f3n Cultural\" \/>\r\n<meta property=\"og:description\" content=\"\u00a1Ya es ley! Yucat\u00e1n tendr\u00e1 como asignatura obligatoria la ense\u00f1anza del maya. El poder legislativo de Yucat\u00e1n\u00a0aprob\u00f3 una nueva reforma a la constituci\u00f3n local para establecer la ense\u00f1anza obligatoria del idioma\u00a0maya\u00a0en el nivel b\u00e1sico. La aprobaci\u00f3n de la reforma\u00a0se logr\u00f3 por unanimidad entre los legisladores, quienes afirmaron que la intenci\u00f3n es el rescate y preservaci\u00f3n&hellip;\" \/>\r\n<meta property=\"og:url\" content=\"https:\/\/blogs.uninter.edu.mx\/difusioncultural\/?p=7174\" \/>\r\n<meta property=\"og:site_name\" content=\"Difusi\u00f3n Cultural\" \/>\r\n<meta property=\"article:published_time\" content=\"2019-12-12T16:00:04+00:00\" \/>\r\n<meta property=\"og:image\" content=\"https:\/\/blogs.uninter.edu.mx\/difusioncultural\/wp-content\/uploads\/2019\/12\/indigenas-mayas.jpg\" \/>\r\n\t<meta property=\"og:image:width\" content=\"1024\" \/>\r\n\t<meta property=\"og:image:height\" content=\"682\" \/>\r\n\t<meta property=\"og:image:type\" content=\"image\/jpeg\" \/>\r\n<meta name=\"author\" content=\"webmaster\" \/>\r\n<meta name=\"twitter:card\" content=\"summary_large_image\" \/>\r\n<meta name=\"twitter:label1\" content=\"Escrito por\" \/>\n\t<meta name=\"twitter:data1\" content=\"webmaster\" \/>\n\t<meta name=\"twitter:label2\" content=\"Tiempo de lectura\" \/>\n\t<meta name=\"twitter:data2\" content=\"2 minutos\" \/>\r\n<script type=\"application\/ld+json\" class=\"yoast-schema-graph\">{\"@context\":\"https:\/\/schema.org\",\"@graph\":[{\"@type\":\"Article\",\"@id\":\"https:\/\/blogs.uninter.edu.mx\/difusioncultural\/?p=7174#article\",\"isPartOf\":{\"@id\":\"https:\/\/blogs.uninter.edu.mx\/difusioncultural\/?p=7174\"},\"author\":{\"name\":\"webmaster\",\"@id\":\"https:\/\/blogs.uninter.edu.mx\/difusioncultural\/#\/schema\/person\/37a0926f4dd300a814993fd595abdc4a\"},\"headline\":\"Yucat\u00e1n hace obligatoria la ense\u00f1anza del maya en primaria y secundaria\",\"datePublished\":\"2019-12-12T16:00:04+00:00\",\"mainEntityOfPage\":{\"@id\":\"https:\/\/blogs.uninter.edu.mx\/difusioncultural\/?p=7174\"},\"wordCount\":346,\"publisher\":{\"@id\":\"https:\/\/blogs.uninter.edu.mx\/difusioncultural\/#organization\"},\"image\":{\"@id\":\"https:\/\/blogs.uninter.edu.mx\/difusioncultural\/?p=7174#primaryimage\"},\"thumbnailUrl\":\"https:\/\/blogs.uninter.edu.mx\/difusioncultural\/wp-content\/uploads\/2019\/12\/indigenas-mayas.jpg\",\"inLanguage\":\"es\"},{\"@type\":\"WebPage\",\"@id\":\"https:\/\/blogs.uninter.edu.mx\/difusioncultural\/?p=7174\",\"url\":\"https:\/\/blogs.uninter.edu.mx\/difusioncultural\/?p=7174\",\"name\":\"Yucat\u00e1n hace obligatoria la ense\u00f1anza del maya en primaria y secundaria - Difusi\u00f3n Cultural\",\"isPartOf\":{\"@id\":\"https:\/\/blogs.uninter.edu.mx\/difusioncultural\/#website\"},\"primaryImageOfPage\":{\"@id\":\"https:\/\/blogs.uninter.edu.mx\/difusioncultural\/?p=7174#primaryimage\"},\"image\":{\"@id\":\"https:\/\/blogs.uninter.edu.mx\/difusioncultural\/?p=7174#primaryimage\"},\"thumbnailUrl\":\"https:\/\/blogs.uninter.edu.mx\/difusioncultural\/wp-content\/uploads\/2019\/12\/indigenas-mayas.jpg\",\"datePublished\":\"2019-12-12T16:00:04+00:00\",\"breadcrumb\":{\"@id\":\"https:\/\/blogs.uninter.edu.mx\/difusioncultural\/?p=7174#breadcrumb\"},\"inLanguage\":\"es\",\"potentialAction\":[{\"@type\":\"ReadAction\",\"target\":[\"https:\/\/blogs.uninter.edu.mx\/difusioncultural\/?p=7174\"]}]},{\"@type\":\"ImageObject\",\"inLanguage\":\"es\",\"@id\":\"https:\/\/blogs.uninter.edu.mx\/difusioncultural\/?p=7174#primaryimage\",\"url\":\"https:\/\/blogs.uninter.edu.mx\/difusioncultural\/wp-content\/uploads\/2019\/12\/indigenas-mayas.jpg\",\"contentUrl\":\"https:\/\/blogs.uninter.edu.mx\/difusioncultural\/wp-content\/uploads\/2019\/12\/indigenas-mayas.jpg\",\"width\":1024,\"height\":682},{\"@type\":\"BreadcrumbList\",\"@id\":\"https:\/\/blogs.uninter.edu.mx\/difusioncultural\/?p=7174#breadcrumb\",\"itemListElement\":[{\"@type\":\"ListItem\",\"position\":1,\"name\":\"Inicio\",\"item\":\"https:\/\/blogs.uninter.edu.mx\/difusioncultural\/\"},{\"@type\":\"ListItem\",\"position\":2,\"name\":\"Yucat\u00e1n hace obligatoria la ense\u00f1anza del maya en primaria y secundaria\"}]},{\"@type\":\"WebSite\",\"@id\":\"https:\/\/blogs.uninter.edu.mx\/difusioncultural\/#website\",\"url\":\"https:\/\/blogs.uninter.edu.mx\/difusioncultural\/\",\"name\":\"Difusi\u00f3n Cultural\",\"description\":\"UNINTER\",\"publisher\":{\"@id\":\"https:\/\/blogs.uninter.edu.mx\/difusioncultural\/#organization\"},\"potentialAction\":[{\"@type\":\"SearchAction\",\"target\":{\"@type\":\"EntryPoint\",\"urlTemplate\":\"https:\/\/blogs.uninter.edu.mx\/difusioncultural\/?s={search_term_string}\"},\"query-input\":{\"@type\":\"PropertyValueSpecification\",\"valueRequired\":true,\"valueName\":\"search_term_string\"}}],\"inLanguage\":\"es\"},{\"@type\":\"Organization\",\"@id\":\"https:\/\/blogs.uninter.edu.mx\/difusioncultural\/#organization\",\"name\":\"Difusi\u00f3n Cultural\",\"url\":\"https:\/\/blogs.uninter.edu.mx\/difusioncultural\/\",\"logo\":{\"@type\":\"ImageObject\",\"inLanguage\":\"es\",\"@id\":\"https:\/\/blogs.uninter.edu.mx\/difusioncultural\/#\/schema\/logo\/image\/\",\"url\":\"https:\/\/blogs.uninter.edu.mx\/difusioncultural\/wp-content\/uploads\/2022\/09\/uninter.jpg\",\"contentUrl\":\"https:\/\/blogs.uninter.edu.mx\/difusioncultural\/wp-content\/uploads\/2022\/09\/uninter.jpg\",\"width\":2048,\"height\":2048,\"caption\":\"Difusi\u00f3n Cultural\"},\"image\":{\"@id\":\"https:\/\/blogs.uninter.edu.mx\/difusioncultural\/#\/schema\/logo\/image\/\"}},{\"@type\":\"Person\",\"@id\":\"https:\/\/blogs.uninter.edu.mx\/difusioncultural\/#\/schema\/person\/37a0926f4dd300a814993fd595abdc4a\",\"name\":\"webmaster\",\"image\":{\"@type\":\"ImageObject\",\"inLanguage\":\"es\",\"@id\":\"https:\/\/blogs.uninter.edu.mx\/difusioncultural\/#\/schema\/person\/image\/\",\"url\":\"https:\/\/secure.gravatar.com\/avatar\/a59c276b01147463ef3aab4118e3137ebc5e1ad6700deb39ccdf8b89e517f7dc?s=96&d=mm&r=g\",\"contentUrl\":\"https:\/\/secure.gravatar.com\/avatar\/a59c276b01147463ef3aab4118e3137ebc5e1ad6700deb39ccdf8b89e517f7dc?s=96&d=mm&r=g\",\"caption\":\"webmaster\"},\"sameAs\":[\"https:\/\/blogs.uninter.edu.mx\/difusioncultural\"],\"url\":\"https:\/\/blogs.uninter.edu.mx\/difusioncultural\/?author=1\"}]}<\/script>\r\n<!-- \/ Yoast SEO plugin. -->","yoast_head_json":{"title":"Yucat\u00e1n hace obligatoria la ense\u00f1anza del maya en primaria y secundaria - Difusi\u00f3n Cultural","robots":{"index":"index","follow":"follow","max-snippet":"max-snippet:-1","max-image-preview":"max-image-preview:large","max-video-preview":"max-video-preview:-1"},"canonical":"https:\/\/blogs.uninter.edu.mx\/difusioncultural\/?p=7174","og_locale":"es_MX","og_type":"article","og_title":"Yucat\u00e1n hace obligatoria la ense\u00f1anza del maya en primaria y secundaria - Difusi\u00f3n Cultural","og_description":"\u00a1Ya es ley! Yucat\u00e1n tendr\u00e1 como asignatura obligatoria la ense\u00f1anza del maya. El poder legislativo de Yucat\u00e1n\u00a0aprob\u00f3 una nueva reforma a la constituci\u00f3n local para establecer la ense\u00f1anza obligatoria del idioma\u00a0maya\u00a0en el nivel b\u00e1sico. La aprobaci\u00f3n de la reforma\u00a0se logr\u00f3 por unanimidad entre los legisladores, quienes afirmaron que la intenci\u00f3n es el rescate y preservaci\u00f3n&hellip;","og_url":"https:\/\/blogs.uninter.edu.mx\/difusioncultural\/?p=7174","og_site_name":"Difusi\u00f3n Cultural","article_published_time":"2019-12-12T16:00:04+00:00","og_image":[{"width":1024,"height":682,"url":"https:\/\/blogs.uninter.edu.mx\/difusioncultural\/wp-content\/uploads\/2019\/12\/indigenas-mayas.jpg","type":"image\/jpeg"}],"author":"webmaster","twitter_card":"summary_large_image","twitter_misc":{"Escrito por":"webmaster","Tiempo de lectura":"2 minutos"},"schema":{"@context":"https:\/\/schema.org","@graph":[{"@type":"Article","@id":"https:\/\/blogs.uninter.edu.mx\/difusioncultural\/?p=7174#article","isPartOf":{"@id":"https:\/\/blogs.uninter.edu.mx\/difusioncultural\/?p=7174"},"author":{"name":"webmaster","@id":"https:\/\/blogs.uninter.edu.mx\/difusioncultural\/#\/schema\/person\/37a0926f4dd300a814993fd595abdc4a"},"headline":"Yucat\u00e1n hace obligatoria la ense\u00f1anza del maya en primaria y secundaria","datePublished":"2019-12-12T16:00:04+00:00","mainEntityOfPage":{"@id":"https:\/\/blogs.uninter.edu.mx\/difusioncultural\/?p=7174"},"wordCount":346,"publisher":{"@id":"https:\/\/blogs.uninter.edu.mx\/difusioncultural\/#organization"},"image":{"@id":"https:\/\/blogs.uninter.edu.mx\/difusioncultural\/?p=7174#primaryimage"},"thumbnailUrl":"https:\/\/blogs.uninter.edu.mx\/difusioncultural\/wp-content\/uploads\/2019\/12\/indigenas-mayas.jpg","inLanguage":"es"},{"@type":"WebPage","@id":"https:\/\/blogs.uninter.edu.mx\/difusioncultural\/?p=7174","url":"https:\/\/blogs.uninter.edu.mx\/difusioncultural\/?p=7174","name":"Yucat\u00e1n hace obligatoria la ense\u00f1anza del maya en primaria y secundaria - Difusi\u00f3n Cultural","isPartOf":{"@id":"https:\/\/blogs.uninter.edu.mx\/difusioncultural\/#website"},"primaryImageOfPage":{"@id":"https:\/\/blogs.uninter.edu.mx\/difusioncultural\/?p=7174#primaryimage"},"image":{"@id":"https:\/\/blogs.uninter.edu.mx\/difusioncultural\/?p=7174#primaryimage"},"thumbnailUrl":"https:\/\/blogs.uninter.edu.mx\/difusioncultural\/wp-content\/uploads\/2019\/12\/indigenas-mayas.jpg","datePublished":"2019-12-12T16:00:04+00:00","breadcrumb":{"@id":"https:\/\/blogs.uninter.edu.mx\/difusioncultural\/?p=7174#breadcrumb"},"inLanguage":"es","potentialAction":[{"@type":"ReadAction","target":["https:\/\/blogs.uninter.edu.mx\/difusioncultural\/?p=7174"]}]},{"@type":"ImageObject","inLanguage":"es","@id":"https:\/\/blogs.uninter.edu.mx\/difusioncultural\/?p=7174#primaryimage","url":"https:\/\/blogs.uninter.edu.mx\/difusioncultural\/wp-content\/uploads\/2019\/12\/indigenas-mayas.jpg","contentUrl":"https:\/\/blogs.uninter.edu.mx\/difusioncultural\/wp-content\/uploads\/2019\/12\/indigenas-mayas.jpg","width":1024,"height":682},{"@type":"BreadcrumbList","@id":"https:\/\/blogs.uninter.edu.mx\/difusioncultural\/?p=7174#breadcrumb","itemListElement":[{"@type":"ListItem","position":1,"name":"Inicio","item":"https:\/\/blogs.uninter.edu.mx\/difusioncultural\/"},{"@type":"ListItem","position":2,"name":"Yucat\u00e1n hace obligatoria la ense\u00f1anza del maya en primaria y secundaria"}]},{"@type":"WebSite","@id":"https:\/\/blogs.uninter.edu.mx\/difusioncultural\/#website","url":"https:\/\/blogs.uninter.edu.mx\/difusioncultural\/","name":"Difusi\u00f3n Cultural","description":"UNINTER","publisher":{"@id":"https:\/\/blogs.uninter.edu.mx\/difusioncultural\/#organization"},"potentialAction":[{"@type":"SearchAction","target":{"@type":"EntryPoint","urlTemplate":"https:\/\/blogs.uninter.edu.mx\/difusioncultural\/?s={search_term_string}"},"query-input":{"@type":"PropertyValueSpecification","valueRequired":true,"valueName":"search_term_string"}}],"inLanguage":"es"},{"@type":"Organization","@id":"https:\/\/blogs.uninter.edu.mx\/difusioncultural\/#organization","name":"Difusi\u00f3n Cultural","url":"https:\/\/blogs.uninter.edu.mx\/difusioncultural\/","logo":{"@type":"ImageObject","inLanguage":"es","@id":"https:\/\/blogs.uninter.edu.mx\/difusioncultural\/#\/schema\/logo\/image\/","url":"https:\/\/blogs.uninter.edu.mx\/difusioncultural\/wp-content\/uploads\/2022\/09\/uninter.jpg","contentUrl":"https:\/\/blogs.uninter.edu.mx\/difusioncultural\/wp-content\/uploads\/2022\/09\/uninter.jpg","width":2048,"height":2048,"caption":"Difusi\u00f3n Cultural"},"image":{"@id":"https:\/\/blogs.uninter.edu.mx\/difusioncultural\/#\/schema\/logo\/image\/"}},{"@type":"Person","@id":"https:\/\/blogs.uninter.edu.mx\/difusioncultural\/#\/schema\/person\/37a0926f4dd300a814993fd595abdc4a","name":"webmaster","image":{"@type":"ImageObject","inLanguage":"es","@id":"https:\/\/blogs.uninter.edu.mx\/difusioncultural\/#\/schema\/person\/image\/","url":"https:\/\/secure.gravatar.com\/avatar\/a59c276b01147463ef3aab4118e3137ebc5e1ad6700deb39ccdf8b89e517f7dc?s=96&d=mm&r=g","contentUrl":"https:\/\/secure.gravatar.com\/avatar\/a59c276b01147463ef3aab4118e3137ebc5e1ad6700deb39ccdf8b89e517f7dc?s=96&d=mm&r=g","caption":"webmaster"},"sameAs":["https:\/\/blogs.uninter.edu.mx\/difusioncultural"],"url":"https:\/\/blogs.uninter.edu.mx\/difusioncultural\/?author=1"}]}},"jetpack_publicize_connections":[],"jetpack_featured_media_url":"https:\/\/blogs.uninter.edu.mx\/difusioncultural\/wp-content\/uploads\/2019\/12\/indigenas-mayas.jpg","jetpack_sharing_enabled":true,"_links":{"self":[{"href":"https:\/\/blogs.uninter.edu.mx\/difusioncultural\/index.php?rest_route=\/wp\/v2\/posts\/7174","targetHints":{"allow":["GET"]}}],"collection":[{"href":"https:\/\/blogs.uninter.edu.mx\/difusioncultural\/index.php?rest_route=\/wp\/v2\/posts"}],"about":[{"href":"https:\/\/blogs.uninter.edu.mx\/difusioncultural\/index.php?rest_route=\/wp\/v2\/types\/post"}],"author":[{"embeddable":true,"href":"https:\/\/blogs.uninter.edu.mx\/difusioncultural\/index.php?rest_route=\/wp\/v2\/users\/1"}],"replies":[{"embeddable":true,"href":"https:\/\/blogs.uninter.edu.mx\/difusioncultural\/index.php?rest_route=%2Fwp%2Fv2%2Fcomments&post=7174"}],"version-history":[{"count":0,"href":"https:\/\/blogs.uninter.edu.mx\/difusioncultural\/index.php?rest_route=\/wp\/v2\/posts\/7174\/revisions"}],"wp:featuredmedia":[{"embeddable":true,"href":"https:\/\/blogs.uninter.edu.mx\/difusioncultural\/index.php?rest_route=\/wp\/v2\/media\/7177"}],"wp:attachment":[{"href":"https:\/\/blogs.uninter.edu.mx\/difusioncultural\/index.php?rest_route=%2Fwp%2Fv2%2Fmedia&parent=7174"}],"wp:term":[{"taxonomy":"category","embeddable":true,"href":"https:\/\/blogs.uninter.edu.mx\/difusioncultural\/index.php?rest_route=%2Fwp%2Fv2%2Fcategories&post=7174"},{"taxonomy":"post_tag","embeddable":true,"href":"https:\/\/blogs.uninter.edu.mx\/difusioncultural\/index.php?rest_route=%2Fwp%2Fv2%2Ftags&post=7174"}],"curies":[{"name":"wp","href":"https:\/\/api.w.org\/{rel}","templated":true}]}}