{"id":7231,"date":"2020-03-06T10:01:53","date_gmt":"2020-03-06T16:01:53","guid":{"rendered":"https:\/\/difusionculturaluninter.wordpress.com\/?p=7231"},"modified":"2020-03-06T10:01:53","modified_gmt":"2020-03-06T16:01:53","slug":"el-programa-expresarte-del-ipacult-se-hizo-presente-una-escuela","status":"publish","type":"post","link":"https:\/\/blogs.uninter.edu.mx\/difusioncultural\/?p=7231","title":{"rendered":"El programa ExpresArte del IPACULT se hizo presente una escuela"},"content":{"rendered":"<p>Con la participaci\u00f3n de personal de Seguridad P\u00fablica Municipal y del Instituto Municipal del Deporte y la Cultura F\u00edsica, en coordinaci\u00f3n con el Instituto Para la Cultura del Municipio de Ju\u00e1rez (IPACULT) esta ma\u00f1ana se llev\u00f3 a cabo la segunda edici\u00f3n del programa sociocultural &#8220;ExpresArte: Jornadas Culturales para la Infancia&#8221;, en las instalaciones de la escuela primaria Rub\u00e9n Valenzuela Villa, de la colonia Fray Garc\u00eda de San Francisco.<\/p>\n<p><img fetchpriority=\"high\" decoding=\"async\" class=\"alignnone size-full wp-image-7235\" src=\"https:\/\/difusionculturaluninter.files.wordpress.com\/2020\/03\/fc50fb11fb9c3685456660cd6dad3c46_l.jpg\" alt=\"fc50fb11fb9c3685456660cd6dad3c46_L\" width=\"1010\" height=\"491\" \/><\/p>\n<p>ExpresArte es una iniciativa que la Administraci\u00f3n Municipal 2018-2021, a trav\u00e9s del IPACULT lleva a cabo con el objetivo de ofrecer a los ni\u00f1os de nivel b\u00e1sico el acceso al conocimiento de sus derechos, a trav\u00e9s de la realizaci\u00f3n de actividades art\u00edsticas en diversas escuelas de la ciudad.<\/p>\n<p>El arranque de las actividades se llev\u00f3 a cabo a las 8:30 de la ma\u00f1ana con la presentaci\u00f3n del tema musical del programa &#8220;ExpresArte&#8221; a cargo del rapero y artista urbano local &#8220;Diomer&#8221;.<\/p>\n<p>Posteriormente se tuvo la intervenci\u00f3n de los integrantes de la unidad canina K-9 de la Secretar\u00eda de Seguridad P\u00fablica Municipal, quienes dieron una demostraci\u00f3n de las habilidades de los agentes caninos en apoyo a las acciones de prevenci\u00f3n del delito.<\/p>\n<div class=\"google-auto-placed ap_container\">\n<div class=\"itemFullText\">\n<p>La intenci\u00f3n es brindar a los infantes, como parte de una estrategia de prevenci\u00f3n del delito, el acceso a diversas manifestaciones art\u00edsticas como el baile, teatro, talleres musicales, cuentacuentos, manualidades, pintura, cine, construye cuentos, actuaci\u00f3n y elaboraci\u00f3n de murales, a trav\u00e9s de las cuales se pueda promover en ellos el conocimiento de sus derechos humanos fundamentales, con capacidad de goce de los mismos.<\/p>\n<p>Entre las dependencias que participan se encuentra la Secretar\u00eda de Seguridad P\u00fablica Municipal, el Instituto del Deporte y Cultura F\u00edsica, la Direcci\u00f3n de Educaci\u00f3n, SIPINNA, el DIF Municipal, la Direcci\u00f3n de Derechos Humanos, entre otras.<\/p>\n<\/div>\n<div class=\"itemLinks\">\n<div class=\"itemRatingBlock\">Valora este art\u00edculo<\/div>\n<\/div>\n<\/div>\n","protected":false},"excerpt":{"rendered":"<p>Con la participaci\u00f3n de personal de Seguridad P\u00fablica Municipal y del Instituto Municipal del Deporte y la Cultura F\u00edsica, en coordinaci\u00f3n con el Instituto Para la Cultura del Municipio de Ju\u00e1rez (IPACULT) esta ma\u00f1ana se llev\u00f3 a cabo la segunda edici\u00f3n del programa sociocultural &#8220;ExpresArte: Jornadas Culturales para la Infancia&#8221;, en las instalaciones de la&hellip;<\/p>\n","protected":false},"author":1,"featured_media":0,"comment_status":"closed","ping_status":"open","sticky":false,"template":"","format":"standard","meta":{"_jetpack_memberships_contains_paid_content":false,"footnotes":"","jetpack_publicize_message":"","jetpack_publicize_feature_enabled":true,"jetpack_social_post_already_shared":false,"jetpack_social_options":{"image_generator_settings":{"template":"highway","default_image_id":0,"font":"","enabled":false},"version":2}},"categories":[1],"tags":[],"class_list":["post-7231","post","type-post","status-publish","format-standard","hentry","category-sin-categoria"],"yoast_head":"<!-- This site is optimized with the Yoast SEO plugin v26.3 - https:\/\/yoast.com\/wordpress\/plugins\/seo\/ -->\r\n<title>El programa ExpresArte del IPACULT se hizo presente una escuela - Difusi\u00f3n Cultural<\/title>\r\n<meta name=\"robots\" content=\"index, follow, max-snippet:-1, max-image-preview:large, max-video-preview:-1\" \/>\r\n<link rel=\"canonical\" href=\"https:\/\/blogs.uninter.edu.mx\/difusioncultural\/?p=7231\" \/>\r\n<meta property=\"og:locale\" content=\"es_MX\" \/>\r\n<meta property=\"og:type\" content=\"article\" \/>\r\n<meta property=\"og:title\" content=\"El programa ExpresArte del IPACULT se hizo presente una escuela - Difusi\u00f3n Cultural\" \/>\r\n<meta property=\"og:description\" content=\"Con la participaci\u00f3n de personal de Seguridad P\u00fablica Municipal y del Instituto Municipal del Deporte y la Cultura F\u00edsica, en coordinaci\u00f3n con el Instituto Para la Cultura del Municipio de Ju\u00e1rez (IPACULT) esta ma\u00f1ana se llev\u00f3 a cabo la segunda edici\u00f3n del programa sociocultural &#8220;ExpresArte: Jornadas Culturales para la Infancia&#8221;, en las instalaciones de la&hellip;\" \/>\r\n<meta property=\"og:url\" content=\"https:\/\/blogs.uninter.edu.mx\/difusioncultural\/?p=7231\" \/>\r\n<meta property=\"og:site_name\" content=\"Difusi\u00f3n Cultural\" \/>\r\n<meta property=\"article:published_time\" content=\"2020-03-06T16:01:53+00:00\" \/>\r\n<meta property=\"og:image\" content=\"https:\/\/difusionculturaluninter.files.wordpress.com\/2020\/03\/fc50fb11fb9c3685456660cd6dad3c46_l.jpg\" \/>\r\n<meta name=\"author\" content=\"webmaster\" \/>\r\n<meta name=\"twitter:card\" content=\"summary_large_image\" \/>\r\n<meta name=\"twitter:label1\" content=\"Escrito por\" \/>\n\t<meta name=\"twitter:data1\" content=\"webmaster\" \/>\n\t<meta name=\"twitter:label2\" content=\"Tiempo de lectura\" \/>\n\t<meta name=\"twitter:data2\" content=\"2 minutos\" \/>\r\n<script type=\"application\/ld+json\" class=\"yoast-schema-graph\">{\"@context\":\"https:\/\/schema.org\",\"@graph\":[{\"@type\":\"Article\",\"@id\":\"https:\/\/blogs.uninter.edu.mx\/difusioncultural\/?p=7231#article\",\"isPartOf\":{\"@id\":\"https:\/\/blogs.uninter.edu.mx\/difusioncultural\/?p=7231\"},\"author\":{\"name\":\"webmaster\",\"@id\":\"https:\/\/blogs.uninter.edu.mx\/difusioncultural\/#\/schema\/person\/37a0926f4dd300a814993fd595abdc4a\"},\"headline\":\"El programa ExpresArte del IPACULT se hizo presente una escuela\",\"datePublished\":\"2020-03-06T16:01:53+00:00\",\"mainEntityOfPage\":{\"@id\":\"https:\/\/blogs.uninter.edu.mx\/difusioncultural\/?p=7231\"},\"wordCount\":335,\"publisher\":{\"@id\":\"https:\/\/blogs.uninter.edu.mx\/difusioncultural\/#organization\"},\"image\":{\"@id\":\"https:\/\/blogs.uninter.edu.mx\/difusioncultural\/?p=7231#primaryimage\"},\"thumbnailUrl\":\"https:\/\/difusionculturaluninter.files.wordpress.com\/2020\/03\/fc50fb11fb9c3685456660cd6dad3c46_l.jpg\",\"inLanguage\":\"es\"},{\"@type\":\"WebPage\",\"@id\":\"https:\/\/blogs.uninter.edu.mx\/difusioncultural\/?p=7231\",\"url\":\"https:\/\/blogs.uninter.edu.mx\/difusioncultural\/?p=7231\",\"name\":\"El programa ExpresArte del IPACULT se hizo presente una escuela - Difusi\u00f3n Cultural\",\"isPartOf\":{\"@id\":\"https:\/\/blogs.uninter.edu.mx\/difusioncultural\/#website\"},\"primaryImageOfPage\":{\"@id\":\"https:\/\/blogs.uninter.edu.mx\/difusioncultural\/?p=7231#primaryimage\"},\"image\":{\"@id\":\"https:\/\/blogs.uninter.edu.mx\/difusioncultural\/?p=7231#primaryimage\"},\"thumbnailUrl\":\"https:\/\/difusionculturaluninter.files.wordpress.com\/2020\/03\/fc50fb11fb9c3685456660cd6dad3c46_l.jpg\",\"datePublished\":\"2020-03-06T16:01:53+00:00\",\"breadcrumb\":{\"@id\":\"https:\/\/blogs.uninter.edu.mx\/difusioncultural\/?p=7231#breadcrumb\"},\"inLanguage\":\"es\",\"potentialAction\":[{\"@type\":\"ReadAction\",\"target\":[\"https:\/\/blogs.uninter.edu.mx\/difusioncultural\/?p=7231\"]}]},{\"@type\":\"ImageObject\",\"inLanguage\":\"es\",\"@id\":\"https:\/\/blogs.uninter.edu.mx\/difusioncultural\/?p=7231#primaryimage\",\"url\":\"https:\/\/difusionculturaluninter.files.wordpress.com\/2020\/03\/fc50fb11fb9c3685456660cd6dad3c46_l.jpg\",\"contentUrl\":\"https:\/\/difusionculturaluninter.files.wordpress.com\/2020\/03\/fc50fb11fb9c3685456660cd6dad3c46_l.jpg\"},{\"@type\":\"BreadcrumbList\",\"@id\":\"https:\/\/blogs.uninter.edu.mx\/difusioncultural\/?p=7231#breadcrumb\",\"itemListElement\":[{\"@type\":\"ListItem\",\"position\":1,\"name\":\"Inicio\",\"item\":\"https:\/\/blogs.uninter.edu.mx\/difusioncultural\/\"},{\"@type\":\"ListItem\",\"position\":2,\"name\":\"El programa ExpresArte del IPACULT se hizo presente una escuela\"}]},{\"@type\":\"WebSite\",\"@id\":\"https:\/\/blogs.uninter.edu.mx\/difusioncultural\/#website\",\"url\":\"https:\/\/blogs.uninter.edu.mx\/difusioncultural\/\",\"name\":\"Difusi\u00f3n Cultural\",\"description\":\"UNINTER\",\"publisher\":{\"@id\":\"https:\/\/blogs.uninter.edu.mx\/difusioncultural\/#organization\"},\"potentialAction\":[{\"@type\":\"SearchAction\",\"target\":{\"@type\":\"EntryPoint\",\"urlTemplate\":\"https:\/\/blogs.uninter.edu.mx\/difusioncultural\/?s={search_term_string}\"},\"query-input\":{\"@type\":\"PropertyValueSpecification\",\"valueRequired\":true,\"valueName\":\"search_term_string\"}}],\"inLanguage\":\"es\"},{\"@type\":\"Organization\",\"@id\":\"https:\/\/blogs.uninter.edu.mx\/difusioncultural\/#organization\",\"name\":\"Difusi\u00f3n Cultural\",\"url\":\"https:\/\/blogs.uninter.edu.mx\/difusioncultural\/\",\"logo\":{\"@type\":\"ImageObject\",\"inLanguage\":\"es\",\"@id\":\"https:\/\/blogs.uninter.edu.mx\/difusioncultural\/#\/schema\/logo\/image\/\",\"url\":\"https:\/\/blogs.uninter.edu.mx\/difusioncultural\/wp-content\/uploads\/2022\/09\/uninter.jpg\",\"contentUrl\":\"https:\/\/blogs.uninter.edu.mx\/difusioncultural\/wp-content\/uploads\/2022\/09\/uninter.jpg\",\"width\":2048,\"height\":2048,\"caption\":\"Difusi\u00f3n Cultural\"},\"image\":{\"@id\":\"https:\/\/blogs.uninter.edu.mx\/difusioncultural\/#\/schema\/logo\/image\/\"}},{\"@type\":\"Person\",\"@id\":\"https:\/\/blogs.uninter.edu.mx\/difusioncultural\/#\/schema\/person\/37a0926f4dd300a814993fd595abdc4a\",\"name\":\"webmaster\",\"image\":{\"@type\":\"ImageObject\",\"inLanguage\":\"es\",\"@id\":\"https:\/\/blogs.uninter.edu.mx\/difusioncultural\/#\/schema\/person\/image\/\",\"url\":\"https:\/\/secure.gravatar.com\/avatar\/a59c276b01147463ef3aab4118e3137ebc5e1ad6700deb39ccdf8b89e517f7dc?s=96&d=mm&r=g\",\"contentUrl\":\"https:\/\/secure.gravatar.com\/avatar\/a59c276b01147463ef3aab4118e3137ebc5e1ad6700deb39ccdf8b89e517f7dc?s=96&d=mm&r=g\",\"caption\":\"webmaster\"},\"sameAs\":[\"https:\/\/blogs.uninter.edu.mx\/difusioncultural\"],\"url\":\"https:\/\/blogs.uninter.edu.mx\/difusioncultural\/?author=1\"}]}<\/script>\r\n<!-- \/ Yoast SEO plugin. -->","yoast_head_json":{"title":"El programa ExpresArte del IPACULT se hizo presente una escuela - Difusi\u00f3n Cultural","robots":{"index":"index","follow":"follow","max-snippet":"max-snippet:-1","max-image-preview":"max-image-preview:large","max-video-preview":"max-video-preview:-1"},"canonical":"https:\/\/blogs.uninter.edu.mx\/difusioncultural\/?p=7231","og_locale":"es_MX","og_type":"article","og_title":"El programa ExpresArte del IPACULT se hizo presente una escuela - Difusi\u00f3n Cultural","og_description":"Con la participaci\u00f3n de personal de Seguridad P\u00fablica Municipal y del Instituto Municipal del Deporte y la Cultura F\u00edsica, en coordinaci\u00f3n con el Instituto Para la Cultura del Municipio de Ju\u00e1rez (IPACULT) esta ma\u00f1ana se llev\u00f3 a cabo la segunda edici\u00f3n del programa sociocultural &#8220;ExpresArte: Jornadas Culturales para la Infancia&#8221;, en las instalaciones de la&hellip;","og_url":"https:\/\/blogs.uninter.edu.mx\/difusioncultural\/?p=7231","og_site_name":"Difusi\u00f3n Cultural","article_published_time":"2020-03-06T16:01:53+00:00","og_image":[{"url":"https:\/\/difusionculturaluninter.files.wordpress.com\/2020\/03\/fc50fb11fb9c3685456660cd6dad3c46_l.jpg","type":"","width":"","height":""}],"author":"webmaster","twitter_card":"summary_large_image","twitter_misc":{"Escrito por":"webmaster","Tiempo de lectura":"2 minutos"},"schema":{"@context":"https:\/\/schema.org","@graph":[{"@type":"Article","@id":"https:\/\/blogs.uninter.edu.mx\/difusioncultural\/?p=7231#article","isPartOf":{"@id":"https:\/\/blogs.uninter.edu.mx\/difusioncultural\/?p=7231"},"author":{"name":"webmaster","@id":"https:\/\/blogs.uninter.edu.mx\/difusioncultural\/#\/schema\/person\/37a0926f4dd300a814993fd595abdc4a"},"headline":"El programa ExpresArte del IPACULT se hizo presente una escuela","datePublished":"2020-03-06T16:01:53+00:00","mainEntityOfPage":{"@id":"https:\/\/blogs.uninter.edu.mx\/difusioncultural\/?p=7231"},"wordCount":335,"publisher":{"@id":"https:\/\/blogs.uninter.edu.mx\/difusioncultural\/#organization"},"image":{"@id":"https:\/\/blogs.uninter.edu.mx\/difusioncultural\/?p=7231#primaryimage"},"thumbnailUrl":"https:\/\/difusionculturaluninter.files.wordpress.com\/2020\/03\/fc50fb11fb9c3685456660cd6dad3c46_l.jpg","inLanguage":"es"},{"@type":"WebPage","@id":"https:\/\/blogs.uninter.edu.mx\/difusioncultural\/?p=7231","url":"https:\/\/blogs.uninter.edu.mx\/difusioncultural\/?p=7231","name":"El programa ExpresArte del IPACULT se hizo presente una escuela - Difusi\u00f3n Cultural","isPartOf":{"@id":"https:\/\/blogs.uninter.edu.mx\/difusioncultural\/#website"},"primaryImageOfPage":{"@id":"https:\/\/blogs.uninter.edu.mx\/difusioncultural\/?p=7231#primaryimage"},"image":{"@id":"https:\/\/blogs.uninter.edu.mx\/difusioncultural\/?p=7231#primaryimage"},"thumbnailUrl":"https:\/\/difusionculturaluninter.files.wordpress.com\/2020\/03\/fc50fb11fb9c3685456660cd6dad3c46_l.jpg","datePublished":"2020-03-06T16:01:53+00:00","breadcrumb":{"@id":"https:\/\/blogs.uninter.edu.mx\/difusioncultural\/?p=7231#breadcrumb"},"inLanguage":"es","potentialAction":[{"@type":"ReadAction","target":["https:\/\/blogs.uninter.edu.mx\/difusioncultural\/?p=7231"]}]},{"@type":"ImageObject","inLanguage":"es","@id":"https:\/\/blogs.uninter.edu.mx\/difusioncultural\/?p=7231#primaryimage","url":"https:\/\/difusionculturaluninter.files.wordpress.com\/2020\/03\/fc50fb11fb9c3685456660cd6dad3c46_l.jpg","contentUrl":"https:\/\/difusionculturaluninter.files.wordpress.com\/2020\/03\/fc50fb11fb9c3685456660cd6dad3c46_l.jpg"},{"@type":"BreadcrumbList","@id":"https:\/\/blogs.uninter.edu.mx\/difusioncultural\/?p=7231#breadcrumb","itemListElement":[{"@type":"ListItem","position":1,"name":"Inicio","item":"https:\/\/blogs.uninter.edu.mx\/difusioncultural\/"},{"@type":"ListItem","position":2,"name":"El programa ExpresArte del IPACULT se hizo presente una escuela"}]},{"@type":"WebSite","@id":"https:\/\/blogs.uninter.edu.mx\/difusioncultural\/#website","url":"https:\/\/blogs.uninter.edu.mx\/difusioncultural\/","name":"Difusi\u00f3n Cultural","description":"UNINTER","publisher":{"@id":"https:\/\/blogs.uninter.edu.mx\/difusioncultural\/#organization"},"potentialAction":[{"@type":"SearchAction","target":{"@type":"EntryPoint","urlTemplate":"https:\/\/blogs.uninter.edu.mx\/difusioncultural\/?s={search_term_string}"},"query-input":{"@type":"PropertyValueSpecification","valueRequired":true,"valueName":"search_term_string"}}],"inLanguage":"es"},{"@type":"Organization","@id":"https:\/\/blogs.uninter.edu.mx\/difusioncultural\/#organization","name":"Difusi\u00f3n Cultural","url":"https:\/\/blogs.uninter.edu.mx\/difusioncultural\/","logo":{"@type":"ImageObject","inLanguage":"es","@id":"https:\/\/blogs.uninter.edu.mx\/difusioncultural\/#\/schema\/logo\/image\/","url":"https:\/\/blogs.uninter.edu.mx\/difusioncultural\/wp-content\/uploads\/2022\/09\/uninter.jpg","contentUrl":"https:\/\/blogs.uninter.edu.mx\/difusioncultural\/wp-content\/uploads\/2022\/09\/uninter.jpg","width":2048,"height":2048,"caption":"Difusi\u00f3n Cultural"},"image":{"@id":"https:\/\/blogs.uninter.edu.mx\/difusioncultural\/#\/schema\/logo\/image\/"}},{"@type":"Person","@id":"https:\/\/blogs.uninter.edu.mx\/difusioncultural\/#\/schema\/person\/37a0926f4dd300a814993fd595abdc4a","name":"webmaster","image":{"@type":"ImageObject","inLanguage":"es","@id":"https:\/\/blogs.uninter.edu.mx\/difusioncultural\/#\/schema\/person\/image\/","url":"https:\/\/secure.gravatar.com\/avatar\/a59c276b01147463ef3aab4118e3137ebc5e1ad6700deb39ccdf8b89e517f7dc?s=96&d=mm&r=g","contentUrl":"https:\/\/secure.gravatar.com\/avatar\/a59c276b01147463ef3aab4118e3137ebc5e1ad6700deb39ccdf8b89e517f7dc?s=96&d=mm&r=g","caption":"webmaster"},"sameAs":["https:\/\/blogs.uninter.edu.mx\/difusioncultural"],"url":"https:\/\/blogs.uninter.edu.mx\/difusioncultural\/?author=1"}]}},"jetpack_publicize_connections":[],"jetpack_featured_media_url":"","jetpack_sharing_enabled":true,"_links":{"self":[{"href":"https:\/\/blogs.uninter.edu.mx\/difusioncultural\/index.php?rest_route=\/wp\/v2\/posts\/7231","targetHints":{"allow":["GET"]}}],"collection":[{"href":"https:\/\/blogs.uninter.edu.mx\/difusioncultural\/index.php?rest_route=\/wp\/v2\/posts"}],"about":[{"href":"https:\/\/blogs.uninter.edu.mx\/difusioncultural\/index.php?rest_route=\/wp\/v2\/types\/post"}],"author":[{"embeddable":true,"href":"https:\/\/blogs.uninter.edu.mx\/difusioncultural\/index.php?rest_route=\/wp\/v2\/users\/1"}],"replies":[{"embeddable":true,"href":"https:\/\/blogs.uninter.edu.mx\/difusioncultural\/index.php?rest_route=%2Fwp%2Fv2%2Fcomments&post=7231"}],"version-history":[{"count":0,"href":"https:\/\/blogs.uninter.edu.mx\/difusioncultural\/index.php?rest_route=\/wp\/v2\/posts\/7231\/revisions"}],"wp:attachment":[{"href":"https:\/\/blogs.uninter.edu.mx\/difusioncultural\/index.php?rest_route=%2Fwp%2Fv2%2Fmedia&parent=7231"}],"wp:term":[{"taxonomy":"category","embeddable":true,"href":"https:\/\/blogs.uninter.edu.mx\/difusioncultural\/index.php?rest_route=%2Fwp%2Fv2%2Fcategories&post=7231"},{"taxonomy":"post_tag","embeddable":true,"href":"https:\/\/blogs.uninter.edu.mx\/difusioncultural\/index.php?rest_route=%2Fwp%2Fv2%2Ftags&post=7231"}],"curies":[{"name":"wp","href":"https:\/\/api.w.org\/{rel}","templated":true}]}}