{"id":7237,"date":"2020-03-06T10:08:10","date_gmt":"2020-03-06T16:08:10","guid":{"rendered":"https:\/\/difusionculturaluninter.wordpress.com\/?p=7237"},"modified":"2020-03-06T10:08:10","modified_gmt":"2020-03-06T16:08:10","slug":"conmemoran-el-dia-internacional-de-la-mujer-en-el-ivec","status":"publish","type":"post","link":"https:\/\/blogs.uninter.edu.mx\/difusioncultural\/?p=7237","title":{"rendered":"Conmemoran el D\u00eda Internacional de la Mujer en el IVEC"},"content":{"rendered":"<p><img fetchpriority=\"high\" decoding=\"async\" class=\"alignnone size-full wp-image-7242\" src=\"https:\/\/difusionculturaluninter.files.wordpress.com\/2020\/03\/dc3adamujer5-1024x683-1.jpg\" alt=\"D\u00edaMujer5-1024x683\" width=\"1024\" height=\"683\" \/><\/p>\n<p><strong>Xalapa.\u00a0<\/strong>En el marco de la conmemoraci\u00f3n del D\u00eda Internacional de la Mujer, el Instituto Veracruzano de la Cultura ofrecer\u00e1 durante el mes de marzo una serie de actividades culturales donde destaca el trabajo de creadoras y artistas veracruzanas en el \u00e1mbito social y de las artes. Estas actividades son una apuesta por la promoci\u00f3n de los derechos de las mujeres y una directriz desde el Instituto por el apoyo paritario de creadoras y creadores. Se han programado 24 eventos en los centros culturales del IVEC de cuatro ciudades del estado: Veracruz, Xalapa, Orizaba y Papantla. La entrada a todos los eventos es libre.<\/p>\n<p>Comenzaremos este jueves 5 en el Ex Convento Betlehemita de Veracruz con la Primera Feria 2020 Al encuentro con mujeres, a las 10:00 horas, la cual contempla un programa de cortometrajes:\u00a0<em>My soul is old,\u00a0<\/em>de Claudia Gonz\u00e1lez;\u00a0<em>El porvenir es tan irrevocable como el r\u00edgido ayer<\/em>, de Silvina Est\u00e9vez, y\u00a0<em>El sonar de las olas<\/em>, de Vanessa Ortega. Por la tarde se realizar\u00e1 el taller \u201cEl ABC de la perspectiva de g\u00e9nero\u201d para j\u00f3venes de bachillerato, impartido por Perla Milagros, y a su t\u00e9rmino se llevar\u00e1 a cabo el conversatorio Mujeres y creadoras, con la fot\u00f3grafa Claudia Art\u00edguez, la poeta Rosario Lagunes, la ceramista Magali Goris y la directora de teatro Selene Ariza.<\/p>\n<p><img decoding=\"async\" class=\"alignnone size-full wp-image-7241\" src=\"https:\/\/difusionculturaluninter.files.wordpress.com\/2020\/03\/dc3adamujer3-780x470-1.jpg\" alt=\"D\u00edaMujer3-780x470\" width=\"780\" height=\"470\" \/><\/p>\n<p>El viernes 6 en el mismo recinto se inaugurar\u00e1 la exposici\u00f3n retrospectiva\u00a0<em>\u00c1lbum de lo permanente,<\/em>\u00a0de la pintora veracruzana Estrella Carmona; mientras que el domingo 8 se realizar\u00e1 una Jornada Cultural que integra una lectura en voz alta de narrativa y poes\u00eda escrita por mujeres, un taller dirigido a p\u00fablico infantil, un performance alusivo a la conmemoraci\u00f3n y una visita guiada por la exposici\u00f3n mencionada. Adem\u00e1s, durante todos los viernes del mes a las 19:00 horas se proyectar\u00e1n pel\u00edculas dentro del ciclo titulado Mujeres que nos inspiran.<\/p>\n<p>Por su parte, la Fototeca de Veracruz albergar\u00e1 el conversatorio Las mujeres en y a trav\u00e9s de los medios de comunicaci\u00f3n, a cargo de la periodista Ana Alicia Osorio, el jueves 19 a las 19:00 horas. El Centro Cultural Casa Principal tendr\u00e1 un taller de escritura los martes y jueves del mes, as\u00ed como un conversatorio con la poeta Nict\u00e9 Toxqui, el viernes 27 a las 19:00 horas. Asimismo habr\u00e1 actividades en el Centro Cultural Atarazanas y la Casa Museo Agust\u00edn Lara.<\/p>\n","protected":false},"excerpt":{"rendered":"<p>Xalapa.\u00a0En el marco de la conmemoraci\u00f3n del D\u00eda Internacional de la Mujer, el Instituto Veracruzano de la Cultura ofrecer\u00e1 durante el mes de marzo una serie de actividades culturales donde destaca el trabajo de creadoras y artistas veracruzanas en el \u00e1mbito social y de las artes. Estas actividades son una apuesta por la promoci\u00f3n de&hellip;<\/p>\n","protected":false},"author":1,"featured_media":0,"comment_status":"closed","ping_status":"open","sticky":false,"template":"","format":"standard","meta":{"_jetpack_memberships_contains_paid_content":false,"footnotes":"","jetpack_publicize_message":"","jetpack_publicize_feature_enabled":true,"jetpack_social_post_already_shared":false,"jetpack_social_options":{"image_generator_settings":{"template":"highway","default_image_id":0,"font":"","enabled":false},"version":2}},"categories":[1],"tags":[],"class_list":["post-7237","post","type-post","status-publish","format-standard","hentry","category-sin-categoria"],"yoast_head":"<!-- This site is optimized with the Yoast SEO plugin v26.3 - https:\/\/yoast.com\/wordpress\/plugins\/seo\/ -->\r\n<title>Conmemoran el D\u00eda Internacional de la Mujer en el IVEC - Difusi\u00f3n Cultural<\/title>\r\n<meta name=\"robots\" content=\"index, follow, max-snippet:-1, max-image-preview:large, max-video-preview:-1\" \/>\r\n<link rel=\"canonical\" href=\"https:\/\/blogs.uninter.edu.mx\/difusioncultural\/?p=7237\" \/>\r\n<meta property=\"og:locale\" content=\"es_MX\" \/>\r\n<meta property=\"og:type\" content=\"article\" \/>\r\n<meta property=\"og:title\" content=\"Conmemoran el D\u00eda Internacional de la Mujer en el IVEC - Difusi\u00f3n Cultural\" \/>\r\n<meta property=\"og:description\" content=\"Xalapa.\u00a0En el marco de la conmemoraci\u00f3n del D\u00eda Internacional de la Mujer, el Instituto Veracruzano de la Cultura ofrecer\u00e1 durante el mes de marzo una serie de actividades culturales donde destaca el trabajo de creadoras y artistas veracruzanas en el \u00e1mbito social y de las artes. Estas actividades son una apuesta por la promoci\u00f3n de&hellip;\" \/>\r\n<meta property=\"og:url\" content=\"https:\/\/blogs.uninter.edu.mx\/difusioncultural\/?p=7237\" \/>\r\n<meta property=\"og:site_name\" content=\"Difusi\u00f3n Cultural\" \/>\r\n<meta property=\"article:published_time\" content=\"2020-03-06T16:08:10+00:00\" \/>\r\n<meta property=\"og:image\" content=\"https:\/\/difusionculturaluninter.files.wordpress.com\/2020\/03\/dc3adamujer5-1024x683-1.jpg\" \/>\r\n<meta name=\"author\" content=\"webmaster\" \/>\r\n<meta name=\"twitter:card\" content=\"summary_large_image\" \/>\r\n<meta name=\"twitter:label1\" content=\"Escrito por\" \/>\n\t<meta name=\"twitter:data1\" content=\"webmaster\" \/>\n\t<meta name=\"twitter:label2\" content=\"Tiempo de lectura\" \/>\n\t<meta name=\"twitter:data2\" content=\"2 minutos\" \/>\r\n<script type=\"application\/ld+json\" class=\"yoast-schema-graph\">{\"@context\":\"https:\/\/schema.org\",\"@graph\":[{\"@type\":\"Article\",\"@id\":\"https:\/\/blogs.uninter.edu.mx\/difusioncultural\/?p=7237#article\",\"isPartOf\":{\"@id\":\"https:\/\/blogs.uninter.edu.mx\/difusioncultural\/?p=7237\"},\"author\":{\"name\":\"webmaster\",\"@id\":\"https:\/\/blogs.uninter.edu.mx\/difusioncultural\/#\/schema\/person\/37a0926f4dd300a814993fd595abdc4a\"},\"headline\":\"Conmemoran el D\u00eda Internacional de la Mujer en el IVEC\",\"datePublished\":\"2020-03-06T16:08:10+00:00\",\"mainEntityOfPage\":{\"@id\":\"https:\/\/blogs.uninter.edu.mx\/difusioncultural\/?p=7237\"},\"wordCount\":410,\"publisher\":{\"@id\":\"https:\/\/blogs.uninter.edu.mx\/difusioncultural\/#organization\"},\"image\":{\"@id\":\"https:\/\/blogs.uninter.edu.mx\/difusioncultural\/?p=7237#primaryimage\"},\"thumbnailUrl\":\"https:\/\/difusionculturaluninter.files.wordpress.com\/2020\/03\/dc3adamujer5-1024x683-1.jpg\",\"inLanguage\":\"es\"},{\"@type\":\"WebPage\",\"@id\":\"https:\/\/blogs.uninter.edu.mx\/difusioncultural\/?p=7237\",\"url\":\"https:\/\/blogs.uninter.edu.mx\/difusioncultural\/?p=7237\",\"name\":\"Conmemoran el D\u00eda Internacional de la Mujer en el IVEC - Difusi\u00f3n Cultural\",\"isPartOf\":{\"@id\":\"https:\/\/blogs.uninter.edu.mx\/difusioncultural\/#website\"},\"primaryImageOfPage\":{\"@id\":\"https:\/\/blogs.uninter.edu.mx\/difusioncultural\/?p=7237#primaryimage\"},\"image\":{\"@id\":\"https:\/\/blogs.uninter.edu.mx\/difusioncultural\/?p=7237#primaryimage\"},\"thumbnailUrl\":\"https:\/\/difusionculturaluninter.files.wordpress.com\/2020\/03\/dc3adamujer5-1024x683-1.jpg\",\"datePublished\":\"2020-03-06T16:08:10+00:00\",\"breadcrumb\":{\"@id\":\"https:\/\/blogs.uninter.edu.mx\/difusioncultural\/?p=7237#breadcrumb\"},\"inLanguage\":\"es\",\"potentialAction\":[{\"@type\":\"ReadAction\",\"target\":[\"https:\/\/blogs.uninter.edu.mx\/difusioncultural\/?p=7237\"]}]},{\"@type\":\"ImageObject\",\"inLanguage\":\"es\",\"@id\":\"https:\/\/blogs.uninter.edu.mx\/difusioncultural\/?p=7237#primaryimage\",\"url\":\"https:\/\/difusionculturaluninter.files.wordpress.com\/2020\/03\/dc3adamujer5-1024x683-1.jpg\",\"contentUrl\":\"https:\/\/difusionculturaluninter.files.wordpress.com\/2020\/03\/dc3adamujer5-1024x683-1.jpg\"},{\"@type\":\"BreadcrumbList\",\"@id\":\"https:\/\/blogs.uninter.edu.mx\/difusioncultural\/?p=7237#breadcrumb\",\"itemListElement\":[{\"@type\":\"ListItem\",\"position\":1,\"name\":\"Inicio\",\"item\":\"https:\/\/blogs.uninter.edu.mx\/difusioncultural\/\"},{\"@type\":\"ListItem\",\"position\":2,\"name\":\"Conmemoran el D\u00eda Internacional de la Mujer en el IVEC\"}]},{\"@type\":\"WebSite\",\"@id\":\"https:\/\/blogs.uninter.edu.mx\/difusioncultural\/#website\",\"url\":\"https:\/\/blogs.uninter.edu.mx\/difusioncultural\/\",\"name\":\"Difusi\u00f3n Cultural\",\"description\":\"UNINTER\",\"publisher\":{\"@id\":\"https:\/\/blogs.uninter.edu.mx\/difusioncultural\/#organization\"},\"potentialAction\":[{\"@type\":\"SearchAction\",\"target\":{\"@type\":\"EntryPoint\",\"urlTemplate\":\"https:\/\/blogs.uninter.edu.mx\/difusioncultural\/?s={search_term_string}\"},\"query-input\":{\"@type\":\"PropertyValueSpecification\",\"valueRequired\":true,\"valueName\":\"search_term_string\"}}],\"inLanguage\":\"es\"},{\"@type\":\"Organization\",\"@id\":\"https:\/\/blogs.uninter.edu.mx\/difusioncultural\/#organization\",\"name\":\"Difusi\u00f3n Cultural\",\"url\":\"https:\/\/blogs.uninter.edu.mx\/difusioncultural\/\",\"logo\":{\"@type\":\"ImageObject\",\"inLanguage\":\"es\",\"@id\":\"https:\/\/blogs.uninter.edu.mx\/difusioncultural\/#\/schema\/logo\/image\/\",\"url\":\"https:\/\/blogs.uninter.edu.mx\/difusioncultural\/wp-content\/uploads\/2022\/09\/uninter.jpg\",\"contentUrl\":\"https:\/\/blogs.uninter.edu.mx\/difusioncultural\/wp-content\/uploads\/2022\/09\/uninter.jpg\",\"width\":2048,\"height\":2048,\"caption\":\"Difusi\u00f3n Cultural\"},\"image\":{\"@id\":\"https:\/\/blogs.uninter.edu.mx\/difusioncultural\/#\/schema\/logo\/image\/\"}},{\"@type\":\"Person\",\"@id\":\"https:\/\/blogs.uninter.edu.mx\/difusioncultural\/#\/schema\/person\/37a0926f4dd300a814993fd595abdc4a\",\"name\":\"webmaster\",\"image\":{\"@type\":\"ImageObject\",\"inLanguage\":\"es\",\"@id\":\"https:\/\/blogs.uninter.edu.mx\/difusioncultural\/#\/schema\/person\/image\/\",\"url\":\"https:\/\/secure.gravatar.com\/avatar\/a59c276b01147463ef3aab4118e3137ebc5e1ad6700deb39ccdf8b89e517f7dc?s=96&d=mm&r=g\",\"contentUrl\":\"https:\/\/secure.gravatar.com\/avatar\/a59c276b01147463ef3aab4118e3137ebc5e1ad6700deb39ccdf8b89e517f7dc?s=96&d=mm&r=g\",\"caption\":\"webmaster\"},\"sameAs\":[\"https:\/\/blogs.uninter.edu.mx\/difusioncultural\"],\"url\":\"https:\/\/blogs.uninter.edu.mx\/difusioncultural\/?author=1\"}]}<\/script>\r\n<!-- \/ Yoast SEO plugin. -->","yoast_head_json":{"title":"Conmemoran el D\u00eda Internacional de la Mujer en el IVEC - Difusi\u00f3n Cultural","robots":{"index":"index","follow":"follow","max-snippet":"max-snippet:-1","max-image-preview":"max-image-preview:large","max-video-preview":"max-video-preview:-1"},"canonical":"https:\/\/blogs.uninter.edu.mx\/difusioncultural\/?p=7237","og_locale":"es_MX","og_type":"article","og_title":"Conmemoran el D\u00eda Internacional de la Mujer en el IVEC - Difusi\u00f3n Cultural","og_description":"Xalapa.\u00a0En el marco de la conmemoraci\u00f3n del D\u00eda Internacional de la Mujer, el Instituto Veracruzano de la Cultura ofrecer\u00e1 durante el mes de marzo una serie de actividades culturales donde destaca el trabajo de creadoras y artistas veracruzanas en el \u00e1mbito social y de las artes. Estas actividades son una apuesta por la promoci\u00f3n de&hellip;","og_url":"https:\/\/blogs.uninter.edu.mx\/difusioncultural\/?p=7237","og_site_name":"Difusi\u00f3n Cultural","article_published_time":"2020-03-06T16:08:10+00:00","og_image":[{"url":"https:\/\/difusionculturaluninter.files.wordpress.com\/2020\/03\/dc3adamujer5-1024x683-1.jpg","type":"","width":"","height":""}],"author":"webmaster","twitter_card":"summary_large_image","twitter_misc":{"Escrito por":"webmaster","Tiempo de lectura":"2 minutos"},"schema":{"@context":"https:\/\/schema.org","@graph":[{"@type":"Article","@id":"https:\/\/blogs.uninter.edu.mx\/difusioncultural\/?p=7237#article","isPartOf":{"@id":"https:\/\/blogs.uninter.edu.mx\/difusioncultural\/?p=7237"},"author":{"name":"webmaster","@id":"https:\/\/blogs.uninter.edu.mx\/difusioncultural\/#\/schema\/person\/37a0926f4dd300a814993fd595abdc4a"},"headline":"Conmemoran el D\u00eda Internacional de la Mujer en el IVEC","datePublished":"2020-03-06T16:08:10+00:00","mainEntityOfPage":{"@id":"https:\/\/blogs.uninter.edu.mx\/difusioncultural\/?p=7237"},"wordCount":410,"publisher":{"@id":"https:\/\/blogs.uninter.edu.mx\/difusioncultural\/#organization"},"image":{"@id":"https:\/\/blogs.uninter.edu.mx\/difusioncultural\/?p=7237#primaryimage"},"thumbnailUrl":"https:\/\/difusionculturaluninter.files.wordpress.com\/2020\/03\/dc3adamujer5-1024x683-1.jpg","inLanguage":"es"},{"@type":"WebPage","@id":"https:\/\/blogs.uninter.edu.mx\/difusioncultural\/?p=7237","url":"https:\/\/blogs.uninter.edu.mx\/difusioncultural\/?p=7237","name":"Conmemoran el D\u00eda Internacional de la Mujer en el IVEC - Difusi\u00f3n Cultural","isPartOf":{"@id":"https:\/\/blogs.uninter.edu.mx\/difusioncultural\/#website"},"primaryImageOfPage":{"@id":"https:\/\/blogs.uninter.edu.mx\/difusioncultural\/?p=7237#primaryimage"},"image":{"@id":"https:\/\/blogs.uninter.edu.mx\/difusioncultural\/?p=7237#primaryimage"},"thumbnailUrl":"https:\/\/difusionculturaluninter.files.wordpress.com\/2020\/03\/dc3adamujer5-1024x683-1.jpg","datePublished":"2020-03-06T16:08:10+00:00","breadcrumb":{"@id":"https:\/\/blogs.uninter.edu.mx\/difusioncultural\/?p=7237#breadcrumb"},"inLanguage":"es","potentialAction":[{"@type":"ReadAction","target":["https:\/\/blogs.uninter.edu.mx\/difusioncultural\/?p=7237"]}]},{"@type":"ImageObject","inLanguage":"es","@id":"https:\/\/blogs.uninter.edu.mx\/difusioncultural\/?p=7237#primaryimage","url":"https:\/\/difusionculturaluninter.files.wordpress.com\/2020\/03\/dc3adamujer5-1024x683-1.jpg","contentUrl":"https:\/\/difusionculturaluninter.files.wordpress.com\/2020\/03\/dc3adamujer5-1024x683-1.jpg"},{"@type":"BreadcrumbList","@id":"https:\/\/blogs.uninter.edu.mx\/difusioncultural\/?p=7237#breadcrumb","itemListElement":[{"@type":"ListItem","position":1,"name":"Inicio","item":"https:\/\/blogs.uninter.edu.mx\/difusioncultural\/"},{"@type":"ListItem","position":2,"name":"Conmemoran el D\u00eda Internacional de la Mujer en el IVEC"}]},{"@type":"WebSite","@id":"https:\/\/blogs.uninter.edu.mx\/difusioncultural\/#website","url":"https:\/\/blogs.uninter.edu.mx\/difusioncultural\/","name":"Difusi\u00f3n Cultural","description":"UNINTER","publisher":{"@id":"https:\/\/blogs.uninter.edu.mx\/difusioncultural\/#organization"},"potentialAction":[{"@type":"SearchAction","target":{"@type":"EntryPoint","urlTemplate":"https:\/\/blogs.uninter.edu.mx\/difusioncultural\/?s={search_term_string}"},"query-input":{"@type":"PropertyValueSpecification","valueRequired":true,"valueName":"search_term_string"}}],"inLanguage":"es"},{"@type":"Organization","@id":"https:\/\/blogs.uninter.edu.mx\/difusioncultural\/#organization","name":"Difusi\u00f3n Cultural","url":"https:\/\/blogs.uninter.edu.mx\/difusioncultural\/","logo":{"@type":"ImageObject","inLanguage":"es","@id":"https:\/\/blogs.uninter.edu.mx\/difusioncultural\/#\/schema\/logo\/image\/","url":"https:\/\/blogs.uninter.edu.mx\/difusioncultural\/wp-content\/uploads\/2022\/09\/uninter.jpg","contentUrl":"https:\/\/blogs.uninter.edu.mx\/difusioncultural\/wp-content\/uploads\/2022\/09\/uninter.jpg","width":2048,"height":2048,"caption":"Difusi\u00f3n Cultural"},"image":{"@id":"https:\/\/blogs.uninter.edu.mx\/difusioncultural\/#\/schema\/logo\/image\/"}},{"@type":"Person","@id":"https:\/\/blogs.uninter.edu.mx\/difusioncultural\/#\/schema\/person\/37a0926f4dd300a814993fd595abdc4a","name":"webmaster","image":{"@type":"ImageObject","inLanguage":"es","@id":"https:\/\/blogs.uninter.edu.mx\/difusioncultural\/#\/schema\/person\/image\/","url":"https:\/\/secure.gravatar.com\/avatar\/a59c276b01147463ef3aab4118e3137ebc5e1ad6700deb39ccdf8b89e517f7dc?s=96&d=mm&r=g","contentUrl":"https:\/\/secure.gravatar.com\/avatar\/a59c276b01147463ef3aab4118e3137ebc5e1ad6700deb39ccdf8b89e517f7dc?s=96&d=mm&r=g","caption":"webmaster"},"sameAs":["https:\/\/blogs.uninter.edu.mx\/difusioncultural"],"url":"https:\/\/blogs.uninter.edu.mx\/difusioncultural\/?author=1"}]}},"jetpack_publicize_connections":[],"jetpack_featured_media_url":"","jetpack_sharing_enabled":true,"_links":{"self":[{"href":"https:\/\/blogs.uninter.edu.mx\/difusioncultural\/index.php?rest_route=\/wp\/v2\/posts\/7237","targetHints":{"allow":["GET"]}}],"collection":[{"href":"https:\/\/blogs.uninter.edu.mx\/difusioncultural\/index.php?rest_route=\/wp\/v2\/posts"}],"about":[{"href":"https:\/\/blogs.uninter.edu.mx\/difusioncultural\/index.php?rest_route=\/wp\/v2\/types\/post"}],"author":[{"embeddable":true,"href":"https:\/\/blogs.uninter.edu.mx\/difusioncultural\/index.php?rest_route=\/wp\/v2\/users\/1"}],"replies":[{"embeddable":true,"href":"https:\/\/blogs.uninter.edu.mx\/difusioncultural\/index.php?rest_route=%2Fwp%2Fv2%2Fcomments&post=7237"}],"version-history":[{"count":0,"href":"https:\/\/blogs.uninter.edu.mx\/difusioncultural\/index.php?rest_route=\/wp\/v2\/posts\/7237\/revisions"}],"wp:attachment":[{"href":"https:\/\/blogs.uninter.edu.mx\/difusioncultural\/index.php?rest_route=%2Fwp%2Fv2%2Fmedia&parent=7237"}],"wp:term":[{"taxonomy":"category","embeddable":true,"href":"https:\/\/blogs.uninter.edu.mx\/difusioncultural\/index.php?rest_route=%2Fwp%2Fv2%2Fcategories&post=7237"},{"taxonomy":"post_tag","embeddable":true,"href":"https:\/\/blogs.uninter.edu.mx\/difusioncultural\/index.php?rest_route=%2Fwp%2Fv2%2Ftags&post=7237"}],"curies":[{"name":"wp","href":"https:\/\/api.w.org\/{rel}","templated":true}]}}