{"id":7265,"date":"2020-03-09T10:58:25","date_gmt":"2020-03-09T16:58:25","guid":{"rendered":"https:\/\/difusionculturaluninter.wordpress.com\/?p=7265"},"modified":"2020-03-09T10:58:25","modified_gmt":"2020-03-09T16:58:25","slug":"9-de-marzo-en-milenio-las-mujeres-paramos-y-estas-son-nuestras-razones","status":"publish","type":"post","link":"https:\/\/blogs.uninter.edu.mx\/difusioncultural\/?p=7265","title":{"rendered":"9 de marzo: En Milenio las mujeres paramos y \u00e9stas son nuestras razones"},"content":{"rendered":"<p>En un medio de comunicaci\u00f3n la informaci\u00f3n nunca para, pero este lunes 9 de marzo, las mujeres en MILENIO hemos decidido s\u00ed hacerlo; no salir a la calle a cubrir las asignaciones ni acudir a la redacci\u00f3n a dise\u00f1ar, escribir o editar las p\u00e1ginas del impreso o las notas en el sitio web. Hoy las mujeres de MILENIO estamos en paro por todas aquellas que un d\u00eda ya no pudieron regresar a casa o no llegaron a sus trabajos porque fueron v\u00edctimas de la violencia de g\u00e9nero. Mujeres de MILENIO alzan la voz y comparten sus razones para sumarse al paro:<\/p>\n<h1>Melissa del Pozo<\/h1>\n<p>Reportera &#8220;Por mi valiente hermana que denunci\u00f3 a su profesor acosador de la maestr\u00eda y lo corrieron de la UNAM. Por todos los a\u00f1os que mi madre no trabaj\u00f3, obligada por mi padre que prefer\u00eda que ella se quedara en casa a cuidarnos y hacerle de comer. Por todas las veces que me dijeron que un hombre era mejor para una cobertura de &#8220;riesgo&#8221;. Por las veces que entrevist\u00e9 a pol\u00edticos y estos me dec\u00edan que era bonita para ser reportera o que aceptara una cena o regalos y no me pusiera &#8216;pesada&#8217;. Por todos los a\u00f1os que mis compa\u00f1eras y yo hemos recibido un salario m\u00e1s bajo que el de mis compa\u00f1eros hombres. Por mis amigas madres que han decidido criar a sus hijos sin necesitar de nadie. Por las incansables mujeres que buscan a sus hijos y les queda energ\u00eda para re\u00edr. Por las madres de los ni\u00f1os heridos y fallecidos en la Guarder\u00eda ABC que exigen justicia. Porque quiero que mis sobrinas crezcan fuertes, seguras, saludables; porque ninguna mujer merece violencia de ning\u00fan tipo. Porque merecemos ser felices. Porque estamos hartas de tener miedo&#8221;.<\/p>\n<h1>In\u00e9s Rocha<\/h1>\n<p>Dise\u00f1adora &#8220;Yo paro por mi ni\u00f1a interna, que alguna vez fue abusada por un familiar y s\u00f3lo pudo sacarlo en terapia y perdonarse por callar tanto tiempo por miedo, por verg\u00fcenza y con la seguridad que nadie le creer\u00eda. Paro porque me aterra que mis hijas salgan un d\u00eda a sus actividades, y de seguir as\u00ed, un d\u00eda ya no regresen. Paro por mi yo del presente, que sale cada d\u00eda a trabajar y agradezco cada vez que llego a casa sana y salva para un nuevo d\u00eda. Paro por mis hermanas, mis sobrinas, mis primas, mis amigas, mi madre y todas las mujeres que conforman mi entorno porque quiero tenerlas siempre a mi lado sin estar con la zozobra de no volverlas a ver&#8221;.<\/p>\n<p><img fetchpriority=\"high\" decoding=\"async\" class=\"alignnone size-full wp-image-7270\" src=\"https:\/\/difusionculturaluninter.files.wordpress.com\/2020\/03\/editoras-web-video-redes-sociales_0_22_958_566.jpg\" alt=\"editoras-web-video-redes-sociales_0_22_958_566\" width=\"618\" height=\"348\" \/><\/p>\n<h1>Claudia Amador<\/h1>\n<p>Coordinadora de El Asalto a la Raz\u00f3n con Carlos Mar\u00edn &#8220;Hace poco, le\u00ed una frase de quien se convirti\u00f3 en mi escritora favorita desde mis a\u00f1os adolescentes porque se propuso retratar el desamor y el dolor que por \u00e9l sentimos, ese maltrato al miocardio que s\u00f3lo nota quien lo sufre. Pero ese no es el tema. La record\u00e9 hace algunas semanas cuando recib\u00eda cada vez m\u00e1s fichas de mujeres y ni\u00f1as desaparecidas, algunas de ellas asesinadas; pocas \u201clocalizadas\u201d, tristemente en la condici\u00f3n de ser otra en el mismo empaque juntando las piezas del coraz\u00f3n y la mente tratando de encontrar un resquicio de esperanza para querer seguir viviendo. Desde entonces la repite mi memoria de tanto en tanto. De alguna manera, para mi, resume la indefensi\u00f3n que nos ha venido alcanzando. Dice \u00c1ngeles Mastretta: \u201cNuestro destino es impredecible y azaroso como los sue\u00f1os. Por eso temblamos cada ma\u00f1ana cuando el mundo se ilumina y nos despierta&#8221;. Estremece escuchar las noticias, da temor cuando las mujeres de mi vida, madre, abuela, amigas, vecinas, van rumbo a tomar la calle. Tenemos, en todos los sentidos, un destino incierto, impredecible\u2026 La raz\u00f3n fundamental por la que escribo este texto es porque pienso en el dolor. El dolor ante la p\u00e9rdida de vidas, respeto, seguridad, igualdad, libertad. Indignan la desventaja, la opresi\u00f3n y el abuso. Escribo este texto porque fui acosada y maltratada tres veces tres, como en los toros: en mis primeros a\u00f1os laborales, all\u00e1 por el estallamiento zapatista, un brillante director de Culturas Populares insisti\u00f3 durante un a\u00f1o para que cayera en sus garras. Pese a todo, lo pude capotear amablemente sin consecuencias que lamentar realmente. Tal vez eran otros tiempos. Ahora, de vez en cuando leo muy espor\u00e1dicamente alguna nota sobre \u00e9l y sus dichos. A estas alturas debe ser hombre senil f\u00edsicamente. \u00bfQu\u00e9 hice? Nada. Inexperta, me daban miedo las represalias y la persecuci\u00f3n. Otro, tristemente, fue el primer director de este medio, s\u00ed, director de Milenio. Un sujeto aparentemente terso, muy inteligente pero sumamente atroz. Ese hombre no solo me acos\u00f3 laboralmente, me maltrat\u00f3 terriblemente. No s\u00f3lo a m\u00ed, a la mayor\u00eda de mujeres a su alrededor. Era la viva imagen del desprecio. Muchas no se han dado cuenta todav\u00eda de su oscuro influjo sobre ellas. Su peso, en todos los sentidos, fue aplastante. \u00bfQu\u00e9 hice? Nada. Sab\u00eda que de mi silencio depend\u00eda no solo mi trabajo. Y el tercero vino de quien menos hubiera esperado, de un amigo querido que perdi\u00f3 la raz\u00f3n por su cotidiana inactividad. \u00bfQu\u00e9 hice? Denunciar. \u00bfQu\u00e9 result\u00f3? Un a\u00f1o de pesadumbre. Sus madres, a ellos y a todos esos malnacidos, debieron decirles: \u201cCuando maltratas a una mujer dejas de ser un hombre\u201d. Total que me anim\u00e9 a escribir esto porque duele esa violencia muchas veces imperceptible que ni el agresor repara en ella. Duele la que alcanza grados extremos y salvajes, sangrientos, que te hace pensar que ese es el l\u00edmite de la atrocidad, pero siempre se escala. Escribo esto porque duele haber callado cuando alguna de mis compa\u00f1eras llor\u00f3 en mi hombro por alguna injusticia, maltrato u acoso y no pude ayudarlas o convencerlas de que denunciaran pero, de nuevo, la necesidad, como a mi, las hizo callar. Escribo esto porque duele ver que el trabajo que amabas caiga en manos de un hombre que lo acepta con tal de mantener el suyo. La violencia y la deshonestidad son el \u00faltimo recurso del incompetente y el mediocre. Escribo esto por la sobrina ni\u00f1a de una amiga que hace pocos meses fue llevada lejos de su hogar y encontrada \u201cviva\u201d en otro estado. Escribo esto porque indignan, duelen los argumentos falaces que nos criminalizan. Escribo esto porque duele ser tomadas como moneda de cambio. Escribo esto porque duele la cr\u00edtica con sonrisa en cara. Escribo esto porque no te creen cuando delatas a quien te hostiga y terminas siendo una hist\u00e9rica mentirosa.<\/p>\n<p><img decoding=\"async\" class=\"alignnone size-full wp-image-7271\" src=\"https:\/\/difusionculturaluninter.files.wordpress.com\/2020\/03\/reporteras-editoras-jefa-informacion-negocios_0_35_958_566.jpg\" alt=\"reporteras-editoras-jefa-informacion-negocios_0_35_958_566\" width=\"618\" height=\"348\" \/><\/p>\n<p>Escribo esto porque duele, a cada amanecer, recordar la imagen del rostro brutalmente golpeado de quien amas profundamente. Escribo esto porque duele ver que entre machos hay solidaridad a pesar de que les conste que han dicho o actuado con miserable condici\u00f3n. Por esto y m\u00e1s, debemos romper con el silencio, el miedo; unirnos, pedir ayuda, ser solidarias, E-M-P-\u00c1-T-I-C-A-S entre nosotras y trabajar para alcanzar nuestra seguridad, justicia, equidad. Porque erradicar (ahorita parece sue\u00f1o guajiro) la violencia contra nosotras no solo es una buena idea, buscarla se convierte en la obligaci\u00f3n de cada una, de nuestros compa\u00f1eros de viaje y de cualquier gobierno que se respete. Es garantizar la dignificaci\u00f3n de nuestra naturaleza y valores. Nuestra fortaleza. Que nos aquilaten como similares, fuera de cualquier subordinaci\u00f3n, pero sin dejar de reconocer las obvias diferencias de g\u00e9nero que dan a cada quien su valor \u00fanico. Les deseo que 8 y 9 sean d\u00edas colmados de buenas y profundas reflexiones. Tomemos partido ante las atrocidades. La posici\u00f3n neutral ayuda siempre al agresor, nunca a la v\u00edctima. Ojal\u00e1 pronto escuchemos el sonido de nuestros pies alej\u00e1ndose del miedo, el riesgo y el dolor&#8221;.<\/p>\n<h1>Montserrat Tula<\/h1>\n<p>Editora de redes sociales &#8220;Paro porque al d\u00eda est\u00e1n matando al menos a 10 mujeres, porque la violencia de g\u00e9nero debe visibilizarse, porque las actitudes machistas deben eliminarse y porque aunque se crea que es un problema m\u00ednimo, es algo que nos est\u00e1 rebasando. No importa c\u00f3mo iba vestida, en d\u00f3nde andaba o con qui\u00e9n sal\u00eda, la seguridad deber\u00eda estar garantizada para todas y todos y debemos de dejar de culpar a las v\u00edctimas&#8221;.<\/p>\n","protected":false},"excerpt":{"rendered":"<p>En un medio de comunicaci\u00f3n la informaci\u00f3n nunca para, pero este lunes 9 de marzo, las mujeres en MILENIO hemos decidido s\u00ed hacerlo; no salir a la calle a cubrir las asignaciones ni acudir a la redacci\u00f3n a dise\u00f1ar, escribir o editar las p\u00e1ginas del impreso o las notas en el sitio web. Hoy las&hellip;<\/p>\n","protected":false},"author":1,"featured_media":0,"comment_status":"closed","ping_status":"open","sticky":false,"template":"","format":"standard","meta":{"_jetpack_memberships_contains_paid_content":false,"footnotes":"","jetpack_publicize_message":"","jetpack_publicize_feature_enabled":true,"jetpack_social_post_already_shared":false,"jetpack_social_options":{"image_generator_settings":{"template":"highway","default_image_id":0,"font":"","enabled":false},"version":2}},"categories":[1],"tags":[],"class_list":["post-7265","post","type-post","status-publish","format-standard","hentry","category-sin-categoria"],"yoast_head":"<!-- This site is optimized with the Yoast SEO plugin v26.3 - https:\/\/yoast.com\/wordpress\/plugins\/seo\/ -->\r\n<title>9 de marzo: En Milenio las mujeres paramos y \u00e9stas son nuestras razones - Difusi\u00f3n Cultural<\/title>\r\n<meta name=\"robots\" content=\"index, follow, max-snippet:-1, max-image-preview:large, max-video-preview:-1\" \/>\r\n<link rel=\"canonical\" href=\"https:\/\/blogs.uninter.edu.mx\/difusioncultural\/?p=7265\" \/>\r\n<meta property=\"og:locale\" content=\"es_MX\" \/>\r\n<meta property=\"og:type\" content=\"article\" \/>\r\n<meta property=\"og:title\" content=\"9 de marzo: En Milenio las mujeres paramos y \u00e9stas son nuestras razones - Difusi\u00f3n Cultural\" \/>\r\n<meta property=\"og:description\" content=\"En un medio de comunicaci\u00f3n la informaci\u00f3n nunca para, pero este lunes 9 de marzo, las mujeres en MILENIO hemos decidido s\u00ed hacerlo; no salir a la calle a cubrir las asignaciones ni acudir a la redacci\u00f3n a dise\u00f1ar, escribir o editar las p\u00e1ginas del impreso o las notas en el sitio web. Hoy las&hellip;\" \/>\r\n<meta property=\"og:url\" content=\"https:\/\/blogs.uninter.edu.mx\/difusioncultural\/?p=7265\" \/>\r\n<meta property=\"og:site_name\" content=\"Difusi\u00f3n Cultural\" \/>\r\n<meta property=\"article:published_time\" content=\"2020-03-09T16:58:25+00:00\" \/>\r\n<meta property=\"og:image\" content=\"https:\/\/difusionculturaluninter.files.wordpress.com\/2020\/03\/editoras-web-video-redes-sociales_0_22_958_566.jpg\" \/>\r\n<meta name=\"author\" content=\"webmaster\" \/>\r\n<meta name=\"twitter:card\" content=\"summary_large_image\" \/>\r\n<meta name=\"twitter:label1\" content=\"Escrito por\" \/>\n\t<meta name=\"twitter:data1\" content=\"webmaster\" \/>\n\t<meta name=\"twitter:label2\" content=\"Tiempo de lectura\" \/>\n\t<meta name=\"twitter:data2\" content=\"7 minutos\" \/>\r\n<script type=\"application\/ld+json\" class=\"yoast-schema-graph\">{\"@context\":\"https:\/\/schema.org\",\"@graph\":[{\"@type\":\"Article\",\"@id\":\"https:\/\/blogs.uninter.edu.mx\/difusioncultural\/?p=7265#article\",\"isPartOf\":{\"@id\":\"https:\/\/blogs.uninter.edu.mx\/difusioncultural\/?p=7265\"},\"author\":{\"name\":\"webmaster\",\"@id\":\"https:\/\/blogs.uninter.edu.mx\/difusioncultural\/#\/schema\/person\/37a0926f4dd300a814993fd595abdc4a\"},\"headline\":\"9 de marzo: En Milenio las mujeres paramos y \u00e9stas son nuestras razones\",\"datePublished\":\"2020-03-09T16:58:25+00:00\",\"mainEntityOfPage\":{\"@id\":\"https:\/\/blogs.uninter.edu.mx\/difusioncultural\/?p=7265\"},\"wordCount\":1430,\"publisher\":{\"@id\":\"https:\/\/blogs.uninter.edu.mx\/difusioncultural\/#organization\"},\"image\":{\"@id\":\"https:\/\/blogs.uninter.edu.mx\/difusioncultural\/?p=7265#primaryimage\"},\"thumbnailUrl\":\"https:\/\/difusionculturaluninter.files.wordpress.com\/2020\/03\/editoras-web-video-redes-sociales_0_22_958_566.jpg\",\"inLanguage\":\"es\"},{\"@type\":\"WebPage\",\"@id\":\"https:\/\/blogs.uninter.edu.mx\/difusioncultural\/?p=7265\",\"url\":\"https:\/\/blogs.uninter.edu.mx\/difusioncultural\/?p=7265\",\"name\":\"9 de marzo: En Milenio las mujeres paramos y \u00e9stas son nuestras razones - Difusi\u00f3n Cultural\",\"isPartOf\":{\"@id\":\"https:\/\/blogs.uninter.edu.mx\/difusioncultural\/#website\"},\"primaryImageOfPage\":{\"@id\":\"https:\/\/blogs.uninter.edu.mx\/difusioncultural\/?p=7265#primaryimage\"},\"image\":{\"@id\":\"https:\/\/blogs.uninter.edu.mx\/difusioncultural\/?p=7265#primaryimage\"},\"thumbnailUrl\":\"https:\/\/difusionculturaluninter.files.wordpress.com\/2020\/03\/editoras-web-video-redes-sociales_0_22_958_566.jpg\",\"datePublished\":\"2020-03-09T16:58:25+00:00\",\"breadcrumb\":{\"@id\":\"https:\/\/blogs.uninter.edu.mx\/difusioncultural\/?p=7265#breadcrumb\"},\"inLanguage\":\"es\",\"potentialAction\":[{\"@type\":\"ReadAction\",\"target\":[\"https:\/\/blogs.uninter.edu.mx\/difusioncultural\/?p=7265\"]}]},{\"@type\":\"ImageObject\",\"inLanguage\":\"es\",\"@id\":\"https:\/\/blogs.uninter.edu.mx\/difusioncultural\/?p=7265#primaryimage\",\"url\":\"https:\/\/difusionculturaluninter.files.wordpress.com\/2020\/03\/editoras-web-video-redes-sociales_0_22_958_566.jpg\",\"contentUrl\":\"https:\/\/difusionculturaluninter.files.wordpress.com\/2020\/03\/editoras-web-video-redes-sociales_0_22_958_566.jpg\"},{\"@type\":\"BreadcrumbList\",\"@id\":\"https:\/\/blogs.uninter.edu.mx\/difusioncultural\/?p=7265#breadcrumb\",\"itemListElement\":[{\"@type\":\"ListItem\",\"position\":1,\"name\":\"Inicio\",\"item\":\"https:\/\/blogs.uninter.edu.mx\/difusioncultural\/\"},{\"@type\":\"ListItem\",\"position\":2,\"name\":\"9 de marzo: En Milenio las mujeres paramos y \u00e9stas son nuestras razones\"}]},{\"@type\":\"WebSite\",\"@id\":\"https:\/\/blogs.uninter.edu.mx\/difusioncultural\/#website\",\"url\":\"https:\/\/blogs.uninter.edu.mx\/difusioncultural\/\",\"name\":\"Difusi\u00f3n Cultural\",\"description\":\"UNINTER\",\"publisher\":{\"@id\":\"https:\/\/blogs.uninter.edu.mx\/difusioncultural\/#organization\"},\"potentialAction\":[{\"@type\":\"SearchAction\",\"target\":{\"@type\":\"EntryPoint\",\"urlTemplate\":\"https:\/\/blogs.uninter.edu.mx\/difusioncultural\/?s={search_term_string}\"},\"query-input\":{\"@type\":\"PropertyValueSpecification\",\"valueRequired\":true,\"valueName\":\"search_term_string\"}}],\"inLanguage\":\"es\"},{\"@type\":\"Organization\",\"@id\":\"https:\/\/blogs.uninter.edu.mx\/difusioncultural\/#organization\",\"name\":\"Difusi\u00f3n Cultural\",\"url\":\"https:\/\/blogs.uninter.edu.mx\/difusioncultural\/\",\"logo\":{\"@type\":\"ImageObject\",\"inLanguage\":\"es\",\"@id\":\"https:\/\/blogs.uninter.edu.mx\/difusioncultural\/#\/schema\/logo\/image\/\",\"url\":\"https:\/\/blogs.uninter.edu.mx\/difusioncultural\/wp-content\/uploads\/2022\/09\/uninter.jpg\",\"contentUrl\":\"https:\/\/blogs.uninter.edu.mx\/difusioncultural\/wp-content\/uploads\/2022\/09\/uninter.jpg\",\"width\":2048,\"height\":2048,\"caption\":\"Difusi\u00f3n Cultural\"},\"image\":{\"@id\":\"https:\/\/blogs.uninter.edu.mx\/difusioncultural\/#\/schema\/logo\/image\/\"}},{\"@type\":\"Person\",\"@id\":\"https:\/\/blogs.uninter.edu.mx\/difusioncultural\/#\/schema\/person\/37a0926f4dd300a814993fd595abdc4a\",\"name\":\"webmaster\",\"image\":{\"@type\":\"ImageObject\",\"inLanguage\":\"es\",\"@id\":\"https:\/\/blogs.uninter.edu.mx\/difusioncultural\/#\/schema\/person\/image\/\",\"url\":\"https:\/\/secure.gravatar.com\/avatar\/a59c276b01147463ef3aab4118e3137ebc5e1ad6700deb39ccdf8b89e517f7dc?s=96&d=mm&r=g\",\"contentUrl\":\"https:\/\/secure.gravatar.com\/avatar\/a59c276b01147463ef3aab4118e3137ebc5e1ad6700deb39ccdf8b89e517f7dc?s=96&d=mm&r=g\",\"caption\":\"webmaster\"},\"sameAs\":[\"https:\/\/blogs.uninter.edu.mx\/difusioncultural\"],\"url\":\"https:\/\/blogs.uninter.edu.mx\/difusioncultural\/?author=1\"}]}<\/script>\r\n<!-- \/ Yoast SEO plugin. -->","yoast_head_json":{"title":"9 de marzo: En Milenio las mujeres paramos y \u00e9stas son nuestras razones - Difusi\u00f3n Cultural","robots":{"index":"index","follow":"follow","max-snippet":"max-snippet:-1","max-image-preview":"max-image-preview:large","max-video-preview":"max-video-preview:-1"},"canonical":"https:\/\/blogs.uninter.edu.mx\/difusioncultural\/?p=7265","og_locale":"es_MX","og_type":"article","og_title":"9 de marzo: En Milenio las mujeres paramos y \u00e9stas son nuestras razones - Difusi\u00f3n Cultural","og_description":"En un medio de comunicaci\u00f3n la informaci\u00f3n nunca para, pero este lunes 9 de marzo, las mujeres en MILENIO hemos decidido s\u00ed hacerlo; no salir a la calle a cubrir las asignaciones ni acudir a la redacci\u00f3n a dise\u00f1ar, escribir o editar las p\u00e1ginas del impreso o las notas en el sitio web. Hoy las&hellip;","og_url":"https:\/\/blogs.uninter.edu.mx\/difusioncultural\/?p=7265","og_site_name":"Difusi\u00f3n Cultural","article_published_time":"2020-03-09T16:58:25+00:00","og_image":[{"url":"https:\/\/difusionculturaluninter.files.wordpress.com\/2020\/03\/editoras-web-video-redes-sociales_0_22_958_566.jpg","type":"","width":"","height":""}],"author":"webmaster","twitter_card":"summary_large_image","twitter_misc":{"Escrito por":"webmaster","Tiempo de lectura":"7 minutos"},"schema":{"@context":"https:\/\/schema.org","@graph":[{"@type":"Article","@id":"https:\/\/blogs.uninter.edu.mx\/difusioncultural\/?p=7265#article","isPartOf":{"@id":"https:\/\/blogs.uninter.edu.mx\/difusioncultural\/?p=7265"},"author":{"name":"webmaster","@id":"https:\/\/blogs.uninter.edu.mx\/difusioncultural\/#\/schema\/person\/37a0926f4dd300a814993fd595abdc4a"},"headline":"9 de marzo: En Milenio las mujeres paramos y \u00e9stas son nuestras razones","datePublished":"2020-03-09T16:58:25+00:00","mainEntityOfPage":{"@id":"https:\/\/blogs.uninter.edu.mx\/difusioncultural\/?p=7265"},"wordCount":1430,"publisher":{"@id":"https:\/\/blogs.uninter.edu.mx\/difusioncultural\/#organization"},"image":{"@id":"https:\/\/blogs.uninter.edu.mx\/difusioncultural\/?p=7265#primaryimage"},"thumbnailUrl":"https:\/\/difusionculturaluninter.files.wordpress.com\/2020\/03\/editoras-web-video-redes-sociales_0_22_958_566.jpg","inLanguage":"es"},{"@type":"WebPage","@id":"https:\/\/blogs.uninter.edu.mx\/difusioncultural\/?p=7265","url":"https:\/\/blogs.uninter.edu.mx\/difusioncultural\/?p=7265","name":"9 de marzo: En Milenio las mujeres paramos y \u00e9stas son nuestras razones - Difusi\u00f3n Cultural","isPartOf":{"@id":"https:\/\/blogs.uninter.edu.mx\/difusioncultural\/#website"},"primaryImageOfPage":{"@id":"https:\/\/blogs.uninter.edu.mx\/difusioncultural\/?p=7265#primaryimage"},"image":{"@id":"https:\/\/blogs.uninter.edu.mx\/difusioncultural\/?p=7265#primaryimage"},"thumbnailUrl":"https:\/\/difusionculturaluninter.files.wordpress.com\/2020\/03\/editoras-web-video-redes-sociales_0_22_958_566.jpg","datePublished":"2020-03-09T16:58:25+00:00","breadcrumb":{"@id":"https:\/\/blogs.uninter.edu.mx\/difusioncultural\/?p=7265#breadcrumb"},"inLanguage":"es","potentialAction":[{"@type":"ReadAction","target":["https:\/\/blogs.uninter.edu.mx\/difusioncultural\/?p=7265"]}]},{"@type":"ImageObject","inLanguage":"es","@id":"https:\/\/blogs.uninter.edu.mx\/difusioncultural\/?p=7265#primaryimage","url":"https:\/\/difusionculturaluninter.files.wordpress.com\/2020\/03\/editoras-web-video-redes-sociales_0_22_958_566.jpg","contentUrl":"https:\/\/difusionculturaluninter.files.wordpress.com\/2020\/03\/editoras-web-video-redes-sociales_0_22_958_566.jpg"},{"@type":"BreadcrumbList","@id":"https:\/\/blogs.uninter.edu.mx\/difusioncultural\/?p=7265#breadcrumb","itemListElement":[{"@type":"ListItem","position":1,"name":"Inicio","item":"https:\/\/blogs.uninter.edu.mx\/difusioncultural\/"},{"@type":"ListItem","position":2,"name":"9 de marzo: En Milenio las mujeres paramos y \u00e9stas son nuestras razones"}]},{"@type":"WebSite","@id":"https:\/\/blogs.uninter.edu.mx\/difusioncultural\/#website","url":"https:\/\/blogs.uninter.edu.mx\/difusioncultural\/","name":"Difusi\u00f3n Cultural","description":"UNINTER","publisher":{"@id":"https:\/\/blogs.uninter.edu.mx\/difusioncultural\/#organization"},"potentialAction":[{"@type":"SearchAction","target":{"@type":"EntryPoint","urlTemplate":"https:\/\/blogs.uninter.edu.mx\/difusioncultural\/?s={search_term_string}"},"query-input":{"@type":"PropertyValueSpecification","valueRequired":true,"valueName":"search_term_string"}}],"inLanguage":"es"},{"@type":"Organization","@id":"https:\/\/blogs.uninter.edu.mx\/difusioncultural\/#organization","name":"Difusi\u00f3n Cultural","url":"https:\/\/blogs.uninter.edu.mx\/difusioncultural\/","logo":{"@type":"ImageObject","inLanguage":"es","@id":"https:\/\/blogs.uninter.edu.mx\/difusioncultural\/#\/schema\/logo\/image\/","url":"https:\/\/blogs.uninter.edu.mx\/difusioncultural\/wp-content\/uploads\/2022\/09\/uninter.jpg","contentUrl":"https:\/\/blogs.uninter.edu.mx\/difusioncultural\/wp-content\/uploads\/2022\/09\/uninter.jpg","width":2048,"height":2048,"caption":"Difusi\u00f3n Cultural"},"image":{"@id":"https:\/\/blogs.uninter.edu.mx\/difusioncultural\/#\/schema\/logo\/image\/"}},{"@type":"Person","@id":"https:\/\/blogs.uninter.edu.mx\/difusioncultural\/#\/schema\/person\/37a0926f4dd300a814993fd595abdc4a","name":"webmaster","image":{"@type":"ImageObject","inLanguage":"es","@id":"https:\/\/blogs.uninter.edu.mx\/difusioncultural\/#\/schema\/person\/image\/","url":"https:\/\/secure.gravatar.com\/avatar\/a59c276b01147463ef3aab4118e3137ebc5e1ad6700deb39ccdf8b89e517f7dc?s=96&d=mm&r=g","contentUrl":"https:\/\/secure.gravatar.com\/avatar\/a59c276b01147463ef3aab4118e3137ebc5e1ad6700deb39ccdf8b89e517f7dc?s=96&d=mm&r=g","caption":"webmaster"},"sameAs":["https:\/\/blogs.uninter.edu.mx\/difusioncultural"],"url":"https:\/\/blogs.uninter.edu.mx\/difusioncultural\/?author=1"}]}},"jetpack_publicize_connections":[],"jetpack_featured_media_url":"","jetpack_sharing_enabled":true,"_links":{"self":[{"href":"https:\/\/blogs.uninter.edu.mx\/difusioncultural\/index.php?rest_route=\/wp\/v2\/posts\/7265","targetHints":{"allow":["GET"]}}],"collection":[{"href":"https:\/\/blogs.uninter.edu.mx\/difusioncultural\/index.php?rest_route=\/wp\/v2\/posts"}],"about":[{"href":"https:\/\/blogs.uninter.edu.mx\/difusioncultural\/index.php?rest_route=\/wp\/v2\/types\/post"}],"author":[{"embeddable":true,"href":"https:\/\/blogs.uninter.edu.mx\/difusioncultural\/index.php?rest_route=\/wp\/v2\/users\/1"}],"replies":[{"embeddable":true,"href":"https:\/\/blogs.uninter.edu.mx\/difusioncultural\/index.php?rest_route=%2Fwp%2Fv2%2Fcomments&post=7265"}],"version-history":[{"count":0,"href":"https:\/\/blogs.uninter.edu.mx\/difusioncultural\/index.php?rest_route=\/wp\/v2\/posts\/7265\/revisions"}],"wp:attachment":[{"href":"https:\/\/blogs.uninter.edu.mx\/difusioncultural\/index.php?rest_route=%2Fwp%2Fv2%2Fmedia&parent=7265"}],"wp:term":[{"taxonomy":"category","embeddable":true,"href":"https:\/\/blogs.uninter.edu.mx\/difusioncultural\/index.php?rest_route=%2Fwp%2Fv2%2Fcategories&post=7265"},{"taxonomy":"post_tag","embeddable":true,"href":"https:\/\/blogs.uninter.edu.mx\/difusioncultural\/index.php?rest_route=%2Fwp%2Fv2%2Ftags&post=7265"}],"curies":[{"name":"wp","href":"https:\/\/api.w.org\/{rel}","templated":true}]}}