{"id":7292,"date":"2020-03-17T09:35:58","date_gmt":"2020-03-17T15:35:58","guid":{"rendered":"https:\/\/difusionculturaluninter.wordpress.com\/?p=7292"},"modified":"2020-03-17T09:35:58","modified_gmt":"2020-03-17T15:35:58","slug":"cultura-udlap-presenta-muestra-de-opera-en-el-lunario-del-auditorio-nacional","status":"publish","type":"post","link":"https:\/\/blogs.uninter.edu.mx\/difusioncultural\/?p=7292","title":{"rendered":"Cultura UDLAP presenta muestra de \u00d3pera en el Lunario del Auditorio Nacional"},"content":{"rendered":"<p>a Universidad de las Am\u00e9ricas Puebla contin\u00faa con la promoci\u00f3n de su temporada cultural en el Lunario del Auditorio Nacional, uno de los recintos m\u00e1s ic\u00f3nicos de la Ciudad de M\u00e9xico. Esta vez, toca el turno a\u00a0\u201cMozartissimo Noche de \u00d3pera\u201d arias y ensambles de \u00f3peras de Mozart con orquesta en vivo, una muestra\u00a0de\u00a0\u00d3pera UDLAP, Equipo Cultural Representativo\u00a0de reconocimiento nacional e internacional que se realizar\u00e1 el 25 de marzo.<\/p>\n<p><img fetchpriority=\"high\" decoding=\"async\" class=\"alignnone size-full wp-image-7294\" src=\"https:\/\/difusionculturaluninter.files.wordpress.com\/2020\/03\/bc4904f0467dfd130572792722077ab5_xl.jpg\" alt=\"bc4904f0467dfd130572792722077ab5_XL\" width=\"900\" height=\"474\" \/><\/p>\n<p>En la conferencia de prensa, celebrada en UDLAP Jenkins Graduate School, la oficina de enlace en Ciudad de M\u00e9xico, el Mtro. Sergio Castro Medina, director general de Difusi\u00f3n Cultural, arranc\u00f3 el anuncio recordando que, \u201cla parte escencial de la direcci\u00f3n general de Difusi\u00f3n Cultural es la promoci\u00f3n y creaci\u00f3n de actividades culturales que est\u00e1n emanadas de la Escuela de Artes y Humanidades y de los proyectos de la instituci\u00f3n. En este sentido, con la Ciudad de M\u00e9xico buscamos tener la oportunidad de vincularnos con este lugar emblem\u00e1tico, profesional y que nuestros estudiantes tengan la opcion de enfrentarse a un p\u00fablico cr\u00edtico y ajeno a lo que estamos acostumbrados\u201d, explic\u00f3.<\/p>\n<p>Funciones:<\/p>\n<p><strong>25 de marzo<\/strong><\/p>\n<p>Mozartissimo: Noche de \u00d3pera<\/p>\n<p>\u00d3pera UDLAP<\/p>\n<p><strong>22 de abril<\/strong><\/p>\n<p>The BlueCheese<\/p>\n<p>A jazz night<\/p>\n<p><strong>27 de mayo<\/strong><\/p>\n<p>Sue\u00f1os<\/p>\n<p>Danza UDLAP<\/p>\n<p><strong>17 de junio<\/strong><\/p>\n<p>La mujer que cay\u00f3 del cielo<\/p>\n<p>Compa\u00f1\u00eda de Teatro UDLAP<\/p>\n<p>&nbsp;<\/p>\n","protected":false},"excerpt":{"rendered":"<p>a Universidad de las Am\u00e9ricas Puebla contin\u00faa con la promoci\u00f3n de su temporada cultural en el Lunario del Auditorio Nacional, uno de los recintos m\u00e1s ic\u00f3nicos de la Ciudad de M\u00e9xico. Esta vez, toca el turno a\u00a0\u201cMozartissimo Noche de \u00d3pera\u201d arias y ensambles de \u00f3peras de Mozart con orquesta en vivo, una muestra\u00a0de\u00a0\u00d3pera UDLAP, Equipo&hellip;<\/p>\n","protected":false},"author":1,"featured_media":0,"comment_status":"closed","ping_status":"open","sticky":false,"template":"","format":"standard","meta":{"_jetpack_memberships_contains_paid_content":false,"footnotes":"","jetpack_publicize_message":"","jetpack_publicize_feature_enabled":true,"jetpack_social_post_already_shared":false,"jetpack_social_options":{"image_generator_settings":{"template":"highway","default_image_id":0,"font":"","enabled":false},"version":2}},"categories":[1],"tags":[],"class_list":["post-7292","post","type-post","status-publish","format-standard","hentry","category-sin-categoria"],"yoast_head":"<!-- This site is optimized with the Yoast SEO plugin v26.3 - https:\/\/yoast.com\/wordpress\/plugins\/seo\/ -->\r\n<title>Cultura UDLAP presenta muestra de \u00d3pera en el Lunario del Auditorio Nacional - Difusi\u00f3n Cultural<\/title>\r\n<meta name=\"robots\" content=\"index, follow, max-snippet:-1, max-image-preview:large, max-video-preview:-1\" \/>\r\n<link rel=\"canonical\" href=\"https:\/\/blogs.uninter.edu.mx\/difusioncultural\/?p=7292\" \/>\r\n<meta property=\"og:locale\" content=\"es_MX\" \/>\r\n<meta property=\"og:type\" content=\"article\" \/>\r\n<meta property=\"og:title\" content=\"Cultura UDLAP presenta muestra de \u00d3pera en el Lunario del Auditorio Nacional - Difusi\u00f3n Cultural\" \/>\r\n<meta property=\"og:description\" content=\"a Universidad de las Am\u00e9ricas Puebla contin\u00faa con la promoci\u00f3n de su temporada cultural en el Lunario del Auditorio Nacional, uno de los recintos m\u00e1s ic\u00f3nicos de la Ciudad de M\u00e9xico. Esta vez, toca el turno a\u00a0\u201cMozartissimo Noche de \u00d3pera\u201d arias y ensambles de \u00f3peras de Mozart con orquesta en vivo, una muestra\u00a0de\u00a0\u00d3pera UDLAP, Equipo&hellip;\" \/>\r\n<meta property=\"og:url\" content=\"https:\/\/blogs.uninter.edu.mx\/difusioncultural\/?p=7292\" \/>\r\n<meta property=\"og:site_name\" content=\"Difusi\u00f3n Cultural\" \/>\r\n<meta property=\"article:published_time\" content=\"2020-03-17T15:35:58+00:00\" \/>\r\n<meta property=\"og:image\" content=\"https:\/\/difusionculturaluninter.files.wordpress.com\/2020\/03\/bc4904f0467dfd130572792722077ab5_xl.jpg\" \/>\r\n<meta name=\"author\" content=\"webmaster\" \/>\r\n<meta name=\"twitter:card\" content=\"summary_large_image\" \/>\r\n<meta name=\"twitter:label1\" content=\"Escrito por\" \/>\n\t<meta name=\"twitter:data1\" content=\"webmaster\" \/>\n\t<meta name=\"twitter:label2\" content=\"Tiempo de lectura\" \/>\n\t<meta name=\"twitter:data2\" content=\"1 minuto\" \/>\r\n<script type=\"application\/ld+json\" class=\"yoast-schema-graph\">{\"@context\":\"https:\/\/schema.org\",\"@graph\":[{\"@type\":\"Article\",\"@id\":\"https:\/\/blogs.uninter.edu.mx\/difusioncultural\/?p=7292#article\",\"isPartOf\":{\"@id\":\"https:\/\/blogs.uninter.edu.mx\/difusioncultural\/?p=7292\"},\"author\":{\"name\":\"webmaster\",\"@id\":\"https:\/\/blogs.uninter.edu.mx\/difusioncultural\/#\/schema\/person\/37a0926f4dd300a814993fd595abdc4a\"},\"headline\":\"Cultura UDLAP presenta muestra de \u00d3pera en el Lunario del Auditorio Nacional\",\"datePublished\":\"2020-03-17T15:35:58+00:00\",\"mainEntityOfPage\":{\"@id\":\"https:\/\/blogs.uninter.edu.mx\/difusioncultural\/?p=7292\"},\"wordCount\":246,\"publisher\":{\"@id\":\"https:\/\/blogs.uninter.edu.mx\/difusioncultural\/#organization\"},\"image\":{\"@id\":\"https:\/\/blogs.uninter.edu.mx\/difusioncultural\/?p=7292#primaryimage\"},\"thumbnailUrl\":\"https:\/\/difusionculturaluninter.files.wordpress.com\/2020\/03\/bc4904f0467dfd130572792722077ab5_xl.jpg\",\"inLanguage\":\"es\"},{\"@type\":\"WebPage\",\"@id\":\"https:\/\/blogs.uninter.edu.mx\/difusioncultural\/?p=7292\",\"url\":\"https:\/\/blogs.uninter.edu.mx\/difusioncultural\/?p=7292\",\"name\":\"Cultura UDLAP presenta muestra de \u00d3pera en el Lunario del Auditorio Nacional - Difusi\u00f3n Cultural\",\"isPartOf\":{\"@id\":\"https:\/\/blogs.uninter.edu.mx\/difusioncultural\/#website\"},\"primaryImageOfPage\":{\"@id\":\"https:\/\/blogs.uninter.edu.mx\/difusioncultural\/?p=7292#primaryimage\"},\"image\":{\"@id\":\"https:\/\/blogs.uninter.edu.mx\/difusioncultural\/?p=7292#primaryimage\"},\"thumbnailUrl\":\"https:\/\/difusionculturaluninter.files.wordpress.com\/2020\/03\/bc4904f0467dfd130572792722077ab5_xl.jpg\",\"datePublished\":\"2020-03-17T15:35:58+00:00\",\"breadcrumb\":{\"@id\":\"https:\/\/blogs.uninter.edu.mx\/difusioncultural\/?p=7292#breadcrumb\"},\"inLanguage\":\"es\",\"potentialAction\":[{\"@type\":\"ReadAction\",\"target\":[\"https:\/\/blogs.uninter.edu.mx\/difusioncultural\/?p=7292\"]}]},{\"@type\":\"ImageObject\",\"inLanguage\":\"es\",\"@id\":\"https:\/\/blogs.uninter.edu.mx\/difusioncultural\/?p=7292#primaryimage\",\"url\":\"https:\/\/difusionculturaluninter.files.wordpress.com\/2020\/03\/bc4904f0467dfd130572792722077ab5_xl.jpg\",\"contentUrl\":\"https:\/\/difusionculturaluninter.files.wordpress.com\/2020\/03\/bc4904f0467dfd130572792722077ab5_xl.jpg\"},{\"@type\":\"BreadcrumbList\",\"@id\":\"https:\/\/blogs.uninter.edu.mx\/difusioncultural\/?p=7292#breadcrumb\",\"itemListElement\":[{\"@type\":\"ListItem\",\"position\":1,\"name\":\"Inicio\",\"item\":\"https:\/\/blogs.uninter.edu.mx\/difusioncultural\/\"},{\"@type\":\"ListItem\",\"position\":2,\"name\":\"Cultura UDLAP presenta muestra de \u00d3pera en el Lunario del Auditorio Nacional\"}]},{\"@type\":\"WebSite\",\"@id\":\"https:\/\/blogs.uninter.edu.mx\/difusioncultural\/#website\",\"url\":\"https:\/\/blogs.uninter.edu.mx\/difusioncultural\/\",\"name\":\"Difusi\u00f3n Cultural\",\"description\":\"UNINTER\",\"publisher\":{\"@id\":\"https:\/\/blogs.uninter.edu.mx\/difusioncultural\/#organization\"},\"potentialAction\":[{\"@type\":\"SearchAction\",\"target\":{\"@type\":\"EntryPoint\",\"urlTemplate\":\"https:\/\/blogs.uninter.edu.mx\/difusioncultural\/?s={search_term_string}\"},\"query-input\":{\"@type\":\"PropertyValueSpecification\",\"valueRequired\":true,\"valueName\":\"search_term_string\"}}],\"inLanguage\":\"es\"},{\"@type\":\"Organization\",\"@id\":\"https:\/\/blogs.uninter.edu.mx\/difusioncultural\/#organization\",\"name\":\"Difusi\u00f3n Cultural\",\"url\":\"https:\/\/blogs.uninter.edu.mx\/difusioncultural\/\",\"logo\":{\"@type\":\"ImageObject\",\"inLanguage\":\"es\",\"@id\":\"https:\/\/blogs.uninter.edu.mx\/difusioncultural\/#\/schema\/logo\/image\/\",\"url\":\"https:\/\/blogs.uninter.edu.mx\/difusioncultural\/wp-content\/uploads\/2022\/09\/uninter.jpg\",\"contentUrl\":\"https:\/\/blogs.uninter.edu.mx\/difusioncultural\/wp-content\/uploads\/2022\/09\/uninter.jpg\",\"width\":2048,\"height\":2048,\"caption\":\"Difusi\u00f3n Cultural\"},\"image\":{\"@id\":\"https:\/\/blogs.uninter.edu.mx\/difusioncultural\/#\/schema\/logo\/image\/\"}},{\"@type\":\"Person\",\"@id\":\"https:\/\/blogs.uninter.edu.mx\/difusioncultural\/#\/schema\/person\/37a0926f4dd300a814993fd595abdc4a\",\"name\":\"webmaster\",\"image\":{\"@type\":\"ImageObject\",\"inLanguage\":\"es\",\"@id\":\"https:\/\/blogs.uninter.edu.mx\/difusioncultural\/#\/schema\/person\/image\/\",\"url\":\"https:\/\/secure.gravatar.com\/avatar\/a59c276b01147463ef3aab4118e3137ebc5e1ad6700deb39ccdf8b89e517f7dc?s=96&d=mm&r=g\",\"contentUrl\":\"https:\/\/secure.gravatar.com\/avatar\/a59c276b01147463ef3aab4118e3137ebc5e1ad6700deb39ccdf8b89e517f7dc?s=96&d=mm&r=g\",\"caption\":\"webmaster\"},\"sameAs\":[\"https:\/\/blogs.uninter.edu.mx\/difusioncultural\"],\"url\":\"https:\/\/blogs.uninter.edu.mx\/difusioncultural\/?author=1\"}]}<\/script>\r\n<!-- \/ Yoast SEO plugin. -->","yoast_head_json":{"title":"Cultura UDLAP presenta muestra de \u00d3pera en el Lunario del Auditorio Nacional - Difusi\u00f3n Cultural","robots":{"index":"index","follow":"follow","max-snippet":"max-snippet:-1","max-image-preview":"max-image-preview:large","max-video-preview":"max-video-preview:-1"},"canonical":"https:\/\/blogs.uninter.edu.mx\/difusioncultural\/?p=7292","og_locale":"es_MX","og_type":"article","og_title":"Cultura UDLAP presenta muestra de \u00d3pera en el Lunario del Auditorio Nacional - Difusi\u00f3n Cultural","og_description":"a Universidad de las Am\u00e9ricas Puebla contin\u00faa con la promoci\u00f3n de su temporada cultural en el Lunario del Auditorio Nacional, uno de los recintos m\u00e1s ic\u00f3nicos de la Ciudad de M\u00e9xico. Esta vez, toca el turno a\u00a0\u201cMozartissimo Noche de \u00d3pera\u201d arias y ensambles de \u00f3peras de Mozart con orquesta en vivo, una muestra\u00a0de\u00a0\u00d3pera UDLAP, Equipo&hellip;","og_url":"https:\/\/blogs.uninter.edu.mx\/difusioncultural\/?p=7292","og_site_name":"Difusi\u00f3n Cultural","article_published_time":"2020-03-17T15:35:58+00:00","og_image":[{"url":"https:\/\/difusionculturaluninter.files.wordpress.com\/2020\/03\/bc4904f0467dfd130572792722077ab5_xl.jpg","type":"","width":"","height":""}],"author":"webmaster","twitter_card":"summary_large_image","twitter_misc":{"Escrito por":"webmaster","Tiempo de lectura":"1 minuto"},"schema":{"@context":"https:\/\/schema.org","@graph":[{"@type":"Article","@id":"https:\/\/blogs.uninter.edu.mx\/difusioncultural\/?p=7292#article","isPartOf":{"@id":"https:\/\/blogs.uninter.edu.mx\/difusioncultural\/?p=7292"},"author":{"name":"webmaster","@id":"https:\/\/blogs.uninter.edu.mx\/difusioncultural\/#\/schema\/person\/37a0926f4dd300a814993fd595abdc4a"},"headline":"Cultura UDLAP presenta muestra de \u00d3pera en el Lunario del Auditorio Nacional","datePublished":"2020-03-17T15:35:58+00:00","mainEntityOfPage":{"@id":"https:\/\/blogs.uninter.edu.mx\/difusioncultural\/?p=7292"},"wordCount":246,"publisher":{"@id":"https:\/\/blogs.uninter.edu.mx\/difusioncultural\/#organization"},"image":{"@id":"https:\/\/blogs.uninter.edu.mx\/difusioncultural\/?p=7292#primaryimage"},"thumbnailUrl":"https:\/\/difusionculturaluninter.files.wordpress.com\/2020\/03\/bc4904f0467dfd130572792722077ab5_xl.jpg","inLanguage":"es"},{"@type":"WebPage","@id":"https:\/\/blogs.uninter.edu.mx\/difusioncultural\/?p=7292","url":"https:\/\/blogs.uninter.edu.mx\/difusioncultural\/?p=7292","name":"Cultura UDLAP presenta muestra de \u00d3pera en el Lunario del Auditorio Nacional - Difusi\u00f3n Cultural","isPartOf":{"@id":"https:\/\/blogs.uninter.edu.mx\/difusioncultural\/#website"},"primaryImageOfPage":{"@id":"https:\/\/blogs.uninter.edu.mx\/difusioncultural\/?p=7292#primaryimage"},"image":{"@id":"https:\/\/blogs.uninter.edu.mx\/difusioncultural\/?p=7292#primaryimage"},"thumbnailUrl":"https:\/\/difusionculturaluninter.files.wordpress.com\/2020\/03\/bc4904f0467dfd130572792722077ab5_xl.jpg","datePublished":"2020-03-17T15:35:58+00:00","breadcrumb":{"@id":"https:\/\/blogs.uninter.edu.mx\/difusioncultural\/?p=7292#breadcrumb"},"inLanguage":"es","potentialAction":[{"@type":"ReadAction","target":["https:\/\/blogs.uninter.edu.mx\/difusioncultural\/?p=7292"]}]},{"@type":"ImageObject","inLanguage":"es","@id":"https:\/\/blogs.uninter.edu.mx\/difusioncultural\/?p=7292#primaryimage","url":"https:\/\/difusionculturaluninter.files.wordpress.com\/2020\/03\/bc4904f0467dfd130572792722077ab5_xl.jpg","contentUrl":"https:\/\/difusionculturaluninter.files.wordpress.com\/2020\/03\/bc4904f0467dfd130572792722077ab5_xl.jpg"},{"@type":"BreadcrumbList","@id":"https:\/\/blogs.uninter.edu.mx\/difusioncultural\/?p=7292#breadcrumb","itemListElement":[{"@type":"ListItem","position":1,"name":"Inicio","item":"https:\/\/blogs.uninter.edu.mx\/difusioncultural\/"},{"@type":"ListItem","position":2,"name":"Cultura UDLAP presenta muestra de \u00d3pera en el Lunario del Auditorio Nacional"}]},{"@type":"WebSite","@id":"https:\/\/blogs.uninter.edu.mx\/difusioncultural\/#website","url":"https:\/\/blogs.uninter.edu.mx\/difusioncultural\/","name":"Difusi\u00f3n Cultural","description":"UNINTER","publisher":{"@id":"https:\/\/blogs.uninter.edu.mx\/difusioncultural\/#organization"},"potentialAction":[{"@type":"SearchAction","target":{"@type":"EntryPoint","urlTemplate":"https:\/\/blogs.uninter.edu.mx\/difusioncultural\/?s={search_term_string}"},"query-input":{"@type":"PropertyValueSpecification","valueRequired":true,"valueName":"search_term_string"}}],"inLanguage":"es"},{"@type":"Organization","@id":"https:\/\/blogs.uninter.edu.mx\/difusioncultural\/#organization","name":"Difusi\u00f3n Cultural","url":"https:\/\/blogs.uninter.edu.mx\/difusioncultural\/","logo":{"@type":"ImageObject","inLanguage":"es","@id":"https:\/\/blogs.uninter.edu.mx\/difusioncultural\/#\/schema\/logo\/image\/","url":"https:\/\/blogs.uninter.edu.mx\/difusioncultural\/wp-content\/uploads\/2022\/09\/uninter.jpg","contentUrl":"https:\/\/blogs.uninter.edu.mx\/difusioncultural\/wp-content\/uploads\/2022\/09\/uninter.jpg","width":2048,"height":2048,"caption":"Difusi\u00f3n Cultural"},"image":{"@id":"https:\/\/blogs.uninter.edu.mx\/difusioncultural\/#\/schema\/logo\/image\/"}},{"@type":"Person","@id":"https:\/\/blogs.uninter.edu.mx\/difusioncultural\/#\/schema\/person\/37a0926f4dd300a814993fd595abdc4a","name":"webmaster","image":{"@type":"ImageObject","inLanguage":"es","@id":"https:\/\/blogs.uninter.edu.mx\/difusioncultural\/#\/schema\/person\/image\/","url":"https:\/\/secure.gravatar.com\/avatar\/a59c276b01147463ef3aab4118e3137ebc5e1ad6700deb39ccdf8b89e517f7dc?s=96&d=mm&r=g","contentUrl":"https:\/\/secure.gravatar.com\/avatar\/a59c276b01147463ef3aab4118e3137ebc5e1ad6700deb39ccdf8b89e517f7dc?s=96&d=mm&r=g","caption":"webmaster"},"sameAs":["https:\/\/blogs.uninter.edu.mx\/difusioncultural"],"url":"https:\/\/blogs.uninter.edu.mx\/difusioncultural\/?author=1"}]}},"jetpack_publicize_connections":[],"jetpack_featured_media_url":"","jetpack_sharing_enabled":true,"_links":{"self":[{"href":"https:\/\/blogs.uninter.edu.mx\/difusioncultural\/index.php?rest_route=\/wp\/v2\/posts\/7292","targetHints":{"allow":["GET"]}}],"collection":[{"href":"https:\/\/blogs.uninter.edu.mx\/difusioncultural\/index.php?rest_route=\/wp\/v2\/posts"}],"about":[{"href":"https:\/\/blogs.uninter.edu.mx\/difusioncultural\/index.php?rest_route=\/wp\/v2\/types\/post"}],"author":[{"embeddable":true,"href":"https:\/\/blogs.uninter.edu.mx\/difusioncultural\/index.php?rest_route=\/wp\/v2\/users\/1"}],"replies":[{"embeddable":true,"href":"https:\/\/blogs.uninter.edu.mx\/difusioncultural\/index.php?rest_route=%2Fwp%2Fv2%2Fcomments&post=7292"}],"version-history":[{"count":0,"href":"https:\/\/blogs.uninter.edu.mx\/difusioncultural\/index.php?rest_route=\/wp\/v2\/posts\/7292\/revisions"}],"wp:attachment":[{"href":"https:\/\/blogs.uninter.edu.mx\/difusioncultural\/index.php?rest_route=%2Fwp%2Fv2%2Fmedia&parent=7292"}],"wp:term":[{"taxonomy":"category","embeddable":true,"href":"https:\/\/blogs.uninter.edu.mx\/difusioncultural\/index.php?rest_route=%2Fwp%2Fv2%2Fcategories&post=7292"},{"taxonomy":"post_tag","embeddable":true,"href":"https:\/\/blogs.uninter.edu.mx\/difusioncultural\/index.php?rest_route=%2Fwp%2Fv2%2Ftags&post=7292"}],"curies":[{"name":"wp","href":"https:\/\/api.w.org\/{rel}","templated":true}]}}