{"id":7300,"date":"2020-03-17T09:43:35","date_gmt":"2020-03-17T15:43:35","guid":{"rendered":"https:\/\/difusionculturaluninter.wordpress.com\/?p=7300"},"modified":"2020-03-17T09:43:35","modified_gmt":"2020-03-17T15:43:35","slug":"secretarias-de-cultura-universidad-de-guadalajara-y-fomento-cultural-citibanamex-suspenden-actividades","status":"publish","type":"post","link":"https:\/\/blogs.uninter.edu.mx\/difusioncultural\/?p=7300","title":{"rendered":"Secretar\u00edas de Cultura, Universidad de Guadalajara y Fomento Cultural Citibanamex suspenden actividades"},"content":{"rendered":"<p>Fomento Cultural Citibanamex y Cultura de la Universidad de Guadalajara (UDG) tambi\u00e9n anunciaron la suspensi\u00f3n de sus actividades, en tanto que la Secretar\u00eda de Cultura de la Ciudad de M\u00e9xico dio a conocer que el espect\u00e1culo \u201cNoche de Primavera\u201d, en el Centro Hist\u00f3rico de esta ciudad, ser\u00e1 a puerta cerrada y podr\u00e1 seguirse a trav\u00e9s de internet.<\/p>\n<p>En un comunicado, la SC federal precis\u00f3 que la informaci\u00f3n emitida va en concordancia con los criterios de la Secretar\u00eda de Educaci\u00f3n P\u00fablica (SEP), que ampli\u00f3 las vacaciones de Semana Santa (20 de marzo al 20 de abril).<\/p>\n<p>En el caso de la Cineteca Nacional, operar\u00e1 al 50% de su capacidad a partir de este martes 17. En ese espacio tambi\u00e9n se suspender\u00e1 el foro al aire libre y el resto de la programaci\u00f3n art\u00edstica.<\/p>\n<p>\u201cLos recintos cerrados y al aire libre, como museos, galer\u00edas, zonas arqueol\u00f3gicas, bibliotecas y tiendas permanecer\u00e1n abiertos y se aplicar\u00e1 el criterio de sana distancia para limitar el cupo\u201d, apunt\u00f3.<\/p>\n<p><img fetchpriority=\"high\" decoding=\"async\" class=\"alignnone size-full wp-image-7304\" src=\"https:\/\/difusionculturaluninter.files.wordpress.com\/2020\/03\/cineteca-nacional.jpg\" alt=\"cineteca-nacional\" width=\"1200\" height=\"806\" \/><\/p>\n<p>Esta pausa \u2013a\u00f1adi\u00f3\u2013 no significa la suspensi\u00f3n de la vida cultural \u201cque encontrar\u00e1 otras formas de socializaci\u00f3n por v\u00edas de difusi\u00f3n alternativas\u201d.<\/p>\n<p>En el caso de la Secretar\u00eda de Cultura capitalina, inform\u00f3 que su \u201cNoche de Primavera 2020\u201d, en el marco del equinoccio de primavera, en el Centro Hist\u00f3rico, se realizar\u00e1 a puerta cerrada en el Teatro de la Ciudad Esperanza Iris, el s\u00e1bado 21 de marzo, y podr\u00e1 seguirse v\u00eda streaming (en vivo por internet) a trav\u00e9s de la web de la Ciudad de M\u00e9xico, a las 17 horas, o bien por la televisora Capital 21.<\/p>\n<p>El espect\u00e1culo de apertura estar\u00e1 a cargo de la Orquesta Sinf\u00f3nica Sororidad de la Ciudad de M\u00e9xico, con un concierto que ser\u00e1 dirigido por las hermanas Josefa y Esperanza de Velasco. La agrupaci\u00f3n re\u00fane a 80 mujeres instrumentistas que a la vez forman parte de distintas orquestas sinf\u00f3nicas del pa\u00eds.<\/p>\n<p>La Universidad de Guadalajara (UdeG), y el gobierno del estado acordaron suspender las actividades programadas en los recintos acad\u00e9micos a partir de este martes 17 y hasta nuevo aviso.<\/p>\n","protected":false},"excerpt":{"rendered":"<p>Fomento Cultural Citibanamex y Cultura de la Universidad de Guadalajara (UDG) tambi\u00e9n anunciaron la suspensi\u00f3n de sus actividades, en tanto que la Secretar\u00eda de Cultura de la Ciudad de M\u00e9xico dio a conocer que el espect\u00e1culo \u201cNoche de Primavera\u201d, en el Centro Hist\u00f3rico de esta ciudad, ser\u00e1 a puerta cerrada y podr\u00e1 seguirse a trav\u00e9s&hellip;<\/p>\n","protected":false},"author":1,"featured_media":0,"comment_status":"closed","ping_status":"open","sticky":false,"template":"","format":"standard","meta":{"_jetpack_memberships_contains_paid_content":false,"footnotes":"","jetpack_publicize_message":"","jetpack_publicize_feature_enabled":true,"jetpack_social_post_already_shared":false,"jetpack_social_options":{"image_generator_settings":{"template":"highway","default_image_id":0,"font":"","enabled":false},"version":2}},"categories":[1],"tags":[],"class_list":["post-7300","post","type-post","status-publish","format-standard","hentry","category-sin-categoria"],"yoast_head":"<!-- This site is optimized with the Yoast SEO plugin v26.3 - https:\/\/yoast.com\/wordpress\/plugins\/seo\/ -->\r\n<title>Secretar\u00edas de Cultura, Universidad de Guadalajara y Fomento Cultural Citibanamex suspenden actividades - Difusi\u00f3n Cultural<\/title>\r\n<meta name=\"robots\" content=\"index, follow, max-snippet:-1, max-image-preview:large, max-video-preview:-1\" \/>\r\n<link rel=\"canonical\" href=\"https:\/\/blogs.uninter.edu.mx\/difusioncultural\/?p=7300\" \/>\r\n<meta property=\"og:locale\" content=\"es_MX\" \/>\r\n<meta property=\"og:type\" content=\"article\" \/>\r\n<meta property=\"og:title\" content=\"Secretar\u00edas de Cultura, Universidad de Guadalajara y Fomento Cultural Citibanamex suspenden actividades - Difusi\u00f3n Cultural\" \/>\r\n<meta property=\"og:description\" content=\"Fomento Cultural Citibanamex y Cultura de la Universidad de Guadalajara (UDG) tambi\u00e9n anunciaron la suspensi\u00f3n de sus actividades, en tanto que la Secretar\u00eda de Cultura de la Ciudad de M\u00e9xico dio a conocer que el espect\u00e1culo \u201cNoche de Primavera\u201d, en el Centro Hist\u00f3rico de esta ciudad, ser\u00e1 a puerta cerrada y podr\u00e1 seguirse a trav\u00e9s&hellip;\" \/>\r\n<meta property=\"og:url\" content=\"https:\/\/blogs.uninter.edu.mx\/difusioncultural\/?p=7300\" \/>\r\n<meta property=\"og:site_name\" content=\"Difusi\u00f3n Cultural\" \/>\r\n<meta property=\"article:published_time\" content=\"2020-03-17T15:43:35+00:00\" \/>\r\n<meta property=\"og:image\" content=\"https:\/\/difusionculturaluninter.files.wordpress.com\/2020\/03\/cineteca-nacional.jpg\" \/>\r\n<meta name=\"author\" content=\"webmaster\" \/>\r\n<meta name=\"twitter:card\" content=\"summary_large_image\" \/>\r\n<meta name=\"twitter:label1\" content=\"Escrito por\" \/>\n\t<meta name=\"twitter:data1\" content=\"webmaster\" \/>\n\t<meta name=\"twitter:label2\" content=\"Tiempo de lectura\" \/>\n\t<meta name=\"twitter:data2\" content=\"2 minutos\" \/>\r\n<script type=\"application\/ld+json\" class=\"yoast-schema-graph\">{\"@context\":\"https:\/\/schema.org\",\"@graph\":[{\"@type\":\"Article\",\"@id\":\"https:\/\/blogs.uninter.edu.mx\/difusioncultural\/?p=7300#article\",\"isPartOf\":{\"@id\":\"https:\/\/blogs.uninter.edu.mx\/difusioncultural\/?p=7300\"},\"author\":{\"name\":\"webmaster\",\"@id\":\"https:\/\/blogs.uninter.edu.mx\/difusioncultural\/#\/schema\/person\/37a0926f4dd300a814993fd595abdc4a\"},\"headline\":\"Secretar\u00edas de Cultura, Universidad de Guadalajara y Fomento Cultural Citibanamex suspenden actividades\",\"datePublished\":\"2020-03-17T15:43:35+00:00\",\"mainEntityOfPage\":{\"@id\":\"https:\/\/blogs.uninter.edu.mx\/difusioncultural\/?p=7300\"},\"wordCount\":377,\"publisher\":{\"@id\":\"https:\/\/blogs.uninter.edu.mx\/difusioncultural\/#organization\"},\"image\":{\"@id\":\"https:\/\/blogs.uninter.edu.mx\/difusioncultural\/?p=7300#primaryimage\"},\"thumbnailUrl\":\"https:\/\/difusionculturaluninter.files.wordpress.com\/2020\/03\/cineteca-nacional.jpg\",\"inLanguage\":\"es\"},{\"@type\":\"WebPage\",\"@id\":\"https:\/\/blogs.uninter.edu.mx\/difusioncultural\/?p=7300\",\"url\":\"https:\/\/blogs.uninter.edu.mx\/difusioncultural\/?p=7300\",\"name\":\"Secretar\u00edas de Cultura, Universidad de Guadalajara y Fomento Cultural Citibanamex suspenden actividades - Difusi\u00f3n Cultural\",\"isPartOf\":{\"@id\":\"https:\/\/blogs.uninter.edu.mx\/difusioncultural\/#website\"},\"primaryImageOfPage\":{\"@id\":\"https:\/\/blogs.uninter.edu.mx\/difusioncultural\/?p=7300#primaryimage\"},\"image\":{\"@id\":\"https:\/\/blogs.uninter.edu.mx\/difusioncultural\/?p=7300#primaryimage\"},\"thumbnailUrl\":\"https:\/\/difusionculturaluninter.files.wordpress.com\/2020\/03\/cineteca-nacional.jpg\",\"datePublished\":\"2020-03-17T15:43:35+00:00\",\"breadcrumb\":{\"@id\":\"https:\/\/blogs.uninter.edu.mx\/difusioncultural\/?p=7300#breadcrumb\"},\"inLanguage\":\"es\",\"potentialAction\":[{\"@type\":\"ReadAction\",\"target\":[\"https:\/\/blogs.uninter.edu.mx\/difusioncultural\/?p=7300\"]}]},{\"@type\":\"ImageObject\",\"inLanguage\":\"es\",\"@id\":\"https:\/\/blogs.uninter.edu.mx\/difusioncultural\/?p=7300#primaryimage\",\"url\":\"https:\/\/difusionculturaluninter.files.wordpress.com\/2020\/03\/cineteca-nacional.jpg\",\"contentUrl\":\"https:\/\/difusionculturaluninter.files.wordpress.com\/2020\/03\/cineteca-nacional.jpg\"},{\"@type\":\"BreadcrumbList\",\"@id\":\"https:\/\/blogs.uninter.edu.mx\/difusioncultural\/?p=7300#breadcrumb\",\"itemListElement\":[{\"@type\":\"ListItem\",\"position\":1,\"name\":\"Inicio\",\"item\":\"https:\/\/blogs.uninter.edu.mx\/difusioncultural\/\"},{\"@type\":\"ListItem\",\"position\":2,\"name\":\"Secretar\u00edas de Cultura, Universidad de Guadalajara y Fomento Cultural Citibanamex suspenden actividades\"}]},{\"@type\":\"WebSite\",\"@id\":\"https:\/\/blogs.uninter.edu.mx\/difusioncultural\/#website\",\"url\":\"https:\/\/blogs.uninter.edu.mx\/difusioncultural\/\",\"name\":\"Difusi\u00f3n Cultural\",\"description\":\"UNINTER\",\"publisher\":{\"@id\":\"https:\/\/blogs.uninter.edu.mx\/difusioncultural\/#organization\"},\"potentialAction\":[{\"@type\":\"SearchAction\",\"target\":{\"@type\":\"EntryPoint\",\"urlTemplate\":\"https:\/\/blogs.uninter.edu.mx\/difusioncultural\/?s={search_term_string}\"},\"query-input\":{\"@type\":\"PropertyValueSpecification\",\"valueRequired\":true,\"valueName\":\"search_term_string\"}}],\"inLanguage\":\"es\"},{\"@type\":\"Organization\",\"@id\":\"https:\/\/blogs.uninter.edu.mx\/difusioncultural\/#organization\",\"name\":\"Difusi\u00f3n Cultural\",\"url\":\"https:\/\/blogs.uninter.edu.mx\/difusioncultural\/\",\"logo\":{\"@type\":\"ImageObject\",\"inLanguage\":\"es\",\"@id\":\"https:\/\/blogs.uninter.edu.mx\/difusioncultural\/#\/schema\/logo\/image\/\",\"url\":\"https:\/\/blogs.uninter.edu.mx\/difusioncultural\/wp-content\/uploads\/2022\/09\/uninter.jpg\",\"contentUrl\":\"https:\/\/blogs.uninter.edu.mx\/difusioncultural\/wp-content\/uploads\/2022\/09\/uninter.jpg\",\"width\":2048,\"height\":2048,\"caption\":\"Difusi\u00f3n Cultural\"},\"image\":{\"@id\":\"https:\/\/blogs.uninter.edu.mx\/difusioncultural\/#\/schema\/logo\/image\/\"}},{\"@type\":\"Person\",\"@id\":\"https:\/\/blogs.uninter.edu.mx\/difusioncultural\/#\/schema\/person\/37a0926f4dd300a814993fd595abdc4a\",\"name\":\"webmaster\",\"image\":{\"@type\":\"ImageObject\",\"inLanguage\":\"es\",\"@id\":\"https:\/\/blogs.uninter.edu.mx\/difusioncultural\/#\/schema\/person\/image\/\",\"url\":\"https:\/\/secure.gravatar.com\/avatar\/a59c276b01147463ef3aab4118e3137ebc5e1ad6700deb39ccdf8b89e517f7dc?s=96&d=mm&r=g\",\"contentUrl\":\"https:\/\/secure.gravatar.com\/avatar\/a59c276b01147463ef3aab4118e3137ebc5e1ad6700deb39ccdf8b89e517f7dc?s=96&d=mm&r=g\",\"caption\":\"webmaster\"},\"sameAs\":[\"https:\/\/blogs.uninter.edu.mx\/difusioncultural\"],\"url\":\"https:\/\/blogs.uninter.edu.mx\/difusioncultural\/?author=1\"}]}<\/script>\r\n<!-- \/ Yoast SEO plugin. -->","yoast_head_json":{"title":"Secretar\u00edas de Cultura, Universidad de Guadalajara y Fomento Cultural Citibanamex suspenden actividades - Difusi\u00f3n Cultural","robots":{"index":"index","follow":"follow","max-snippet":"max-snippet:-1","max-image-preview":"max-image-preview:large","max-video-preview":"max-video-preview:-1"},"canonical":"https:\/\/blogs.uninter.edu.mx\/difusioncultural\/?p=7300","og_locale":"es_MX","og_type":"article","og_title":"Secretar\u00edas de Cultura, Universidad de Guadalajara y Fomento Cultural Citibanamex suspenden actividades - Difusi\u00f3n Cultural","og_description":"Fomento Cultural Citibanamex y Cultura de la Universidad de Guadalajara (UDG) tambi\u00e9n anunciaron la suspensi\u00f3n de sus actividades, en tanto que la Secretar\u00eda de Cultura de la Ciudad de M\u00e9xico dio a conocer que el espect\u00e1culo \u201cNoche de Primavera\u201d, en el Centro Hist\u00f3rico de esta ciudad, ser\u00e1 a puerta cerrada y podr\u00e1 seguirse a trav\u00e9s&hellip;","og_url":"https:\/\/blogs.uninter.edu.mx\/difusioncultural\/?p=7300","og_site_name":"Difusi\u00f3n Cultural","article_published_time":"2020-03-17T15:43:35+00:00","og_image":[{"url":"https:\/\/difusionculturaluninter.files.wordpress.com\/2020\/03\/cineteca-nacional.jpg","type":"","width":"","height":""}],"author":"webmaster","twitter_card":"summary_large_image","twitter_misc":{"Escrito por":"webmaster","Tiempo de lectura":"2 minutos"},"schema":{"@context":"https:\/\/schema.org","@graph":[{"@type":"Article","@id":"https:\/\/blogs.uninter.edu.mx\/difusioncultural\/?p=7300#article","isPartOf":{"@id":"https:\/\/blogs.uninter.edu.mx\/difusioncultural\/?p=7300"},"author":{"name":"webmaster","@id":"https:\/\/blogs.uninter.edu.mx\/difusioncultural\/#\/schema\/person\/37a0926f4dd300a814993fd595abdc4a"},"headline":"Secretar\u00edas de Cultura, Universidad de Guadalajara y Fomento Cultural Citibanamex suspenden actividades","datePublished":"2020-03-17T15:43:35+00:00","mainEntityOfPage":{"@id":"https:\/\/blogs.uninter.edu.mx\/difusioncultural\/?p=7300"},"wordCount":377,"publisher":{"@id":"https:\/\/blogs.uninter.edu.mx\/difusioncultural\/#organization"},"image":{"@id":"https:\/\/blogs.uninter.edu.mx\/difusioncultural\/?p=7300#primaryimage"},"thumbnailUrl":"https:\/\/difusionculturaluninter.files.wordpress.com\/2020\/03\/cineteca-nacional.jpg","inLanguage":"es"},{"@type":"WebPage","@id":"https:\/\/blogs.uninter.edu.mx\/difusioncultural\/?p=7300","url":"https:\/\/blogs.uninter.edu.mx\/difusioncultural\/?p=7300","name":"Secretar\u00edas de Cultura, Universidad de Guadalajara y Fomento Cultural Citibanamex suspenden actividades - Difusi\u00f3n Cultural","isPartOf":{"@id":"https:\/\/blogs.uninter.edu.mx\/difusioncultural\/#website"},"primaryImageOfPage":{"@id":"https:\/\/blogs.uninter.edu.mx\/difusioncultural\/?p=7300#primaryimage"},"image":{"@id":"https:\/\/blogs.uninter.edu.mx\/difusioncultural\/?p=7300#primaryimage"},"thumbnailUrl":"https:\/\/difusionculturaluninter.files.wordpress.com\/2020\/03\/cineteca-nacional.jpg","datePublished":"2020-03-17T15:43:35+00:00","breadcrumb":{"@id":"https:\/\/blogs.uninter.edu.mx\/difusioncultural\/?p=7300#breadcrumb"},"inLanguage":"es","potentialAction":[{"@type":"ReadAction","target":["https:\/\/blogs.uninter.edu.mx\/difusioncultural\/?p=7300"]}]},{"@type":"ImageObject","inLanguage":"es","@id":"https:\/\/blogs.uninter.edu.mx\/difusioncultural\/?p=7300#primaryimage","url":"https:\/\/difusionculturaluninter.files.wordpress.com\/2020\/03\/cineteca-nacional.jpg","contentUrl":"https:\/\/difusionculturaluninter.files.wordpress.com\/2020\/03\/cineteca-nacional.jpg"},{"@type":"BreadcrumbList","@id":"https:\/\/blogs.uninter.edu.mx\/difusioncultural\/?p=7300#breadcrumb","itemListElement":[{"@type":"ListItem","position":1,"name":"Inicio","item":"https:\/\/blogs.uninter.edu.mx\/difusioncultural\/"},{"@type":"ListItem","position":2,"name":"Secretar\u00edas de Cultura, Universidad de Guadalajara y Fomento Cultural Citibanamex suspenden actividades"}]},{"@type":"WebSite","@id":"https:\/\/blogs.uninter.edu.mx\/difusioncultural\/#website","url":"https:\/\/blogs.uninter.edu.mx\/difusioncultural\/","name":"Difusi\u00f3n Cultural","description":"UNINTER","publisher":{"@id":"https:\/\/blogs.uninter.edu.mx\/difusioncultural\/#organization"},"potentialAction":[{"@type":"SearchAction","target":{"@type":"EntryPoint","urlTemplate":"https:\/\/blogs.uninter.edu.mx\/difusioncultural\/?s={search_term_string}"},"query-input":{"@type":"PropertyValueSpecification","valueRequired":true,"valueName":"search_term_string"}}],"inLanguage":"es"},{"@type":"Organization","@id":"https:\/\/blogs.uninter.edu.mx\/difusioncultural\/#organization","name":"Difusi\u00f3n Cultural","url":"https:\/\/blogs.uninter.edu.mx\/difusioncultural\/","logo":{"@type":"ImageObject","inLanguage":"es","@id":"https:\/\/blogs.uninter.edu.mx\/difusioncultural\/#\/schema\/logo\/image\/","url":"https:\/\/blogs.uninter.edu.mx\/difusioncultural\/wp-content\/uploads\/2022\/09\/uninter.jpg","contentUrl":"https:\/\/blogs.uninter.edu.mx\/difusioncultural\/wp-content\/uploads\/2022\/09\/uninter.jpg","width":2048,"height":2048,"caption":"Difusi\u00f3n Cultural"},"image":{"@id":"https:\/\/blogs.uninter.edu.mx\/difusioncultural\/#\/schema\/logo\/image\/"}},{"@type":"Person","@id":"https:\/\/blogs.uninter.edu.mx\/difusioncultural\/#\/schema\/person\/37a0926f4dd300a814993fd595abdc4a","name":"webmaster","image":{"@type":"ImageObject","inLanguage":"es","@id":"https:\/\/blogs.uninter.edu.mx\/difusioncultural\/#\/schema\/person\/image\/","url":"https:\/\/secure.gravatar.com\/avatar\/a59c276b01147463ef3aab4118e3137ebc5e1ad6700deb39ccdf8b89e517f7dc?s=96&d=mm&r=g","contentUrl":"https:\/\/secure.gravatar.com\/avatar\/a59c276b01147463ef3aab4118e3137ebc5e1ad6700deb39ccdf8b89e517f7dc?s=96&d=mm&r=g","caption":"webmaster"},"sameAs":["https:\/\/blogs.uninter.edu.mx\/difusioncultural"],"url":"https:\/\/blogs.uninter.edu.mx\/difusioncultural\/?author=1"}]}},"jetpack_publicize_connections":[],"jetpack_featured_media_url":"","jetpack_sharing_enabled":true,"_links":{"self":[{"href":"https:\/\/blogs.uninter.edu.mx\/difusioncultural\/index.php?rest_route=\/wp\/v2\/posts\/7300","targetHints":{"allow":["GET"]}}],"collection":[{"href":"https:\/\/blogs.uninter.edu.mx\/difusioncultural\/index.php?rest_route=\/wp\/v2\/posts"}],"about":[{"href":"https:\/\/blogs.uninter.edu.mx\/difusioncultural\/index.php?rest_route=\/wp\/v2\/types\/post"}],"author":[{"embeddable":true,"href":"https:\/\/blogs.uninter.edu.mx\/difusioncultural\/index.php?rest_route=\/wp\/v2\/users\/1"}],"replies":[{"embeddable":true,"href":"https:\/\/blogs.uninter.edu.mx\/difusioncultural\/index.php?rest_route=%2Fwp%2Fv2%2Fcomments&post=7300"}],"version-history":[{"count":0,"href":"https:\/\/blogs.uninter.edu.mx\/difusioncultural\/index.php?rest_route=\/wp\/v2\/posts\/7300\/revisions"}],"wp:attachment":[{"href":"https:\/\/blogs.uninter.edu.mx\/difusioncultural\/index.php?rest_route=%2Fwp%2Fv2%2Fmedia&parent=7300"}],"wp:term":[{"taxonomy":"category","embeddable":true,"href":"https:\/\/blogs.uninter.edu.mx\/difusioncultural\/index.php?rest_route=%2Fwp%2Fv2%2Fcategories&post=7300"},{"taxonomy":"post_tag","embeddable":true,"href":"https:\/\/blogs.uninter.edu.mx\/difusioncultural\/index.php?rest_route=%2Fwp%2Fv2%2Ftags&post=7300"}],"curies":[{"name":"wp","href":"https:\/\/api.w.org\/{rel}","templated":true}]}}