{"id":7326,"date":"2020-04-09T15:25:45","date_gmt":"2020-04-09T20:25:45","guid":{"rendered":"https:\/\/difusionculturaluninter.wordpress.com\/?p=7326"},"modified":"2020-04-09T15:25:45","modified_gmt":"2020-04-09T20:25:45","slug":"el-arte-busca-la-cercania-con-el-publico","status":"publish","type":"post","link":"https:\/\/blogs.uninter.edu.mx\/difusioncultural\/?p=7326","title":{"rendered":"El arte busca la cercan\u00eda con el p\u00fablico"},"content":{"rendered":"<h2 class=\"a_st font_secondary color_gray_dark \">Abrir las puertas de los estudios, organizar festivales y muestras colectivas&#8230; Desde la distancia impuesta por el confinamiento, gestores y creadores ensayan f\u00f3rmulas para mantener el contacto local en la Red.<\/h2>\n<p><img decoding=\"async\" src=\"https:\/\/imagenes.elpais.com\/resizer\/WYr8x6G72lQU7TAe7abEHDiDR0c=\/1500x0\/arc-anglerfish-eu-central-1-prod-prisa.s3.amazonaws.com\/public\/UIE7XHOI6NCMNIPEWIF2QZNONU.jpeg\" alt=\"Varias de las obras que se exponen en la muestra virtual '#ARTdemia'.\" \/><\/p>\n<p>En estos tiempos extra\u00f1os, de plena incertidumbre, habitamos un mundo donde el futuro ya no va a poder ser tal y como lo imagin\u00e1bamos\u201d. Con esa introducci\u00f3n, que expresa ese limbo entre lo ut\u00f3pico y lo apocal\u00edptico en el que transcurren los d\u00edas de confinamiento, presenta el\u00a0<a href=\"http:\/\/ca2m.org\/es\/itemlist\/\" target=\"_blank\" rel=\"noopener\">CA2M de M\u00f3stoles<\/a> su nueva iniciativa en l\u00ednea, el proyecto #Unmetroymedio. El t\u00edtulo, que viene dado por la forzosa separaci\u00f3n social que se ha impuesto entre el yo y el mundo, quiere hablar tambi\u00e9n de otras distancias: las que dividen lo f\u00edsico de lo virtual, las ciudades de la periferia, la creatividad del p\u00fablico. Y, hoy m\u00e1s que nunca, el pasado del porvenir. La propuesta consiste en ganarle unos cent\u00edmetros a la lejan\u00eda desde la que se aprecia hoy el arte mostrando lo que no se ve aunque siempre ha estado ah\u00ed, muy cerca: el arte local, que estos d\u00edas tiene que hurgar para encontrar la inspiraci\u00f3n en las profundidades de la cuarentena. El proyecto, que se ir\u00e1 actualizando con nuevos contenidos cada tres d\u00edas, quiere mostrar tambi\u00e9n cu\u00e1les son los motores de la creatividad en los momentos dif\u00edciles y c\u00f3mo se trabaja cuando cualquier espacio a mano debe cumplir la funci\u00f3n del estudio. Hasta que dure el confinamiento, las redes sociales del museo se ir\u00e1n cargando de contenidos: textos, v\u00eddeos e im\u00e1genes del trabajo de artistas residentes.<\/p>\n","protected":false},"excerpt":{"rendered":"<p>Abrir las puertas de los estudios, organizar festivales y muestras colectivas&#8230; Desde la distancia impuesta por el confinamiento, gestores y creadores ensayan f\u00f3rmulas para mantener el contacto local en la Red. En estos tiempos extra\u00f1os, de plena incertidumbre, habitamos un mundo donde el futuro ya no va a poder ser tal y como lo imagin\u00e1bamos\u201d.&hellip;<\/p>\n","protected":false},"author":1,"featured_media":0,"comment_status":"closed","ping_status":"open","sticky":false,"template":"","format":"standard","meta":{"_jetpack_memberships_contains_paid_content":false,"footnotes":"","jetpack_publicize_message":"","jetpack_publicize_feature_enabled":true,"jetpack_social_post_already_shared":false,"jetpack_social_options":{"image_generator_settings":{"template":"highway","default_image_id":0,"font":"","enabled":false},"version":2}},"categories":[1],"tags":[],"class_list":["post-7326","post","type-post","status-publish","format-standard","hentry","category-sin-categoria"],"yoast_head":"<!-- This site is optimized with the Yoast SEO plugin v26.3 - https:\/\/yoast.com\/wordpress\/plugins\/seo\/ -->\r\n<title>El arte busca la cercan\u00eda con el p\u00fablico - Difusi\u00f3n Cultural<\/title>\r\n<meta name=\"robots\" content=\"index, follow, max-snippet:-1, max-image-preview:large, max-video-preview:-1\" \/>\r\n<link rel=\"canonical\" href=\"https:\/\/blogs.uninter.edu.mx\/difusioncultural\/?p=7326\" \/>\r\n<meta property=\"og:locale\" content=\"es_MX\" \/>\r\n<meta property=\"og:type\" content=\"article\" \/>\r\n<meta property=\"og:title\" content=\"El arte busca la cercan\u00eda con el p\u00fablico - Difusi\u00f3n Cultural\" \/>\r\n<meta property=\"og:description\" content=\"Abrir las puertas de los estudios, organizar festivales y muestras colectivas&#8230; Desde la distancia impuesta por el confinamiento, gestores y creadores ensayan f\u00f3rmulas para mantener el contacto local en la Red. En estos tiempos extra\u00f1os, de plena incertidumbre, habitamos un mundo donde el futuro ya no va a poder ser tal y como lo imagin\u00e1bamos\u201d.&hellip;\" \/>\r\n<meta property=\"og:url\" content=\"https:\/\/blogs.uninter.edu.mx\/difusioncultural\/?p=7326\" \/>\r\n<meta property=\"og:site_name\" content=\"Difusi\u00f3n Cultural\" \/>\r\n<meta property=\"article:published_time\" content=\"2020-04-09T20:25:45+00:00\" \/>\r\n<meta property=\"og:image\" content=\"https:\/\/imagenes.elpais.com\/resizer\/WYr8x6G72lQU7TAe7abEHDiDR0c=\/1500x0\/arc-anglerfish-eu-central-1-prod-prisa.s3.amazonaws.com\/public\/UIE7XHOI6NCMNIPEWIF2QZNONU.jpeg\" \/>\r\n<meta name=\"author\" content=\"webmaster\" \/>\r\n<meta name=\"twitter:card\" content=\"summary_large_image\" \/>\r\n<meta name=\"twitter:label1\" content=\"Escrito por\" \/>\n\t<meta name=\"twitter:data1\" content=\"webmaster\" \/>\n\t<meta name=\"twitter:label2\" content=\"Tiempo de lectura\" \/>\n\t<meta name=\"twitter:data2\" content=\"1 minuto\" \/>\r\n<script type=\"application\/ld+json\" class=\"yoast-schema-graph\">{\"@context\":\"https:\/\/schema.org\",\"@graph\":[{\"@type\":\"Article\",\"@id\":\"https:\/\/blogs.uninter.edu.mx\/difusioncultural\/?p=7326#article\",\"isPartOf\":{\"@id\":\"https:\/\/blogs.uninter.edu.mx\/difusioncultural\/?p=7326\"},\"author\":{\"name\":\"webmaster\",\"@id\":\"https:\/\/blogs.uninter.edu.mx\/difusioncultural\/#\/schema\/person\/37a0926f4dd300a814993fd595abdc4a\"},\"headline\":\"El arte busca la cercan\u00eda con el p\u00fablico\",\"datePublished\":\"2020-04-09T20:25:45+00:00\",\"mainEntityOfPage\":{\"@id\":\"https:\/\/blogs.uninter.edu.mx\/difusioncultural\/?p=7326\"},\"wordCount\":295,\"publisher\":{\"@id\":\"https:\/\/blogs.uninter.edu.mx\/difusioncultural\/#organization\"},\"image\":{\"@id\":\"https:\/\/blogs.uninter.edu.mx\/difusioncultural\/?p=7326#primaryimage\"},\"thumbnailUrl\":\"https:\/\/imagenes.elpais.com\/resizer\/WYr8x6G72lQU7TAe7abEHDiDR0c=\/1500x0\/arc-anglerfish-eu-central-1-prod-prisa.s3.amazonaws.com\/public\/UIE7XHOI6NCMNIPEWIF2QZNONU.jpeg\",\"inLanguage\":\"es\"},{\"@type\":\"WebPage\",\"@id\":\"https:\/\/blogs.uninter.edu.mx\/difusioncultural\/?p=7326\",\"url\":\"https:\/\/blogs.uninter.edu.mx\/difusioncultural\/?p=7326\",\"name\":\"El arte busca la cercan\u00eda con el p\u00fablico - Difusi\u00f3n Cultural\",\"isPartOf\":{\"@id\":\"https:\/\/blogs.uninter.edu.mx\/difusioncultural\/#website\"},\"primaryImageOfPage\":{\"@id\":\"https:\/\/blogs.uninter.edu.mx\/difusioncultural\/?p=7326#primaryimage\"},\"image\":{\"@id\":\"https:\/\/blogs.uninter.edu.mx\/difusioncultural\/?p=7326#primaryimage\"},\"thumbnailUrl\":\"https:\/\/imagenes.elpais.com\/resizer\/WYr8x6G72lQU7TAe7abEHDiDR0c=\/1500x0\/arc-anglerfish-eu-central-1-prod-prisa.s3.amazonaws.com\/public\/UIE7XHOI6NCMNIPEWIF2QZNONU.jpeg\",\"datePublished\":\"2020-04-09T20:25:45+00:00\",\"breadcrumb\":{\"@id\":\"https:\/\/blogs.uninter.edu.mx\/difusioncultural\/?p=7326#breadcrumb\"},\"inLanguage\":\"es\",\"potentialAction\":[{\"@type\":\"ReadAction\",\"target\":[\"https:\/\/blogs.uninter.edu.mx\/difusioncultural\/?p=7326\"]}]},{\"@type\":\"ImageObject\",\"inLanguage\":\"es\",\"@id\":\"https:\/\/blogs.uninter.edu.mx\/difusioncultural\/?p=7326#primaryimage\",\"url\":\"https:\/\/imagenes.elpais.com\/resizer\/WYr8x6G72lQU7TAe7abEHDiDR0c=\/1500x0\/arc-anglerfish-eu-central-1-prod-prisa.s3.amazonaws.com\/public\/UIE7XHOI6NCMNIPEWIF2QZNONU.jpeg\",\"contentUrl\":\"https:\/\/imagenes.elpais.com\/resizer\/WYr8x6G72lQU7TAe7abEHDiDR0c=\/1500x0\/arc-anglerfish-eu-central-1-prod-prisa.s3.amazonaws.com\/public\/UIE7XHOI6NCMNIPEWIF2QZNONU.jpeg\"},{\"@type\":\"BreadcrumbList\",\"@id\":\"https:\/\/blogs.uninter.edu.mx\/difusioncultural\/?p=7326#breadcrumb\",\"itemListElement\":[{\"@type\":\"ListItem\",\"position\":1,\"name\":\"Inicio\",\"item\":\"https:\/\/blogs.uninter.edu.mx\/difusioncultural\/\"},{\"@type\":\"ListItem\",\"position\":2,\"name\":\"El arte busca la cercan\u00eda con el p\u00fablico\"}]},{\"@type\":\"WebSite\",\"@id\":\"https:\/\/blogs.uninter.edu.mx\/difusioncultural\/#website\",\"url\":\"https:\/\/blogs.uninter.edu.mx\/difusioncultural\/\",\"name\":\"Difusi\u00f3n Cultural\",\"description\":\"UNINTER\",\"publisher\":{\"@id\":\"https:\/\/blogs.uninter.edu.mx\/difusioncultural\/#organization\"},\"potentialAction\":[{\"@type\":\"SearchAction\",\"target\":{\"@type\":\"EntryPoint\",\"urlTemplate\":\"https:\/\/blogs.uninter.edu.mx\/difusioncultural\/?s={search_term_string}\"},\"query-input\":{\"@type\":\"PropertyValueSpecification\",\"valueRequired\":true,\"valueName\":\"search_term_string\"}}],\"inLanguage\":\"es\"},{\"@type\":\"Organization\",\"@id\":\"https:\/\/blogs.uninter.edu.mx\/difusioncultural\/#organization\",\"name\":\"Difusi\u00f3n Cultural\",\"url\":\"https:\/\/blogs.uninter.edu.mx\/difusioncultural\/\",\"logo\":{\"@type\":\"ImageObject\",\"inLanguage\":\"es\",\"@id\":\"https:\/\/blogs.uninter.edu.mx\/difusioncultural\/#\/schema\/logo\/image\/\",\"url\":\"https:\/\/blogs.uninter.edu.mx\/difusioncultural\/wp-content\/uploads\/2022\/09\/uninter.jpg\",\"contentUrl\":\"https:\/\/blogs.uninter.edu.mx\/difusioncultural\/wp-content\/uploads\/2022\/09\/uninter.jpg\",\"width\":2048,\"height\":2048,\"caption\":\"Difusi\u00f3n Cultural\"},\"image\":{\"@id\":\"https:\/\/blogs.uninter.edu.mx\/difusioncultural\/#\/schema\/logo\/image\/\"}},{\"@type\":\"Person\",\"@id\":\"https:\/\/blogs.uninter.edu.mx\/difusioncultural\/#\/schema\/person\/37a0926f4dd300a814993fd595abdc4a\",\"name\":\"webmaster\",\"image\":{\"@type\":\"ImageObject\",\"inLanguage\":\"es\",\"@id\":\"https:\/\/blogs.uninter.edu.mx\/difusioncultural\/#\/schema\/person\/image\/\",\"url\":\"https:\/\/secure.gravatar.com\/avatar\/a59c276b01147463ef3aab4118e3137ebc5e1ad6700deb39ccdf8b89e517f7dc?s=96&d=mm&r=g\",\"contentUrl\":\"https:\/\/secure.gravatar.com\/avatar\/a59c276b01147463ef3aab4118e3137ebc5e1ad6700deb39ccdf8b89e517f7dc?s=96&d=mm&r=g\",\"caption\":\"webmaster\"},\"sameAs\":[\"https:\/\/blogs.uninter.edu.mx\/difusioncultural\"],\"url\":\"https:\/\/blogs.uninter.edu.mx\/difusioncultural\/?author=1\"}]}<\/script>\r\n<!-- \/ Yoast SEO plugin. -->","yoast_head_json":{"title":"El arte busca la cercan\u00eda con el p\u00fablico - Difusi\u00f3n Cultural","robots":{"index":"index","follow":"follow","max-snippet":"max-snippet:-1","max-image-preview":"max-image-preview:large","max-video-preview":"max-video-preview:-1"},"canonical":"https:\/\/blogs.uninter.edu.mx\/difusioncultural\/?p=7326","og_locale":"es_MX","og_type":"article","og_title":"El arte busca la cercan\u00eda con el p\u00fablico - Difusi\u00f3n Cultural","og_description":"Abrir las puertas de los estudios, organizar festivales y muestras colectivas&#8230; Desde la distancia impuesta por el confinamiento, gestores y creadores ensayan f\u00f3rmulas para mantener el contacto local en la Red. En estos tiempos extra\u00f1os, de plena incertidumbre, habitamos un mundo donde el futuro ya no va a poder ser tal y como lo imagin\u00e1bamos\u201d.&hellip;","og_url":"https:\/\/blogs.uninter.edu.mx\/difusioncultural\/?p=7326","og_site_name":"Difusi\u00f3n Cultural","article_published_time":"2020-04-09T20:25:45+00:00","og_image":[{"url":"https:\/\/imagenes.elpais.com\/resizer\/WYr8x6G72lQU7TAe7abEHDiDR0c=\/1500x0\/arc-anglerfish-eu-central-1-prod-prisa.s3.amazonaws.com\/public\/UIE7XHOI6NCMNIPEWIF2QZNONU.jpeg","type":"","width":"","height":""}],"author":"webmaster","twitter_card":"summary_large_image","twitter_misc":{"Escrito por":"webmaster","Tiempo de lectura":"1 minuto"},"schema":{"@context":"https:\/\/schema.org","@graph":[{"@type":"Article","@id":"https:\/\/blogs.uninter.edu.mx\/difusioncultural\/?p=7326#article","isPartOf":{"@id":"https:\/\/blogs.uninter.edu.mx\/difusioncultural\/?p=7326"},"author":{"name":"webmaster","@id":"https:\/\/blogs.uninter.edu.mx\/difusioncultural\/#\/schema\/person\/37a0926f4dd300a814993fd595abdc4a"},"headline":"El arte busca la cercan\u00eda con el p\u00fablico","datePublished":"2020-04-09T20:25:45+00:00","mainEntityOfPage":{"@id":"https:\/\/blogs.uninter.edu.mx\/difusioncultural\/?p=7326"},"wordCount":295,"publisher":{"@id":"https:\/\/blogs.uninter.edu.mx\/difusioncultural\/#organization"},"image":{"@id":"https:\/\/blogs.uninter.edu.mx\/difusioncultural\/?p=7326#primaryimage"},"thumbnailUrl":"https:\/\/imagenes.elpais.com\/resizer\/WYr8x6G72lQU7TAe7abEHDiDR0c=\/1500x0\/arc-anglerfish-eu-central-1-prod-prisa.s3.amazonaws.com\/public\/UIE7XHOI6NCMNIPEWIF2QZNONU.jpeg","inLanguage":"es"},{"@type":"WebPage","@id":"https:\/\/blogs.uninter.edu.mx\/difusioncultural\/?p=7326","url":"https:\/\/blogs.uninter.edu.mx\/difusioncultural\/?p=7326","name":"El arte busca la cercan\u00eda con el p\u00fablico - Difusi\u00f3n Cultural","isPartOf":{"@id":"https:\/\/blogs.uninter.edu.mx\/difusioncultural\/#website"},"primaryImageOfPage":{"@id":"https:\/\/blogs.uninter.edu.mx\/difusioncultural\/?p=7326#primaryimage"},"image":{"@id":"https:\/\/blogs.uninter.edu.mx\/difusioncultural\/?p=7326#primaryimage"},"thumbnailUrl":"https:\/\/imagenes.elpais.com\/resizer\/WYr8x6G72lQU7TAe7abEHDiDR0c=\/1500x0\/arc-anglerfish-eu-central-1-prod-prisa.s3.amazonaws.com\/public\/UIE7XHOI6NCMNIPEWIF2QZNONU.jpeg","datePublished":"2020-04-09T20:25:45+00:00","breadcrumb":{"@id":"https:\/\/blogs.uninter.edu.mx\/difusioncultural\/?p=7326#breadcrumb"},"inLanguage":"es","potentialAction":[{"@type":"ReadAction","target":["https:\/\/blogs.uninter.edu.mx\/difusioncultural\/?p=7326"]}]},{"@type":"ImageObject","inLanguage":"es","@id":"https:\/\/blogs.uninter.edu.mx\/difusioncultural\/?p=7326#primaryimage","url":"https:\/\/imagenes.elpais.com\/resizer\/WYr8x6G72lQU7TAe7abEHDiDR0c=\/1500x0\/arc-anglerfish-eu-central-1-prod-prisa.s3.amazonaws.com\/public\/UIE7XHOI6NCMNIPEWIF2QZNONU.jpeg","contentUrl":"https:\/\/imagenes.elpais.com\/resizer\/WYr8x6G72lQU7TAe7abEHDiDR0c=\/1500x0\/arc-anglerfish-eu-central-1-prod-prisa.s3.amazonaws.com\/public\/UIE7XHOI6NCMNIPEWIF2QZNONU.jpeg"},{"@type":"BreadcrumbList","@id":"https:\/\/blogs.uninter.edu.mx\/difusioncultural\/?p=7326#breadcrumb","itemListElement":[{"@type":"ListItem","position":1,"name":"Inicio","item":"https:\/\/blogs.uninter.edu.mx\/difusioncultural\/"},{"@type":"ListItem","position":2,"name":"El arte busca la cercan\u00eda con el p\u00fablico"}]},{"@type":"WebSite","@id":"https:\/\/blogs.uninter.edu.mx\/difusioncultural\/#website","url":"https:\/\/blogs.uninter.edu.mx\/difusioncultural\/","name":"Difusi\u00f3n Cultural","description":"UNINTER","publisher":{"@id":"https:\/\/blogs.uninter.edu.mx\/difusioncultural\/#organization"},"potentialAction":[{"@type":"SearchAction","target":{"@type":"EntryPoint","urlTemplate":"https:\/\/blogs.uninter.edu.mx\/difusioncultural\/?s={search_term_string}"},"query-input":{"@type":"PropertyValueSpecification","valueRequired":true,"valueName":"search_term_string"}}],"inLanguage":"es"},{"@type":"Organization","@id":"https:\/\/blogs.uninter.edu.mx\/difusioncultural\/#organization","name":"Difusi\u00f3n Cultural","url":"https:\/\/blogs.uninter.edu.mx\/difusioncultural\/","logo":{"@type":"ImageObject","inLanguage":"es","@id":"https:\/\/blogs.uninter.edu.mx\/difusioncultural\/#\/schema\/logo\/image\/","url":"https:\/\/blogs.uninter.edu.mx\/difusioncultural\/wp-content\/uploads\/2022\/09\/uninter.jpg","contentUrl":"https:\/\/blogs.uninter.edu.mx\/difusioncultural\/wp-content\/uploads\/2022\/09\/uninter.jpg","width":2048,"height":2048,"caption":"Difusi\u00f3n Cultural"},"image":{"@id":"https:\/\/blogs.uninter.edu.mx\/difusioncultural\/#\/schema\/logo\/image\/"}},{"@type":"Person","@id":"https:\/\/blogs.uninter.edu.mx\/difusioncultural\/#\/schema\/person\/37a0926f4dd300a814993fd595abdc4a","name":"webmaster","image":{"@type":"ImageObject","inLanguage":"es","@id":"https:\/\/blogs.uninter.edu.mx\/difusioncultural\/#\/schema\/person\/image\/","url":"https:\/\/secure.gravatar.com\/avatar\/a59c276b01147463ef3aab4118e3137ebc5e1ad6700deb39ccdf8b89e517f7dc?s=96&d=mm&r=g","contentUrl":"https:\/\/secure.gravatar.com\/avatar\/a59c276b01147463ef3aab4118e3137ebc5e1ad6700deb39ccdf8b89e517f7dc?s=96&d=mm&r=g","caption":"webmaster"},"sameAs":["https:\/\/blogs.uninter.edu.mx\/difusioncultural"],"url":"https:\/\/blogs.uninter.edu.mx\/difusioncultural\/?author=1"}]}},"jetpack_publicize_connections":[],"jetpack_featured_media_url":"","jetpack_sharing_enabled":true,"_links":{"self":[{"href":"https:\/\/blogs.uninter.edu.mx\/difusioncultural\/index.php?rest_route=\/wp\/v2\/posts\/7326","targetHints":{"allow":["GET"]}}],"collection":[{"href":"https:\/\/blogs.uninter.edu.mx\/difusioncultural\/index.php?rest_route=\/wp\/v2\/posts"}],"about":[{"href":"https:\/\/blogs.uninter.edu.mx\/difusioncultural\/index.php?rest_route=\/wp\/v2\/types\/post"}],"author":[{"embeddable":true,"href":"https:\/\/blogs.uninter.edu.mx\/difusioncultural\/index.php?rest_route=\/wp\/v2\/users\/1"}],"replies":[{"embeddable":true,"href":"https:\/\/blogs.uninter.edu.mx\/difusioncultural\/index.php?rest_route=%2Fwp%2Fv2%2Fcomments&post=7326"}],"version-history":[{"count":0,"href":"https:\/\/blogs.uninter.edu.mx\/difusioncultural\/index.php?rest_route=\/wp\/v2\/posts\/7326\/revisions"}],"wp:attachment":[{"href":"https:\/\/blogs.uninter.edu.mx\/difusioncultural\/index.php?rest_route=%2Fwp%2Fv2%2Fmedia&parent=7326"}],"wp:term":[{"taxonomy":"category","embeddable":true,"href":"https:\/\/blogs.uninter.edu.mx\/difusioncultural\/index.php?rest_route=%2Fwp%2Fv2%2Fcategories&post=7326"},{"taxonomy":"post_tag","embeddable":true,"href":"https:\/\/blogs.uninter.edu.mx\/difusioncultural\/index.php?rest_route=%2Fwp%2Fv2%2Ftags&post=7326"}],"curies":[{"name":"wp","href":"https:\/\/api.w.org\/{rel}","templated":true}]}}