{"id":7355,"date":"2020-04-18T16:10:00","date_gmt":"2020-04-18T21:10:00","guid":{"rendered":"https:\/\/difusionculturaluninter.wordpress.com\/?p=7355"},"modified":"2020-04-18T16:10:00","modified_gmt":"2020-04-18T21:10:00","slug":"cantautor-poblano-gerardo-pablo-ofrece-conciertos-online","status":"publish","type":"post","link":"https:\/\/blogs.uninter.edu.mx\/difusioncultural\/?p=7355","title":{"rendered":"Cantautor poblano Gerardo Pablo ofrece conciertos online"},"content":{"rendered":"<p>A trav\u00e9s de redes sociales, ofrecer\u00e1 conciertos y participar\u00e1 en un homenaje virtual a Luis Eduardo Aute.<\/p>\n<p><img decoding=\"async\" src=\"https:\/\/www.elpopular.mx\/archivos\/fotos\/notas\/2020\/04\/16\/644ae24bed83ba9108c6036e08fb0188_nota_685x411_thumb.png\" alt=\" Gerardo Pablo, cantautor poblano \" \/><\/p>\n<p style=\"font-weight:400;\">Si ya est\u00e1s cansado de quedarte en casa y cambiar de canal desesperadamente buscando algo interesante que ver, \u00bfqu\u00e9 tal si intentas con un\u00a0<b><strong>concierto online<\/strong><\/b>? El cantautor poblano\u00a0<b><strong>Gerardo Pablo<\/strong><\/b>\u00a0ofrecer\u00e1 una presentaci\u00f3n musical,\u00a0<b><strong>en honor<\/strong><\/b>\u00a0al fallecido cantante espa\u00f1ol\u00a0<b><strong>Luis Eduardo Aute<\/strong><\/b>, este jueves 16 de abril a las 18:20 horas en sus redes sociales y canal de\u00a0<b><strong>Youtube<\/strong><\/b>. El s\u00e1bado 18 de abril tendr\u00e1 otra presentaci\u00f3n, en los mismos canales, en donde el concierto ser\u00e1 m\u00e1s largo y se centrar\u00e1 en su m\u00fasica.<\/p>\n<p style=\"font-weight:400;\">En cuanto al homenaje a Luis Eduardo Aute, a esta iniciativa\u00a0<b><strong>se han sumado otros artistas\u00a0<\/strong><\/b>como Leiden, Fernando Lucino, David Torrico, Gonzalo Ceja, Sheila R\u00edos, Fabo Ortiz, Daniel Cros, \u00c1ngel Guti\u00e9rrez, Agust\u00edn S\u00e1nchez, Manuel Garc\u00eda y Gerardo Pablo, por mencionar algunos, quienes el\u00a0<b><strong>17 de abril tocar\u00e1n<\/strong><\/b>\u00a0algunas canciones en sus respectivas redes sociales para honrar el legado del gran artista espa\u00f1ol. Los\u00a0<b><strong>horarios son diferentes<\/strong><\/b>\u00a0en el caso de cada artista por lo que es importante consultar previamente sus canales de difusi\u00f3n.<\/p>\n<p style=\"font-weight:400;\">Hace unos d\u00edas, Gerardo Pablo iba a tener una presentaci\u00f3n en la ciudad de Puebla, pero por el cierre temporal de los escenarios tuvo que cancelar dicho concierto, por ello, decidi\u00f3\u00a0<b><strong>acercarse a su p\u00fablico utilizando las herramientas tecnol\u00f3gicas<\/strong><\/b>\u00a0para acompa\u00f1arlos en la distancia durante la cuarentena.<\/p>\n<p style=\"font-weight:400;\">El\u00a0<b><strong>18 de abril<\/strong><\/b>, Gerardo Pablo tendr\u00e1 otra presentaci\u00f3n online, en sus canales de dif\u00edcil, para generar una atm\u00f3sfera de intimidad en donde el p\u00fablico pueda disfrutar de todo su talento: un recorrido por los \u00e9xitos de este artista envolver\u00e1n al escucha.<\/p>\n","protected":false},"excerpt":{"rendered":"<p>A trav\u00e9s de redes sociales, ofrecer\u00e1 conciertos y participar\u00e1 en un homenaje virtual a Luis Eduardo Aute. Si ya est\u00e1s cansado de quedarte en casa y cambiar de canal desesperadamente buscando algo interesante que ver, \u00bfqu\u00e9 tal si intentas con un\u00a0concierto online? El cantautor poblano\u00a0Gerardo Pablo\u00a0ofrecer\u00e1 una presentaci\u00f3n musical,\u00a0en honor\u00a0al fallecido cantante espa\u00f1ol\u00a0Luis Eduardo Aute,&hellip;<\/p>\n","protected":false},"author":1,"featured_media":7360,"comment_status":"closed","ping_status":"open","sticky":false,"template":"","format":"standard","meta":{"_jetpack_memberships_contains_paid_content":false,"footnotes":"","jetpack_publicize_message":"","jetpack_publicize_feature_enabled":true,"jetpack_social_post_already_shared":false,"jetpack_social_options":{"image_generator_settings":{"template":"highway","default_image_id":0,"font":"","enabled":false},"version":2}},"categories":[12],"tags":[],"class_list":["post-7355","post","type-post","status-publish","format-standard","has-post-thumbnail","hentry","category-noticias"],"yoast_head":"<!-- This site is optimized with the Yoast SEO plugin v26.3 - https:\/\/yoast.com\/wordpress\/plugins\/seo\/ -->\r\n<title>Cantautor poblano Gerardo Pablo ofrece conciertos online - Difusi\u00f3n Cultural<\/title>\r\n<meta name=\"robots\" content=\"index, follow, max-snippet:-1, max-image-preview:large, max-video-preview:-1\" \/>\r\n<link rel=\"canonical\" href=\"https:\/\/blogs.uninter.edu.mx\/difusioncultural\/?p=7355\" \/>\r\n<meta property=\"og:locale\" content=\"es_MX\" \/>\r\n<meta property=\"og:type\" content=\"article\" \/>\r\n<meta property=\"og:title\" content=\"Cantautor poblano Gerardo Pablo ofrece conciertos online - Difusi\u00f3n Cultural\" \/>\r\n<meta property=\"og:description\" content=\"A trav\u00e9s de redes sociales, ofrecer\u00e1 conciertos y participar\u00e1 en un homenaje virtual a Luis Eduardo Aute. Si ya est\u00e1s cansado de quedarte en casa y cambiar de canal desesperadamente buscando algo interesante que ver, \u00bfqu\u00e9 tal si intentas con un\u00a0concierto online? El cantautor poblano\u00a0Gerardo Pablo\u00a0ofrecer\u00e1 una presentaci\u00f3n musical,\u00a0en honor\u00a0al fallecido cantante espa\u00f1ol\u00a0Luis Eduardo Aute,&hellip;\" \/>\r\n<meta property=\"og:url\" content=\"https:\/\/blogs.uninter.edu.mx\/difusioncultural\/?p=7355\" \/>\r\n<meta property=\"og:site_name\" content=\"Difusi\u00f3n Cultural\" \/>\r\n<meta property=\"article:published_time\" content=\"2020-04-18T21:10:00+00:00\" \/>\r\n<meta property=\"og:image\" content=\"https:\/\/blogs.uninter.edu.mx\/difusioncultural\/wp-content\/uploads\/2020\/04\/cantante.png\" \/>\r\n\t<meta property=\"og:image:width\" content=\"685\" \/>\r\n\t<meta property=\"og:image:height\" content=\"411\" \/>\r\n\t<meta property=\"og:image:type\" content=\"image\/png\" \/>\r\n<meta name=\"author\" content=\"webmaster\" \/>\r\n<meta name=\"twitter:card\" content=\"summary_large_image\" \/>\r\n<meta name=\"twitter:label1\" content=\"Escrito por\" \/>\n\t<meta name=\"twitter:data1\" content=\"webmaster\" \/>\n\t<meta name=\"twitter:label2\" content=\"Tiempo de lectura\" \/>\n\t<meta name=\"twitter:data2\" content=\"1 minuto\" \/>\r\n<script type=\"application\/ld+json\" class=\"yoast-schema-graph\">{\"@context\":\"https:\/\/schema.org\",\"@graph\":[{\"@type\":\"Article\",\"@id\":\"https:\/\/blogs.uninter.edu.mx\/difusioncultural\/?p=7355#article\",\"isPartOf\":{\"@id\":\"https:\/\/blogs.uninter.edu.mx\/difusioncultural\/?p=7355\"},\"author\":{\"name\":\"webmaster\",\"@id\":\"https:\/\/blogs.uninter.edu.mx\/difusioncultural\/#\/schema\/person\/37a0926f4dd300a814993fd595abdc4a\"},\"headline\":\"Cantautor poblano Gerardo Pablo ofrece conciertos online\",\"datePublished\":\"2020-04-18T21:10:00+00:00\",\"mainEntityOfPage\":{\"@id\":\"https:\/\/blogs.uninter.edu.mx\/difusioncultural\/?p=7355\"},\"wordCount\":304,\"publisher\":{\"@id\":\"https:\/\/blogs.uninter.edu.mx\/difusioncultural\/#organization\"},\"image\":{\"@id\":\"https:\/\/blogs.uninter.edu.mx\/difusioncultural\/?p=7355#primaryimage\"},\"thumbnailUrl\":\"https:\/\/blogs.uninter.edu.mx\/difusioncultural\/wp-content\/uploads\/2020\/04\/cantante.png\",\"articleSection\":[\"noticias\"],\"inLanguage\":\"es\"},{\"@type\":\"WebPage\",\"@id\":\"https:\/\/blogs.uninter.edu.mx\/difusioncultural\/?p=7355\",\"url\":\"https:\/\/blogs.uninter.edu.mx\/difusioncultural\/?p=7355\",\"name\":\"Cantautor poblano Gerardo Pablo ofrece conciertos online - Difusi\u00f3n Cultural\",\"isPartOf\":{\"@id\":\"https:\/\/blogs.uninter.edu.mx\/difusioncultural\/#website\"},\"primaryImageOfPage\":{\"@id\":\"https:\/\/blogs.uninter.edu.mx\/difusioncultural\/?p=7355#primaryimage\"},\"image\":{\"@id\":\"https:\/\/blogs.uninter.edu.mx\/difusioncultural\/?p=7355#primaryimage\"},\"thumbnailUrl\":\"https:\/\/blogs.uninter.edu.mx\/difusioncultural\/wp-content\/uploads\/2020\/04\/cantante.png\",\"datePublished\":\"2020-04-18T21:10:00+00:00\",\"breadcrumb\":{\"@id\":\"https:\/\/blogs.uninter.edu.mx\/difusioncultural\/?p=7355#breadcrumb\"},\"inLanguage\":\"es\",\"potentialAction\":[{\"@type\":\"ReadAction\",\"target\":[\"https:\/\/blogs.uninter.edu.mx\/difusioncultural\/?p=7355\"]}]},{\"@type\":\"ImageObject\",\"inLanguage\":\"es\",\"@id\":\"https:\/\/blogs.uninter.edu.mx\/difusioncultural\/?p=7355#primaryimage\",\"url\":\"https:\/\/blogs.uninter.edu.mx\/difusioncultural\/wp-content\/uploads\/2020\/04\/cantante.png\",\"contentUrl\":\"https:\/\/blogs.uninter.edu.mx\/difusioncultural\/wp-content\/uploads\/2020\/04\/cantante.png\",\"width\":685,\"height\":411},{\"@type\":\"BreadcrumbList\",\"@id\":\"https:\/\/blogs.uninter.edu.mx\/difusioncultural\/?p=7355#breadcrumb\",\"itemListElement\":[{\"@type\":\"ListItem\",\"position\":1,\"name\":\"Inicio\",\"item\":\"https:\/\/blogs.uninter.edu.mx\/difusioncultural\/\"},{\"@type\":\"ListItem\",\"position\":2,\"name\":\"Cantautor poblano Gerardo Pablo ofrece conciertos online\"}]},{\"@type\":\"WebSite\",\"@id\":\"https:\/\/blogs.uninter.edu.mx\/difusioncultural\/#website\",\"url\":\"https:\/\/blogs.uninter.edu.mx\/difusioncultural\/\",\"name\":\"Difusi\u00f3n Cultural\",\"description\":\"UNINTER\",\"publisher\":{\"@id\":\"https:\/\/blogs.uninter.edu.mx\/difusioncultural\/#organization\"},\"potentialAction\":[{\"@type\":\"SearchAction\",\"target\":{\"@type\":\"EntryPoint\",\"urlTemplate\":\"https:\/\/blogs.uninter.edu.mx\/difusioncultural\/?s={search_term_string}\"},\"query-input\":{\"@type\":\"PropertyValueSpecification\",\"valueRequired\":true,\"valueName\":\"search_term_string\"}}],\"inLanguage\":\"es\"},{\"@type\":\"Organization\",\"@id\":\"https:\/\/blogs.uninter.edu.mx\/difusioncultural\/#organization\",\"name\":\"Difusi\u00f3n Cultural\",\"url\":\"https:\/\/blogs.uninter.edu.mx\/difusioncultural\/\",\"logo\":{\"@type\":\"ImageObject\",\"inLanguage\":\"es\",\"@id\":\"https:\/\/blogs.uninter.edu.mx\/difusioncultural\/#\/schema\/logo\/image\/\",\"url\":\"https:\/\/blogs.uninter.edu.mx\/difusioncultural\/wp-content\/uploads\/2022\/09\/uninter.jpg\",\"contentUrl\":\"https:\/\/blogs.uninter.edu.mx\/difusioncultural\/wp-content\/uploads\/2022\/09\/uninter.jpg\",\"width\":2048,\"height\":2048,\"caption\":\"Difusi\u00f3n Cultural\"},\"image\":{\"@id\":\"https:\/\/blogs.uninter.edu.mx\/difusioncultural\/#\/schema\/logo\/image\/\"}},{\"@type\":\"Person\",\"@id\":\"https:\/\/blogs.uninter.edu.mx\/difusioncultural\/#\/schema\/person\/37a0926f4dd300a814993fd595abdc4a\",\"name\":\"webmaster\",\"image\":{\"@type\":\"ImageObject\",\"inLanguage\":\"es\",\"@id\":\"https:\/\/blogs.uninter.edu.mx\/difusioncultural\/#\/schema\/person\/image\/\",\"url\":\"https:\/\/secure.gravatar.com\/avatar\/a59c276b01147463ef3aab4118e3137ebc5e1ad6700deb39ccdf8b89e517f7dc?s=96&d=mm&r=g\",\"contentUrl\":\"https:\/\/secure.gravatar.com\/avatar\/a59c276b01147463ef3aab4118e3137ebc5e1ad6700deb39ccdf8b89e517f7dc?s=96&d=mm&r=g\",\"caption\":\"webmaster\"},\"sameAs\":[\"https:\/\/blogs.uninter.edu.mx\/difusioncultural\"],\"url\":\"https:\/\/blogs.uninter.edu.mx\/difusioncultural\/?author=1\"}]}<\/script>\r\n<!-- \/ Yoast SEO plugin. -->","yoast_head_json":{"title":"Cantautor poblano Gerardo Pablo ofrece conciertos online - Difusi\u00f3n Cultural","robots":{"index":"index","follow":"follow","max-snippet":"max-snippet:-1","max-image-preview":"max-image-preview:large","max-video-preview":"max-video-preview:-1"},"canonical":"https:\/\/blogs.uninter.edu.mx\/difusioncultural\/?p=7355","og_locale":"es_MX","og_type":"article","og_title":"Cantautor poblano Gerardo Pablo ofrece conciertos online - Difusi\u00f3n Cultural","og_description":"A trav\u00e9s de redes sociales, ofrecer\u00e1 conciertos y participar\u00e1 en un homenaje virtual a Luis Eduardo Aute. Si ya est\u00e1s cansado de quedarte en casa y cambiar de canal desesperadamente buscando algo interesante que ver, \u00bfqu\u00e9 tal si intentas con un\u00a0concierto online? El cantautor poblano\u00a0Gerardo Pablo\u00a0ofrecer\u00e1 una presentaci\u00f3n musical,\u00a0en honor\u00a0al fallecido cantante espa\u00f1ol\u00a0Luis Eduardo Aute,&hellip;","og_url":"https:\/\/blogs.uninter.edu.mx\/difusioncultural\/?p=7355","og_site_name":"Difusi\u00f3n Cultural","article_published_time":"2020-04-18T21:10:00+00:00","og_image":[{"width":685,"height":411,"url":"https:\/\/blogs.uninter.edu.mx\/difusioncultural\/wp-content\/uploads\/2020\/04\/cantante.png","type":"image\/png"}],"author":"webmaster","twitter_card":"summary_large_image","twitter_misc":{"Escrito por":"webmaster","Tiempo de lectura":"1 minuto"},"schema":{"@context":"https:\/\/schema.org","@graph":[{"@type":"Article","@id":"https:\/\/blogs.uninter.edu.mx\/difusioncultural\/?p=7355#article","isPartOf":{"@id":"https:\/\/blogs.uninter.edu.mx\/difusioncultural\/?p=7355"},"author":{"name":"webmaster","@id":"https:\/\/blogs.uninter.edu.mx\/difusioncultural\/#\/schema\/person\/37a0926f4dd300a814993fd595abdc4a"},"headline":"Cantautor poblano Gerardo Pablo ofrece conciertos online","datePublished":"2020-04-18T21:10:00+00:00","mainEntityOfPage":{"@id":"https:\/\/blogs.uninter.edu.mx\/difusioncultural\/?p=7355"},"wordCount":304,"publisher":{"@id":"https:\/\/blogs.uninter.edu.mx\/difusioncultural\/#organization"},"image":{"@id":"https:\/\/blogs.uninter.edu.mx\/difusioncultural\/?p=7355#primaryimage"},"thumbnailUrl":"https:\/\/blogs.uninter.edu.mx\/difusioncultural\/wp-content\/uploads\/2020\/04\/cantante.png","articleSection":["noticias"],"inLanguage":"es"},{"@type":"WebPage","@id":"https:\/\/blogs.uninter.edu.mx\/difusioncultural\/?p=7355","url":"https:\/\/blogs.uninter.edu.mx\/difusioncultural\/?p=7355","name":"Cantautor poblano Gerardo Pablo ofrece conciertos online - Difusi\u00f3n Cultural","isPartOf":{"@id":"https:\/\/blogs.uninter.edu.mx\/difusioncultural\/#website"},"primaryImageOfPage":{"@id":"https:\/\/blogs.uninter.edu.mx\/difusioncultural\/?p=7355#primaryimage"},"image":{"@id":"https:\/\/blogs.uninter.edu.mx\/difusioncultural\/?p=7355#primaryimage"},"thumbnailUrl":"https:\/\/blogs.uninter.edu.mx\/difusioncultural\/wp-content\/uploads\/2020\/04\/cantante.png","datePublished":"2020-04-18T21:10:00+00:00","breadcrumb":{"@id":"https:\/\/blogs.uninter.edu.mx\/difusioncultural\/?p=7355#breadcrumb"},"inLanguage":"es","potentialAction":[{"@type":"ReadAction","target":["https:\/\/blogs.uninter.edu.mx\/difusioncultural\/?p=7355"]}]},{"@type":"ImageObject","inLanguage":"es","@id":"https:\/\/blogs.uninter.edu.mx\/difusioncultural\/?p=7355#primaryimage","url":"https:\/\/blogs.uninter.edu.mx\/difusioncultural\/wp-content\/uploads\/2020\/04\/cantante.png","contentUrl":"https:\/\/blogs.uninter.edu.mx\/difusioncultural\/wp-content\/uploads\/2020\/04\/cantante.png","width":685,"height":411},{"@type":"BreadcrumbList","@id":"https:\/\/blogs.uninter.edu.mx\/difusioncultural\/?p=7355#breadcrumb","itemListElement":[{"@type":"ListItem","position":1,"name":"Inicio","item":"https:\/\/blogs.uninter.edu.mx\/difusioncultural\/"},{"@type":"ListItem","position":2,"name":"Cantautor poblano Gerardo Pablo ofrece conciertos online"}]},{"@type":"WebSite","@id":"https:\/\/blogs.uninter.edu.mx\/difusioncultural\/#website","url":"https:\/\/blogs.uninter.edu.mx\/difusioncultural\/","name":"Difusi\u00f3n Cultural","description":"UNINTER","publisher":{"@id":"https:\/\/blogs.uninter.edu.mx\/difusioncultural\/#organization"},"potentialAction":[{"@type":"SearchAction","target":{"@type":"EntryPoint","urlTemplate":"https:\/\/blogs.uninter.edu.mx\/difusioncultural\/?s={search_term_string}"},"query-input":{"@type":"PropertyValueSpecification","valueRequired":true,"valueName":"search_term_string"}}],"inLanguage":"es"},{"@type":"Organization","@id":"https:\/\/blogs.uninter.edu.mx\/difusioncultural\/#organization","name":"Difusi\u00f3n Cultural","url":"https:\/\/blogs.uninter.edu.mx\/difusioncultural\/","logo":{"@type":"ImageObject","inLanguage":"es","@id":"https:\/\/blogs.uninter.edu.mx\/difusioncultural\/#\/schema\/logo\/image\/","url":"https:\/\/blogs.uninter.edu.mx\/difusioncultural\/wp-content\/uploads\/2022\/09\/uninter.jpg","contentUrl":"https:\/\/blogs.uninter.edu.mx\/difusioncultural\/wp-content\/uploads\/2022\/09\/uninter.jpg","width":2048,"height":2048,"caption":"Difusi\u00f3n Cultural"},"image":{"@id":"https:\/\/blogs.uninter.edu.mx\/difusioncultural\/#\/schema\/logo\/image\/"}},{"@type":"Person","@id":"https:\/\/blogs.uninter.edu.mx\/difusioncultural\/#\/schema\/person\/37a0926f4dd300a814993fd595abdc4a","name":"webmaster","image":{"@type":"ImageObject","inLanguage":"es","@id":"https:\/\/blogs.uninter.edu.mx\/difusioncultural\/#\/schema\/person\/image\/","url":"https:\/\/secure.gravatar.com\/avatar\/a59c276b01147463ef3aab4118e3137ebc5e1ad6700deb39ccdf8b89e517f7dc?s=96&d=mm&r=g","contentUrl":"https:\/\/secure.gravatar.com\/avatar\/a59c276b01147463ef3aab4118e3137ebc5e1ad6700deb39ccdf8b89e517f7dc?s=96&d=mm&r=g","caption":"webmaster"},"sameAs":["https:\/\/blogs.uninter.edu.mx\/difusioncultural"],"url":"https:\/\/blogs.uninter.edu.mx\/difusioncultural\/?author=1"}]}},"jetpack_publicize_connections":[],"jetpack_featured_media_url":"https:\/\/blogs.uninter.edu.mx\/difusioncultural\/wp-content\/uploads\/2020\/04\/cantante.png","jetpack_sharing_enabled":true,"_links":{"self":[{"href":"https:\/\/blogs.uninter.edu.mx\/difusioncultural\/index.php?rest_route=\/wp\/v2\/posts\/7355","targetHints":{"allow":["GET"]}}],"collection":[{"href":"https:\/\/blogs.uninter.edu.mx\/difusioncultural\/index.php?rest_route=\/wp\/v2\/posts"}],"about":[{"href":"https:\/\/blogs.uninter.edu.mx\/difusioncultural\/index.php?rest_route=\/wp\/v2\/types\/post"}],"author":[{"embeddable":true,"href":"https:\/\/blogs.uninter.edu.mx\/difusioncultural\/index.php?rest_route=\/wp\/v2\/users\/1"}],"replies":[{"embeddable":true,"href":"https:\/\/blogs.uninter.edu.mx\/difusioncultural\/index.php?rest_route=%2Fwp%2Fv2%2Fcomments&post=7355"}],"version-history":[{"count":0,"href":"https:\/\/blogs.uninter.edu.mx\/difusioncultural\/index.php?rest_route=\/wp\/v2\/posts\/7355\/revisions"}],"wp:featuredmedia":[{"embeddable":true,"href":"https:\/\/blogs.uninter.edu.mx\/difusioncultural\/index.php?rest_route=\/wp\/v2\/media\/7360"}],"wp:attachment":[{"href":"https:\/\/blogs.uninter.edu.mx\/difusioncultural\/index.php?rest_route=%2Fwp%2Fv2%2Fmedia&parent=7355"}],"wp:term":[{"taxonomy":"category","embeddable":true,"href":"https:\/\/blogs.uninter.edu.mx\/difusioncultural\/index.php?rest_route=%2Fwp%2Fv2%2Fcategories&post=7355"},{"taxonomy":"post_tag","embeddable":true,"href":"https:\/\/blogs.uninter.edu.mx\/difusioncultural\/index.php?rest_route=%2Fwp%2Fv2%2Ftags&post=7355"}],"curies":[{"name":"wp","href":"https:\/\/api.w.org\/{rel}","templated":true}]}}