{"id":7362,"date":"2020-04-21T19:16:43","date_gmt":"2020-04-22T00:16:43","guid":{"rendered":"https:\/\/difusionculturaluninter.wordpress.com\/?p=7362"},"modified":"2020-04-21T19:16:43","modified_gmt":"2020-04-22T00:16:43","slug":"osslp-se-une-a-culturavivaencasa-en-un-concierto-de-tv","status":"publish","type":"post","link":"https:\/\/blogs.uninter.edu.mx\/difusioncultural\/?p=7362","title":{"rendered":"OSSLP se une a  #CulturaVivaEnCasa en un concierto de TV"},"content":{"rendered":"<p><img decoding=\"async\" src=\"https:\/\/www.jornada.com.mx\/ultimas\/2020\/04\/21\/osslp-se-une-a-culturavivaencasa-en-un-concierto-de-tv-4043.html\/osslp.jpg-7675.html\/image_large\" \/><\/p>\n<p>Como parte de la programaci\u00f3n #CulturaVivaEnCasa, ante la pandemia Covid-19, que presenta la Secretar\u00eda de Cultura de San Luis Potos\u00ed, el pasado fin de semana transmiti\u00f3 el concierto de la Orquesta Sinf\u00f3nica de San Luis Potos\u00ed a trav\u00e9s de Canal 13 local, programa que se grab\u00f3 en el Teatro de la Paz contando con la participaci\u00f3n del pianista croata Goran Filipec interpretando obras de Franz Liszt y B\u00e9la Bart\u00f3k bajo la direcci\u00f3n del Mtro. Jos\u00e9 Miramontes Zapata.<\/p>\n<p>El concierto abri\u00f3 con la Fantas\u00eda sobre temas folcl\u00f3ricos h\u00fangaros (o Fantas\u00eda H\u00fangara), del prol\u00edfico compositor considerado uno de los \u201cmonstruos sagrados\u201d del pianismo del siglo XIX: el austro-h\u00fangaro Franz Liszt.<\/p>\n<p>La Fantas\u00eda H\u00fangara S.123 se ha convertido en una de las grandes aportaciones de Franz Liszt para dar a conocer la m\u00fasica de su pa\u00eds en occidente. Basada en melod\u00edas populares, la obra que escucharemos en estos conciertos de fin de semana es un arreglo que el propio compositor hiciera de su Rapsodia H\u00fangara no. 14.<\/p>\n<p>Al ser Liszt una estrella suprema del virtuosismo pian\u00edstico, su obra exhibe acentos propios muy originales, anunciando elementos de vanguardia. La m\u00fasica para piano de Liszt tiene muchos colores, es brillante y en\u00e9rgica, y exige de su int\u00e9rprete una formaci\u00f3n especial a fin de que los logre proyectar sin excesiva pirotecnia, por lo que cobra especial relevancia el que el maestro Goran Filipec haya sido galardonado apenas en 2019 con el premio de la Sociedad Ferenc Liszt, inscribi\u00e9ndolo con ello en la prestigiosa lista a la que pertenecen pianistas de la talla de Vladimir Horowitz y Gyorgy Cziffra.<\/p>\n<p>Para la segunda parte del programa, la Sinf\u00f3nica de San Luis Potos\u00ed interpretar\u00e1 una de las obras m\u00e1s populares de otro de los grandes m\u00fasicos h\u00fangaros, B\u00e9la Bart\u00f3k; su Concierto para Orquesta. Compuesta como encargo de sus compatriotas Fritz Reiner, Joseph Szigetti y Serge Koussevitzky, esta obra da acceso al p\u00fablico en general a la obra de Bart\u00f3k, y cuenta con una orquestaci\u00f3n esplendorosa, que sorprende por su energ\u00eda y vitalidad, a pesar de que, parad\u00f3jicamente, el m\u00fasico se encontraba ya muy enfermo y morir\u00eda solo dos a\u00f1os despu\u00e9s de su estreno.<\/p>\n<p>Las fechas de reprogramaci\u00f3n de actividades culturales de forma presencial se dar\u00e1n a conocer a trav\u00e9s de los distintos espacios con los que cuenta la Secretar\u00eda de Cultura en San Luis Potos\u00ed, cuyo titular es Armando Herrera, como redes sociales institucionales, la App \u201cSLP Cultura\u201d disponible para dispositivos m\u00f3viles Android como iOS, y en medios de informaci\u00f3n y comunicaci\u00f3n.<\/p>\n","protected":false},"excerpt":{"rendered":"<p>Como parte de la programaci\u00f3n #CulturaVivaEnCasa, ante la pandemia Covid-19, que presenta la Secretar\u00eda de Cultura de San Luis Potos\u00ed, el pasado fin de semana transmiti\u00f3 el concierto de la Orquesta Sinf\u00f3nica de San Luis Potos\u00ed a trav\u00e9s de Canal 13 local, programa que se grab\u00f3 en el Teatro de la Paz contando con la&hellip;<\/p>\n","protected":false},"author":1,"featured_media":7364,"comment_status":"closed","ping_status":"open","sticky":false,"template":"","format":"standard","meta":{"_jetpack_memberships_contains_paid_content":false,"footnotes":"","jetpack_publicize_message":"","jetpack_publicize_feature_enabled":true,"jetpack_social_post_already_shared":false,"jetpack_social_options":{"image_generator_settings":{"template":"highway","default_image_id":0,"font":"","enabled":false},"version":2}},"categories":[12],"tags":[],"class_list":["post-7362","post","type-post","status-publish","format-standard","has-post-thumbnail","hentry","category-noticias"],"yoast_head":"<!-- This site is optimized with the Yoast SEO plugin v26.3 - https:\/\/yoast.com\/wordpress\/plugins\/seo\/ -->\r\n<title>OSSLP se une a #CulturaVivaEnCasa en un concierto de TV - Difusi\u00f3n Cultural<\/title>\r\n<meta name=\"robots\" content=\"index, follow, max-snippet:-1, max-image-preview:large, max-video-preview:-1\" \/>\r\n<link rel=\"canonical\" href=\"https:\/\/blogs.uninter.edu.mx\/difusioncultural\/?p=7362\" \/>\r\n<meta property=\"og:locale\" content=\"es_MX\" \/>\r\n<meta property=\"og:type\" content=\"article\" \/>\r\n<meta property=\"og:title\" content=\"OSSLP se une a #CulturaVivaEnCasa en un concierto de TV - Difusi\u00f3n Cultural\" \/>\r\n<meta property=\"og:description\" content=\"Como parte de la programaci\u00f3n #CulturaVivaEnCasa, ante la pandemia Covid-19, que presenta la Secretar\u00eda de Cultura de San Luis Potos\u00ed, el pasado fin de semana transmiti\u00f3 el concierto de la Orquesta Sinf\u00f3nica de San Luis Potos\u00ed a trav\u00e9s de Canal 13 local, programa que se grab\u00f3 en el Teatro de la Paz contando con la&hellip;\" \/>\r\n<meta property=\"og:url\" content=\"https:\/\/blogs.uninter.edu.mx\/difusioncultural\/?p=7362\" \/>\r\n<meta property=\"og:site_name\" content=\"Difusi\u00f3n Cultural\" \/>\r\n<meta property=\"article:published_time\" content=\"2020-04-22T00:16:43+00:00\" \/>\r\n<meta property=\"og:image\" content=\"https:\/\/blogs.uninter.edu.mx\/difusioncultural\/wp-content\/uploads\/2020\/04\/image_large.jpg\" \/>\r\n\t<meta property=\"og:image:width\" content=\"745\" \/>\r\n\t<meta property=\"og:image:height\" content=\"248\" \/>\r\n\t<meta property=\"og:image:type\" content=\"image\/jpeg\" \/>\r\n<meta name=\"author\" content=\"webmaster\" \/>\r\n<meta name=\"twitter:card\" content=\"summary_large_image\" \/>\r\n<meta name=\"twitter:label1\" content=\"Escrito por\" \/>\n\t<meta name=\"twitter:data1\" content=\"webmaster\" \/>\n\t<meta name=\"twitter:label2\" content=\"Tiempo de lectura\" \/>\n\t<meta name=\"twitter:data2\" content=\"2 minutos\" \/>\r\n<script type=\"application\/ld+json\" class=\"yoast-schema-graph\">{\"@context\":\"https:\/\/schema.org\",\"@graph\":[{\"@type\":\"Article\",\"@id\":\"https:\/\/blogs.uninter.edu.mx\/difusioncultural\/?p=7362#article\",\"isPartOf\":{\"@id\":\"https:\/\/blogs.uninter.edu.mx\/difusioncultural\/?p=7362\"},\"author\":{\"name\":\"webmaster\",\"@id\":\"https:\/\/blogs.uninter.edu.mx\/difusioncultural\/#\/schema\/person\/37a0926f4dd300a814993fd595abdc4a\"},\"headline\":\"OSSLP se une a #CulturaVivaEnCasa en un concierto de TV\",\"datePublished\":\"2020-04-22T00:16:43+00:00\",\"mainEntityOfPage\":{\"@id\":\"https:\/\/blogs.uninter.edu.mx\/difusioncultural\/?p=7362\"},\"wordCount\":469,\"publisher\":{\"@id\":\"https:\/\/blogs.uninter.edu.mx\/difusioncultural\/#organization\"},\"image\":{\"@id\":\"https:\/\/blogs.uninter.edu.mx\/difusioncultural\/?p=7362#primaryimage\"},\"thumbnailUrl\":\"https:\/\/blogs.uninter.edu.mx\/difusioncultural\/wp-content\/uploads\/2020\/04\/image_large.jpg\",\"articleSection\":[\"noticias\"],\"inLanguage\":\"es\"},{\"@type\":\"WebPage\",\"@id\":\"https:\/\/blogs.uninter.edu.mx\/difusioncultural\/?p=7362\",\"url\":\"https:\/\/blogs.uninter.edu.mx\/difusioncultural\/?p=7362\",\"name\":\"OSSLP se une a #CulturaVivaEnCasa en un concierto de TV - Difusi\u00f3n Cultural\",\"isPartOf\":{\"@id\":\"https:\/\/blogs.uninter.edu.mx\/difusioncultural\/#website\"},\"primaryImageOfPage\":{\"@id\":\"https:\/\/blogs.uninter.edu.mx\/difusioncultural\/?p=7362#primaryimage\"},\"image\":{\"@id\":\"https:\/\/blogs.uninter.edu.mx\/difusioncultural\/?p=7362#primaryimage\"},\"thumbnailUrl\":\"https:\/\/blogs.uninter.edu.mx\/difusioncultural\/wp-content\/uploads\/2020\/04\/image_large.jpg\",\"datePublished\":\"2020-04-22T00:16:43+00:00\",\"breadcrumb\":{\"@id\":\"https:\/\/blogs.uninter.edu.mx\/difusioncultural\/?p=7362#breadcrumb\"},\"inLanguage\":\"es\",\"potentialAction\":[{\"@type\":\"ReadAction\",\"target\":[\"https:\/\/blogs.uninter.edu.mx\/difusioncultural\/?p=7362\"]}]},{\"@type\":\"ImageObject\",\"inLanguage\":\"es\",\"@id\":\"https:\/\/blogs.uninter.edu.mx\/difusioncultural\/?p=7362#primaryimage\",\"url\":\"https:\/\/blogs.uninter.edu.mx\/difusioncultural\/wp-content\/uploads\/2020\/04\/image_large.jpg\",\"contentUrl\":\"https:\/\/blogs.uninter.edu.mx\/difusioncultural\/wp-content\/uploads\/2020\/04\/image_large.jpg\",\"width\":745,\"height\":248},{\"@type\":\"BreadcrumbList\",\"@id\":\"https:\/\/blogs.uninter.edu.mx\/difusioncultural\/?p=7362#breadcrumb\",\"itemListElement\":[{\"@type\":\"ListItem\",\"position\":1,\"name\":\"Inicio\",\"item\":\"https:\/\/blogs.uninter.edu.mx\/difusioncultural\/\"},{\"@type\":\"ListItem\",\"position\":2,\"name\":\"OSSLP se une a #CulturaVivaEnCasa en un concierto de TV\"}]},{\"@type\":\"WebSite\",\"@id\":\"https:\/\/blogs.uninter.edu.mx\/difusioncultural\/#website\",\"url\":\"https:\/\/blogs.uninter.edu.mx\/difusioncultural\/\",\"name\":\"Difusi\u00f3n Cultural\",\"description\":\"UNINTER\",\"publisher\":{\"@id\":\"https:\/\/blogs.uninter.edu.mx\/difusioncultural\/#organization\"},\"potentialAction\":[{\"@type\":\"SearchAction\",\"target\":{\"@type\":\"EntryPoint\",\"urlTemplate\":\"https:\/\/blogs.uninter.edu.mx\/difusioncultural\/?s={search_term_string}\"},\"query-input\":{\"@type\":\"PropertyValueSpecification\",\"valueRequired\":true,\"valueName\":\"search_term_string\"}}],\"inLanguage\":\"es\"},{\"@type\":\"Organization\",\"@id\":\"https:\/\/blogs.uninter.edu.mx\/difusioncultural\/#organization\",\"name\":\"Difusi\u00f3n Cultural\",\"url\":\"https:\/\/blogs.uninter.edu.mx\/difusioncultural\/\",\"logo\":{\"@type\":\"ImageObject\",\"inLanguage\":\"es\",\"@id\":\"https:\/\/blogs.uninter.edu.mx\/difusioncultural\/#\/schema\/logo\/image\/\",\"url\":\"https:\/\/blogs.uninter.edu.mx\/difusioncultural\/wp-content\/uploads\/2022\/09\/uninter.jpg\",\"contentUrl\":\"https:\/\/blogs.uninter.edu.mx\/difusioncultural\/wp-content\/uploads\/2022\/09\/uninter.jpg\",\"width\":2048,\"height\":2048,\"caption\":\"Difusi\u00f3n Cultural\"},\"image\":{\"@id\":\"https:\/\/blogs.uninter.edu.mx\/difusioncultural\/#\/schema\/logo\/image\/\"}},{\"@type\":\"Person\",\"@id\":\"https:\/\/blogs.uninter.edu.mx\/difusioncultural\/#\/schema\/person\/37a0926f4dd300a814993fd595abdc4a\",\"name\":\"webmaster\",\"image\":{\"@type\":\"ImageObject\",\"inLanguage\":\"es\",\"@id\":\"https:\/\/blogs.uninter.edu.mx\/difusioncultural\/#\/schema\/person\/image\/\",\"url\":\"https:\/\/secure.gravatar.com\/avatar\/a59c276b01147463ef3aab4118e3137ebc5e1ad6700deb39ccdf8b89e517f7dc?s=96&d=mm&r=g\",\"contentUrl\":\"https:\/\/secure.gravatar.com\/avatar\/a59c276b01147463ef3aab4118e3137ebc5e1ad6700deb39ccdf8b89e517f7dc?s=96&d=mm&r=g\",\"caption\":\"webmaster\"},\"sameAs\":[\"https:\/\/blogs.uninter.edu.mx\/difusioncultural\"],\"url\":\"https:\/\/blogs.uninter.edu.mx\/difusioncultural\/?author=1\"}]}<\/script>\r\n<!-- \/ Yoast SEO plugin. -->","yoast_head_json":{"title":"OSSLP se une a #CulturaVivaEnCasa en un concierto de TV - Difusi\u00f3n Cultural","robots":{"index":"index","follow":"follow","max-snippet":"max-snippet:-1","max-image-preview":"max-image-preview:large","max-video-preview":"max-video-preview:-1"},"canonical":"https:\/\/blogs.uninter.edu.mx\/difusioncultural\/?p=7362","og_locale":"es_MX","og_type":"article","og_title":"OSSLP se une a #CulturaVivaEnCasa en un concierto de TV - Difusi\u00f3n Cultural","og_description":"Como parte de la programaci\u00f3n #CulturaVivaEnCasa, ante la pandemia Covid-19, que presenta la Secretar\u00eda de Cultura de San Luis Potos\u00ed, el pasado fin de semana transmiti\u00f3 el concierto de la Orquesta Sinf\u00f3nica de San Luis Potos\u00ed a trav\u00e9s de Canal 13 local, programa que se grab\u00f3 en el Teatro de la Paz contando con la&hellip;","og_url":"https:\/\/blogs.uninter.edu.mx\/difusioncultural\/?p=7362","og_site_name":"Difusi\u00f3n Cultural","article_published_time":"2020-04-22T00:16:43+00:00","og_image":[{"width":745,"height":248,"url":"https:\/\/blogs.uninter.edu.mx\/difusioncultural\/wp-content\/uploads\/2020\/04\/image_large.jpg","type":"image\/jpeg"}],"author":"webmaster","twitter_card":"summary_large_image","twitter_misc":{"Escrito por":"webmaster","Tiempo de lectura":"2 minutos"},"schema":{"@context":"https:\/\/schema.org","@graph":[{"@type":"Article","@id":"https:\/\/blogs.uninter.edu.mx\/difusioncultural\/?p=7362#article","isPartOf":{"@id":"https:\/\/blogs.uninter.edu.mx\/difusioncultural\/?p=7362"},"author":{"name":"webmaster","@id":"https:\/\/blogs.uninter.edu.mx\/difusioncultural\/#\/schema\/person\/37a0926f4dd300a814993fd595abdc4a"},"headline":"OSSLP se une a #CulturaVivaEnCasa en un concierto de TV","datePublished":"2020-04-22T00:16:43+00:00","mainEntityOfPage":{"@id":"https:\/\/blogs.uninter.edu.mx\/difusioncultural\/?p=7362"},"wordCount":469,"publisher":{"@id":"https:\/\/blogs.uninter.edu.mx\/difusioncultural\/#organization"},"image":{"@id":"https:\/\/blogs.uninter.edu.mx\/difusioncultural\/?p=7362#primaryimage"},"thumbnailUrl":"https:\/\/blogs.uninter.edu.mx\/difusioncultural\/wp-content\/uploads\/2020\/04\/image_large.jpg","articleSection":["noticias"],"inLanguage":"es"},{"@type":"WebPage","@id":"https:\/\/blogs.uninter.edu.mx\/difusioncultural\/?p=7362","url":"https:\/\/blogs.uninter.edu.mx\/difusioncultural\/?p=7362","name":"OSSLP se une a #CulturaVivaEnCasa en un concierto de TV - Difusi\u00f3n Cultural","isPartOf":{"@id":"https:\/\/blogs.uninter.edu.mx\/difusioncultural\/#website"},"primaryImageOfPage":{"@id":"https:\/\/blogs.uninter.edu.mx\/difusioncultural\/?p=7362#primaryimage"},"image":{"@id":"https:\/\/blogs.uninter.edu.mx\/difusioncultural\/?p=7362#primaryimage"},"thumbnailUrl":"https:\/\/blogs.uninter.edu.mx\/difusioncultural\/wp-content\/uploads\/2020\/04\/image_large.jpg","datePublished":"2020-04-22T00:16:43+00:00","breadcrumb":{"@id":"https:\/\/blogs.uninter.edu.mx\/difusioncultural\/?p=7362#breadcrumb"},"inLanguage":"es","potentialAction":[{"@type":"ReadAction","target":["https:\/\/blogs.uninter.edu.mx\/difusioncultural\/?p=7362"]}]},{"@type":"ImageObject","inLanguage":"es","@id":"https:\/\/blogs.uninter.edu.mx\/difusioncultural\/?p=7362#primaryimage","url":"https:\/\/blogs.uninter.edu.mx\/difusioncultural\/wp-content\/uploads\/2020\/04\/image_large.jpg","contentUrl":"https:\/\/blogs.uninter.edu.mx\/difusioncultural\/wp-content\/uploads\/2020\/04\/image_large.jpg","width":745,"height":248},{"@type":"BreadcrumbList","@id":"https:\/\/blogs.uninter.edu.mx\/difusioncultural\/?p=7362#breadcrumb","itemListElement":[{"@type":"ListItem","position":1,"name":"Inicio","item":"https:\/\/blogs.uninter.edu.mx\/difusioncultural\/"},{"@type":"ListItem","position":2,"name":"OSSLP se une a #CulturaVivaEnCasa en un concierto de TV"}]},{"@type":"WebSite","@id":"https:\/\/blogs.uninter.edu.mx\/difusioncultural\/#website","url":"https:\/\/blogs.uninter.edu.mx\/difusioncultural\/","name":"Difusi\u00f3n Cultural","description":"UNINTER","publisher":{"@id":"https:\/\/blogs.uninter.edu.mx\/difusioncultural\/#organization"},"potentialAction":[{"@type":"SearchAction","target":{"@type":"EntryPoint","urlTemplate":"https:\/\/blogs.uninter.edu.mx\/difusioncultural\/?s={search_term_string}"},"query-input":{"@type":"PropertyValueSpecification","valueRequired":true,"valueName":"search_term_string"}}],"inLanguage":"es"},{"@type":"Organization","@id":"https:\/\/blogs.uninter.edu.mx\/difusioncultural\/#organization","name":"Difusi\u00f3n Cultural","url":"https:\/\/blogs.uninter.edu.mx\/difusioncultural\/","logo":{"@type":"ImageObject","inLanguage":"es","@id":"https:\/\/blogs.uninter.edu.mx\/difusioncultural\/#\/schema\/logo\/image\/","url":"https:\/\/blogs.uninter.edu.mx\/difusioncultural\/wp-content\/uploads\/2022\/09\/uninter.jpg","contentUrl":"https:\/\/blogs.uninter.edu.mx\/difusioncultural\/wp-content\/uploads\/2022\/09\/uninter.jpg","width":2048,"height":2048,"caption":"Difusi\u00f3n Cultural"},"image":{"@id":"https:\/\/blogs.uninter.edu.mx\/difusioncultural\/#\/schema\/logo\/image\/"}},{"@type":"Person","@id":"https:\/\/blogs.uninter.edu.mx\/difusioncultural\/#\/schema\/person\/37a0926f4dd300a814993fd595abdc4a","name":"webmaster","image":{"@type":"ImageObject","inLanguage":"es","@id":"https:\/\/blogs.uninter.edu.mx\/difusioncultural\/#\/schema\/person\/image\/","url":"https:\/\/secure.gravatar.com\/avatar\/a59c276b01147463ef3aab4118e3137ebc5e1ad6700deb39ccdf8b89e517f7dc?s=96&d=mm&r=g","contentUrl":"https:\/\/secure.gravatar.com\/avatar\/a59c276b01147463ef3aab4118e3137ebc5e1ad6700deb39ccdf8b89e517f7dc?s=96&d=mm&r=g","caption":"webmaster"},"sameAs":["https:\/\/blogs.uninter.edu.mx\/difusioncultural"],"url":"https:\/\/blogs.uninter.edu.mx\/difusioncultural\/?author=1"}]}},"jetpack_publicize_connections":[],"jetpack_featured_media_url":"https:\/\/blogs.uninter.edu.mx\/difusioncultural\/wp-content\/uploads\/2020\/04\/image_large.jpg","jetpack_sharing_enabled":true,"_links":{"self":[{"href":"https:\/\/blogs.uninter.edu.mx\/difusioncultural\/index.php?rest_route=\/wp\/v2\/posts\/7362","targetHints":{"allow":["GET"]}}],"collection":[{"href":"https:\/\/blogs.uninter.edu.mx\/difusioncultural\/index.php?rest_route=\/wp\/v2\/posts"}],"about":[{"href":"https:\/\/blogs.uninter.edu.mx\/difusioncultural\/index.php?rest_route=\/wp\/v2\/types\/post"}],"author":[{"embeddable":true,"href":"https:\/\/blogs.uninter.edu.mx\/difusioncultural\/index.php?rest_route=\/wp\/v2\/users\/1"}],"replies":[{"embeddable":true,"href":"https:\/\/blogs.uninter.edu.mx\/difusioncultural\/index.php?rest_route=%2Fwp%2Fv2%2Fcomments&post=7362"}],"version-history":[{"count":0,"href":"https:\/\/blogs.uninter.edu.mx\/difusioncultural\/index.php?rest_route=\/wp\/v2\/posts\/7362\/revisions"}],"wp:featuredmedia":[{"embeddable":true,"href":"https:\/\/blogs.uninter.edu.mx\/difusioncultural\/index.php?rest_route=\/wp\/v2\/media\/7364"}],"wp:attachment":[{"href":"https:\/\/blogs.uninter.edu.mx\/difusioncultural\/index.php?rest_route=%2Fwp%2Fv2%2Fmedia&parent=7362"}],"wp:term":[{"taxonomy":"category","embeddable":true,"href":"https:\/\/blogs.uninter.edu.mx\/difusioncultural\/index.php?rest_route=%2Fwp%2Fv2%2Fcategories&post=7362"},{"taxonomy":"post_tag","embeddable":true,"href":"https:\/\/blogs.uninter.edu.mx\/difusioncultural\/index.php?rest_route=%2Fwp%2Fv2%2Ftags&post=7362"}],"curies":[{"name":"wp","href":"https:\/\/api.w.org\/{rel}","templated":true}]}}