{"id":7366,"date":"2020-04-21T19:22:04","date_gmt":"2020-04-22T00:22:04","guid":{"rendered":"https:\/\/difusionculturaluninter.wordpress.com\/?p=7366"},"modified":"2020-04-21T19:22:04","modified_gmt":"2020-04-22T00:22:04","slug":"la-poesia-salva-acompana-y-da-esperanza-uriel-ramirez","status":"publish","type":"post","link":"https:\/\/blogs.uninter.edu.mx\/difusioncultural\/?p=7366","title":{"rendered":"La poes\u00eda salva, acompa\u00f1a y da esperanza: Uriel Ram\u00edrez"},"content":{"rendered":"<p><img decoding=\"async\" src=\"https:\/\/www.jornada.com.mx\/ultimas\/2020\/04\/21\/la-poesia-salva-acompana-y-da-esperanza-uriel-ramirez-6361.html\/poesia.jpg-8793.html\/image_large\" \/><\/p>\n<p>La poes\u00eda salva, acompa\u00f1a, fortalece y da esperanza, es el mensaje que se propuso transmitir el Primer Festival Virtual Internacional de Poes\u00eda, que durante los d\u00edas 18 y 19 de abril, se transmiti\u00f3 mediante la cuenta de facebook del colectivo Revoluci\u00f3n Cultural, encabezada por Uriel Ram\u00edrez Hern\u00e1ndez.<\/p>\n<p dir=\"ltr\">Para el encuentro po\u00e9tico se invit\u00f3 a unos 50 autores de distintos estados del pa\u00eds, pero sobre todo del estado de Michoac\u00e1n, de donde es originario Ram\u00edrez Hern\u00e1ndez. \u201cLa intenci\u00f3n es lograr que los internautas encuentren en la poes\u00eda una compa\u00f1\u00eda, que nos abrace en estos momentos, porque estamos seguro que pronto nos abrazaremos, como lo hemos hecho siempre\u201d, explic\u00f3 el tambi\u00e9n poeta.<\/p>\n<p dir=\"ltr\">A partir de las 10:30 de la ma\u00f1ana y hasta pasadas las 18 horas de este domingo 19 de abril, se transmiti\u00f3 la participaci\u00f3n, por separado, de cada uno de los poetas, m\u00fasicos y promotores culturales invitados.<\/p>\n<p dir=\"ltr\">Durante su lectura, algunos de los autores deploraron el insuficiente apoyo al gremio m\u00e9dico, \u201cquienes hoy son los verdaderos h\u00e9roes\u201d en medio de la emergencia sanitaria; en tanto\u00a0 otros, condenaron los comentarios del periodista Javier Alatorre, de Televisi\u00f3n Azteca, respecto de no hacer caso a las recomendaciones sanitarias de la Secretar\u00eda de Salud, federal; y otros m\u00e1s manifestaron su solidaridad y fraternidad a todos aquellos que se encuentran en confinamiento provocado por el Covid-19; \u201csituaci\u00f3n que hay que aprovechar para ser mejores seres humanos\u201d, expresaron.<\/p>\n<p dir=\"ltr\">\u201cEl capitalismo y el neoliberalismo nos han metido hasta la m\u00e9dula que somos individuos, pero que no nos deber\u00eda interesar m\u00e1s que el bien propio. Hoy la invitaci\u00f3n es a reformular un nuevo modelo, en el que en el centro se encuentre el ser humano, pero sobre todo la comunidad, que lo que le pase a uno, le pase a todos, para en ese sentido salir todos adelante\u201d, coment\u00f3 Jes\u00fas Galindo Calder\u00f3n.<\/p>\n<p dir=\"ltr\">Durante su participaci\u00f3n, el m\u00fasico y poeta, Gildardo Noble, consider\u00f3 que lo que hoy se vive \u201ces un parteaguas en la humanidad\u201d.<\/p>\n<p dir=\"ltr\">\u201cSe nos presentan dos caminos, por lo que se tiene que tomar una decisi\u00f3n. Hay quien dice que despu\u00e9s de la emergencia sanitaria vendr\u00e1 una terrible crisis, una recesi\u00f3n, un nuevo orden mundial establecido por los grandes poderes econ\u00f3micos y pol\u00edticos del mundo; pero hay quien dice tambi\u00e9n que hay otro camino; la posibilidad de que podemos ser una humanidad m\u00e1s consciente del cuidado de la naturaleza, la cual nos dice que debemos parar su devastaci\u00f3n. Lo m\u00e1s importante es lograr esa conciencia y encaminarnos hacia un orden mundial, pero construido por nosotros, en su mayor\u00eda la gente del pueblo y las comunidades, con la finalidad de ser autogestivos\u201d.<\/p>\n<p dir=\"ltr\">Gildardo Noble, durante su participaci\u00f3n record\u00f3 al pintor oaxaque\u00f1o Francisco Toledo, a quien le escribi\u00f3 un poema y de quien dijo: \u201cnos di\u00f3 un ejemplo del trabajo en comunidad; fue uno de los grandes hombres que pudo lucir como un millonario por todo lo que pudo adquirir por su obra, pero que, por el contrario, mostr\u00f3 ser un hombre sencillo, comprometido, tan lleno de vida y altruista. Ojal\u00e1 \u00e9l estuviera aqu\u00ed, para acompa\u00f1arnos y decirnos sus palabras\u201d.<\/p>\n<p dir=\"ltr\">En su momento, la poeta Nancy Viridiana Herrejon, coincidi\u00f3 con otros autores, el que \u201choy es un tiempo de reflexi\u00f3n tanto individual como colectiva. Hoy vivimos la imposibilidad de no estar cerca de nuestros seres queridos, de n o podernos dar ni siquiera un abrazo, un saludo, un beso. No debemos estar divididos. Somos m\u00e1s los buenos. Los verdaderos h\u00e9roes, el sector que debe ser siempre ser apoyado es el m\u00e9dico, el cual siempre ha sufrido los recortes econ\u00f3micos de los gobernantes. Nosotros tenemos la responsabilidad de mejorar las cosas para ellos, porque eso ha sido consecuencia de la corrupci\u00f3n\u201d.<\/p>\n<p dir=\"ltr\">Hoy la poes\u00eda, record\u00f3 Herrejon, \u201ces una arma cargada de futuro, el arte y la cultura ser\u00e1 siempre un aliciente. Hay que pensar que despu\u00e9s de esta contingencia debemos ser mejores seres humanos, darnos cuenta que nos necesitamos\u201d.<\/p>\n<p dir=\"ltr\">Uno a uno, durante unas 8 horas continuas, se fueron presentando en lo que se denomin\u00f3 Primer Festival Virtual Internacional de Poes\u00eda, con la participaci\u00f3n sobre todo de autores de Michoac\u00e1n, Tamaulipas, Oaxaca y Ciudad de M\u00e9xico.<\/p>\n<p dir=\"ltr\">Uriel Ram\u00edrez Hern\u00e1ndez, quien vive en la ciudad de Apatzing\u00e1n, anunci\u00f3 que debido a la respuesta que tuvo este primer encuentro, se realizar\u00e1 un segundo festival, con fecha a\u00fan por confirmar.<\/p>\n<p dir=\"ltr\">Record\u00f3 que cuando en 2014 se realiz\u00f3 un encuentro de poetas en esa ciudad, los d\u00edas 11 y 12 de octubre, \u201ca las afueras de Apatzing\u00e1n, hab\u00eda enfrentamientos violentos, bloqueos y quema de autos, entre las autodefensas y el narco. Ahora, este primer festival virtual de poes\u00eda, en mi regi\u00f3n de tierra caliente, una vez m\u00e1s es violentada; hay bloqueos y enfrentamientos, a lo que se suma la emergencia sanitaria\u201d.<\/p>\n<p dir=\"ltr\">Por eso, concluy\u00f3 el poeta y promotor cultural michoacano, \u201cdebemos seguir haciendo poes\u00eda, porque la poes\u00eda salva, acompa\u00f1a, fortalece y da esperanza\u201d.<\/p>\n","protected":false},"excerpt":{"rendered":"<p>La poes\u00eda salva, acompa\u00f1a, fortalece y da esperanza, es el mensaje que se propuso transmitir el Primer Festival Virtual Internacional de Poes\u00eda, que durante los d\u00edas 18 y 19 de abril, se transmiti\u00f3 mediante la cuenta de facebook del colectivo Revoluci\u00f3n Cultural, encabezada por Uriel Ram\u00edrez Hern\u00e1ndez. Para el encuentro po\u00e9tico se invit\u00f3 a unos&hellip;<\/p>\n","protected":false},"author":1,"featured_media":7369,"comment_status":"closed","ping_status":"open","sticky":false,"template":"","format":"standard","meta":{"_jetpack_memberships_contains_paid_content":false,"footnotes":"","jetpack_publicize_message":"","jetpack_publicize_feature_enabled":true,"jetpack_social_post_already_shared":false,"jetpack_social_options":{"image_generator_settings":{"template":"highway","default_image_id":0,"font":"","enabled":false},"version":2}},"categories":[12],"tags":[],"class_list":["post-7366","post","type-post","status-publish","format-standard","has-post-thumbnail","hentry","category-noticias"],"yoast_head":"<!-- This site is optimized with the Yoast SEO plugin v26.3 - https:\/\/yoast.com\/wordpress\/plugins\/seo\/ -->\r\n<title>La poes\u00eda salva, acompa\u00f1a y da esperanza: Uriel Ram\u00edrez - Difusi\u00f3n Cultural<\/title>\r\n<meta name=\"robots\" content=\"index, follow, max-snippet:-1, max-image-preview:large, max-video-preview:-1\" \/>\r\n<link rel=\"canonical\" href=\"https:\/\/blogs.uninter.edu.mx\/difusioncultural\/?p=7366\" \/>\r\n<meta property=\"og:locale\" content=\"es_MX\" \/>\r\n<meta property=\"og:type\" content=\"article\" \/>\r\n<meta property=\"og:title\" content=\"La poes\u00eda salva, acompa\u00f1a y da esperanza: Uriel Ram\u00edrez - Difusi\u00f3n Cultural\" \/>\r\n<meta property=\"og:description\" content=\"La poes\u00eda salva, acompa\u00f1a, fortalece y da esperanza, es el mensaje que se propuso transmitir el Primer Festival Virtual Internacional de Poes\u00eda, que durante los d\u00edas 18 y 19 de abril, se transmiti\u00f3 mediante la cuenta de facebook del colectivo Revoluci\u00f3n Cultural, encabezada por Uriel Ram\u00edrez Hern\u00e1ndez. Para el encuentro po\u00e9tico se invit\u00f3 a unos&hellip;\" \/>\r\n<meta property=\"og:url\" content=\"https:\/\/blogs.uninter.edu.mx\/difusioncultural\/?p=7366\" \/>\r\n<meta property=\"og:site_name\" content=\"Difusi\u00f3n Cultural\" \/>\r\n<meta property=\"article:published_time\" content=\"2020-04-22T00:22:04+00:00\" \/>\r\n<meta property=\"og:image\" content=\"https:\/\/blogs.uninter.edu.mx\/difusioncultural\/wp-content\/uploads\/2020\/04\/image_large-1.jpg\" \/>\r\n\t<meta property=\"og:image:width\" content=\"500\" \/>\r\n\t<meta property=\"og:image:height\" content=\"458\" \/>\r\n\t<meta property=\"og:image:type\" content=\"image\/jpeg\" \/>\r\n<meta name=\"author\" content=\"webmaster\" \/>\r\n<meta name=\"twitter:card\" content=\"summary_large_image\" \/>\r\n<meta name=\"twitter:label1\" content=\"Escrito por\" \/>\n\t<meta name=\"twitter:data1\" content=\"webmaster\" \/>\n\t<meta name=\"twitter:label2\" content=\"Tiempo de lectura\" \/>\n\t<meta name=\"twitter:data2\" content=\"4 minutos\" \/>\r\n<script type=\"application\/ld+json\" class=\"yoast-schema-graph\">{\"@context\":\"https:\/\/schema.org\",\"@graph\":[{\"@type\":\"Article\",\"@id\":\"https:\/\/blogs.uninter.edu.mx\/difusioncultural\/?p=7366#article\",\"isPartOf\":{\"@id\":\"https:\/\/blogs.uninter.edu.mx\/difusioncultural\/?p=7366\"},\"author\":{\"name\":\"webmaster\",\"@id\":\"https:\/\/blogs.uninter.edu.mx\/difusioncultural\/#\/schema\/person\/37a0926f4dd300a814993fd595abdc4a\"},\"headline\":\"La poes\u00eda salva, acompa\u00f1a y da esperanza: Uriel Ram\u00edrez\",\"datePublished\":\"2020-04-22T00:22:04+00:00\",\"mainEntityOfPage\":{\"@id\":\"https:\/\/blogs.uninter.edu.mx\/difusioncultural\/?p=7366\"},\"wordCount\":883,\"publisher\":{\"@id\":\"https:\/\/blogs.uninter.edu.mx\/difusioncultural\/#organization\"},\"image\":{\"@id\":\"https:\/\/blogs.uninter.edu.mx\/difusioncultural\/?p=7366#primaryimage\"},\"thumbnailUrl\":\"https:\/\/blogs.uninter.edu.mx\/difusioncultural\/wp-content\/uploads\/2020\/04\/image_large-1.jpg\",\"articleSection\":[\"noticias\"],\"inLanguage\":\"es\"},{\"@type\":\"WebPage\",\"@id\":\"https:\/\/blogs.uninter.edu.mx\/difusioncultural\/?p=7366\",\"url\":\"https:\/\/blogs.uninter.edu.mx\/difusioncultural\/?p=7366\",\"name\":\"La poes\u00eda salva, acompa\u00f1a y da esperanza: Uriel Ram\u00edrez - Difusi\u00f3n Cultural\",\"isPartOf\":{\"@id\":\"https:\/\/blogs.uninter.edu.mx\/difusioncultural\/#website\"},\"primaryImageOfPage\":{\"@id\":\"https:\/\/blogs.uninter.edu.mx\/difusioncultural\/?p=7366#primaryimage\"},\"image\":{\"@id\":\"https:\/\/blogs.uninter.edu.mx\/difusioncultural\/?p=7366#primaryimage\"},\"thumbnailUrl\":\"https:\/\/blogs.uninter.edu.mx\/difusioncultural\/wp-content\/uploads\/2020\/04\/image_large-1.jpg\",\"datePublished\":\"2020-04-22T00:22:04+00:00\",\"breadcrumb\":{\"@id\":\"https:\/\/blogs.uninter.edu.mx\/difusioncultural\/?p=7366#breadcrumb\"},\"inLanguage\":\"es\",\"potentialAction\":[{\"@type\":\"ReadAction\",\"target\":[\"https:\/\/blogs.uninter.edu.mx\/difusioncultural\/?p=7366\"]}]},{\"@type\":\"ImageObject\",\"inLanguage\":\"es\",\"@id\":\"https:\/\/blogs.uninter.edu.mx\/difusioncultural\/?p=7366#primaryimage\",\"url\":\"https:\/\/blogs.uninter.edu.mx\/difusioncultural\/wp-content\/uploads\/2020\/04\/image_large-1.jpg\",\"contentUrl\":\"https:\/\/blogs.uninter.edu.mx\/difusioncultural\/wp-content\/uploads\/2020\/04\/image_large-1.jpg\",\"width\":500,\"height\":458},{\"@type\":\"BreadcrumbList\",\"@id\":\"https:\/\/blogs.uninter.edu.mx\/difusioncultural\/?p=7366#breadcrumb\",\"itemListElement\":[{\"@type\":\"ListItem\",\"position\":1,\"name\":\"Inicio\",\"item\":\"https:\/\/blogs.uninter.edu.mx\/difusioncultural\/\"},{\"@type\":\"ListItem\",\"position\":2,\"name\":\"La poes\u00eda salva, acompa\u00f1a y da esperanza: Uriel Ram\u00edrez\"}]},{\"@type\":\"WebSite\",\"@id\":\"https:\/\/blogs.uninter.edu.mx\/difusioncultural\/#website\",\"url\":\"https:\/\/blogs.uninter.edu.mx\/difusioncultural\/\",\"name\":\"Difusi\u00f3n Cultural\",\"description\":\"UNINTER\",\"publisher\":{\"@id\":\"https:\/\/blogs.uninter.edu.mx\/difusioncultural\/#organization\"},\"potentialAction\":[{\"@type\":\"SearchAction\",\"target\":{\"@type\":\"EntryPoint\",\"urlTemplate\":\"https:\/\/blogs.uninter.edu.mx\/difusioncultural\/?s={search_term_string}\"},\"query-input\":{\"@type\":\"PropertyValueSpecification\",\"valueRequired\":true,\"valueName\":\"search_term_string\"}}],\"inLanguage\":\"es\"},{\"@type\":\"Organization\",\"@id\":\"https:\/\/blogs.uninter.edu.mx\/difusioncultural\/#organization\",\"name\":\"Difusi\u00f3n Cultural\",\"url\":\"https:\/\/blogs.uninter.edu.mx\/difusioncultural\/\",\"logo\":{\"@type\":\"ImageObject\",\"inLanguage\":\"es\",\"@id\":\"https:\/\/blogs.uninter.edu.mx\/difusioncultural\/#\/schema\/logo\/image\/\",\"url\":\"https:\/\/blogs.uninter.edu.mx\/difusioncultural\/wp-content\/uploads\/2022\/09\/uninter.jpg\",\"contentUrl\":\"https:\/\/blogs.uninter.edu.mx\/difusioncultural\/wp-content\/uploads\/2022\/09\/uninter.jpg\",\"width\":2048,\"height\":2048,\"caption\":\"Difusi\u00f3n Cultural\"},\"image\":{\"@id\":\"https:\/\/blogs.uninter.edu.mx\/difusioncultural\/#\/schema\/logo\/image\/\"}},{\"@type\":\"Person\",\"@id\":\"https:\/\/blogs.uninter.edu.mx\/difusioncultural\/#\/schema\/person\/37a0926f4dd300a814993fd595abdc4a\",\"name\":\"webmaster\",\"image\":{\"@type\":\"ImageObject\",\"inLanguage\":\"es\",\"@id\":\"https:\/\/blogs.uninter.edu.mx\/difusioncultural\/#\/schema\/person\/image\/\",\"url\":\"https:\/\/secure.gravatar.com\/avatar\/a59c276b01147463ef3aab4118e3137ebc5e1ad6700deb39ccdf8b89e517f7dc?s=96&d=mm&r=g\",\"contentUrl\":\"https:\/\/secure.gravatar.com\/avatar\/a59c276b01147463ef3aab4118e3137ebc5e1ad6700deb39ccdf8b89e517f7dc?s=96&d=mm&r=g\",\"caption\":\"webmaster\"},\"sameAs\":[\"https:\/\/blogs.uninter.edu.mx\/difusioncultural\"],\"url\":\"https:\/\/blogs.uninter.edu.mx\/difusioncultural\/?author=1\"}]}<\/script>\r\n<!-- \/ Yoast SEO plugin. -->","yoast_head_json":{"title":"La poes\u00eda salva, acompa\u00f1a y da esperanza: Uriel Ram\u00edrez - Difusi\u00f3n Cultural","robots":{"index":"index","follow":"follow","max-snippet":"max-snippet:-1","max-image-preview":"max-image-preview:large","max-video-preview":"max-video-preview:-1"},"canonical":"https:\/\/blogs.uninter.edu.mx\/difusioncultural\/?p=7366","og_locale":"es_MX","og_type":"article","og_title":"La poes\u00eda salva, acompa\u00f1a y da esperanza: Uriel Ram\u00edrez - Difusi\u00f3n Cultural","og_description":"La poes\u00eda salva, acompa\u00f1a, fortalece y da esperanza, es el mensaje que se propuso transmitir el Primer Festival Virtual Internacional de Poes\u00eda, que durante los d\u00edas 18 y 19 de abril, se transmiti\u00f3 mediante la cuenta de facebook del colectivo Revoluci\u00f3n Cultural, encabezada por Uriel Ram\u00edrez Hern\u00e1ndez. Para el encuentro po\u00e9tico se invit\u00f3 a unos&hellip;","og_url":"https:\/\/blogs.uninter.edu.mx\/difusioncultural\/?p=7366","og_site_name":"Difusi\u00f3n Cultural","article_published_time":"2020-04-22T00:22:04+00:00","og_image":[{"width":500,"height":458,"url":"https:\/\/blogs.uninter.edu.mx\/difusioncultural\/wp-content\/uploads\/2020\/04\/image_large-1.jpg","type":"image\/jpeg"}],"author":"webmaster","twitter_card":"summary_large_image","twitter_misc":{"Escrito por":"webmaster","Tiempo de lectura":"4 minutos"},"schema":{"@context":"https:\/\/schema.org","@graph":[{"@type":"Article","@id":"https:\/\/blogs.uninter.edu.mx\/difusioncultural\/?p=7366#article","isPartOf":{"@id":"https:\/\/blogs.uninter.edu.mx\/difusioncultural\/?p=7366"},"author":{"name":"webmaster","@id":"https:\/\/blogs.uninter.edu.mx\/difusioncultural\/#\/schema\/person\/37a0926f4dd300a814993fd595abdc4a"},"headline":"La poes\u00eda salva, acompa\u00f1a y da esperanza: Uriel Ram\u00edrez","datePublished":"2020-04-22T00:22:04+00:00","mainEntityOfPage":{"@id":"https:\/\/blogs.uninter.edu.mx\/difusioncultural\/?p=7366"},"wordCount":883,"publisher":{"@id":"https:\/\/blogs.uninter.edu.mx\/difusioncultural\/#organization"},"image":{"@id":"https:\/\/blogs.uninter.edu.mx\/difusioncultural\/?p=7366#primaryimage"},"thumbnailUrl":"https:\/\/blogs.uninter.edu.mx\/difusioncultural\/wp-content\/uploads\/2020\/04\/image_large-1.jpg","articleSection":["noticias"],"inLanguage":"es"},{"@type":"WebPage","@id":"https:\/\/blogs.uninter.edu.mx\/difusioncultural\/?p=7366","url":"https:\/\/blogs.uninter.edu.mx\/difusioncultural\/?p=7366","name":"La poes\u00eda salva, acompa\u00f1a y da esperanza: Uriel Ram\u00edrez - Difusi\u00f3n Cultural","isPartOf":{"@id":"https:\/\/blogs.uninter.edu.mx\/difusioncultural\/#website"},"primaryImageOfPage":{"@id":"https:\/\/blogs.uninter.edu.mx\/difusioncultural\/?p=7366#primaryimage"},"image":{"@id":"https:\/\/blogs.uninter.edu.mx\/difusioncultural\/?p=7366#primaryimage"},"thumbnailUrl":"https:\/\/blogs.uninter.edu.mx\/difusioncultural\/wp-content\/uploads\/2020\/04\/image_large-1.jpg","datePublished":"2020-04-22T00:22:04+00:00","breadcrumb":{"@id":"https:\/\/blogs.uninter.edu.mx\/difusioncultural\/?p=7366#breadcrumb"},"inLanguage":"es","potentialAction":[{"@type":"ReadAction","target":["https:\/\/blogs.uninter.edu.mx\/difusioncultural\/?p=7366"]}]},{"@type":"ImageObject","inLanguage":"es","@id":"https:\/\/blogs.uninter.edu.mx\/difusioncultural\/?p=7366#primaryimage","url":"https:\/\/blogs.uninter.edu.mx\/difusioncultural\/wp-content\/uploads\/2020\/04\/image_large-1.jpg","contentUrl":"https:\/\/blogs.uninter.edu.mx\/difusioncultural\/wp-content\/uploads\/2020\/04\/image_large-1.jpg","width":500,"height":458},{"@type":"BreadcrumbList","@id":"https:\/\/blogs.uninter.edu.mx\/difusioncultural\/?p=7366#breadcrumb","itemListElement":[{"@type":"ListItem","position":1,"name":"Inicio","item":"https:\/\/blogs.uninter.edu.mx\/difusioncultural\/"},{"@type":"ListItem","position":2,"name":"La poes\u00eda salva, acompa\u00f1a y da esperanza: Uriel Ram\u00edrez"}]},{"@type":"WebSite","@id":"https:\/\/blogs.uninter.edu.mx\/difusioncultural\/#website","url":"https:\/\/blogs.uninter.edu.mx\/difusioncultural\/","name":"Difusi\u00f3n Cultural","description":"UNINTER","publisher":{"@id":"https:\/\/blogs.uninter.edu.mx\/difusioncultural\/#organization"},"potentialAction":[{"@type":"SearchAction","target":{"@type":"EntryPoint","urlTemplate":"https:\/\/blogs.uninter.edu.mx\/difusioncultural\/?s={search_term_string}"},"query-input":{"@type":"PropertyValueSpecification","valueRequired":true,"valueName":"search_term_string"}}],"inLanguage":"es"},{"@type":"Organization","@id":"https:\/\/blogs.uninter.edu.mx\/difusioncultural\/#organization","name":"Difusi\u00f3n Cultural","url":"https:\/\/blogs.uninter.edu.mx\/difusioncultural\/","logo":{"@type":"ImageObject","inLanguage":"es","@id":"https:\/\/blogs.uninter.edu.mx\/difusioncultural\/#\/schema\/logo\/image\/","url":"https:\/\/blogs.uninter.edu.mx\/difusioncultural\/wp-content\/uploads\/2022\/09\/uninter.jpg","contentUrl":"https:\/\/blogs.uninter.edu.mx\/difusioncultural\/wp-content\/uploads\/2022\/09\/uninter.jpg","width":2048,"height":2048,"caption":"Difusi\u00f3n Cultural"},"image":{"@id":"https:\/\/blogs.uninter.edu.mx\/difusioncultural\/#\/schema\/logo\/image\/"}},{"@type":"Person","@id":"https:\/\/blogs.uninter.edu.mx\/difusioncultural\/#\/schema\/person\/37a0926f4dd300a814993fd595abdc4a","name":"webmaster","image":{"@type":"ImageObject","inLanguage":"es","@id":"https:\/\/blogs.uninter.edu.mx\/difusioncultural\/#\/schema\/person\/image\/","url":"https:\/\/secure.gravatar.com\/avatar\/a59c276b01147463ef3aab4118e3137ebc5e1ad6700deb39ccdf8b89e517f7dc?s=96&d=mm&r=g","contentUrl":"https:\/\/secure.gravatar.com\/avatar\/a59c276b01147463ef3aab4118e3137ebc5e1ad6700deb39ccdf8b89e517f7dc?s=96&d=mm&r=g","caption":"webmaster"},"sameAs":["https:\/\/blogs.uninter.edu.mx\/difusioncultural"],"url":"https:\/\/blogs.uninter.edu.mx\/difusioncultural\/?author=1"}]}},"jetpack_publicize_connections":[],"jetpack_featured_media_url":"https:\/\/blogs.uninter.edu.mx\/difusioncultural\/wp-content\/uploads\/2020\/04\/image_large-1.jpg","jetpack_sharing_enabled":true,"_links":{"self":[{"href":"https:\/\/blogs.uninter.edu.mx\/difusioncultural\/index.php?rest_route=\/wp\/v2\/posts\/7366","targetHints":{"allow":["GET"]}}],"collection":[{"href":"https:\/\/blogs.uninter.edu.mx\/difusioncultural\/index.php?rest_route=\/wp\/v2\/posts"}],"about":[{"href":"https:\/\/blogs.uninter.edu.mx\/difusioncultural\/index.php?rest_route=\/wp\/v2\/types\/post"}],"author":[{"embeddable":true,"href":"https:\/\/blogs.uninter.edu.mx\/difusioncultural\/index.php?rest_route=\/wp\/v2\/users\/1"}],"replies":[{"embeddable":true,"href":"https:\/\/blogs.uninter.edu.mx\/difusioncultural\/index.php?rest_route=%2Fwp%2Fv2%2Fcomments&post=7366"}],"version-history":[{"count":0,"href":"https:\/\/blogs.uninter.edu.mx\/difusioncultural\/index.php?rest_route=\/wp\/v2\/posts\/7366\/revisions"}],"wp:featuredmedia":[{"embeddable":true,"href":"https:\/\/blogs.uninter.edu.mx\/difusioncultural\/index.php?rest_route=\/wp\/v2\/media\/7369"}],"wp:attachment":[{"href":"https:\/\/blogs.uninter.edu.mx\/difusioncultural\/index.php?rest_route=%2Fwp%2Fv2%2Fmedia&parent=7366"}],"wp:term":[{"taxonomy":"category","embeddable":true,"href":"https:\/\/blogs.uninter.edu.mx\/difusioncultural\/index.php?rest_route=%2Fwp%2Fv2%2Fcategories&post=7366"},{"taxonomy":"post_tag","embeddable":true,"href":"https:\/\/blogs.uninter.edu.mx\/difusioncultural\/index.php?rest_route=%2Fwp%2Fv2%2Ftags&post=7366"}],"curies":[{"name":"wp","href":"https:\/\/api.w.org\/{rel}","templated":true}]}}