{"id":7376,"date":"2020-04-22T19:15:42","date_gmt":"2020-04-23T00:15:42","guid":{"rendered":"https:\/\/difusionculturaluninter.wordpress.com\/?p=7376"},"modified":"2020-04-22T19:15:42","modified_gmt":"2020-04-23T00:15:42","slug":"la-cultura-puede-ser-un-eje-para-transformar-un-pais-abel-prieto","status":"publish","type":"post","link":"https:\/\/blogs.uninter.edu.mx\/difusioncultural\/?p=7376","title":{"rendered":"\u201cLa cultura, puede ser un eje para transformar un pa\u00eds\u201d: Abel Prieto."},"content":{"rendered":"<div style=\"width: 506px\" class=\"wp-caption aligncenter\"><img fetchpriority=\"high\" decoding=\"async\" src=\"https:\/\/www.jornada.com.mx\/ultimas\/2019\/11\/05\/201cla-cultura-eje-para-transformar-un-pais201d-abel-prieto-8338.html\/a05n1cul-1.jpg-5108.html\/image_large\" width=\"500\" height=\"356\" \/><p class=\"wp-caption-text\">Abel Prieto.<\/p><\/div>\n<div class=\"col col1\">\n<p>En entrevista con\u00a0<em>La Jornada,\u00a0<\/em>quien fue ministro de Cultura en Cuba de 1997 a marzo de 2012 (cuando fue designado asesor de Ra\u00fal Castro) explica que la cultura debe ser entendida, siempre, \u2018\u2018como un derecho de todos, no de las minor\u00edas\u201d.<\/p>\n<p>Sus palabras no son utop\u00eda, y para muestra est\u00e1n los hechos, a\u00f1ade: luego de casi seis d\u00e9cadas de asedio y bloqueo econ\u00f3mico de Estados Unidos, la cultura en Cuba ha sido y a\u00fan es una de las principales estrategias para convertir a la isla caribe\u00f1a en ejemplo para quienes aspiran a una sociedad m\u00e1s justa.<\/p>\n<h2 class=\"sumario\"><strong>La vida cultural en la isla se mantiene intacta<\/strong><\/h2>\n<p class=\"s-s\">De visita en M\u00e9xico para participar en el cuarto Encuentro de Cubanos Residentes en Am\u00e9rica Latina y el Caribe, que se efectu\u00f3 hace unos d\u00edas, el autor de la novela\u00a0<em>El vuelo del gato<\/em>\u00a0(1999) considera que aun en estos tiempos, cuando las agresiones del gobierno de Donald Trump se han recrudecido \u2018\u2018de una manera despiadada\u201d, la vida cul-tural en la isla \u2018\u2018se mantiene intacta, no s\u00f3lo por sus s\u00f3lidas ra\u00edces, sino porque desde el gobierno hay un respaldo firme. La cultura en mi pa\u00eds es una prioridad porque es el n\u00facleo esencial de nuestra revoluci\u00f3n.<\/p>\n<p>Prieto habla de las acciones que sustentan la pol\u00edtica cultural de Cuba: \u2018\u2018el evento de mayor impacto masivo que tenemos es la Feria del Libro, que se inicia en La Habana y despu\u00e9s se extiende por todas las provincias del pa\u00eds. Los libros se venden subvencionados para mantenerlos no como mercanc\u00eda, sino como algo que enriquece la vida de las personas.<\/p>\n<p>\u2018\u2018En un pa\u00eds se pueden hacer muchas reformas, urbanas, agrarias, pero si no se cambia la mentalidad de las personas, si no se cambia culturalmente al ciudadano, es muy probable que lo que se est\u00e1 construyendo sea fr\u00e1gil.<\/p>\n<p>\u2018\u2018Fidel Castro insist\u00eda en que toda revoluci\u00f3n es hija de la cultura y de las ideas, un pensamiento que viene desde Jos\u00e9 Mart\u00ed, el cual est\u00e1 en los fundamentos mismos de la revoluci\u00f3n cubana.\u201d<\/p>\n<h2 class=\"sumario\"><strong>Grandes triunfos, de la mano del pueblo<\/strong><\/h2>\n<p class=\"s-s\">Abel Prieto estima que muchos de los \u2018\u2018retrocesos\u201d que vemos en Am\u00e9rica Latina, \u2018\u2018donde se dio un giro hacia la derecha, tiene mucho que ver con que esos pa\u00edses no han logrado llegar a lo cultural, que es algo un poquito m\u00e1s amplio que lo ideol\u00f3gico o lo pol\u00edtico. Es decir, no han conseguido que las personas comiencen a pensar en t\u00e9rminos solidarios o de una democracia real, o sentirse realmente participando de las decisiones de un pa\u00eds.<\/p>\n<p>\u2018\u2018En Cuba todo ello se logr\u00f3 en pocos a\u00f1os: crear una cultura nueva. En el mismo a\u00f1o de la revoluci\u00f3n, 1959, se fund\u00f3 el Instituto Cubano del Arte e Industria Cinematogr\u00e1ficos y la Casa de las Am\u00e9ricas; al a\u00f1o siguiente se crearon la Escuela Nacional de Instructores de Arte, donde han estudiado los artistas cubanos m\u00e1s importantes que tenemos, y la Imprenta Nacional, cuyo primer libro no fue un manual de introducci\u00f3n revolucionaria o aquellos textos sovi\u00e9ticos que empobrec\u00edan y vulgarizaban el marxismo, sino que se hizo una edici\u00f3n del\u00a0<em>Quijote,<\/em>\u00a0con ilustraciones de Gustav Dor\u00e9; se imprimieron 200 mil ejemplares y se vendieron en los estanquillos de peri\u00f3dicos, cuatro tomos por 25 centavos de peso cada uno.<\/p>\n<\/div>\n<div class=\"col col2\">\n<p>\u2018\u2018En 1961, cuando ocurre la invasi\u00f3n a la Playa Gir\u00f3n y hay bandas de alzados financiados por la CIA, se inicia la campa\u00f1a de alfabetizaci\u00f3n. Es decir, en momentos de enorme peligro, la revoluci\u00f3n emprende una \u00e9pica batalla contra la ignorancia y el analfabetismo, a trav\u00e9s de una campa\u00f1a que nunca se interrumpi\u00f3. No se hizo con maestros con formaci\u00f3n pedag\u00f3gica, sino con j\u00f3venes voluntarios, algunos adolescentes hasta de 13 a\u00f1os, miles de cubanos que fueron al campo, a los lugares m\u00e1s remotos del pa\u00eds, a los barrios marginales y lograron ense\u00f1ar a leer y escribir a las personas m\u00e1s humildes, a los campesinos, al tiempo que ellos conocieron por primera vez zonas de Cuba. Fue una operaci\u00f3n de doble aprendizaje que mostr\u00f3 uno de los rasgos principales de la revoluci\u00f3n cubana: que las grandes acciones requieren de la participaci\u00f3n de todos, nuestras grandes batallas se han ganado con la participaci\u00f3n de la gente.<\/p>\n<p>\u2018\u2018La participaci\u00f3n es, junto con la lectura y la cultura, un componente esencial en la formaci\u00f3n de un revolucionario, esa era la l\u00f3gica de Fidel.\u201d<\/p>\n<p>En la Cuba actual, a\u00f1ade el escritor, \u2018\u2018todas las generaciones que se encuentran activas han crecido bajo los efectos genocidas de la pol\u00edtica estadunidense del bloqueo, que nos niega hasta lo m\u00e1s necesario para la fabricaci\u00f3n de medicamentos. Ahora mismo nos est\u00e1n tratando de asfixiar evitando que tengamos energ\u00eda el\u00e9ctrica o combustibles. Tratan de paralizar el pa\u00eds, ha sido un asedio permanente.<\/p>\n<p>\u2018\u2018Hemos logrado llevar el tema del bloqueo a la agenda de Naciones Unidas y en 27 ocasiones ha sido condenado por la abrumadora mayor\u00eda de los pa\u00edses en la Asamblea General de la ONU. El 7 y el 8 de noviembre se volver\u00e1 a presentar la moci\u00f3n de Cuba de la necesidad de retirar el bloqueo.<\/p>\n<p>\u2018\u2018Aun en esta situaci\u00f3n, nos resulta estimulante que Estados Unidos no ha logrado que los \u00edndices de salud desciendan. La mortalidad infantil en Cuba el a\u00f1o pasado fue de 4 por cada mil nacidos vivos, similar al de pa\u00edses muy desarrollados, y la esperanza de vida es de 80 a\u00f1os para las mujeres y casi 79 para los hombres; eso porque tenemos un sistema de prevenci\u00f3n incre\u00edble de vacunaci\u00f3n. En todo el pa\u00eds hay hospitales p\u00fablicos, as\u00ed como un programa de M\u00e9dico en tu Casa que funciona. La primera vacuna que existe contra el c\u00e1ncer la hicieron cient\u00edficos cubanos.\u2019\u2019<\/p>\n<h2 class=\"sumario\"><strong>Educaci\u00f3n universal y gratuita<\/strong><\/h2>\n<p class=\"s-s\">\u2018\u2018La revoluci\u00f3n logr\u00f3 lo que para muchos pa\u00edses hoy es una utop\u00eda: salud universal y gratuita, educaci\u00f3n universal y gratuita\u2019\u2019, destaca Prieto. \u2018\u2018Los yanquis, como se resignaron a no vencer a Fidel, esperaban \u2018la soluci\u00f3n biol\u00f3gica\u2019 (su muerte), incluso pensaban en una intervenci\u00f3n militar para impedir la sucesi\u00f3n de Castro. Todo ello fracas\u00f3. Hubo un traspaso no traum\u00e1tico de los puestos claves en el gobierno y el partido a las nuevas generaciones. Es as\u00ed como el actual presidente de Cuba, Miguel D\u00edaz-Canel, insiste en que \u00e9l no es relevo sino continuidad. Todo ello gracias al respaldo abrumador de la poblaci\u00f3n, porque tenemos la obra que se ha hecho en t\u00e9rminos culturales y cient\u00edficos, y al tener siempre los o\u00eddos pegados a la tierra.<\/p>\n<p>\u2018\u2018Todo ello gracias a la cultura de unirnos frente al enemigo com\u00fan que quiere que Cuba retroceda a convertirse en una colonia envilecida. Esa es nuestra batalla permanente, porque tambi\u00e9n quieren manipular la historia, tienen mucho dinero para la subversi\u00f3n interna, y algunos que piensan con el bolsillo se meten a ese juego, pero es un grupito pagado que no tiene la menor influencia en la sociedad cubana.<\/p>\n<p>\u2018\u2018Por eso, como dec\u00eda Fidel: aun en los periodos m\u00e1s dif\u00edciles o de mayor escasez, la cultura es lo primero que hay que salvar, y no solo se refer\u00eda al arte o a la literatura, sino a la identidad, a la unidad, a la tradici\u00f3n hist\u00f3rica de lucha del pueblo cubano, sobre todo a la memoria ante la actual tendencia reaccionaria de atacarla. Seguimos dando la batalla. La vida cultural en Cuba no s\u00f3lo se mantiene, sino que ha crecido los \u00faltimos tiempos\u201d, concluye.<\/p>\n<\/div>\n","protected":false},"excerpt":{"rendered":"<p>En entrevista con\u00a0La Jornada,\u00a0quien fue ministro de Cultura en Cuba de 1997 a marzo de 2012 (cuando fue designado asesor de Ra\u00fal Castro) explica que la cultura debe ser entendida, siempre, \u2018\u2018como un derecho de todos, no de las minor\u00edas\u201d.<\/p>\n","protected":false},"author":1,"featured_media":7380,"comment_status":"open","ping_status":"open","sticky":false,"template":"","format":"standard","meta":{"_jetpack_memberships_contains_paid_content":false,"footnotes":"","jetpack_publicize_message":"","jetpack_publicize_feature_enabled":true,"jetpack_social_post_already_shared":false,"jetpack_social_options":{"image_generator_settings":{"template":"highway","default_image_id":0,"font":"","enabled":false},"version":2}},"categories":[13],"tags":[],"class_list":["post-7376","post","type-post","status-publish","format-standard","has-post-thumbnail","hentry","category-personas-interesantes"],"yoast_head":"<!-- This site is optimized with the Yoast SEO plugin v26.3 - https:\/\/yoast.com\/wordpress\/plugins\/seo\/ -->\r\n<title>\u201cLa cultura, puede ser un eje para transformar un pa\u00eds\u201d: Abel Prieto. - Difusi\u00f3n Cultural<\/title>\r\n<meta name=\"robots\" content=\"index, follow, max-snippet:-1, max-image-preview:large, max-video-preview:-1\" \/>\r\n<link rel=\"canonical\" href=\"https:\/\/blogs.uninter.edu.mx\/difusioncultural\/?p=7376\" \/>\r\n<meta property=\"og:locale\" content=\"es_MX\" \/>\r\n<meta property=\"og:type\" content=\"article\" \/>\r\n<meta property=\"og:title\" content=\"\u201cLa cultura, puede ser un eje para transformar un pa\u00eds\u201d: Abel Prieto. - Difusi\u00f3n Cultural\" \/>\r\n<meta property=\"og:description\" content=\"En entrevista con\u00a0La Jornada,\u00a0quien fue ministro de Cultura en Cuba de 1997 a marzo de 2012 (cuando fue designado asesor de Ra\u00fal Castro) explica que la cultura debe ser entendida, siempre, \u2018\u2018como un derecho de todos, no de las minor\u00edas\u201d.\" \/>\r\n<meta property=\"og:url\" content=\"https:\/\/blogs.uninter.edu.mx\/difusioncultural\/?p=7376\" \/>\r\n<meta property=\"og:site_name\" content=\"Difusi\u00f3n Cultural\" \/>\r\n<meta property=\"article:published_time\" content=\"2020-04-23T00:15:42+00:00\" \/>\r\n<meta property=\"og:image\" content=\"https:\/\/blogs.uninter.edu.mx\/difusioncultural\/wp-content\/uploads\/2020\/04\/image_large-2.jpg\" \/>\r\n\t<meta property=\"og:image:width\" content=\"500\" \/>\r\n\t<meta property=\"og:image:height\" content=\"356\" \/>\r\n\t<meta property=\"og:image:type\" content=\"image\/jpeg\" \/>\r\n<meta name=\"author\" content=\"webmaster\" \/>\r\n<meta name=\"twitter:card\" content=\"summary_large_image\" \/>\r\n<meta name=\"twitter:label1\" content=\"Escrito por\" \/>\n\t<meta name=\"twitter:data1\" content=\"webmaster\" \/>\n\t<meta name=\"twitter:label2\" content=\"Tiempo de lectura\" \/>\n\t<meta name=\"twitter:data2\" content=\"7 minutos\" \/>\r\n<script type=\"application\/ld+json\" class=\"yoast-schema-graph\">{\"@context\":\"https:\/\/schema.org\",\"@graph\":[{\"@type\":\"Article\",\"@id\":\"https:\/\/blogs.uninter.edu.mx\/difusioncultural\/?p=7376#article\",\"isPartOf\":{\"@id\":\"https:\/\/blogs.uninter.edu.mx\/difusioncultural\/?p=7376\"},\"author\":{\"name\":\"webmaster\",\"@id\":\"https:\/\/blogs.uninter.edu.mx\/difusioncultural\/#\/schema\/person\/37a0926f4dd300a814993fd595abdc4a\"},\"headline\":\"\u201cLa cultura, puede ser un eje para transformar un pa\u00eds\u201d: Abel Prieto.\",\"datePublished\":\"2020-04-23T00:15:42+00:00\",\"mainEntityOfPage\":{\"@id\":\"https:\/\/blogs.uninter.edu.mx\/difusioncultural\/?p=7376\"},\"wordCount\":1337,\"commentCount\":0,\"publisher\":{\"@id\":\"https:\/\/blogs.uninter.edu.mx\/difusioncultural\/#organization\"},\"image\":{\"@id\":\"https:\/\/blogs.uninter.edu.mx\/difusioncultural\/?p=7376#primaryimage\"},\"thumbnailUrl\":\"https:\/\/blogs.uninter.edu.mx\/difusioncultural\/wp-content\/uploads\/2020\/04\/image_large-2.jpg\",\"articleSection\":[\"Personas interesantes\"],\"inLanguage\":\"es\",\"potentialAction\":[{\"@type\":\"CommentAction\",\"name\":\"Comment\",\"target\":[\"https:\/\/blogs.uninter.edu.mx\/difusioncultural\/?p=7376#respond\"]}]},{\"@type\":\"WebPage\",\"@id\":\"https:\/\/blogs.uninter.edu.mx\/difusioncultural\/?p=7376\",\"url\":\"https:\/\/blogs.uninter.edu.mx\/difusioncultural\/?p=7376\",\"name\":\"\u201cLa cultura, puede ser un eje para transformar un pa\u00eds\u201d: Abel Prieto. - Difusi\u00f3n Cultural\",\"isPartOf\":{\"@id\":\"https:\/\/blogs.uninter.edu.mx\/difusioncultural\/#website\"},\"primaryImageOfPage\":{\"@id\":\"https:\/\/blogs.uninter.edu.mx\/difusioncultural\/?p=7376#primaryimage\"},\"image\":{\"@id\":\"https:\/\/blogs.uninter.edu.mx\/difusioncultural\/?p=7376#primaryimage\"},\"thumbnailUrl\":\"https:\/\/blogs.uninter.edu.mx\/difusioncultural\/wp-content\/uploads\/2020\/04\/image_large-2.jpg\",\"datePublished\":\"2020-04-23T00:15:42+00:00\",\"breadcrumb\":{\"@id\":\"https:\/\/blogs.uninter.edu.mx\/difusioncultural\/?p=7376#breadcrumb\"},\"inLanguage\":\"es\",\"potentialAction\":[{\"@type\":\"ReadAction\",\"target\":[\"https:\/\/blogs.uninter.edu.mx\/difusioncultural\/?p=7376\"]}]},{\"@type\":\"ImageObject\",\"inLanguage\":\"es\",\"@id\":\"https:\/\/blogs.uninter.edu.mx\/difusioncultural\/?p=7376#primaryimage\",\"url\":\"https:\/\/blogs.uninter.edu.mx\/difusioncultural\/wp-content\/uploads\/2020\/04\/image_large-2.jpg\",\"contentUrl\":\"https:\/\/blogs.uninter.edu.mx\/difusioncultural\/wp-content\/uploads\/2020\/04\/image_large-2.jpg\",\"width\":500,\"height\":356},{\"@type\":\"BreadcrumbList\",\"@id\":\"https:\/\/blogs.uninter.edu.mx\/difusioncultural\/?p=7376#breadcrumb\",\"itemListElement\":[{\"@type\":\"ListItem\",\"position\":1,\"name\":\"Inicio\",\"item\":\"https:\/\/blogs.uninter.edu.mx\/difusioncultural\/\"},{\"@type\":\"ListItem\",\"position\":2,\"name\":\"\u201cLa cultura, puede ser un eje para transformar un pa\u00eds\u201d: Abel Prieto.\"}]},{\"@type\":\"WebSite\",\"@id\":\"https:\/\/blogs.uninter.edu.mx\/difusioncultural\/#website\",\"url\":\"https:\/\/blogs.uninter.edu.mx\/difusioncultural\/\",\"name\":\"Difusi\u00f3n Cultural\",\"description\":\"UNINTER\",\"publisher\":{\"@id\":\"https:\/\/blogs.uninter.edu.mx\/difusioncultural\/#organization\"},\"potentialAction\":[{\"@type\":\"SearchAction\",\"target\":{\"@type\":\"EntryPoint\",\"urlTemplate\":\"https:\/\/blogs.uninter.edu.mx\/difusioncultural\/?s={search_term_string}\"},\"query-input\":{\"@type\":\"PropertyValueSpecification\",\"valueRequired\":true,\"valueName\":\"search_term_string\"}}],\"inLanguage\":\"es\"},{\"@type\":\"Organization\",\"@id\":\"https:\/\/blogs.uninter.edu.mx\/difusioncultural\/#organization\",\"name\":\"Difusi\u00f3n Cultural\",\"url\":\"https:\/\/blogs.uninter.edu.mx\/difusioncultural\/\",\"logo\":{\"@type\":\"ImageObject\",\"inLanguage\":\"es\",\"@id\":\"https:\/\/blogs.uninter.edu.mx\/difusioncultural\/#\/schema\/logo\/image\/\",\"url\":\"https:\/\/blogs.uninter.edu.mx\/difusioncultural\/wp-content\/uploads\/2022\/09\/uninter.jpg\",\"contentUrl\":\"https:\/\/blogs.uninter.edu.mx\/difusioncultural\/wp-content\/uploads\/2022\/09\/uninter.jpg\",\"width\":2048,\"height\":2048,\"caption\":\"Difusi\u00f3n Cultural\"},\"image\":{\"@id\":\"https:\/\/blogs.uninter.edu.mx\/difusioncultural\/#\/schema\/logo\/image\/\"}},{\"@type\":\"Person\",\"@id\":\"https:\/\/blogs.uninter.edu.mx\/difusioncultural\/#\/schema\/person\/37a0926f4dd300a814993fd595abdc4a\",\"name\":\"webmaster\",\"image\":{\"@type\":\"ImageObject\",\"inLanguage\":\"es\",\"@id\":\"https:\/\/blogs.uninter.edu.mx\/difusioncultural\/#\/schema\/person\/image\/\",\"url\":\"https:\/\/secure.gravatar.com\/avatar\/a59c276b01147463ef3aab4118e3137ebc5e1ad6700deb39ccdf8b89e517f7dc?s=96&d=mm&r=g\",\"contentUrl\":\"https:\/\/secure.gravatar.com\/avatar\/a59c276b01147463ef3aab4118e3137ebc5e1ad6700deb39ccdf8b89e517f7dc?s=96&d=mm&r=g\",\"caption\":\"webmaster\"},\"sameAs\":[\"https:\/\/blogs.uninter.edu.mx\/difusioncultural\"],\"url\":\"https:\/\/blogs.uninter.edu.mx\/difusioncultural\/?author=1\"}]}<\/script>\r\n<!-- \/ Yoast SEO plugin. -->","yoast_head_json":{"title":"\u201cLa cultura, puede ser un eje para transformar un pa\u00eds\u201d: Abel Prieto. - Difusi\u00f3n Cultural","robots":{"index":"index","follow":"follow","max-snippet":"max-snippet:-1","max-image-preview":"max-image-preview:large","max-video-preview":"max-video-preview:-1"},"canonical":"https:\/\/blogs.uninter.edu.mx\/difusioncultural\/?p=7376","og_locale":"es_MX","og_type":"article","og_title":"\u201cLa cultura, puede ser un eje para transformar un pa\u00eds\u201d: Abel Prieto. - Difusi\u00f3n Cultural","og_description":"En entrevista con\u00a0La Jornada,\u00a0quien fue ministro de Cultura en Cuba de 1997 a marzo de 2012 (cuando fue designado asesor de Ra\u00fal Castro) explica que la cultura debe ser entendida, siempre, \u2018\u2018como un derecho de todos, no de las minor\u00edas\u201d.","og_url":"https:\/\/blogs.uninter.edu.mx\/difusioncultural\/?p=7376","og_site_name":"Difusi\u00f3n Cultural","article_published_time":"2020-04-23T00:15:42+00:00","og_image":[{"width":500,"height":356,"url":"https:\/\/blogs.uninter.edu.mx\/difusioncultural\/wp-content\/uploads\/2020\/04\/image_large-2.jpg","type":"image\/jpeg"}],"author":"webmaster","twitter_card":"summary_large_image","twitter_misc":{"Escrito por":"webmaster","Tiempo de lectura":"7 minutos"},"schema":{"@context":"https:\/\/schema.org","@graph":[{"@type":"Article","@id":"https:\/\/blogs.uninter.edu.mx\/difusioncultural\/?p=7376#article","isPartOf":{"@id":"https:\/\/blogs.uninter.edu.mx\/difusioncultural\/?p=7376"},"author":{"name":"webmaster","@id":"https:\/\/blogs.uninter.edu.mx\/difusioncultural\/#\/schema\/person\/37a0926f4dd300a814993fd595abdc4a"},"headline":"\u201cLa cultura, puede ser un eje para transformar un pa\u00eds\u201d: Abel Prieto.","datePublished":"2020-04-23T00:15:42+00:00","mainEntityOfPage":{"@id":"https:\/\/blogs.uninter.edu.mx\/difusioncultural\/?p=7376"},"wordCount":1337,"commentCount":0,"publisher":{"@id":"https:\/\/blogs.uninter.edu.mx\/difusioncultural\/#organization"},"image":{"@id":"https:\/\/blogs.uninter.edu.mx\/difusioncultural\/?p=7376#primaryimage"},"thumbnailUrl":"https:\/\/blogs.uninter.edu.mx\/difusioncultural\/wp-content\/uploads\/2020\/04\/image_large-2.jpg","articleSection":["Personas interesantes"],"inLanguage":"es","potentialAction":[{"@type":"CommentAction","name":"Comment","target":["https:\/\/blogs.uninter.edu.mx\/difusioncultural\/?p=7376#respond"]}]},{"@type":"WebPage","@id":"https:\/\/blogs.uninter.edu.mx\/difusioncultural\/?p=7376","url":"https:\/\/blogs.uninter.edu.mx\/difusioncultural\/?p=7376","name":"\u201cLa cultura, puede ser un eje para transformar un pa\u00eds\u201d: Abel Prieto. - Difusi\u00f3n Cultural","isPartOf":{"@id":"https:\/\/blogs.uninter.edu.mx\/difusioncultural\/#website"},"primaryImageOfPage":{"@id":"https:\/\/blogs.uninter.edu.mx\/difusioncultural\/?p=7376#primaryimage"},"image":{"@id":"https:\/\/blogs.uninter.edu.mx\/difusioncultural\/?p=7376#primaryimage"},"thumbnailUrl":"https:\/\/blogs.uninter.edu.mx\/difusioncultural\/wp-content\/uploads\/2020\/04\/image_large-2.jpg","datePublished":"2020-04-23T00:15:42+00:00","breadcrumb":{"@id":"https:\/\/blogs.uninter.edu.mx\/difusioncultural\/?p=7376#breadcrumb"},"inLanguage":"es","potentialAction":[{"@type":"ReadAction","target":["https:\/\/blogs.uninter.edu.mx\/difusioncultural\/?p=7376"]}]},{"@type":"ImageObject","inLanguage":"es","@id":"https:\/\/blogs.uninter.edu.mx\/difusioncultural\/?p=7376#primaryimage","url":"https:\/\/blogs.uninter.edu.mx\/difusioncultural\/wp-content\/uploads\/2020\/04\/image_large-2.jpg","contentUrl":"https:\/\/blogs.uninter.edu.mx\/difusioncultural\/wp-content\/uploads\/2020\/04\/image_large-2.jpg","width":500,"height":356},{"@type":"BreadcrumbList","@id":"https:\/\/blogs.uninter.edu.mx\/difusioncultural\/?p=7376#breadcrumb","itemListElement":[{"@type":"ListItem","position":1,"name":"Inicio","item":"https:\/\/blogs.uninter.edu.mx\/difusioncultural\/"},{"@type":"ListItem","position":2,"name":"\u201cLa cultura, puede ser un eje para transformar un pa\u00eds\u201d: Abel Prieto."}]},{"@type":"WebSite","@id":"https:\/\/blogs.uninter.edu.mx\/difusioncultural\/#website","url":"https:\/\/blogs.uninter.edu.mx\/difusioncultural\/","name":"Difusi\u00f3n Cultural","description":"UNINTER","publisher":{"@id":"https:\/\/blogs.uninter.edu.mx\/difusioncultural\/#organization"},"potentialAction":[{"@type":"SearchAction","target":{"@type":"EntryPoint","urlTemplate":"https:\/\/blogs.uninter.edu.mx\/difusioncultural\/?s={search_term_string}"},"query-input":{"@type":"PropertyValueSpecification","valueRequired":true,"valueName":"search_term_string"}}],"inLanguage":"es"},{"@type":"Organization","@id":"https:\/\/blogs.uninter.edu.mx\/difusioncultural\/#organization","name":"Difusi\u00f3n Cultural","url":"https:\/\/blogs.uninter.edu.mx\/difusioncultural\/","logo":{"@type":"ImageObject","inLanguage":"es","@id":"https:\/\/blogs.uninter.edu.mx\/difusioncultural\/#\/schema\/logo\/image\/","url":"https:\/\/blogs.uninter.edu.mx\/difusioncultural\/wp-content\/uploads\/2022\/09\/uninter.jpg","contentUrl":"https:\/\/blogs.uninter.edu.mx\/difusioncultural\/wp-content\/uploads\/2022\/09\/uninter.jpg","width":2048,"height":2048,"caption":"Difusi\u00f3n Cultural"},"image":{"@id":"https:\/\/blogs.uninter.edu.mx\/difusioncultural\/#\/schema\/logo\/image\/"}},{"@type":"Person","@id":"https:\/\/blogs.uninter.edu.mx\/difusioncultural\/#\/schema\/person\/37a0926f4dd300a814993fd595abdc4a","name":"webmaster","image":{"@type":"ImageObject","inLanguage":"es","@id":"https:\/\/blogs.uninter.edu.mx\/difusioncultural\/#\/schema\/person\/image\/","url":"https:\/\/secure.gravatar.com\/avatar\/a59c276b01147463ef3aab4118e3137ebc5e1ad6700deb39ccdf8b89e517f7dc?s=96&d=mm&r=g","contentUrl":"https:\/\/secure.gravatar.com\/avatar\/a59c276b01147463ef3aab4118e3137ebc5e1ad6700deb39ccdf8b89e517f7dc?s=96&d=mm&r=g","caption":"webmaster"},"sameAs":["https:\/\/blogs.uninter.edu.mx\/difusioncultural"],"url":"https:\/\/blogs.uninter.edu.mx\/difusioncultural\/?author=1"}]}},"jetpack_publicize_connections":[],"jetpack_featured_media_url":"https:\/\/blogs.uninter.edu.mx\/difusioncultural\/wp-content\/uploads\/2020\/04\/image_large-2.jpg","jetpack_sharing_enabled":true,"_links":{"self":[{"href":"https:\/\/blogs.uninter.edu.mx\/difusioncultural\/index.php?rest_route=\/wp\/v2\/posts\/7376","targetHints":{"allow":["GET"]}}],"collection":[{"href":"https:\/\/blogs.uninter.edu.mx\/difusioncultural\/index.php?rest_route=\/wp\/v2\/posts"}],"about":[{"href":"https:\/\/blogs.uninter.edu.mx\/difusioncultural\/index.php?rest_route=\/wp\/v2\/types\/post"}],"author":[{"embeddable":true,"href":"https:\/\/blogs.uninter.edu.mx\/difusioncultural\/index.php?rest_route=\/wp\/v2\/users\/1"}],"replies":[{"embeddable":true,"href":"https:\/\/blogs.uninter.edu.mx\/difusioncultural\/index.php?rest_route=%2Fwp%2Fv2%2Fcomments&post=7376"}],"version-history":[{"count":0,"href":"https:\/\/blogs.uninter.edu.mx\/difusioncultural\/index.php?rest_route=\/wp\/v2\/posts\/7376\/revisions"}],"wp:featuredmedia":[{"embeddable":true,"href":"https:\/\/blogs.uninter.edu.mx\/difusioncultural\/index.php?rest_route=\/wp\/v2\/media\/7380"}],"wp:attachment":[{"href":"https:\/\/blogs.uninter.edu.mx\/difusioncultural\/index.php?rest_route=%2Fwp%2Fv2%2Fmedia&parent=7376"}],"wp:term":[{"taxonomy":"category","embeddable":true,"href":"https:\/\/blogs.uninter.edu.mx\/difusioncultural\/index.php?rest_route=%2Fwp%2Fv2%2Fcategories&post=7376"},{"taxonomy":"post_tag","embeddable":true,"href":"https:\/\/blogs.uninter.edu.mx\/difusioncultural\/index.php?rest_route=%2Fwp%2Fv2%2Ftags&post=7376"}],"curies":[{"name":"wp","href":"https:\/\/api.w.org\/{rel}","templated":true}]}}