{"id":7400,"date":"2020-05-03T18:12:36","date_gmt":"2020-05-03T23:12:36","guid":{"rendered":"https:\/\/difusionculturaluninter.wordpress.com\/?p=7400"},"modified":"2020-05-03T18:12:36","modified_gmt":"2020-05-03T23:12:36","slug":"plataforma-ofrece-recorrido-virtual-del-monumento-a-la-revolucion","status":"publish","type":"post","link":"https:\/\/blogs.uninter.edu.mx\/difusioncultural\/?p=7400","title":{"rendered":"Plataforma ofrece recorrido virtual del Monumento a la Revoluci\u00f3n"},"content":{"rendered":"<p align=\"justify\"><img decoding=\"async\" src=\"https:\/\/www.jornada.com.mx\/ultimas\/2020\/04\/29\/plataforma-ofrece-recorrido-virtual-del-monumento-a-la-revolucion-2301.html\/revolucion.jpg-8681.html\/image_large\" \/><\/p>\n<p align=\"justify\">Las entra\u00f1as del Monumento a la Revoluci\u00f3n, uno de los iconos arquitect\u00f3nicos de la Ciudad de M\u00e9xico, as\u00ed como algunos pasajes de su peculiar historia son revelados en la m\u00e1s reciente c\u00e1psula de la plataforma digital Capital cultural Nuestra casa, que se encuentra disponible al p\u00fablico.<\/p>\n<p align=\"justify\">Con duraci\u00f3n de 17 minutos, esta nueva entrega de la serie consiste en un recorrido virtual por el Museo Nacional de la Revoluci\u00f3n, ubicado en el s\u00f3tano de ese emblem\u00e1tico monumento, guiado por la directora del recinto, Alejandra Utrilla Hern\u00e1ndez.<\/p>\n<p align=\"justify\">Entre los datos proporcionados, da a conocer que ese museo fue inaugurado el 20 de noviembre de 1986 y que en 2010 se le someti\u00f3 a una remodelaci\u00f3n general, como parte de los festejos por el bicentenario de la Independencia y el centenario de la Revoluci\u00f3n.<\/p>\n<p align=\"justify\">Tambi\u00e9n, que su vocaci\u00f3n es conservar, estudiar, investigar y divulgar el patrimonio sobre la Revoluci\u00f3n Mexicana, as\u00ed como que cuenta con una \u00e1rea de exposici\u00f3n permanente, dividida en ocho peque\u00f1as salas; un museo de sitio; una sala de exposiciones temporales y la galer\u00eda Media Luna.<\/p>\n<p align=\"justify\">En el recorrido, la tambi\u00e9n arquitecta recuerda que el Monumento de la Revoluci\u00f3n fue concebido por el gobierno de Porfirio D\u00edaz en el contexto de las obras conmemorativas del centenario de la Independencia, como un palacio para albergar a la C\u00e1mara de Diputados y el Senado.<\/p>\n<p align=\"justify\">As\u00ed, en 1897 se convoc\u00f3 a un concurso internacional para realizaci\u00f3n de ese proyecto, un edificio suntuoso que ser\u00eda uno de los m\u00e1s grandes y lujosos Palacios Legislativos del mundo, con 14 mil metros cuadrados.<\/p>\n<p align=\"justify\">Debido a sus irregularidades, el certamen fue cancelado y se invit\u00f3 a encargarse del proyecto al reconocido arquitecto \u00c9mile B\u00e9nard, quien lleg\u00f3 al pa\u00eds en 1902.<\/p>\n<p align=\"justify\">Primero, problemas con los estudios del suelo y, luego, el estallido armado de 1910 truncaron la propuesta del profesional franc\u00e9s, indica Alejandra Utrilla Hern\u00e1ndez mientras conduce al espectador por el museo de sitio de aquella instancia, donde pueden verse dibujos, bocetos y una enorme maqueta del proyecto original.<\/p>\n<p align=\"justify\">\u201cEn la maqueta se ven dos esculturas de le\u00f3n en el acceso, las cuales est\u00e1n ahora en la entrada del Bosque de Chapultepec, y el \u00e1guila que remataba la linternilla de la c\u00fapula es ahora el Monumento a la Raza. Varios de los elementos fueron retomados, porque ya hab\u00edan sido encargados\u201d.<\/p>\n<p align=\"justify\">La obra fue suspendida en 1912 y su estructura met\u00e1lica permaneci\u00f3 abandonada y expuesta por dos d\u00e9cadas. Al t\u00e9rmino de la Revoluci\u00f3n, B\u00e9nard trat\u00f3 de rescatar su proyecto, pero no prosper\u00f3.<\/p>\n<p align=\"justify\">En 1933 fue retomado por el arquitecto mexicano Carlos Obreg\u00f3n Santacilia, quien propuso reinterpretar la estructura y convertirla en un espacio p\u00fablico para conmemorar el movimiento revolucionario, vali\u00e9ndose de elementos nacionalistas, en un principio, y despu\u00e9s ya propios del art dec\u00f3.<\/p>\n<p align=\"justify\">Fue en 1936 cuando el monumento se convirti\u00f3 en un mausoleo donde reposan los restos de h\u00e9roes revolucionarios como Francisco I. Madero, Venustiano Carranza, Plutarco El\u00edas Calles y Pancho Villa. A\u00f1os m\u00e1s adelante, en 1970, se incluyeron los de L\u00e1zaro C\u00e1rdenas. Los trabajadores concluyeron en 1938.<\/p>\n","protected":false},"excerpt":{"rendered":"<p>Las entra\u00f1as del Monumento a la Revoluci\u00f3n, uno de los iconos arquitect\u00f3nicos de la Ciudad de M\u00e9xico, as\u00ed como algunos pasajes de su peculiar historia son revelados en la m\u00e1s reciente c\u00e1psula de la plataforma digital Capital cultural Nuestra casa, que se encuentra disponible al p\u00fablico. Con duraci\u00f3n de 17 minutos, esta nueva entrega de&hellip;<\/p>\n","protected":false},"author":1,"featured_media":7398,"comment_status":"closed","ping_status":"open","sticky":false,"template":"","format":"standard","meta":{"_jetpack_memberships_contains_paid_content":false,"footnotes":"","jetpack_publicize_message":"","jetpack_publicize_feature_enabled":true,"jetpack_social_post_already_shared":false,"jetpack_social_options":{"image_generator_settings":{"template":"highway","default_image_id":0,"font":"","enabled":false},"version":2}},"categories":[8,12],"tags":[],"class_list":["post-7400","post","type-post","status-publish","format-standard","has-post-thumbnail","hentry","category-eventos","category-noticias"],"yoast_head":"<!-- This site is optimized with the Yoast SEO plugin v26.3 - https:\/\/yoast.com\/wordpress\/plugins\/seo\/ -->\r\n<title>Plataforma ofrece recorrido virtual del Monumento a la Revoluci\u00f3n - Difusi\u00f3n Cultural<\/title>\r\n<meta name=\"robots\" content=\"index, follow, max-snippet:-1, max-image-preview:large, max-video-preview:-1\" \/>\r\n<link rel=\"canonical\" href=\"https:\/\/blogs.uninter.edu.mx\/difusioncultural\/?p=7400\" \/>\r\n<meta property=\"og:locale\" content=\"es_MX\" \/>\r\n<meta property=\"og:type\" content=\"article\" \/>\r\n<meta property=\"og:title\" content=\"Plataforma ofrece recorrido virtual del Monumento a la Revoluci\u00f3n - Difusi\u00f3n Cultural\" \/>\r\n<meta property=\"og:description\" content=\"Las entra\u00f1as del Monumento a la Revoluci\u00f3n, uno de los iconos arquitect\u00f3nicos de la Ciudad de M\u00e9xico, as\u00ed como algunos pasajes de su peculiar historia son revelados en la m\u00e1s reciente c\u00e1psula de la plataforma digital Capital cultural Nuestra casa, que se encuentra disponible al p\u00fablico. Con duraci\u00f3n de 17 minutos, esta nueva entrega de&hellip;\" \/>\r\n<meta property=\"og:url\" content=\"https:\/\/blogs.uninter.edu.mx\/difusioncultural\/?p=7400\" \/>\r\n<meta property=\"og:site_name\" content=\"Difusi\u00f3n Cultural\" \/>\r\n<meta property=\"article:published_time\" content=\"2020-05-03T23:12:36+00:00\" \/>\r\n<meta property=\"og:image\" content=\"https:\/\/blogs.uninter.edu.mx\/difusioncultural\/wp-content\/uploads\/2020\/05\/image_large-3.jpg\" \/>\r\n\t<meta property=\"og:image:width\" content=\"745\" \/>\r\n\t<meta property=\"og:image:height\" content=\"496\" \/>\r\n\t<meta property=\"og:image:type\" content=\"image\/jpeg\" \/>\r\n<meta name=\"author\" content=\"webmaster\" \/>\r\n<meta name=\"twitter:card\" content=\"summary_large_image\" \/>\r\n<meta name=\"twitter:label1\" content=\"Escrito por\" \/>\n\t<meta name=\"twitter:data1\" content=\"webmaster\" \/>\n\t<meta name=\"twitter:label2\" content=\"Tiempo de lectura\" \/>\n\t<meta name=\"twitter:data2\" content=\"3 minutos\" \/>\r\n<script type=\"application\/ld+json\" class=\"yoast-schema-graph\">{\"@context\":\"https:\/\/schema.org\",\"@graph\":[{\"@type\":\"Article\",\"@id\":\"https:\/\/blogs.uninter.edu.mx\/difusioncultural\/?p=7400#article\",\"isPartOf\":{\"@id\":\"https:\/\/blogs.uninter.edu.mx\/difusioncultural\/?p=7400\"},\"author\":{\"name\":\"webmaster\",\"@id\":\"https:\/\/blogs.uninter.edu.mx\/difusioncultural\/#\/schema\/person\/37a0926f4dd300a814993fd595abdc4a\"},\"headline\":\"Plataforma ofrece recorrido virtual del Monumento a la Revoluci\u00f3n\",\"datePublished\":\"2020-05-03T23:12:36+00:00\",\"mainEntityOfPage\":{\"@id\":\"https:\/\/blogs.uninter.edu.mx\/difusioncultural\/?p=7400\"},\"wordCount\":548,\"publisher\":{\"@id\":\"https:\/\/blogs.uninter.edu.mx\/difusioncultural\/#organization\"},\"image\":{\"@id\":\"https:\/\/blogs.uninter.edu.mx\/difusioncultural\/?p=7400#primaryimage\"},\"thumbnailUrl\":\"https:\/\/blogs.uninter.edu.mx\/difusioncultural\/wp-content\/uploads\/2020\/05\/image_large-3.jpg\",\"articleSection\":[\"Eventos\",\"noticias\"],\"inLanguage\":\"es\"},{\"@type\":\"WebPage\",\"@id\":\"https:\/\/blogs.uninter.edu.mx\/difusioncultural\/?p=7400\",\"url\":\"https:\/\/blogs.uninter.edu.mx\/difusioncultural\/?p=7400\",\"name\":\"Plataforma ofrece recorrido virtual del Monumento a la Revoluci\u00f3n - Difusi\u00f3n Cultural\",\"isPartOf\":{\"@id\":\"https:\/\/blogs.uninter.edu.mx\/difusioncultural\/#website\"},\"primaryImageOfPage\":{\"@id\":\"https:\/\/blogs.uninter.edu.mx\/difusioncultural\/?p=7400#primaryimage\"},\"image\":{\"@id\":\"https:\/\/blogs.uninter.edu.mx\/difusioncultural\/?p=7400#primaryimage\"},\"thumbnailUrl\":\"https:\/\/blogs.uninter.edu.mx\/difusioncultural\/wp-content\/uploads\/2020\/05\/image_large-3.jpg\",\"datePublished\":\"2020-05-03T23:12:36+00:00\",\"breadcrumb\":{\"@id\":\"https:\/\/blogs.uninter.edu.mx\/difusioncultural\/?p=7400#breadcrumb\"},\"inLanguage\":\"es\",\"potentialAction\":[{\"@type\":\"ReadAction\",\"target\":[\"https:\/\/blogs.uninter.edu.mx\/difusioncultural\/?p=7400\"]}]},{\"@type\":\"ImageObject\",\"inLanguage\":\"es\",\"@id\":\"https:\/\/blogs.uninter.edu.mx\/difusioncultural\/?p=7400#primaryimage\",\"url\":\"https:\/\/blogs.uninter.edu.mx\/difusioncultural\/wp-content\/uploads\/2020\/05\/image_large-3.jpg\",\"contentUrl\":\"https:\/\/blogs.uninter.edu.mx\/difusioncultural\/wp-content\/uploads\/2020\/05\/image_large-3.jpg\",\"width\":745,\"height\":496},{\"@type\":\"BreadcrumbList\",\"@id\":\"https:\/\/blogs.uninter.edu.mx\/difusioncultural\/?p=7400#breadcrumb\",\"itemListElement\":[{\"@type\":\"ListItem\",\"position\":1,\"name\":\"Inicio\",\"item\":\"https:\/\/blogs.uninter.edu.mx\/difusioncultural\/\"},{\"@type\":\"ListItem\",\"position\":2,\"name\":\"Plataforma ofrece recorrido virtual del Monumento a la Revoluci\u00f3n\"}]},{\"@type\":\"WebSite\",\"@id\":\"https:\/\/blogs.uninter.edu.mx\/difusioncultural\/#website\",\"url\":\"https:\/\/blogs.uninter.edu.mx\/difusioncultural\/\",\"name\":\"Difusi\u00f3n Cultural\",\"description\":\"UNINTER\",\"publisher\":{\"@id\":\"https:\/\/blogs.uninter.edu.mx\/difusioncultural\/#organization\"},\"potentialAction\":[{\"@type\":\"SearchAction\",\"target\":{\"@type\":\"EntryPoint\",\"urlTemplate\":\"https:\/\/blogs.uninter.edu.mx\/difusioncultural\/?s={search_term_string}\"},\"query-input\":{\"@type\":\"PropertyValueSpecification\",\"valueRequired\":true,\"valueName\":\"search_term_string\"}}],\"inLanguage\":\"es\"},{\"@type\":\"Organization\",\"@id\":\"https:\/\/blogs.uninter.edu.mx\/difusioncultural\/#organization\",\"name\":\"Difusi\u00f3n Cultural\",\"url\":\"https:\/\/blogs.uninter.edu.mx\/difusioncultural\/\",\"logo\":{\"@type\":\"ImageObject\",\"inLanguage\":\"es\",\"@id\":\"https:\/\/blogs.uninter.edu.mx\/difusioncultural\/#\/schema\/logo\/image\/\",\"url\":\"https:\/\/blogs.uninter.edu.mx\/difusioncultural\/wp-content\/uploads\/2022\/09\/uninter.jpg\",\"contentUrl\":\"https:\/\/blogs.uninter.edu.mx\/difusioncultural\/wp-content\/uploads\/2022\/09\/uninter.jpg\",\"width\":2048,\"height\":2048,\"caption\":\"Difusi\u00f3n Cultural\"},\"image\":{\"@id\":\"https:\/\/blogs.uninter.edu.mx\/difusioncultural\/#\/schema\/logo\/image\/\"}},{\"@type\":\"Person\",\"@id\":\"https:\/\/blogs.uninter.edu.mx\/difusioncultural\/#\/schema\/person\/37a0926f4dd300a814993fd595abdc4a\",\"name\":\"webmaster\",\"image\":{\"@type\":\"ImageObject\",\"inLanguage\":\"es\",\"@id\":\"https:\/\/blogs.uninter.edu.mx\/difusioncultural\/#\/schema\/person\/image\/\",\"url\":\"https:\/\/secure.gravatar.com\/avatar\/a59c276b01147463ef3aab4118e3137ebc5e1ad6700deb39ccdf8b89e517f7dc?s=96&d=mm&r=g\",\"contentUrl\":\"https:\/\/secure.gravatar.com\/avatar\/a59c276b01147463ef3aab4118e3137ebc5e1ad6700deb39ccdf8b89e517f7dc?s=96&d=mm&r=g\",\"caption\":\"webmaster\"},\"sameAs\":[\"https:\/\/blogs.uninter.edu.mx\/difusioncultural\"],\"url\":\"https:\/\/blogs.uninter.edu.mx\/difusioncultural\/?author=1\"}]}<\/script>\r\n<!-- \/ Yoast SEO plugin. -->","yoast_head_json":{"title":"Plataforma ofrece recorrido virtual del Monumento a la Revoluci\u00f3n - Difusi\u00f3n Cultural","robots":{"index":"index","follow":"follow","max-snippet":"max-snippet:-1","max-image-preview":"max-image-preview:large","max-video-preview":"max-video-preview:-1"},"canonical":"https:\/\/blogs.uninter.edu.mx\/difusioncultural\/?p=7400","og_locale":"es_MX","og_type":"article","og_title":"Plataforma ofrece recorrido virtual del Monumento a la Revoluci\u00f3n - Difusi\u00f3n Cultural","og_description":"Las entra\u00f1as del Monumento a la Revoluci\u00f3n, uno de los iconos arquitect\u00f3nicos de la Ciudad de M\u00e9xico, as\u00ed como algunos pasajes de su peculiar historia son revelados en la m\u00e1s reciente c\u00e1psula de la plataforma digital Capital cultural Nuestra casa, que se encuentra disponible al p\u00fablico. Con duraci\u00f3n de 17 minutos, esta nueva entrega de&hellip;","og_url":"https:\/\/blogs.uninter.edu.mx\/difusioncultural\/?p=7400","og_site_name":"Difusi\u00f3n Cultural","article_published_time":"2020-05-03T23:12:36+00:00","og_image":[{"width":745,"height":496,"url":"https:\/\/blogs.uninter.edu.mx\/difusioncultural\/wp-content\/uploads\/2020\/05\/image_large-3.jpg","type":"image\/jpeg"}],"author":"webmaster","twitter_card":"summary_large_image","twitter_misc":{"Escrito por":"webmaster","Tiempo de lectura":"3 minutos"},"schema":{"@context":"https:\/\/schema.org","@graph":[{"@type":"Article","@id":"https:\/\/blogs.uninter.edu.mx\/difusioncultural\/?p=7400#article","isPartOf":{"@id":"https:\/\/blogs.uninter.edu.mx\/difusioncultural\/?p=7400"},"author":{"name":"webmaster","@id":"https:\/\/blogs.uninter.edu.mx\/difusioncultural\/#\/schema\/person\/37a0926f4dd300a814993fd595abdc4a"},"headline":"Plataforma ofrece recorrido virtual del Monumento a la Revoluci\u00f3n","datePublished":"2020-05-03T23:12:36+00:00","mainEntityOfPage":{"@id":"https:\/\/blogs.uninter.edu.mx\/difusioncultural\/?p=7400"},"wordCount":548,"publisher":{"@id":"https:\/\/blogs.uninter.edu.mx\/difusioncultural\/#organization"},"image":{"@id":"https:\/\/blogs.uninter.edu.mx\/difusioncultural\/?p=7400#primaryimage"},"thumbnailUrl":"https:\/\/blogs.uninter.edu.mx\/difusioncultural\/wp-content\/uploads\/2020\/05\/image_large-3.jpg","articleSection":["Eventos","noticias"],"inLanguage":"es"},{"@type":"WebPage","@id":"https:\/\/blogs.uninter.edu.mx\/difusioncultural\/?p=7400","url":"https:\/\/blogs.uninter.edu.mx\/difusioncultural\/?p=7400","name":"Plataforma ofrece recorrido virtual del Monumento a la Revoluci\u00f3n - Difusi\u00f3n Cultural","isPartOf":{"@id":"https:\/\/blogs.uninter.edu.mx\/difusioncultural\/#website"},"primaryImageOfPage":{"@id":"https:\/\/blogs.uninter.edu.mx\/difusioncultural\/?p=7400#primaryimage"},"image":{"@id":"https:\/\/blogs.uninter.edu.mx\/difusioncultural\/?p=7400#primaryimage"},"thumbnailUrl":"https:\/\/blogs.uninter.edu.mx\/difusioncultural\/wp-content\/uploads\/2020\/05\/image_large-3.jpg","datePublished":"2020-05-03T23:12:36+00:00","breadcrumb":{"@id":"https:\/\/blogs.uninter.edu.mx\/difusioncultural\/?p=7400#breadcrumb"},"inLanguage":"es","potentialAction":[{"@type":"ReadAction","target":["https:\/\/blogs.uninter.edu.mx\/difusioncultural\/?p=7400"]}]},{"@type":"ImageObject","inLanguage":"es","@id":"https:\/\/blogs.uninter.edu.mx\/difusioncultural\/?p=7400#primaryimage","url":"https:\/\/blogs.uninter.edu.mx\/difusioncultural\/wp-content\/uploads\/2020\/05\/image_large-3.jpg","contentUrl":"https:\/\/blogs.uninter.edu.mx\/difusioncultural\/wp-content\/uploads\/2020\/05\/image_large-3.jpg","width":745,"height":496},{"@type":"BreadcrumbList","@id":"https:\/\/blogs.uninter.edu.mx\/difusioncultural\/?p=7400#breadcrumb","itemListElement":[{"@type":"ListItem","position":1,"name":"Inicio","item":"https:\/\/blogs.uninter.edu.mx\/difusioncultural\/"},{"@type":"ListItem","position":2,"name":"Plataforma ofrece recorrido virtual del Monumento a la Revoluci\u00f3n"}]},{"@type":"WebSite","@id":"https:\/\/blogs.uninter.edu.mx\/difusioncultural\/#website","url":"https:\/\/blogs.uninter.edu.mx\/difusioncultural\/","name":"Difusi\u00f3n Cultural","description":"UNINTER","publisher":{"@id":"https:\/\/blogs.uninter.edu.mx\/difusioncultural\/#organization"},"potentialAction":[{"@type":"SearchAction","target":{"@type":"EntryPoint","urlTemplate":"https:\/\/blogs.uninter.edu.mx\/difusioncultural\/?s={search_term_string}"},"query-input":{"@type":"PropertyValueSpecification","valueRequired":true,"valueName":"search_term_string"}}],"inLanguage":"es"},{"@type":"Organization","@id":"https:\/\/blogs.uninter.edu.mx\/difusioncultural\/#organization","name":"Difusi\u00f3n Cultural","url":"https:\/\/blogs.uninter.edu.mx\/difusioncultural\/","logo":{"@type":"ImageObject","inLanguage":"es","@id":"https:\/\/blogs.uninter.edu.mx\/difusioncultural\/#\/schema\/logo\/image\/","url":"https:\/\/blogs.uninter.edu.mx\/difusioncultural\/wp-content\/uploads\/2022\/09\/uninter.jpg","contentUrl":"https:\/\/blogs.uninter.edu.mx\/difusioncultural\/wp-content\/uploads\/2022\/09\/uninter.jpg","width":2048,"height":2048,"caption":"Difusi\u00f3n Cultural"},"image":{"@id":"https:\/\/blogs.uninter.edu.mx\/difusioncultural\/#\/schema\/logo\/image\/"}},{"@type":"Person","@id":"https:\/\/blogs.uninter.edu.mx\/difusioncultural\/#\/schema\/person\/37a0926f4dd300a814993fd595abdc4a","name":"webmaster","image":{"@type":"ImageObject","inLanguage":"es","@id":"https:\/\/blogs.uninter.edu.mx\/difusioncultural\/#\/schema\/person\/image\/","url":"https:\/\/secure.gravatar.com\/avatar\/a59c276b01147463ef3aab4118e3137ebc5e1ad6700deb39ccdf8b89e517f7dc?s=96&d=mm&r=g","contentUrl":"https:\/\/secure.gravatar.com\/avatar\/a59c276b01147463ef3aab4118e3137ebc5e1ad6700deb39ccdf8b89e517f7dc?s=96&d=mm&r=g","caption":"webmaster"},"sameAs":["https:\/\/blogs.uninter.edu.mx\/difusioncultural"],"url":"https:\/\/blogs.uninter.edu.mx\/difusioncultural\/?author=1"}]}},"jetpack_publicize_connections":[],"jetpack_featured_media_url":"https:\/\/blogs.uninter.edu.mx\/difusioncultural\/wp-content\/uploads\/2020\/05\/image_large-3.jpg","jetpack_sharing_enabled":true,"_links":{"self":[{"href":"https:\/\/blogs.uninter.edu.mx\/difusioncultural\/index.php?rest_route=\/wp\/v2\/posts\/7400","targetHints":{"allow":["GET"]}}],"collection":[{"href":"https:\/\/blogs.uninter.edu.mx\/difusioncultural\/index.php?rest_route=\/wp\/v2\/posts"}],"about":[{"href":"https:\/\/blogs.uninter.edu.mx\/difusioncultural\/index.php?rest_route=\/wp\/v2\/types\/post"}],"author":[{"embeddable":true,"href":"https:\/\/blogs.uninter.edu.mx\/difusioncultural\/index.php?rest_route=\/wp\/v2\/users\/1"}],"replies":[{"embeddable":true,"href":"https:\/\/blogs.uninter.edu.mx\/difusioncultural\/index.php?rest_route=%2Fwp%2Fv2%2Fcomments&post=7400"}],"version-history":[{"count":0,"href":"https:\/\/blogs.uninter.edu.mx\/difusioncultural\/index.php?rest_route=\/wp\/v2\/posts\/7400\/revisions"}],"wp:featuredmedia":[{"embeddable":true,"href":"https:\/\/blogs.uninter.edu.mx\/difusioncultural\/index.php?rest_route=\/wp\/v2\/media\/7398"}],"wp:attachment":[{"href":"https:\/\/blogs.uninter.edu.mx\/difusioncultural\/index.php?rest_route=%2Fwp%2Fv2%2Fmedia&parent=7400"}],"wp:term":[{"taxonomy":"category","embeddable":true,"href":"https:\/\/blogs.uninter.edu.mx\/difusioncultural\/index.php?rest_route=%2Fwp%2Fv2%2Fcategories&post=7400"},{"taxonomy":"post_tag","embeddable":true,"href":"https:\/\/blogs.uninter.edu.mx\/difusioncultural\/index.php?rest_route=%2Fwp%2Fv2%2Ftags&post=7400"}],"curies":[{"name":"wp","href":"https:\/\/api.w.org\/{rel}","templated":true}]}}