{"id":7403,"date":"2020-05-03T19:13:48","date_gmt":"2020-05-04T00:13:48","guid":{"rendered":"https:\/\/difusionculturaluninter.wordpress.com\/?p=7403"},"modified":"2020-05-03T19:13:48","modified_gmt":"2020-05-04T00:13:48","slug":"con-reflexion-audiovisual-celebro-el-centro-de-las-artes-de-slp-el-dia-internacional-de-la-danza","status":"publish","type":"post","link":"https:\/\/blogs.uninter.edu.mx\/difusioncultural\/?p=7403","title":{"rendered":"Con reflexi\u00f3n audiovisual, celebr\u00f3 el Centro de las Artes de SLP el D\u00eda Internacional de la Danza."},"content":{"rendered":"<p><img decoding=\"async\" src=\"https:\/\/www.jornada.com.mx\/ultimas\/2020\/05\/02\/con-reflexion-audiovisual-celebro-el-centro-de-las-artes-de-slp-el-dia-internacional-de-la-danza-7960.html\/danza-5446.html\/image_large\" \/><\/p>\n<p style=\"text-align:justify;\">El Centro de las Artes de San Luis Potos\u00ed Centenario, a trav\u00e9s de su area acad\u00e9mica, celebr\u00f3 el D\u00eda Internacional de la Danza con el lanzamiento de un producto audiovisual que involucr\u00f3 la participaci\u00f3n de docentes, alumnado, creadoras y creadores que han sido parte de distintos procesos creativos de la instituci\u00f3n, quienes compartieron reflexiones y ejercicios esc\u00e9nicos mediante este material difundido desde este 29 de abril en el marco de esta conmemoraci\u00f3n art\u00edstica, a trav\u00e9s de Pan\u00f3ptico TV en youtube, y la p\u00e1gina institucional en facebook del Ceart San Luis.<\/p>\n<p>Creadores como Patricia Fuentes, Claudia Rodr\u00edguez, Arturo Garrido, Miguel Baltazar, Jes\u00fas Eduardo Rocha, Montserrat Ch\u00e1vez, Beto For\u00e1neo, Arely Delgado, Israel Rodr\u00edguez Garc\u00eda, Antonio Fuentes, Casa Taller de la danza y ballet de Nery Fern\u00e1ndez, Izzy Bone, Miguel \u00c1ngel Mancilla y Al\u00ed Colorado, fueron los encargados de dar forma a esta celebraci\u00f3n virtual con la que el Ceart San Luis y su comunidad art\u00edstica, en medio de estos momentos sociales at\u00edpicos que nos hacen re-pensar las din\u00e1micas sociales para un futuro incierto, han tomado un momento para reflexionar y re-imaginar desde el movimiento, el cuerpo y el espacio personal, nuevas formas de creaci\u00f3n y significaci\u00f3n.<\/p>\n<p>Los y las docentes que han estado y est\u00e1n en el \u00e1rea de artes esc\u00e9nicas desde su cuerpo nos comparten una reflexi\u00f3n de c\u00f3mo nos encontramos, lo que es y sigue representado el encierro, como un ejercicio de introspecci\u00f3n voluntaria, que al final se vuelve colectivo. Reflexi\u00f3n obligada durante esta cuarentena frente a lo que vendr\u00e1 despu\u00e9s, un futuro incierto. Este ejercicio danc\u00edstico da cuenta de cuerpos en \u201cresiliencia\u201d.<\/p>\n<p style=\"text-align:justify;\">Este producto art\u00edstico supone una gran riqueza visual, narrativa y est\u00e9tica que servir\u00e1 como documento-memoria del momento hist\u00f3rico que vive nuestra sociedad. La intenci\u00f3n es estrechar v\u00ednculos con la comunidad de maestras, maestros, alumnos, alumnas, creativas y creativos del CEARTSLP, as\u00ed como promover la creaci\u00f3n art\u00edstica en momentos de contingencia social, alentar la reflexi\u00f3n desde la creaci\u00f3n y reconocer la labor de la comunidad art\u00edstica como factor de cambio social.<\/p>\n<p>A la celebraci\u00f3n organizada por la Secretar\u00eda de Cultura, cuyo titular es Armando Herrera, se unieron el Teatro Polivalente y el Museo Leonora Carrington quienes desde sus plataformas institucionales tambi\u00e9n hicieron un merecido reconocimiento a los creadores y compa\u00f1\u00edas art\u00edsticas dedicadas a esta disciplina. El material se encuentra disponible a trav\u00e9s del canal institucional del Ceart en youtube, Pan\u00f3ptico TV, en la ligayoutube, Pan\u00f3ptico TV.<\/p>\n","protected":false},"excerpt":{"rendered":"<p>El Centro de las Artes de San Luis Potos\u00ed Centenario, a trav\u00e9s de su area acad\u00e9mica, celebr\u00f3 el D\u00eda Internacional de la Danza con el lanzamiento de un producto audiovisual que involucr\u00f3 la participaci\u00f3n de docentes, alumnado, creadoras y creadores que han sido parte de distintos procesos creativos de la instituci\u00f3n, quienes compartieron reflexiones y&hellip;<\/p>\n","protected":false},"author":1,"featured_media":7405,"comment_status":"closed","ping_status":"open","sticky":false,"template":"","format":"standard","meta":{"_jetpack_memberships_contains_paid_content":false,"footnotes":"","jetpack_publicize_message":"","jetpack_publicize_feature_enabled":true,"jetpack_social_post_already_shared":false,"jetpack_social_options":{"image_generator_settings":{"template":"highway","default_image_id":0,"font":"","enabled":false},"version":2}},"categories":[8,12],"tags":[],"class_list":["post-7403","post","type-post","status-publish","format-standard","has-post-thumbnail","hentry","category-eventos","category-noticias"],"yoast_head":"<!-- This site is optimized with the Yoast SEO plugin v26.3 - https:\/\/yoast.com\/wordpress\/plugins\/seo\/ -->\r\n<title>Con reflexi\u00f3n audiovisual, celebr\u00f3 el Centro de las Artes de SLP el D\u00eda Internacional de la Danza. - Difusi\u00f3n Cultural<\/title>\r\n<meta name=\"robots\" content=\"index, follow, max-snippet:-1, max-image-preview:large, max-video-preview:-1\" \/>\r\n<link rel=\"canonical\" href=\"https:\/\/blogs.uninter.edu.mx\/difusioncultural\/?p=7403\" \/>\r\n<meta property=\"og:locale\" content=\"es_MX\" \/>\r\n<meta property=\"og:type\" content=\"article\" \/>\r\n<meta property=\"og:title\" content=\"Con reflexi\u00f3n audiovisual, celebr\u00f3 el Centro de las Artes de SLP el D\u00eda Internacional de la Danza. - Difusi\u00f3n Cultural\" \/>\r\n<meta property=\"og:description\" content=\"El Centro de las Artes de San Luis Potos\u00ed Centenario, a trav\u00e9s de su area acad\u00e9mica, celebr\u00f3 el D\u00eda Internacional de la Danza con el lanzamiento de un producto audiovisual que involucr\u00f3 la participaci\u00f3n de docentes, alumnado, creadoras y creadores que han sido parte de distintos procesos creativos de la instituci\u00f3n, quienes compartieron reflexiones y&hellip;\" \/>\r\n<meta property=\"og:url\" content=\"https:\/\/blogs.uninter.edu.mx\/difusioncultural\/?p=7403\" \/>\r\n<meta property=\"og:site_name\" content=\"Difusi\u00f3n Cultural\" \/>\r\n<meta property=\"article:published_time\" content=\"2020-05-04T00:13:48+00:00\" \/>\r\n<meta property=\"og:image\" content=\"https:\/\/blogs.uninter.edu.mx\/difusioncultural\/wp-content\/uploads\/2020\/05\/danza.jpg\" \/>\r\n\t<meta property=\"og:image:width\" content=\"745\" \/>\r\n\t<meta property=\"og:image:height\" content=\"409\" \/>\r\n\t<meta property=\"og:image:type\" content=\"image\/jpeg\" \/>\r\n<meta name=\"author\" content=\"webmaster\" \/>\r\n<meta name=\"twitter:card\" content=\"summary_large_image\" \/>\r\n<meta name=\"twitter:label1\" content=\"Escrito por\" \/>\n\t<meta name=\"twitter:data1\" content=\"webmaster\" \/>\n\t<meta name=\"twitter:label2\" content=\"Tiempo de lectura\" \/>\n\t<meta name=\"twitter:data2\" content=\"2 minutos\" \/>\r\n<script type=\"application\/ld+json\" class=\"yoast-schema-graph\">{\"@context\":\"https:\/\/schema.org\",\"@graph\":[{\"@type\":\"Article\",\"@id\":\"https:\/\/blogs.uninter.edu.mx\/difusioncultural\/?p=7403#article\",\"isPartOf\":{\"@id\":\"https:\/\/blogs.uninter.edu.mx\/difusioncultural\/?p=7403\"},\"author\":{\"name\":\"webmaster\",\"@id\":\"https:\/\/blogs.uninter.edu.mx\/difusioncultural\/#\/schema\/person\/37a0926f4dd300a814993fd595abdc4a\"},\"headline\":\"Con reflexi\u00f3n audiovisual, celebr\u00f3 el Centro de las Artes de SLP el D\u00eda Internacional de la Danza.\",\"datePublished\":\"2020-05-04T00:13:48+00:00\",\"mainEntityOfPage\":{\"@id\":\"https:\/\/blogs.uninter.edu.mx\/difusioncultural\/?p=7403\"},\"wordCount\":466,\"publisher\":{\"@id\":\"https:\/\/blogs.uninter.edu.mx\/difusioncultural\/#organization\"},\"image\":{\"@id\":\"https:\/\/blogs.uninter.edu.mx\/difusioncultural\/?p=7403#primaryimage\"},\"thumbnailUrl\":\"https:\/\/blogs.uninter.edu.mx\/difusioncultural\/wp-content\/uploads\/2020\/05\/danza.jpg\",\"articleSection\":[\"Eventos\",\"noticias\"],\"inLanguage\":\"es\"},{\"@type\":\"WebPage\",\"@id\":\"https:\/\/blogs.uninter.edu.mx\/difusioncultural\/?p=7403\",\"url\":\"https:\/\/blogs.uninter.edu.mx\/difusioncultural\/?p=7403\",\"name\":\"Con reflexi\u00f3n audiovisual, celebr\u00f3 el Centro de las Artes de SLP el D\u00eda Internacional de la Danza. - Difusi\u00f3n Cultural\",\"isPartOf\":{\"@id\":\"https:\/\/blogs.uninter.edu.mx\/difusioncultural\/#website\"},\"primaryImageOfPage\":{\"@id\":\"https:\/\/blogs.uninter.edu.mx\/difusioncultural\/?p=7403#primaryimage\"},\"image\":{\"@id\":\"https:\/\/blogs.uninter.edu.mx\/difusioncultural\/?p=7403#primaryimage\"},\"thumbnailUrl\":\"https:\/\/blogs.uninter.edu.mx\/difusioncultural\/wp-content\/uploads\/2020\/05\/danza.jpg\",\"datePublished\":\"2020-05-04T00:13:48+00:00\",\"breadcrumb\":{\"@id\":\"https:\/\/blogs.uninter.edu.mx\/difusioncultural\/?p=7403#breadcrumb\"},\"inLanguage\":\"es\",\"potentialAction\":[{\"@type\":\"ReadAction\",\"target\":[\"https:\/\/blogs.uninter.edu.mx\/difusioncultural\/?p=7403\"]}]},{\"@type\":\"ImageObject\",\"inLanguage\":\"es\",\"@id\":\"https:\/\/blogs.uninter.edu.mx\/difusioncultural\/?p=7403#primaryimage\",\"url\":\"https:\/\/blogs.uninter.edu.mx\/difusioncultural\/wp-content\/uploads\/2020\/05\/danza.jpg\",\"contentUrl\":\"https:\/\/blogs.uninter.edu.mx\/difusioncultural\/wp-content\/uploads\/2020\/05\/danza.jpg\",\"width\":745,\"height\":409},{\"@type\":\"BreadcrumbList\",\"@id\":\"https:\/\/blogs.uninter.edu.mx\/difusioncultural\/?p=7403#breadcrumb\",\"itemListElement\":[{\"@type\":\"ListItem\",\"position\":1,\"name\":\"Inicio\",\"item\":\"https:\/\/blogs.uninter.edu.mx\/difusioncultural\/\"},{\"@type\":\"ListItem\",\"position\":2,\"name\":\"Con reflexi\u00f3n audiovisual, celebr\u00f3 el Centro de las Artes de SLP el D\u00eda Internacional de la Danza.\"}]},{\"@type\":\"WebSite\",\"@id\":\"https:\/\/blogs.uninter.edu.mx\/difusioncultural\/#website\",\"url\":\"https:\/\/blogs.uninter.edu.mx\/difusioncultural\/\",\"name\":\"Difusi\u00f3n Cultural\",\"description\":\"UNINTER\",\"publisher\":{\"@id\":\"https:\/\/blogs.uninter.edu.mx\/difusioncultural\/#organization\"},\"potentialAction\":[{\"@type\":\"SearchAction\",\"target\":{\"@type\":\"EntryPoint\",\"urlTemplate\":\"https:\/\/blogs.uninter.edu.mx\/difusioncultural\/?s={search_term_string}\"},\"query-input\":{\"@type\":\"PropertyValueSpecification\",\"valueRequired\":true,\"valueName\":\"search_term_string\"}}],\"inLanguage\":\"es\"},{\"@type\":\"Organization\",\"@id\":\"https:\/\/blogs.uninter.edu.mx\/difusioncultural\/#organization\",\"name\":\"Difusi\u00f3n Cultural\",\"url\":\"https:\/\/blogs.uninter.edu.mx\/difusioncultural\/\",\"logo\":{\"@type\":\"ImageObject\",\"inLanguage\":\"es\",\"@id\":\"https:\/\/blogs.uninter.edu.mx\/difusioncultural\/#\/schema\/logo\/image\/\",\"url\":\"https:\/\/blogs.uninter.edu.mx\/difusioncultural\/wp-content\/uploads\/2022\/09\/uninter.jpg\",\"contentUrl\":\"https:\/\/blogs.uninter.edu.mx\/difusioncultural\/wp-content\/uploads\/2022\/09\/uninter.jpg\",\"width\":2048,\"height\":2048,\"caption\":\"Difusi\u00f3n Cultural\"},\"image\":{\"@id\":\"https:\/\/blogs.uninter.edu.mx\/difusioncultural\/#\/schema\/logo\/image\/\"}},{\"@type\":\"Person\",\"@id\":\"https:\/\/blogs.uninter.edu.mx\/difusioncultural\/#\/schema\/person\/37a0926f4dd300a814993fd595abdc4a\",\"name\":\"webmaster\",\"image\":{\"@type\":\"ImageObject\",\"inLanguage\":\"es\",\"@id\":\"https:\/\/blogs.uninter.edu.mx\/difusioncultural\/#\/schema\/person\/image\/\",\"url\":\"https:\/\/secure.gravatar.com\/avatar\/a59c276b01147463ef3aab4118e3137ebc5e1ad6700deb39ccdf8b89e517f7dc?s=96&d=mm&r=g\",\"contentUrl\":\"https:\/\/secure.gravatar.com\/avatar\/a59c276b01147463ef3aab4118e3137ebc5e1ad6700deb39ccdf8b89e517f7dc?s=96&d=mm&r=g\",\"caption\":\"webmaster\"},\"sameAs\":[\"https:\/\/blogs.uninter.edu.mx\/difusioncultural\"],\"url\":\"https:\/\/blogs.uninter.edu.mx\/difusioncultural\/?author=1\"}]}<\/script>\r\n<!-- \/ Yoast SEO plugin. -->","yoast_head_json":{"title":"Con reflexi\u00f3n audiovisual, celebr\u00f3 el Centro de las Artes de SLP el D\u00eda Internacional de la Danza. - Difusi\u00f3n Cultural","robots":{"index":"index","follow":"follow","max-snippet":"max-snippet:-1","max-image-preview":"max-image-preview:large","max-video-preview":"max-video-preview:-1"},"canonical":"https:\/\/blogs.uninter.edu.mx\/difusioncultural\/?p=7403","og_locale":"es_MX","og_type":"article","og_title":"Con reflexi\u00f3n audiovisual, celebr\u00f3 el Centro de las Artes de SLP el D\u00eda Internacional de la Danza. - Difusi\u00f3n Cultural","og_description":"El Centro de las Artes de San Luis Potos\u00ed Centenario, a trav\u00e9s de su area acad\u00e9mica, celebr\u00f3 el D\u00eda Internacional de la Danza con el lanzamiento de un producto audiovisual que involucr\u00f3 la participaci\u00f3n de docentes, alumnado, creadoras y creadores que han sido parte de distintos procesos creativos de la instituci\u00f3n, quienes compartieron reflexiones y&hellip;","og_url":"https:\/\/blogs.uninter.edu.mx\/difusioncultural\/?p=7403","og_site_name":"Difusi\u00f3n Cultural","article_published_time":"2020-05-04T00:13:48+00:00","og_image":[{"width":745,"height":409,"url":"https:\/\/blogs.uninter.edu.mx\/difusioncultural\/wp-content\/uploads\/2020\/05\/danza.jpg","type":"image\/jpeg"}],"author":"webmaster","twitter_card":"summary_large_image","twitter_misc":{"Escrito por":"webmaster","Tiempo de lectura":"2 minutos"},"schema":{"@context":"https:\/\/schema.org","@graph":[{"@type":"Article","@id":"https:\/\/blogs.uninter.edu.mx\/difusioncultural\/?p=7403#article","isPartOf":{"@id":"https:\/\/blogs.uninter.edu.mx\/difusioncultural\/?p=7403"},"author":{"name":"webmaster","@id":"https:\/\/blogs.uninter.edu.mx\/difusioncultural\/#\/schema\/person\/37a0926f4dd300a814993fd595abdc4a"},"headline":"Con reflexi\u00f3n audiovisual, celebr\u00f3 el Centro de las Artes de SLP el D\u00eda Internacional de la Danza.","datePublished":"2020-05-04T00:13:48+00:00","mainEntityOfPage":{"@id":"https:\/\/blogs.uninter.edu.mx\/difusioncultural\/?p=7403"},"wordCount":466,"publisher":{"@id":"https:\/\/blogs.uninter.edu.mx\/difusioncultural\/#organization"},"image":{"@id":"https:\/\/blogs.uninter.edu.mx\/difusioncultural\/?p=7403#primaryimage"},"thumbnailUrl":"https:\/\/blogs.uninter.edu.mx\/difusioncultural\/wp-content\/uploads\/2020\/05\/danza.jpg","articleSection":["Eventos","noticias"],"inLanguage":"es"},{"@type":"WebPage","@id":"https:\/\/blogs.uninter.edu.mx\/difusioncultural\/?p=7403","url":"https:\/\/blogs.uninter.edu.mx\/difusioncultural\/?p=7403","name":"Con reflexi\u00f3n audiovisual, celebr\u00f3 el Centro de las Artes de SLP el D\u00eda Internacional de la Danza. - Difusi\u00f3n Cultural","isPartOf":{"@id":"https:\/\/blogs.uninter.edu.mx\/difusioncultural\/#website"},"primaryImageOfPage":{"@id":"https:\/\/blogs.uninter.edu.mx\/difusioncultural\/?p=7403#primaryimage"},"image":{"@id":"https:\/\/blogs.uninter.edu.mx\/difusioncultural\/?p=7403#primaryimage"},"thumbnailUrl":"https:\/\/blogs.uninter.edu.mx\/difusioncultural\/wp-content\/uploads\/2020\/05\/danza.jpg","datePublished":"2020-05-04T00:13:48+00:00","breadcrumb":{"@id":"https:\/\/blogs.uninter.edu.mx\/difusioncultural\/?p=7403#breadcrumb"},"inLanguage":"es","potentialAction":[{"@type":"ReadAction","target":["https:\/\/blogs.uninter.edu.mx\/difusioncultural\/?p=7403"]}]},{"@type":"ImageObject","inLanguage":"es","@id":"https:\/\/blogs.uninter.edu.mx\/difusioncultural\/?p=7403#primaryimage","url":"https:\/\/blogs.uninter.edu.mx\/difusioncultural\/wp-content\/uploads\/2020\/05\/danza.jpg","contentUrl":"https:\/\/blogs.uninter.edu.mx\/difusioncultural\/wp-content\/uploads\/2020\/05\/danza.jpg","width":745,"height":409},{"@type":"BreadcrumbList","@id":"https:\/\/blogs.uninter.edu.mx\/difusioncultural\/?p=7403#breadcrumb","itemListElement":[{"@type":"ListItem","position":1,"name":"Inicio","item":"https:\/\/blogs.uninter.edu.mx\/difusioncultural\/"},{"@type":"ListItem","position":2,"name":"Con reflexi\u00f3n audiovisual, celebr\u00f3 el Centro de las Artes de SLP el D\u00eda Internacional de la Danza."}]},{"@type":"WebSite","@id":"https:\/\/blogs.uninter.edu.mx\/difusioncultural\/#website","url":"https:\/\/blogs.uninter.edu.mx\/difusioncultural\/","name":"Difusi\u00f3n Cultural","description":"UNINTER","publisher":{"@id":"https:\/\/blogs.uninter.edu.mx\/difusioncultural\/#organization"},"potentialAction":[{"@type":"SearchAction","target":{"@type":"EntryPoint","urlTemplate":"https:\/\/blogs.uninter.edu.mx\/difusioncultural\/?s={search_term_string}"},"query-input":{"@type":"PropertyValueSpecification","valueRequired":true,"valueName":"search_term_string"}}],"inLanguage":"es"},{"@type":"Organization","@id":"https:\/\/blogs.uninter.edu.mx\/difusioncultural\/#organization","name":"Difusi\u00f3n Cultural","url":"https:\/\/blogs.uninter.edu.mx\/difusioncultural\/","logo":{"@type":"ImageObject","inLanguage":"es","@id":"https:\/\/blogs.uninter.edu.mx\/difusioncultural\/#\/schema\/logo\/image\/","url":"https:\/\/blogs.uninter.edu.mx\/difusioncultural\/wp-content\/uploads\/2022\/09\/uninter.jpg","contentUrl":"https:\/\/blogs.uninter.edu.mx\/difusioncultural\/wp-content\/uploads\/2022\/09\/uninter.jpg","width":2048,"height":2048,"caption":"Difusi\u00f3n Cultural"},"image":{"@id":"https:\/\/blogs.uninter.edu.mx\/difusioncultural\/#\/schema\/logo\/image\/"}},{"@type":"Person","@id":"https:\/\/blogs.uninter.edu.mx\/difusioncultural\/#\/schema\/person\/37a0926f4dd300a814993fd595abdc4a","name":"webmaster","image":{"@type":"ImageObject","inLanguage":"es","@id":"https:\/\/blogs.uninter.edu.mx\/difusioncultural\/#\/schema\/person\/image\/","url":"https:\/\/secure.gravatar.com\/avatar\/a59c276b01147463ef3aab4118e3137ebc5e1ad6700deb39ccdf8b89e517f7dc?s=96&d=mm&r=g","contentUrl":"https:\/\/secure.gravatar.com\/avatar\/a59c276b01147463ef3aab4118e3137ebc5e1ad6700deb39ccdf8b89e517f7dc?s=96&d=mm&r=g","caption":"webmaster"},"sameAs":["https:\/\/blogs.uninter.edu.mx\/difusioncultural"],"url":"https:\/\/blogs.uninter.edu.mx\/difusioncultural\/?author=1"}]}},"jetpack_publicize_connections":[],"jetpack_featured_media_url":"https:\/\/blogs.uninter.edu.mx\/difusioncultural\/wp-content\/uploads\/2020\/05\/danza.jpg","jetpack_sharing_enabled":true,"_links":{"self":[{"href":"https:\/\/blogs.uninter.edu.mx\/difusioncultural\/index.php?rest_route=\/wp\/v2\/posts\/7403","targetHints":{"allow":["GET"]}}],"collection":[{"href":"https:\/\/blogs.uninter.edu.mx\/difusioncultural\/index.php?rest_route=\/wp\/v2\/posts"}],"about":[{"href":"https:\/\/blogs.uninter.edu.mx\/difusioncultural\/index.php?rest_route=\/wp\/v2\/types\/post"}],"author":[{"embeddable":true,"href":"https:\/\/blogs.uninter.edu.mx\/difusioncultural\/index.php?rest_route=\/wp\/v2\/users\/1"}],"replies":[{"embeddable":true,"href":"https:\/\/blogs.uninter.edu.mx\/difusioncultural\/index.php?rest_route=%2Fwp%2Fv2%2Fcomments&post=7403"}],"version-history":[{"count":0,"href":"https:\/\/blogs.uninter.edu.mx\/difusioncultural\/index.php?rest_route=\/wp\/v2\/posts\/7403\/revisions"}],"wp:featuredmedia":[{"embeddable":true,"href":"https:\/\/blogs.uninter.edu.mx\/difusioncultural\/index.php?rest_route=\/wp\/v2\/media\/7405"}],"wp:attachment":[{"href":"https:\/\/blogs.uninter.edu.mx\/difusioncultural\/index.php?rest_route=%2Fwp%2Fv2%2Fmedia&parent=7403"}],"wp:term":[{"taxonomy":"category","embeddable":true,"href":"https:\/\/blogs.uninter.edu.mx\/difusioncultural\/index.php?rest_route=%2Fwp%2Fv2%2Fcategories&post=7403"},{"taxonomy":"post_tag","embeddable":true,"href":"https:\/\/blogs.uninter.edu.mx\/difusioncultural\/index.php?rest_route=%2Fwp%2Fv2%2Ftags&post=7403"}],"curies":[{"name":"wp","href":"https:\/\/api.w.org\/{rel}","templated":true}]}}