{"id":7408,"date":"2020-05-07T11:24:15","date_gmt":"2020-05-07T16:24:15","guid":{"rendered":"https:\/\/difusionculturaluninter.wordpress.com\/?p=7408"},"modified":"2020-05-07T11:24:15","modified_gmt":"2020-05-07T16:24:15","slug":"un-dia-como-hoy-pero-de-1824-se-presentaba-por-primera-vez-la-novena-sinfonia-de-beethoven","status":"publish","type":"post","link":"https:\/\/blogs.uninter.edu.mx\/difusioncultural\/?p=7408","title":{"rendered":"Un d\u00eda como hoy pero de 1824 se presentaba por primera vez, La &#8221;Novena sinfon\u00eda&#8221; de Beethoven."},"content":{"rendered":"<h2 class=\"d-subtitle__txt\">Estrenada en 1824 y Patrimonio de la Humanidad desde 2001, la Novena representa el testamento de Beethoven. Su andadura, vinculada a grandes acontecimientos de los \u00faltimos siglos, refleja su importancia m\u00e1s all\u00e1 del plano musical.<\/h2>\n<p><img decoding=\"async\" src=\"https:\/\/www.lavanguardia.com\/r\/GODO\/LV\/p0\/WebSite\/2017\/03\/17\/Recortada\/la-novena-sinfonia-de-beethoven-992x558@LaVanguardia-Web.jpg\" alt=\"La Novena de Beethoven, una sinfon\u00eda para el mundo\" \/><\/p>\n<p style=\"text-align:justify;\">El 7 de mayo de 1824, Viena viv\u00eda con expectaci\u00f3n la que iba a ser la primera aparici\u00f3n p\u00fablica de Ludwig van Beethoven en doce a\u00f1os. El motivo: el estreno en el Teatro Imperial de su\u00a0<em>Sinfon\u00eda n.\u00ba 9 en re menor, op. 125<\/em>, hoy informalmente cono\u00adcida como la Novena. Toda Viena sab\u00eda que\u00a0<b>Beethoven, considerado entonces el m\u00e1s grande de los compositores, estaba completamente sordo<\/b>.<\/p>\n<p style=\"text-align:justify;\">El p\u00fablico que aba\u00adrrotaba la sala contempl\u00f3 con reverencia c\u00f3mo se colocaba tras el director de or\u00adquesta y segu\u00eda el estreno en una copia de la partitura, imaginando en su mente lo que los dem\u00e1s escuchaban. Para \u00e9l, aque\u00adllo era posible porque, como explica el profesor de Filosof\u00eda y cr\u00edtico musical Ja\u00adcobo Zabalo, &#8220;la m\u00fasica es matem\u00e1ticas, es inteligencia.\u00a0<b>Los m\u00fasicos del nivel de Beethoven no necesitan o\u00edr los sonidos f\u00edsicamente, los tienen en la cabeza<\/b>\u201d.<\/p>\n<p style=\"text-align:justify;\"><b>Al finalizar el concierto estallaron los aplausos de un p\u00fablico conmocionado por lo que hab\u00eda visto y escuchado<\/b>. La Novena era extraordinaria, no solo por su duraci\u00f3n y magnitud instrumental, sino porque incorporaba un nuevo elemento: en el \u00faltimo movimiento interven\u00edan cuatro solistas y un coro, que interpretaban el poema\u00a0<em>Oda a la Alegr\u00eda<\/em>, de Friedrich Schi\u00adller. Beethoven segu\u00eda enfrascado en su partitura cuando la ovaci\u00f3n empez\u00f3 y no repar\u00f3 en ella, ni en los pa\u00f1uelos que se agitaban en el aire, hasta que una de las solistas le alert\u00f3, toc\u00e1ndole suavemente el brazo. Solo entonces se inclin\u00f3 y salud\u00f3 a sus admiradores por \u00faltima vez.<\/p>\n<p style=\"text-align:justify;\"><b>Genio inesperado<\/b><\/p>\n<p style=\"text-align:justify;\">Despu\u00e9s de aquella emotiva aparici\u00f3n\u00a0<b>se retir\u00f3 de la vida p\u00fablica. Ten\u00eda 53 a\u00f1os<\/b>, una salud fr\u00e1gil y una vida agitada, ator\u00admentada incluso, a sus espaldas. Hab\u00eda nacido en Bonn en 1770, cuando la ciudad formaba parte del arzobispado de Colonia y del Sacro Imperio Romano Germ\u00e1nico. Su infancia, coinciden los historiadores, fue dif\u00edcil. El grado de infelicidad var\u00eda en funci\u00f3n de los autores, pero es indiscutible que aquellos a\u00f1os estuvieron marcados por un padre m\u00fasico, mediocre y alcoh\u00f3\u00adlico,<b>\u00a0dispuesto a convertir a su hijo en un ni\u00f1o prodigio, como Mozart.<\/b><\/p>\n<p style=\"text-align:justify;\">La disciplina f\u00e9rrea del progenitor, sazo\u00adnada de golpes, no funcion\u00f3 en un princi\u00adpio: a diferencia de Mozart,\u00a0<b>Beethoven no destacar\u00eda como int\u00e9rprete hasta la ado\u00adlescencia<\/b>. Sin embargo, creci\u00f3 r\u00e1pido, porque la salud de su padre se deterior\u00f3 a causa de la bebida y perdi\u00f3 su trabajo en la orquesta de Bonn. A los diecisiete a\u00f1os,<b>\u00a0Ludwig era el cabeza de familia, y se hab\u00eda labrado una reputaci\u00f3n como virtuoso del piano<\/b>, incluso superior a la de Mozart, en el campo de la improvisaci\u00f3n.<\/p>\n","protected":false},"excerpt":{"rendered":"<p>Estrenada en 1824 y Patrimonio de la Humanidad desde 2001, la Novena representa el testamento de Beethoven. Su andadura, vinculada a grandes acontecimientos de los \u00faltimos siglos, refleja su importancia m\u00e1s all\u00e1 del plano musical. El 7 de mayo de 1824, Viena viv\u00eda con expectaci\u00f3n la que iba a ser la primera aparici\u00f3n p\u00fablica de&hellip;<\/p>\n","protected":false},"author":1,"featured_media":7383,"comment_status":"closed","ping_status":"open","sticky":false,"template":"","format":"standard","meta":{"_jetpack_memberships_contains_paid_content":false,"footnotes":"","jetpack_publicize_message":"","jetpack_publicize_feature_enabled":true,"jetpack_social_post_already_shared":false,"jetpack_social_options":{"image_generator_settings":{"template":"highway","default_image_id":0,"font":"","enabled":false},"version":2}},"categories":[13,14],"tags":[],"class_list":["post-7408","post","type-post","status-publish","format-standard","has-post-thumbnail","hentry","category-personas-interesantes","category-un-dia-como-hoy"],"yoast_head":"<!-- This site is optimized with the Yoast SEO plugin v26.3 - https:\/\/yoast.com\/wordpress\/plugins\/seo\/ -->\r\n<title>Un d\u00eda como hoy pero de 1824 se presentaba por primera vez, La &#039;&#039;Novena sinfon\u00eda&#039;&#039; de Beethoven. - Difusi\u00f3n Cultural<\/title>\r\n<meta name=\"robots\" content=\"index, follow, max-snippet:-1, max-image-preview:large, max-video-preview:-1\" \/>\r\n<link rel=\"canonical\" href=\"https:\/\/blogs.uninter.edu.mx\/difusioncultural\/?p=7408\" \/>\r\n<meta property=\"og:locale\" content=\"es_MX\" \/>\r\n<meta property=\"og:type\" content=\"article\" \/>\r\n<meta property=\"og:title\" content=\"Un d\u00eda como hoy pero de 1824 se presentaba por primera vez, La &#039;&#039;Novena sinfon\u00eda&#039;&#039; de Beethoven. - Difusi\u00f3n Cultural\" \/>\r\n<meta property=\"og:description\" content=\"Estrenada en 1824 y Patrimonio de la Humanidad desde 2001, la Novena representa el testamento de Beethoven. Su andadura, vinculada a grandes acontecimientos de los \u00faltimos siglos, refleja su importancia m\u00e1s all\u00e1 del plano musical. El 7 de mayo de 1824, Viena viv\u00eda con expectaci\u00f3n la que iba a ser la primera aparici\u00f3n p\u00fablica de&hellip;\" \/>\r\n<meta property=\"og:url\" content=\"https:\/\/blogs.uninter.edu.mx\/difusioncultural\/?p=7408\" \/>\r\n<meta property=\"og:site_name\" content=\"Difusi\u00f3n Cultural\" \/>\r\n<meta property=\"article:published_time\" content=\"2020-05-07T16:24:15+00:00\" \/>\r\n<meta property=\"og:image\" content=\"https:\/\/blogs.uninter.edu.mx\/difusioncultural\/wp-content\/uploads\/2020\/04\/beethoven.jpg\" \/>\r\n\t<meta property=\"og:image:width\" content=\"1200\" \/>\r\n\t<meta property=\"og:image:height\" content=\"1443\" \/>\r\n\t<meta property=\"og:image:type\" content=\"image\/jpeg\" \/>\r\n<meta name=\"author\" content=\"webmaster\" \/>\r\n<meta name=\"twitter:card\" content=\"summary_large_image\" \/>\r\n<meta name=\"twitter:label1\" content=\"Escrito por\" \/>\n\t<meta name=\"twitter:data1\" content=\"webmaster\" \/>\n\t<meta name=\"twitter:label2\" content=\"Tiempo de lectura\" \/>\n\t<meta name=\"twitter:data2\" content=\"3 minutos\" \/>\r\n<script type=\"application\/ld+json\" class=\"yoast-schema-graph\">{\"@context\":\"https:\/\/schema.org\",\"@graph\":[{\"@type\":\"Article\",\"@id\":\"https:\/\/blogs.uninter.edu.mx\/difusioncultural\/?p=7408#article\",\"isPartOf\":{\"@id\":\"https:\/\/blogs.uninter.edu.mx\/difusioncultural\/?p=7408\"},\"author\":{\"name\":\"webmaster\",\"@id\":\"https:\/\/blogs.uninter.edu.mx\/difusioncultural\/#\/schema\/person\/37a0926f4dd300a814993fd595abdc4a\"},\"headline\":\"Un d\u00eda como hoy pero de 1824 se presentaba por primera vez, La &#8221;Novena sinfon\u00eda&#8221; de Beethoven.\",\"datePublished\":\"2020-05-07T16:24:15+00:00\",\"mainEntityOfPage\":{\"@id\":\"https:\/\/blogs.uninter.edu.mx\/difusioncultural\/?p=7408\"},\"wordCount\":531,\"publisher\":{\"@id\":\"https:\/\/blogs.uninter.edu.mx\/difusioncultural\/#organization\"},\"image\":{\"@id\":\"https:\/\/blogs.uninter.edu.mx\/difusioncultural\/?p=7408#primaryimage\"},\"thumbnailUrl\":\"https:\/\/blogs.uninter.edu.mx\/difusioncultural\/wp-content\/uploads\/2020\/04\/beethoven.jpg\",\"articleSection\":[\"Personas interesantes\",\"un dia como hoy\"],\"inLanguage\":\"es\"},{\"@type\":\"WebPage\",\"@id\":\"https:\/\/blogs.uninter.edu.mx\/difusioncultural\/?p=7408\",\"url\":\"https:\/\/blogs.uninter.edu.mx\/difusioncultural\/?p=7408\",\"name\":\"Un d\u00eda como hoy pero de 1824 se presentaba por primera vez, La ''Novena sinfon\u00eda'' de Beethoven. - Difusi\u00f3n Cultural\",\"isPartOf\":{\"@id\":\"https:\/\/blogs.uninter.edu.mx\/difusioncultural\/#website\"},\"primaryImageOfPage\":{\"@id\":\"https:\/\/blogs.uninter.edu.mx\/difusioncultural\/?p=7408#primaryimage\"},\"image\":{\"@id\":\"https:\/\/blogs.uninter.edu.mx\/difusioncultural\/?p=7408#primaryimage\"},\"thumbnailUrl\":\"https:\/\/blogs.uninter.edu.mx\/difusioncultural\/wp-content\/uploads\/2020\/04\/beethoven.jpg\",\"datePublished\":\"2020-05-07T16:24:15+00:00\",\"breadcrumb\":{\"@id\":\"https:\/\/blogs.uninter.edu.mx\/difusioncultural\/?p=7408#breadcrumb\"},\"inLanguage\":\"es\",\"potentialAction\":[{\"@type\":\"ReadAction\",\"target\":[\"https:\/\/blogs.uninter.edu.mx\/difusioncultural\/?p=7408\"]}]},{\"@type\":\"ImageObject\",\"inLanguage\":\"es\",\"@id\":\"https:\/\/blogs.uninter.edu.mx\/difusioncultural\/?p=7408#primaryimage\",\"url\":\"https:\/\/blogs.uninter.edu.mx\/difusioncultural\/wp-content\/uploads\/2020\/04\/beethoven.jpg\",\"contentUrl\":\"https:\/\/blogs.uninter.edu.mx\/difusioncultural\/wp-content\/uploads\/2020\/04\/beethoven.jpg\",\"width\":1200,\"height\":1443},{\"@type\":\"BreadcrumbList\",\"@id\":\"https:\/\/blogs.uninter.edu.mx\/difusioncultural\/?p=7408#breadcrumb\",\"itemListElement\":[{\"@type\":\"ListItem\",\"position\":1,\"name\":\"Inicio\",\"item\":\"https:\/\/blogs.uninter.edu.mx\/difusioncultural\/\"},{\"@type\":\"ListItem\",\"position\":2,\"name\":\"Un d\u00eda como hoy pero de 1824 se presentaba por primera vez, La &#8221;Novena sinfon\u00eda&#8221; de Beethoven.\"}]},{\"@type\":\"WebSite\",\"@id\":\"https:\/\/blogs.uninter.edu.mx\/difusioncultural\/#website\",\"url\":\"https:\/\/blogs.uninter.edu.mx\/difusioncultural\/\",\"name\":\"Difusi\u00f3n Cultural\",\"description\":\"UNINTER\",\"publisher\":{\"@id\":\"https:\/\/blogs.uninter.edu.mx\/difusioncultural\/#organization\"},\"potentialAction\":[{\"@type\":\"SearchAction\",\"target\":{\"@type\":\"EntryPoint\",\"urlTemplate\":\"https:\/\/blogs.uninter.edu.mx\/difusioncultural\/?s={search_term_string}\"},\"query-input\":{\"@type\":\"PropertyValueSpecification\",\"valueRequired\":true,\"valueName\":\"search_term_string\"}}],\"inLanguage\":\"es\"},{\"@type\":\"Organization\",\"@id\":\"https:\/\/blogs.uninter.edu.mx\/difusioncultural\/#organization\",\"name\":\"Difusi\u00f3n Cultural\",\"url\":\"https:\/\/blogs.uninter.edu.mx\/difusioncultural\/\",\"logo\":{\"@type\":\"ImageObject\",\"inLanguage\":\"es\",\"@id\":\"https:\/\/blogs.uninter.edu.mx\/difusioncultural\/#\/schema\/logo\/image\/\",\"url\":\"https:\/\/blogs.uninter.edu.mx\/difusioncultural\/wp-content\/uploads\/2022\/09\/uninter.jpg\",\"contentUrl\":\"https:\/\/blogs.uninter.edu.mx\/difusioncultural\/wp-content\/uploads\/2022\/09\/uninter.jpg\",\"width\":2048,\"height\":2048,\"caption\":\"Difusi\u00f3n Cultural\"},\"image\":{\"@id\":\"https:\/\/blogs.uninter.edu.mx\/difusioncultural\/#\/schema\/logo\/image\/\"}},{\"@type\":\"Person\",\"@id\":\"https:\/\/blogs.uninter.edu.mx\/difusioncultural\/#\/schema\/person\/37a0926f4dd300a814993fd595abdc4a\",\"name\":\"webmaster\",\"image\":{\"@type\":\"ImageObject\",\"inLanguage\":\"es\",\"@id\":\"https:\/\/blogs.uninter.edu.mx\/difusioncultural\/#\/schema\/person\/image\/\",\"url\":\"https:\/\/secure.gravatar.com\/avatar\/a59c276b01147463ef3aab4118e3137ebc5e1ad6700deb39ccdf8b89e517f7dc?s=96&d=mm&r=g\",\"contentUrl\":\"https:\/\/secure.gravatar.com\/avatar\/a59c276b01147463ef3aab4118e3137ebc5e1ad6700deb39ccdf8b89e517f7dc?s=96&d=mm&r=g\",\"caption\":\"webmaster\"},\"sameAs\":[\"https:\/\/blogs.uninter.edu.mx\/difusioncultural\"],\"url\":\"https:\/\/blogs.uninter.edu.mx\/difusioncultural\/?author=1\"}]}<\/script>\r\n<!-- \/ Yoast SEO plugin. -->","yoast_head_json":{"title":"Un d\u00eda como hoy pero de 1824 se presentaba por primera vez, La ''Novena sinfon\u00eda'' de Beethoven. - Difusi\u00f3n Cultural","robots":{"index":"index","follow":"follow","max-snippet":"max-snippet:-1","max-image-preview":"max-image-preview:large","max-video-preview":"max-video-preview:-1"},"canonical":"https:\/\/blogs.uninter.edu.mx\/difusioncultural\/?p=7408","og_locale":"es_MX","og_type":"article","og_title":"Un d\u00eda como hoy pero de 1824 se presentaba por primera vez, La ''Novena sinfon\u00eda'' de Beethoven. - Difusi\u00f3n Cultural","og_description":"Estrenada en 1824 y Patrimonio de la Humanidad desde 2001, la Novena representa el testamento de Beethoven. Su andadura, vinculada a grandes acontecimientos de los \u00faltimos siglos, refleja su importancia m\u00e1s all\u00e1 del plano musical. El 7 de mayo de 1824, Viena viv\u00eda con expectaci\u00f3n la que iba a ser la primera aparici\u00f3n p\u00fablica de&hellip;","og_url":"https:\/\/blogs.uninter.edu.mx\/difusioncultural\/?p=7408","og_site_name":"Difusi\u00f3n Cultural","article_published_time":"2020-05-07T16:24:15+00:00","og_image":[{"width":1200,"height":1443,"url":"https:\/\/blogs.uninter.edu.mx\/difusioncultural\/wp-content\/uploads\/2020\/04\/beethoven.jpg","type":"image\/jpeg"}],"author":"webmaster","twitter_card":"summary_large_image","twitter_misc":{"Escrito por":"webmaster","Tiempo de lectura":"3 minutos"},"schema":{"@context":"https:\/\/schema.org","@graph":[{"@type":"Article","@id":"https:\/\/blogs.uninter.edu.mx\/difusioncultural\/?p=7408#article","isPartOf":{"@id":"https:\/\/blogs.uninter.edu.mx\/difusioncultural\/?p=7408"},"author":{"name":"webmaster","@id":"https:\/\/blogs.uninter.edu.mx\/difusioncultural\/#\/schema\/person\/37a0926f4dd300a814993fd595abdc4a"},"headline":"Un d\u00eda como hoy pero de 1824 se presentaba por primera vez, La &#8221;Novena sinfon\u00eda&#8221; de Beethoven.","datePublished":"2020-05-07T16:24:15+00:00","mainEntityOfPage":{"@id":"https:\/\/blogs.uninter.edu.mx\/difusioncultural\/?p=7408"},"wordCount":531,"publisher":{"@id":"https:\/\/blogs.uninter.edu.mx\/difusioncultural\/#organization"},"image":{"@id":"https:\/\/blogs.uninter.edu.mx\/difusioncultural\/?p=7408#primaryimage"},"thumbnailUrl":"https:\/\/blogs.uninter.edu.mx\/difusioncultural\/wp-content\/uploads\/2020\/04\/beethoven.jpg","articleSection":["Personas interesantes","un dia como hoy"],"inLanguage":"es"},{"@type":"WebPage","@id":"https:\/\/blogs.uninter.edu.mx\/difusioncultural\/?p=7408","url":"https:\/\/blogs.uninter.edu.mx\/difusioncultural\/?p=7408","name":"Un d\u00eda como hoy pero de 1824 se presentaba por primera vez, La ''Novena sinfon\u00eda'' de Beethoven. - Difusi\u00f3n Cultural","isPartOf":{"@id":"https:\/\/blogs.uninter.edu.mx\/difusioncultural\/#website"},"primaryImageOfPage":{"@id":"https:\/\/blogs.uninter.edu.mx\/difusioncultural\/?p=7408#primaryimage"},"image":{"@id":"https:\/\/blogs.uninter.edu.mx\/difusioncultural\/?p=7408#primaryimage"},"thumbnailUrl":"https:\/\/blogs.uninter.edu.mx\/difusioncultural\/wp-content\/uploads\/2020\/04\/beethoven.jpg","datePublished":"2020-05-07T16:24:15+00:00","breadcrumb":{"@id":"https:\/\/blogs.uninter.edu.mx\/difusioncultural\/?p=7408#breadcrumb"},"inLanguage":"es","potentialAction":[{"@type":"ReadAction","target":["https:\/\/blogs.uninter.edu.mx\/difusioncultural\/?p=7408"]}]},{"@type":"ImageObject","inLanguage":"es","@id":"https:\/\/blogs.uninter.edu.mx\/difusioncultural\/?p=7408#primaryimage","url":"https:\/\/blogs.uninter.edu.mx\/difusioncultural\/wp-content\/uploads\/2020\/04\/beethoven.jpg","contentUrl":"https:\/\/blogs.uninter.edu.mx\/difusioncultural\/wp-content\/uploads\/2020\/04\/beethoven.jpg","width":1200,"height":1443},{"@type":"BreadcrumbList","@id":"https:\/\/blogs.uninter.edu.mx\/difusioncultural\/?p=7408#breadcrumb","itemListElement":[{"@type":"ListItem","position":1,"name":"Inicio","item":"https:\/\/blogs.uninter.edu.mx\/difusioncultural\/"},{"@type":"ListItem","position":2,"name":"Un d\u00eda como hoy pero de 1824 se presentaba por primera vez, La &#8221;Novena sinfon\u00eda&#8221; de Beethoven."}]},{"@type":"WebSite","@id":"https:\/\/blogs.uninter.edu.mx\/difusioncultural\/#website","url":"https:\/\/blogs.uninter.edu.mx\/difusioncultural\/","name":"Difusi\u00f3n Cultural","description":"UNINTER","publisher":{"@id":"https:\/\/blogs.uninter.edu.mx\/difusioncultural\/#organization"},"potentialAction":[{"@type":"SearchAction","target":{"@type":"EntryPoint","urlTemplate":"https:\/\/blogs.uninter.edu.mx\/difusioncultural\/?s={search_term_string}"},"query-input":{"@type":"PropertyValueSpecification","valueRequired":true,"valueName":"search_term_string"}}],"inLanguage":"es"},{"@type":"Organization","@id":"https:\/\/blogs.uninter.edu.mx\/difusioncultural\/#organization","name":"Difusi\u00f3n Cultural","url":"https:\/\/blogs.uninter.edu.mx\/difusioncultural\/","logo":{"@type":"ImageObject","inLanguage":"es","@id":"https:\/\/blogs.uninter.edu.mx\/difusioncultural\/#\/schema\/logo\/image\/","url":"https:\/\/blogs.uninter.edu.mx\/difusioncultural\/wp-content\/uploads\/2022\/09\/uninter.jpg","contentUrl":"https:\/\/blogs.uninter.edu.mx\/difusioncultural\/wp-content\/uploads\/2022\/09\/uninter.jpg","width":2048,"height":2048,"caption":"Difusi\u00f3n Cultural"},"image":{"@id":"https:\/\/blogs.uninter.edu.mx\/difusioncultural\/#\/schema\/logo\/image\/"}},{"@type":"Person","@id":"https:\/\/blogs.uninter.edu.mx\/difusioncultural\/#\/schema\/person\/37a0926f4dd300a814993fd595abdc4a","name":"webmaster","image":{"@type":"ImageObject","inLanguage":"es","@id":"https:\/\/blogs.uninter.edu.mx\/difusioncultural\/#\/schema\/person\/image\/","url":"https:\/\/secure.gravatar.com\/avatar\/a59c276b01147463ef3aab4118e3137ebc5e1ad6700deb39ccdf8b89e517f7dc?s=96&d=mm&r=g","contentUrl":"https:\/\/secure.gravatar.com\/avatar\/a59c276b01147463ef3aab4118e3137ebc5e1ad6700deb39ccdf8b89e517f7dc?s=96&d=mm&r=g","caption":"webmaster"},"sameAs":["https:\/\/blogs.uninter.edu.mx\/difusioncultural"],"url":"https:\/\/blogs.uninter.edu.mx\/difusioncultural\/?author=1"}]}},"jetpack_publicize_connections":[],"jetpack_featured_media_url":"https:\/\/blogs.uninter.edu.mx\/difusioncultural\/wp-content\/uploads\/2020\/04\/beethoven.jpg","jetpack_sharing_enabled":true,"_links":{"self":[{"href":"https:\/\/blogs.uninter.edu.mx\/difusioncultural\/index.php?rest_route=\/wp\/v2\/posts\/7408","targetHints":{"allow":["GET"]}}],"collection":[{"href":"https:\/\/blogs.uninter.edu.mx\/difusioncultural\/index.php?rest_route=\/wp\/v2\/posts"}],"about":[{"href":"https:\/\/blogs.uninter.edu.mx\/difusioncultural\/index.php?rest_route=\/wp\/v2\/types\/post"}],"author":[{"embeddable":true,"href":"https:\/\/blogs.uninter.edu.mx\/difusioncultural\/index.php?rest_route=\/wp\/v2\/users\/1"}],"replies":[{"embeddable":true,"href":"https:\/\/blogs.uninter.edu.mx\/difusioncultural\/index.php?rest_route=%2Fwp%2Fv2%2Fcomments&post=7408"}],"version-history":[{"count":0,"href":"https:\/\/blogs.uninter.edu.mx\/difusioncultural\/index.php?rest_route=\/wp\/v2\/posts\/7408\/revisions"}],"wp:featuredmedia":[{"embeddable":true,"href":"https:\/\/blogs.uninter.edu.mx\/difusioncultural\/index.php?rest_route=\/wp\/v2\/media\/7383"}],"wp:attachment":[{"href":"https:\/\/blogs.uninter.edu.mx\/difusioncultural\/index.php?rest_route=%2Fwp%2Fv2%2Fmedia&parent=7408"}],"wp:term":[{"taxonomy":"category","embeddable":true,"href":"https:\/\/blogs.uninter.edu.mx\/difusioncultural\/index.php?rest_route=%2Fwp%2Fv2%2Fcategories&post=7408"},{"taxonomy":"post_tag","embeddable":true,"href":"https:\/\/blogs.uninter.edu.mx\/difusioncultural\/index.php?rest_route=%2Fwp%2Fv2%2Ftags&post=7408"}],"curies":[{"name":"wp","href":"https:\/\/api.w.org\/{rel}","templated":true}]}}