{"id":7429,"date":"2020-05-13T16:01:43","date_gmt":"2020-05-13T21:01:43","guid":{"rendered":"https:\/\/difusionculturaluninter.wordpress.com\/?p=7429"},"modified":"2020-05-13T16:01:43","modified_gmt":"2020-05-13T21:01:43","slug":"un-dia-como-hoy-pero-del-ano-1948-nacio-pepe-cibrian-actor-director-teatral-y-dramaturgo-argentino","status":"publish","type":"post","link":"https:\/\/blogs.uninter.edu.mx\/difusioncultural\/?p=7429","title":{"rendered":"Un d\u00eda como hoy pero del a\u00f1o 1948 naci\u00f3 Pepe Cibri\u00e1n, actor, director teatral y dramaturgo argentino."},"content":{"rendered":"<p style=\"text-align:justify;\"><img decoding=\"async\" src=\"https:\/\/www.diariodecultura.com.ar\/wp-content\/uploads\/2019\/03\/Pepe-Cibrian.jpg\" alt=\"El Cultural San Mart\u00edn presenta \u201cLa dama de las rosas\u201d, un nuevo ...\" \/><\/p>\n<p style=\"text-align:justify;\"><b>Jos\u00e9 Rafael Cibri\u00e1n<\/b>, conocido como\u00a0<b>Pepe Cibri\u00e1n Campoy<\/b>, es un\u00a0director teatral,\u00a0autor,\u00a0dramaturgo\u00a0y\u00a0actor\u00a0argentino, aunque nacido en\u00a0La Habana,\u00a0Cuba durante una gira de sus padres. Se lo considera uno de los mayores creadores y el m\u00e1s importante representante del teatro musical argentino. En los a\u00f1os setenta empez\u00f3 a trabajar como autor y director (en algunas ocasiones tambi\u00e9n como int\u00e9rprete) de sus obras. Su primera obra fue\u00a0<i>\u00a1\u00a1Mundo pobre, querido!!<\/i>\u00a0(1970), que fue estrenada en el Teatro La Oda, en\u00a0Mar del Plata.<\/p>\n<p style=\"text-align:justify;\">En 1978 estren\u00f3 en el teatro Embassy una de sus obras m\u00e1s conocidas y exitosas,\u00a0<i>Aqu\u00ed no podemos hacerlo<\/i>, con m\u00fasica de\u00a0Luis Mar\u00eda Serra, que se reestrenar\u00eda en 1988 en el\u00a0Teatro Presidente Alvear, en 1994 en el\u00a0Teatro Nacional Cervantes, en 2002 en el Teatro Santa Mar\u00eda y en 2016 en el Teatro El Cubo, esta \u00faltima vez dirigida por Nicol\u00e1s P\u00e9rez Costa. En 1989 recibi\u00f3 por segunda vez el premio de la Sociedad General de Autores de la Argentina (Argentores) uno de los mayores reconocimientos; por su obra\u00a0<i>Invasiones inglesas<\/i>\u00a0estrenada en el\u00a0Teatro General San Mart\u00edn, como mejor autor de musicales.<\/p>\n<p style=\"text-align:justify;\">En 1983 comienza su asociaci\u00f3n art\u00edstica con\u00a0Mart\u00edn Bianchedi\u00a0y\u00a0\u00c1ngel Mahler, con el musical\u00a0<i>Cal\u00edgula<\/i>. A partir de all\u00ed estrenar\u00edan juntos los musicales\u00a0<i>George Sand<\/i>\u00a0(1984),\u00a0<i>M\u00e1gico burdel<\/i>\u00a0(1985),\u00a0<i>Los Borgia<\/i>\u00a0(1986),\u00a0<i>Divas<\/i>\u00a0(1987),\u00a0<i>Y al final&#8230; otra vez<\/i>\u00a0(1989),\u00a0<i>Cleopatra<\/i>\u00a0(1990) y\u00a0<i>Los de la legua<\/i>\u00a0(1990).<\/p>\n<p style=\"text-align:justify;\">Junto a Mahler estrena su mayor \u00e9xito en 1991,\u00a0<i>Dr\u00e1cula, el musical<\/i>, el cual les valdr\u00eda varios premios a ambos (ACE, Estrella de mar, Prensario, Hugo, etc.) y que ser\u00eda visto por m\u00e1s de medio mill\u00f3n de personas tanto en el pa\u00eds como en\u00a0Brasil,\u00a0Chile\u00a0y\u00a0Espa\u00f1a. Luego estren\u00f3 con Mahler otros t\u00edtulos como\u00a0<i>El Jorobado de Par\u00eds<\/i>\u00a0(1993),\u00a0<i>David, el rey<\/i>\u00a0(1998),\u00a0<i>Las Mil y Una Noches<\/i>\u00a0(2001),\u00a0<i>El fantasma de Canterville<\/i>\u00a0(2003),\u00a0<i>La importancia de llamarse Wilde<\/i>\u00a0(2004),\u00a0<i>Dorian Gray, el retrato<\/i>\u00a0(2005),\u00a0<i>Otelo<\/i>\u00a0(2009),\u00a0<i>Excalibur, una leyenda musical<\/i>\u00a0(2012), o\u00a0<i>Mireya, un musical de tango<\/i>\u00a0(2014), entre muchos otros. Su asociaci\u00f3n con dicho compositor se disolvi\u00f3 en 2016, tras 33 a\u00f1os de colaboraci\u00f3n, y empez\u00f3 a colaborar con j\u00f3venes compositores c\u00f3mo\u00a0Santiago Rosso\u00a0y\u00a0Pablo Flores Torres.<\/p>\n<p style=\"text-align:justify;\">Como actor se destac\u00f3 protagonizando varios de sus musicales, tales como\u00a0<i>Universexus<\/i>\u00a0(1971),\u00a0<i>A la capital<\/i>\u00a0(1980),\u00a0<i>M\u00e1gico Burdel<\/i>\u00a0(1985),\u00a0<i>Los Borgia<\/i>\u00a0(1986),\u00a0<i>Y al final&#8230; otra vez<\/i>\u00a0(1989),\u00a0<i>Cleopatra<\/i>\u00a0(1990),\u00a0<i>La importancia de llamarse Wilde<\/i>\u00a0(2004),\u00a0<i>El fantasma de Canterville<\/i>\u00a0(2008),\u00a0<i>Lord<\/i>\u00a0(2017) o\u00a0<i>La dama de las rosas<\/i>\u00a0(2019), adem\u00e1s de su drama unipersonal\u00a0<i>Marica<\/i>\u00a0(2012), su comedia\u00a0<i>Por el nombre del padre<\/i>\u00a0(2020) y versiones locales de los musicales\u00a0<i>Priscilla, la reina del desierto<\/i>\u00a0(2014) y\u00a0<i>El hombre de La Mancha<\/i>\u00a0(2015), este \u00faltimo en una puesta en escena que adem\u00e1s adapt\u00f3 y dirigi\u00f3. En cine, su primer protag\u00f3nico fue en la pel\u00edcula\u00a0<i>El espejo de los otros<\/i>\u00a0(2015), del director\u00a0Marcos Carnevale.<\/p>\n","protected":false},"excerpt":{"rendered":"<p>Jos\u00e9 Rafael Cibri\u00e1n, conocido como\u00a0Pepe Cibri\u00e1n Campoy, es un\u00a0director teatral,\u00a0autor,\u00a0dramaturgo\u00a0y\u00a0actor\u00a0argentino, aunque nacido en\u00a0La Habana,\u00a0Cuba durante una gira de sus padres. Se lo considera uno de los mayores creadores y el m\u00e1s importante representante del teatro musical argentino. En los a\u00f1os setenta empez\u00f3 a trabajar como autor y director (en algunas ocasiones tambi\u00e9n como int\u00e9rprete) de&hellip;<\/p>\n","protected":false},"author":1,"featured_media":7435,"comment_status":"closed","ping_status":"open","sticky":false,"template":"","format":"standard","meta":{"_jetpack_memberships_contains_paid_content":false,"footnotes":"","jetpack_publicize_message":"","jetpack_publicize_feature_enabled":true,"jetpack_social_post_already_shared":false,"jetpack_social_options":{"image_generator_settings":{"template":"highway","default_image_id":0,"font":"","enabled":false},"version":2}},"categories":[13,14],"tags":[],"class_list":["post-7429","post","type-post","status-publish","format-standard","has-post-thumbnail","hentry","category-personas-interesantes","category-un-dia-como-hoy"],"yoast_head":"<!-- This site is optimized with the Yoast SEO plugin v26.3 - https:\/\/yoast.com\/wordpress\/plugins\/seo\/ -->\r\n<title>Un d\u00eda como hoy pero del a\u00f1o 1948 naci\u00f3 Pepe Cibri\u00e1n, actor, director teatral y dramaturgo argentino. - Difusi\u00f3n Cultural<\/title>\r\n<meta name=\"robots\" content=\"index, follow, max-snippet:-1, max-image-preview:large, max-video-preview:-1\" \/>\r\n<link rel=\"canonical\" href=\"https:\/\/blogs.uninter.edu.mx\/difusioncultural\/?p=7429\" \/>\r\n<meta property=\"og:locale\" content=\"es_MX\" \/>\r\n<meta property=\"og:type\" content=\"article\" \/>\r\n<meta property=\"og:title\" content=\"Un d\u00eda como hoy pero del a\u00f1o 1948 naci\u00f3 Pepe Cibri\u00e1n, actor, director teatral y dramaturgo argentino. - Difusi\u00f3n Cultural\" \/>\r\n<meta property=\"og:description\" content=\"Jos\u00e9 Rafael Cibri\u00e1n, conocido como\u00a0Pepe Cibri\u00e1n Campoy, es un\u00a0director teatral,\u00a0autor,\u00a0dramaturgo\u00a0y\u00a0actor\u00a0argentino, aunque nacido en\u00a0La Habana,\u00a0Cuba durante una gira de sus padres. Se lo considera uno de los mayores creadores y el m\u00e1s importante representante del teatro musical argentino. En los a\u00f1os setenta empez\u00f3 a trabajar como autor y director (en algunas ocasiones tambi\u00e9n como int\u00e9rprete) de&hellip;\" \/>\r\n<meta property=\"og:url\" content=\"https:\/\/blogs.uninter.edu.mx\/difusioncultural\/?p=7429\" \/>\r\n<meta property=\"og:site_name\" content=\"Difusi\u00f3n Cultural\" \/>\r\n<meta property=\"article:published_time\" content=\"2020-05-13T21:01:43+00:00\" \/>\r\n<meta property=\"og:image\" content=\"https:\/\/blogs.uninter.edu.mx\/difusioncultural\/wp-content\/uploads\/2020\/05\/pepe-cibrian.jpg\" \/>\r\n\t<meta property=\"og:image:width\" content=\"1140\" \/>\r\n\t<meta property=\"og:image:height\" content=\"641\" \/>\r\n\t<meta property=\"og:image:type\" content=\"image\/jpeg\" \/>\r\n<meta name=\"author\" content=\"webmaster\" \/>\r\n<meta name=\"twitter:card\" content=\"summary_large_image\" \/>\r\n<meta name=\"twitter:label1\" content=\"Escrito por\" \/>\n\t<meta name=\"twitter:data1\" content=\"webmaster\" \/>\n\t<meta name=\"twitter:label2\" content=\"Tiempo de lectura\" \/>\n\t<meta name=\"twitter:data2\" content=\"2 minutos\" \/>\r\n<script type=\"application\/ld+json\" class=\"yoast-schema-graph\">{\"@context\":\"https:\/\/schema.org\",\"@graph\":[{\"@type\":\"Article\",\"@id\":\"https:\/\/blogs.uninter.edu.mx\/difusioncultural\/?p=7429#article\",\"isPartOf\":{\"@id\":\"https:\/\/blogs.uninter.edu.mx\/difusioncultural\/?p=7429\"},\"author\":{\"name\":\"webmaster\",\"@id\":\"https:\/\/blogs.uninter.edu.mx\/difusioncultural\/#\/schema\/person\/37a0926f4dd300a814993fd595abdc4a\"},\"headline\":\"Un d\u00eda como hoy pero del a\u00f1o 1948 naci\u00f3 Pepe Cibri\u00e1n, actor, director teatral y dramaturgo argentino.\",\"datePublished\":\"2020-05-13T21:01:43+00:00\",\"mainEntityOfPage\":{\"@id\":\"https:\/\/blogs.uninter.edu.mx\/difusioncultural\/?p=7429\"},\"wordCount\":503,\"publisher\":{\"@id\":\"https:\/\/blogs.uninter.edu.mx\/difusioncultural\/#organization\"},\"image\":{\"@id\":\"https:\/\/blogs.uninter.edu.mx\/difusioncultural\/?p=7429#primaryimage\"},\"thumbnailUrl\":\"https:\/\/blogs.uninter.edu.mx\/difusioncultural\/wp-content\/uploads\/2020\/05\/pepe-cibrian.jpg\",\"articleSection\":[\"Personas interesantes\",\"un dia como hoy\"],\"inLanguage\":\"es\"},{\"@type\":\"WebPage\",\"@id\":\"https:\/\/blogs.uninter.edu.mx\/difusioncultural\/?p=7429\",\"url\":\"https:\/\/blogs.uninter.edu.mx\/difusioncultural\/?p=7429\",\"name\":\"Un d\u00eda como hoy pero del a\u00f1o 1948 naci\u00f3 Pepe Cibri\u00e1n, actor, director teatral y dramaturgo argentino. - Difusi\u00f3n Cultural\",\"isPartOf\":{\"@id\":\"https:\/\/blogs.uninter.edu.mx\/difusioncultural\/#website\"},\"primaryImageOfPage\":{\"@id\":\"https:\/\/blogs.uninter.edu.mx\/difusioncultural\/?p=7429#primaryimage\"},\"image\":{\"@id\":\"https:\/\/blogs.uninter.edu.mx\/difusioncultural\/?p=7429#primaryimage\"},\"thumbnailUrl\":\"https:\/\/blogs.uninter.edu.mx\/difusioncultural\/wp-content\/uploads\/2020\/05\/pepe-cibrian.jpg\",\"datePublished\":\"2020-05-13T21:01:43+00:00\",\"breadcrumb\":{\"@id\":\"https:\/\/blogs.uninter.edu.mx\/difusioncultural\/?p=7429#breadcrumb\"},\"inLanguage\":\"es\",\"potentialAction\":[{\"@type\":\"ReadAction\",\"target\":[\"https:\/\/blogs.uninter.edu.mx\/difusioncultural\/?p=7429\"]}]},{\"@type\":\"ImageObject\",\"inLanguage\":\"es\",\"@id\":\"https:\/\/blogs.uninter.edu.mx\/difusioncultural\/?p=7429#primaryimage\",\"url\":\"https:\/\/blogs.uninter.edu.mx\/difusioncultural\/wp-content\/uploads\/2020\/05\/pepe-cibrian.jpg\",\"contentUrl\":\"https:\/\/blogs.uninter.edu.mx\/difusioncultural\/wp-content\/uploads\/2020\/05\/pepe-cibrian.jpg\",\"width\":1140,\"height\":641},{\"@type\":\"BreadcrumbList\",\"@id\":\"https:\/\/blogs.uninter.edu.mx\/difusioncultural\/?p=7429#breadcrumb\",\"itemListElement\":[{\"@type\":\"ListItem\",\"position\":1,\"name\":\"Inicio\",\"item\":\"https:\/\/blogs.uninter.edu.mx\/difusioncultural\/\"},{\"@type\":\"ListItem\",\"position\":2,\"name\":\"Un d\u00eda como hoy pero del a\u00f1o 1948 naci\u00f3 Pepe Cibri\u00e1n, actor, director teatral y dramaturgo argentino.\"}]},{\"@type\":\"WebSite\",\"@id\":\"https:\/\/blogs.uninter.edu.mx\/difusioncultural\/#website\",\"url\":\"https:\/\/blogs.uninter.edu.mx\/difusioncultural\/\",\"name\":\"Difusi\u00f3n Cultural\",\"description\":\"UNINTER\",\"publisher\":{\"@id\":\"https:\/\/blogs.uninter.edu.mx\/difusioncultural\/#organization\"},\"potentialAction\":[{\"@type\":\"SearchAction\",\"target\":{\"@type\":\"EntryPoint\",\"urlTemplate\":\"https:\/\/blogs.uninter.edu.mx\/difusioncultural\/?s={search_term_string}\"},\"query-input\":{\"@type\":\"PropertyValueSpecification\",\"valueRequired\":true,\"valueName\":\"search_term_string\"}}],\"inLanguage\":\"es\"},{\"@type\":\"Organization\",\"@id\":\"https:\/\/blogs.uninter.edu.mx\/difusioncultural\/#organization\",\"name\":\"Difusi\u00f3n Cultural\",\"url\":\"https:\/\/blogs.uninter.edu.mx\/difusioncultural\/\",\"logo\":{\"@type\":\"ImageObject\",\"inLanguage\":\"es\",\"@id\":\"https:\/\/blogs.uninter.edu.mx\/difusioncultural\/#\/schema\/logo\/image\/\",\"url\":\"https:\/\/blogs.uninter.edu.mx\/difusioncultural\/wp-content\/uploads\/2022\/09\/uninter.jpg\",\"contentUrl\":\"https:\/\/blogs.uninter.edu.mx\/difusioncultural\/wp-content\/uploads\/2022\/09\/uninter.jpg\",\"width\":2048,\"height\":2048,\"caption\":\"Difusi\u00f3n Cultural\"},\"image\":{\"@id\":\"https:\/\/blogs.uninter.edu.mx\/difusioncultural\/#\/schema\/logo\/image\/\"}},{\"@type\":\"Person\",\"@id\":\"https:\/\/blogs.uninter.edu.mx\/difusioncultural\/#\/schema\/person\/37a0926f4dd300a814993fd595abdc4a\",\"name\":\"webmaster\",\"image\":{\"@type\":\"ImageObject\",\"inLanguage\":\"es\",\"@id\":\"https:\/\/blogs.uninter.edu.mx\/difusioncultural\/#\/schema\/person\/image\/\",\"url\":\"https:\/\/secure.gravatar.com\/avatar\/a59c276b01147463ef3aab4118e3137ebc5e1ad6700deb39ccdf8b89e517f7dc?s=96&d=mm&r=g\",\"contentUrl\":\"https:\/\/secure.gravatar.com\/avatar\/a59c276b01147463ef3aab4118e3137ebc5e1ad6700deb39ccdf8b89e517f7dc?s=96&d=mm&r=g\",\"caption\":\"webmaster\"},\"sameAs\":[\"https:\/\/blogs.uninter.edu.mx\/difusioncultural\"],\"url\":\"https:\/\/blogs.uninter.edu.mx\/difusioncultural\/?author=1\"}]}<\/script>\r\n<!-- \/ Yoast SEO plugin. -->","yoast_head_json":{"title":"Un d\u00eda como hoy pero del a\u00f1o 1948 naci\u00f3 Pepe Cibri\u00e1n, actor, director teatral y dramaturgo argentino. - Difusi\u00f3n Cultural","robots":{"index":"index","follow":"follow","max-snippet":"max-snippet:-1","max-image-preview":"max-image-preview:large","max-video-preview":"max-video-preview:-1"},"canonical":"https:\/\/blogs.uninter.edu.mx\/difusioncultural\/?p=7429","og_locale":"es_MX","og_type":"article","og_title":"Un d\u00eda como hoy pero del a\u00f1o 1948 naci\u00f3 Pepe Cibri\u00e1n, actor, director teatral y dramaturgo argentino. - Difusi\u00f3n Cultural","og_description":"Jos\u00e9 Rafael Cibri\u00e1n, conocido como\u00a0Pepe Cibri\u00e1n Campoy, es un\u00a0director teatral,\u00a0autor,\u00a0dramaturgo\u00a0y\u00a0actor\u00a0argentino, aunque nacido en\u00a0La Habana,\u00a0Cuba durante una gira de sus padres. Se lo considera uno de los mayores creadores y el m\u00e1s importante representante del teatro musical argentino. En los a\u00f1os setenta empez\u00f3 a trabajar como autor y director (en algunas ocasiones tambi\u00e9n como int\u00e9rprete) de&hellip;","og_url":"https:\/\/blogs.uninter.edu.mx\/difusioncultural\/?p=7429","og_site_name":"Difusi\u00f3n Cultural","article_published_time":"2020-05-13T21:01:43+00:00","og_image":[{"width":1140,"height":641,"url":"https:\/\/blogs.uninter.edu.mx\/difusioncultural\/wp-content\/uploads\/2020\/05\/pepe-cibrian.jpg","type":"image\/jpeg"}],"author":"webmaster","twitter_card":"summary_large_image","twitter_misc":{"Escrito por":"webmaster","Tiempo de lectura":"2 minutos"},"schema":{"@context":"https:\/\/schema.org","@graph":[{"@type":"Article","@id":"https:\/\/blogs.uninter.edu.mx\/difusioncultural\/?p=7429#article","isPartOf":{"@id":"https:\/\/blogs.uninter.edu.mx\/difusioncultural\/?p=7429"},"author":{"name":"webmaster","@id":"https:\/\/blogs.uninter.edu.mx\/difusioncultural\/#\/schema\/person\/37a0926f4dd300a814993fd595abdc4a"},"headline":"Un d\u00eda como hoy pero del a\u00f1o 1948 naci\u00f3 Pepe Cibri\u00e1n, actor, director teatral y dramaturgo argentino.","datePublished":"2020-05-13T21:01:43+00:00","mainEntityOfPage":{"@id":"https:\/\/blogs.uninter.edu.mx\/difusioncultural\/?p=7429"},"wordCount":503,"publisher":{"@id":"https:\/\/blogs.uninter.edu.mx\/difusioncultural\/#organization"},"image":{"@id":"https:\/\/blogs.uninter.edu.mx\/difusioncultural\/?p=7429#primaryimage"},"thumbnailUrl":"https:\/\/blogs.uninter.edu.mx\/difusioncultural\/wp-content\/uploads\/2020\/05\/pepe-cibrian.jpg","articleSection":["Personas interesantes","un dia como hoy"],"inLanguage":"es"},{"@type":"WebPage","@id":"https:\/\/blogs.uninter.edu.mx\/difusioncultural\/?p=7429","url":"https:\/\/blogs.uninter.edu.mx\/difusioncultural\/?p=7429","name":"Un d\u00eda como hoy pero del a\u00f1o 1948 naci\u00f3 Pepe Cibri\u00e1n, actor, director teatral y dramaturgo argentino. - Difusi\u00f3n Cultural","isPartOf":{"@id":"https:\/\/blogs.uninter.edu.mx\/difusioncultural\/#website"},"primaryImageOfPage":{"@id":"https:\/\/blogs.uninter.edu.mx\/difusioncultural\/?p=7429#primaryimage"},"image":{"@id":"https:\/\/blogs.uninter.edu.mx\/difusioncultural\/?p=7429#primaryimage"},"thumbnailUrl":"https:\/\/blogs.uninter.edu.mx\/difusioncultural\/wp-content\/uploads\/2020\/05\/pepe-cibrian.jpg","datePublished":"2020-05-13T21:01:43+00:00","breadcrumb":{"@id":"https:\/\/blogs.uninter.edu.mx\/difusioncultural\/?p=7429#breadcrumb"},"inLanguage":"es","potentialAction":[{"@type":"ReadAction","target":["https:\/\/blogs.uninter.edu.mx\/difusioncultural\/?p=7429"]}]},{"@type":"ImageObject","inLanguage":"es","@id":"https:\/\/blogs.uninter.edu.mx\/difusioncultural\/?p=7429#primaryimage","url":"https:\/\/blogs.uninter.edu.mx\/difusioncultural\/wp-content\/uploads\/2020\/05\/pepe-cibrian.jpg","contentUrl":"https:\/\/blogs.uninter.edu.mx\/difusioncultural\/wp-content\/uploads\/2020\/05\/pepe-cibrian.jpg","width":1140,"height":641},{"@type":"BreadcrumbList","@id":"https:\/\/blogs.uninter.edu.mx\/difusioncultural\/?p=7429#breadcrumb","itemListElement":[{"@type":"ListItem","position":1,"name":"Inicio","item":"https:\/\/blogs.uninter.edu.mx\/difusioncultural\/"},{"@type":"ListItem","position":2,"name":"Un d\u00eda como hoy pero del a\u00f1o 1948 naci\u00f3 Pepe Cibri\u00e1n, actor, director teatral y dramaturgo argentino."}]},{"@type":"WebSite","@id":"https:\/\/blogs.uninter.edu.mx\/difusioncultural\/#website","url":"https:\/\/blogs.uninter.edu.mx\/difusioncultural\/","name":"Difusi\u00f3n Cultural","description":"UNINTER","publisher":{"@id":"https:\/\/blogs.uninter.edu.mx\/difusioncultural\/#organization"},"potentialAction":[{"@type":"SearchAction","target":{"@type":"EntryPoint","urlTemplate":"https:\/\/blogs.uninter.edu.mx\/difusioncultural\/?s={search_term_string}"},"query-input":{"@type":"PropertyValueSpecification","valueRequired":true,"valueName":"search_term_string"}}],"inLanguage":"es"},{"@type":"Organization","@id":"https:\/\/blogs.uninter.edu.mx\/difusioncultural\/#organization","name":"Difusi\u00f3n Cultural","url":"https:\/\/blogs.uninter.edu.mx\/difusioncultural\/","logo":{"@type":"ImageObject","inLanguage":"es","@id":"https:\/\/blogs.uninter.edu.mx\/difusioncultural\/#\/schema\/logo\/image\/","url":"https:\/\/blogs.uninter.edu.mx\/difusioncultural\/wp-content\/uploads\/2022\/09\/uninter.jpg","contentUrl":"https:\/\/blogs.uninter.edu.mx\/difusioncultural\/wp-content\/uploads\/2022\/09\/uninter.jpg","width":2048,"height":2048,"caption":"Difusi\u00f3n Cultural"},"image":{"@id":"https:\/\/blogs.uninter.edu.mx\/difusioncultural\/#\/schema\/logo\/image\/"}},{"@type":"Person","@id":"https:\/\/blogs.uninter.edu.mx\/difusioncultural\/#\/schema\/person\/37a0926f4dd300a814993fd595abdc4a","name":"webmaster","image":{"@type":"ImageObject","inLanguage":"es","@id":"https:\/\/blogs.uninter.edu.mx\/difusioncultural\/#\/schema\/person\/image\/","url":"https:\/\/secure.gravatar.com\/avatar\/a59c276b01147463ef3aab4118e3137ebc5e1ad6700deb39ccdf8b89e517f7dc?s=96&d=mm&r=g","contentUrl":"https:\/\/secure.gravatar.com\/avatar\/a59c276b01147463ef3aab4118e3137ebc5e1ad6700deb39ccdf8b89e517f7dc?s=96&d=mm&r=g","caption":"webmaster"},"sameAs":["https:\/\/blogs.uninter.edu.mx\/difusioncultural"],"url":"https:\/\/blogs.uninter.edu.mx\/difusioncultural\/?author=1"}]}},"jetpack_publicize_connections":[],"jetpack_featured_media_url":"https:\/\/blogs.uninter.edu.mx\/difusioncultural\/wp-content\/uploads\/2020\/05\/pepe-cibrian.jpg","jetpack_sharing_enabled":true,"_links":{"self":[{"href":"https:\/\/blogs.uninter.edu.mx\/difusioncultural\/index.php?rest_route=\/wp\/v2\/posts\/7429","targetHints":{"allow":["GET"]}}],"collection":[{"href":"https:\/\/blogs.uninter.edu.mx\/difusioncultural\/index.php?rest_route=\/wp\/v2\/posts"}],"about":[{"href":"https:\/\/blogs.uninter.edu.mx\/difusioncultural\/index.php?rest_route=\/wp\/v2\/types\/post"}],"author":[{"embeddable":true,"href":"https:\/\/blogs.uninter.edu.mx\/difusioncultural\/index.php?rest_route=\/wp\/v2\/users\/1"}],"replies":[{"embeddable":true,"href":"https:\/\/blogs.uninter.edu.mx\/difusioncultural\/index.php?rest_route=%2Fwp%2Fv2%2Fcomments&post=7429"}],"version-history":[{"count":0,"href":"https:\/\/blogs.uninter.edu.mx\/difusioncultural\/index.php?rest_route=\/wp\/v2\/posts\/7429\/revisions"}],"wp:featuredmedia":[{"embeddable":true,"href":"https:\/\/blogs.uninter.edu.mx\/difusioncultural\/index.php?rest_route=\/wp\/v2\/media\/7435"}],"wp:attachment":[{"href":"https:\/\/blogs.uninter.edu.mx\/difusioncultural\/index.php?rest_route=%2Fwp%2Fv2%2Fmedia&parent=7429"}],"wp:term":[{"taxonomy":"category","embeddable":true,"href":"https:\/\/blogs.uninter.edu.mx\/difusioncultural\/index.php?rest_route=%2Fwp%2Fv2%2Fcategories&post=7429"},{"taxonomy":"post_tag","embeddable":true,"href":"https:\/\/blogs.uninter.edu.mx\/difusioncultural\/index.php?rest_route=%2Fwp%2Fv2%2Ftags&post=7429"}],"curies":[{"name":"wp","href":"https:\/\/api.w.org\/{rel}","templated":true}]}}