{"id":7466,"date":"2020-06-05T11:40:46","date_gmt":"2020-06-05T16:40:46","guid":{"rendered":"https:\/\/difusionculturaluninter.wordpress.com\/2020\/06\/05\/teatro-al-vacio-con-habitat-y-la-danza-de-los-viejitos-espectaculos-online-para-todo-publico\/"},"modified":"2020-06-05T11:40:46","modified_gmt":"2020-06-05T16:40:46","slug":"teatro-al-vacio-con-habitat-y-la-danza-de-los-viejitos-espectaculos-online-para-todo-publico","status":"publish","type":"post","link":"https:\/\/blogs.uninter.edu.mx\/difusioncultural\/?p=7466","title":{"rendered":"Teatro al Vac\u00edo con \u2018Habitat\u2019 y la &#8216;Danza de los viejitos\u2019, espect\u00e1culos online para todo p\u00fablico"},"content":{"rendered":"\n<figure class=\"wp-block-image size-large\"><img fetchpriority=\"high\" decoding=\"async\" width=\"475\" height=\"559\" src=\"https:\/\/difusionculturaluninter.files.wordpress.com\/2020\/06\/img_5313.jpg?w=475\" alt=\"\" class=\"wp-image-7465\" \/><\/figure>\n\n\n\n<p>La compa\u00f1\u00eda Teatro al Vac\u00edo ha realizado un montaje que el p\u00fablico podr\u00e1 disfrutar este fin de semana en una funci\u00f3n especial para \u201cVivo el arte\u201d.<\/p>\n\n\n\n<p>Con la autor\u00eda, direcci\u00f3n e interpretaci\u00f3n de Jos\u00e9 Ag\u00fcero y Adri\u00e1n Hern\u00e1ndez, la Compa\u00f1\u00eda Teatro al Vac\u00edo (Argentina\u2013M\u00e9xico), ofrecer\u00e1 este s\u00e1bado 6 de junio, la presentaci\u00f3n de la acci\u00f3n esc\u00e9nica&nbsp;<em>H\u00e1bitat<\/em>, a trav\u00e9s de la iniciativa \u201cVivo el arte\u201d, programada a trav\u00e9s del portal del Teatro Polivalente del Centro de las Arte de San Luis Potos\u00ed, con la intenci\u00f3n de ofrecer al p\u00fablico la posibilidad de continuar disfrutando del arte esc\u00e9nico desde casa.<\/p>\n\n\n\n<p><strong>La&nbsp;<em>Danza de los Viejitos&nbsp;<\/em>online<\/strong><\/p>\n\n\n\n<p>Asimismo, este fin de semana el p\u00fablico tambi\u00e9n podr\u00e1 apreciar online la&nbsp;<em>Danza de los Viejitos<\/em>, adem\u00e1s de gozar de un recorrido virtual por el acervo del Museo Nacional de la M\u00e1scara. Esta danza es tradicional de la zona de P\u00e1tzcuaro, del pueblo de Jar\u00e1cuaro en el estado de Michoac\u00e1n, habitado por la comunidad pur\u00e9pecha tambi\u00e9n llamada tarasca; es adem\u00e1s, una de las danzas m\u00e1s emblem\u00e1ticas del repertorio de los grupos de danza folkl\u00f3rica y reconocida a nivel internacional.<\/p>\n\n\n\n<p>Para algunos investigadores e investigadoras, el origen de esta danza es prehisp\u00e1nico y est\u00e1 relacionada con rituales en honor a Tata Huriata o Dios Sol, mientras que otras personas la vinculan con las celebraciones navide\u00f1as para solicitar lluvia, buena cosecha o sanar enfermos.<\/p>\n\n\n\n<p>Para conocer de manera virtual una muestra de este tipo de m\u00e1scaras de la&nbsp;<em>Danza de los viejitos<\/em>, la Secretar\u00eda de Cultura de San Luis Potos\u00ed invita al p\u00fablico que as\u00ed lo desee a realizar un recorrido virtual, dando un s\u00f3lo clic en https:\/\/goo.gl\/maps\/MQcGmSgzUV9hCyC3A<\/p>\n\n\n\n<p>La programaci\u00f3n de las plataformas virtuales se encuentra disponible a trav\u00e9s de la p\u00e1gina web y redes sociales oficiales Teatro Polivalente y el Centro de las Artes de San Luis Potos\u00ed. <\/p>\n","protected":false},"excerpt":{"rendered":"<p>La compa\u00f1\u00eda Teatro al Vac\u00edo ha realizado un montaje que el p\u00fablico podr\u00e1 disfrutar este fin de semana en una funci\u00f3n especial para \u201cVivo el arte\u201d. Con la autor\u00eda, direcci\u00f3n e interpretaci\u00f3n de Jos\u00e9 Ag\u00fcero y Adri\u00e1n Hern\u00e1ndez, la Compa\u00f1\u00eda Teatro al Vac\u00edo (Argentina\u2013M\u00e9xico), ofrecer\u00e1 este s\u00e1bado 6 de junio, la presentaci\u00f3n de la acci\u00f3n&hellip;<\/p>\n","protected":false},"author":1,"featured_media":7465,"comment_status":"closed","ping_status":"open","sticky":false,"template":"","format":"standard","meta":{"_jetpack_memberships_contains_paid_content":false,"footnotes":"","jetpack_publicize_message":"","jetpack_publicize_feature_enabled":true,"jetpack_social_post_already_shared":false,"jetpack_social_options":{"image_generator_settings":{"template":"highway","default_image_id":0,"font":"","enabled":false},"version":2}},"categories":[8,12],"tags":[],"class_list":["post-7466","post","type-post","status-publish","format-standard","has-post-thumbnail","hentry","category-eventos","category-noticias"],"yoast_head":"<!-- This site is optimized with the Yoast SEO plugin v26.3 - https:\/\/yoast.com\/wordpress\/plugins\/seo\/ -->\r\n<title>Teatro al Vac\u00edo con \u2018Habitat\u2019 y la &#039;Danza de los viejitos\u2019, espect\u00e1culos online para todo p\u00fablico - Difusi\u00f3n Cultural<\/title>\r\n<meta name=\"robots\" content=\"index, follow, max-snippet:-1, max-image-preview:large, max-video-preview:-1\" \/>\r\n<link rel=\"canonical\" href=\"https:\/\/blogs.uninter.edu.mx\/difusioncultural\/?p=7466\" \/>\r\n<meta property=\"og:locale\" content=\"es_MX\" \/>\r\n<meta property=\"og:type\" content=\"article\" \/>\r\n<meta property=\"og:title\" content=\"Teatro al Vac\u00edo con \u2018Habitat\u2019 y la &#039;Danza de los viejitos\u2019, espect\u00e1culos online para todo p\u00fablico - Difusi\u00f3n Cultural\" \/>\r\n<meta property=\"og:description\" content=\"La compa\u00f1\u00eda Teatro al Vac\u00edo ha realizado un montaje que el p\u00fablico podr\u00e1 disfrutar este fin de semana en una funci\u00f3n especial para \u201cVivo el arte\u201d. Con la autor\u00eda, direcci\u00f3n e interpretaci\u00f3n de Jos\u00e9 Ag\u00fcero y Adri\u00e1n Hern\u00e1ndez, la Compa\u00f1\u00eda Teatro al Vac\u00edo (Argentina\u2013M\u00e9xico), ofrecer\u00e1 este s\u00e1bado 6 de junio, la presentaci\u00f3n de la acci\u00f3n&hellip;\" \/>\r\n<meta property=\"og:url\" content=\"https:\/\/blogs.uninter.edu.mx\/difusioncultural\/?p=7466\" \/>\r\n<meta property=\"og:site_name\" content=\"Difusi\u00f3n Cultural\" \/>\r\n<meta property=\"article:published_time\" content=\"2020-06-05T16:40:46+00:00\" \/>\r\n<meta property=\"og:image\" content=\"https:\/\/blogs.uninter.edu.mx\/difusioncultural\/wp-content\/uploads\/2020\/06\/img_5313.jpg\" \/>\r\n\t<meta property=\"og:image:width\" content=\"475\" \/>\r\n\t<meta property=\"og:image:height\" content=\"559\" \/>\r\n\t<meta property=\"og:image:type\" content=\"image\/jpeg\" \/>\r\n<meta name=\"author\" content=\"webmaster\" \/>\r\n<meta name=\"twitter:card\" content=\"summary_large_image\" \/>\r\n<meta name=\"twitter:label1\" content=\"Escrito por\" \/>\n\t<meta name=\"twitter:data1\" content=\"webmaster\" \/>\n\t<meta name=\"twitter:label2\" content=\"Tiempo de lectura\" \/>\n\t<meta name=\"twitter:data2\" content=\"2 minutos\" \/>\r\n<script type=\"application\/ld+json\" class=\"yoast-schema-graph\">{\"@context\":\"https:\/\/schema.org\",\"@graph\":[{\"@type\":\"Article\",\"@id\":\"https:\/\/blogs.uninter.edu.mx\/difusioncultural\/?p=7466#article\",\"isPartOf\":{\"@id\":\"https:\/\/blogs.uninter.edu.mx\/difusioncultural\/?p=7466\"},\"author\":{\"name\":\"webmaster\",\"@id\":\"https:\/\/blogs.uninter.edu.mx\/difusioncultural\/#\/schema\/person\/37a0926f4dd300a814993fd595abdc4a\"},\"headline\":\"Teatro al Vac\u00edo con \u2018Habitat\u2019 y la &#8216;Danza de los viejitos\u2019, espect\u00e1culos online para todo p\u00fablico\",\"datePublished\":\"2020-06-05T16:40:46+00:00\",\"mainEntityOfPage\":{\"@id\":\"https:\/\/blogs.uninter.edu.mx\/difusioncultural\/?p=7466\"},\"wordCount\":377,\"publisher\":{\"@id\":\"https:\/\/blogs.uninter.edu.mx\/difusioncultural\/#organization\"},\"image\":{\"@id\":\"https:\/\/blogs.uninter.edu.mx\/difusioncultural\/?p=7466#primaryimage\"},\"thumbnailUrl\":\"https:\/\/blogs.uninter.edu.mx\/difusioncultural\/wp-content\/uploads\/2020\/06\/img_5313.jpg\",\"articleSection\":[\"Eventos\",\"noticias\"],\"inLanguage\":\"es\"},{\"@type\":\"WebPage\",\"@id\":\"https:\/\/blogs.uninter.edu.mx\/difusioncultural\/?p=7466\",\"url\":\"https:\/\/blogs.uninter.edu.mx\/difusioncultural\/?p=7466\",\"name\":\"Teatro al Vac\u00edo con \u2018Habitat\u2019 y la 'Danza de los viejitos\u2019, espect\u00e1culos online para todo p\u00fablico - Difusi\u00f3n Cultural\",\"isPartOf\":{\"@id\":\"https:\/\/blogs.uninter.edu.mx\/difusioncultural\/#website\"},\"primaryImageOfPage\":{\"@id\":\"https:\/\/blogs.uninter.edu.mx\/difusioncultural\/?p=7466#primaryimage\"},\"image\":{\"@id\":\"https:\/\/blogs.uninter.edu.mx\/difusioncultural\/?p=7466#primaryimage\"},\"thumbnailUrl\":\"https:\/\/blogs.uninter.edu.mx\/difusioncultural\/wp-content\/uploads\/2020\/06\/img_5313.jpg\",\"datePublished\":\"2020-06-05T16:40:46+00:00\",\"breadcrumb\":{\"@id\":\"https:\/\/blogs.uninter.edu.mx\/difusioncultural\/?p=7466#breadcrumb\"},\"inLanguage\":\"es\",\"potentialAction\":[{\"@type\":\"ReadAction\",\"target\":[\"https:\/\/blogs.uninter.edu.mx\/difusioncultural\/?p=7466\"]}]},{\"@type\":\"ImageObject\",\"inLanguage\":\"es\",\"@id\":\"https:\/\/blogs.uninter.edu.mx\/difusioncultural\/?p=7466#primaryimage\",\"url\":\"https:\/\/blogs.uninter.edu.mx\/difusioncultural\/wp-content\/uploads\/2020\/06\/img_5313.jpg\",\"contentUrl\":\"https:\/\/blogs.uninter.edu.mx\/difusioncultural\/wp-content\/uploads\/2020\/06\/img_5313.jpg\",\"width\":475,\"height\":559},{\"@type\":\"BreadcrumbList\",\"@id\":\"https:\/\/blogs.uninter.edu.mx\/difusioncultural\/?p=7466#breadcrumb\",\"itemListElement\":[{\"@type\":\"ListItem\",\"position\":1,\"name\":\"Inicio\",\"item\":\"https:\/\/blogs.uninter.edu.mx\/difusioncultural\/\"},{\"@type\":\"ListItem\",\"position\":2,\"name\":\"Teatro al Vac\u00edo con \u2018Habitat\u2019 y la &#8216;Danza de los viejitos\u2019, espect\u00e1culos online para todo p\u00fablico\"}]},{\"@type\":\"WebSite\",\"@id\":\"https:\/\/blogs.uninter.edu.mx\/difusioncultural\/#website\",\"url\":\"https:\/\/blogs.uninter.edu.mx\/difusioncultural\/\",\"name\":\"Difusi\u00f3n Cultural\",\"description\":\"UNINTER\",\"publisher\":{\"@id\":\"https:\/\/blogs.uninter.edu.mx\/difusioncultural\/#organization\"},\"potentialAction\":[{\"@type\":\"SearchAction\",\"target\":{\"@type\":\"EntryPoint\",\"urlTemplate\":\"https:\/\/blogs.uninter.edu.mx\/difusioncultural\/?s={search_term_string}\"},\"query-input\":{\"@type\":\"PropertyValueSpecification\",\"valueRequired\":true,\"valueName\":\"search_term_string\"}}],\"inLanguage\":\"es\"},{\"@type\":\"Organization\",\"@id\":\"https:\/\/blogs.uninter.edu.mx\/difusioncultural\/#organization\",\"name\":\"Difusi\u00f3n Cultural\",\"url\":\"https:\/\/blogs.uninter.edu.mx\/difusioncultural\/\",\"logo\":{\"@type\":\"ImageObject\",\"inLanguage\":\"es\",\"@id\":\"https:\/\/blogs.uninter.edu.mx\/difusioncultural\/#\/schema\/logo\/image\/\",\"url\":\"https:\/\/blogs.uninter.edu.mx\/difusioncultural\/wp-content\/uploads\/2022\/09\/uninter.jpg\",\"contentUrl\":\"https:\/\/blogs.uninter.edu.mx\/difusioncultural\/wp-content\/uploads\/2022\/09\/uninter.jpg\",\"width\":2048,\"height\":2048,\"caption\":\"Difusi\u00f3n Cultural\"},\"image\":{\"@id\":\"https:\/\/blogs.uninter.edu.mx\/difusioncultural\/#\/schema\/logo\/image\/\"}},{\"@type\":\"Person\",\"@id\":\"https:\/\/blogs.uninter.edu.mx\/difusioncultural\/#\/schema\/person\/37a0926f4dd300a814993fd595abdc4a\",\"name\":\"webmaster\",\"image\":{\"@type\":\"ImageObject\",\"inLanguage\":\"es\",\"@id\":\"https:\/\/blogs.uninter.edu.mx\/difusioncultural\/#\/schema\/person\/image\/\",\"url\":\"https:\/\/secure.gravatar.com\/avatar\/a59c276b01147463ef3aab4118e3137ebc5e1ad6700deb39ccdf8b89e517f7dc?s=96&d=mm&r=g\",\"contentUrl\":\"https:\/\/secure.gravatar.com\/avatar\/a59c276b01147463ef3aab4118e3137ebc5e1ad6700deb39ccdf8b89e517f7dc?s=96&d=mm&r=g\",\"caption\":\"webmaster\"},\"sameAs\":[\"https:\/\/blogs.uninter.edu.mx\/difusioncultural\"],\"url\":\"https:\/\/blogs.uninter.edu.mx\/difusioncultural\/?author=1\"}]}<\/script>\r\n<!-- \/ Yoast SEO plugin. -->","yoast_head_json":{"title":"Teatro al Vac\u00edo con \u2018Habitat\u2019 y la 'Danza de los viejitos\u2019, espect\u00e1culos online para todo p\u00fablico - Difusi\u00f3n Cultural","robots":{"index":"index","follow":"follow","max-snippet":"max-snippet:-1","max-image-preview":"max-image-preview:large","max-video-preview":"max-video-preview:-1"},"canonical":"https:\/\/blogs.uninter.edu.mx\/difusioncultural\/?p=7466","og_locale":"es_MX","og_type":"article","og_title":"Teatro al Vac\u00edo con \u2018Habitat\u2019 y la 'Danza de los viejitos\u2019, espect\u00e1culos online para todo p\u00fablico - Difusi\u00f3n Cultural","og_description":"La compa\u00f1\u00eda Teatro al Vac\u00edo ha realizado un montaje que el p\u00fablico podr\u00e1 disfrutar este fin de semana en una funci\u00f3n especial para \u201cVivo el arte\u201d. Con la autor\u00eda, direcci\u00f3n e interpretaci\u00f3n de Jos\u00e9 Ag\u00fcero y Adri\u00e1n Hern\u00e1ndez, la Compa\u00f1\u00eda Teatro al Vac\u00edo (Argentina\u2013M\u00e9xico), ofrecer\u00e1 este s\u00e1bado 6 de junio, la presentaci\u00f3n de la acci\u00f3n&hellip;","og_url":"https:\/\/blogs.uninter.edu.mx\/difusioncultural\/?p=7466","og_site_name":"Difusi\u00f3n Cultural","article_published_time":"2020-06-05T16:40:46+00:00","og_image":[{"width":475,"height":559,"url":"https:\/\/blogs.uninter.edu.mx\/difusioncultural\/wp-content\/uploads\/2020\/06\/img_5313.jpg","type":"image\/jpeg"}],"author":"webmaster","twitter_card":"summary_large_image","twitter_misc":{"Escrito por":"webmaster","Tiempo de lectura":"2 minutos"},"schema":{"@context":"https:\/\/schema.org","@graph":[{"@type":"Article","@id":"https:\/\/blogs.uninter.edu.mx\/difusioncultural\/?p=7466#article","isPartOf":{"@id":"https:\/\/blogs.uninter.edu.mx\/difusioncultural\/?p=7466"},"author":{"name":"webmaster","@id":"https:\/\/blogs.uninter.edu.mx\/difusioncultural\/#\/schema\/person\/37a0926f4dd300a814993fd595abdc4a"},"headline":"Teatro al Vac\u00edo con \u2018Habitat\u2019 y la &#8216;Danza de los viejitos\u2019, espect\u00e1culos online para todo p\u00fablico","datePublished":"2020-06-05T16:40:46+00:00","mainEntityOfPage":{"@id":"https:\/\/blogs.uninter.edu.mx\/difusioncultural\/?p=7466"},"wordCount":377,"publisher":{"@id":"https:\/\/blogs.uninter.edu.mx\/difusioncultural\/#organization"},"image":{"@id":"https:\/\/blogs.uninter.edu.mx\/difusioncultural\/?p=7466#primaryimage"},"thumbnailUrl":"https:\/\/blogs.uninter.edu.mx\/difusioncultural\/wp-content\/uploads\/2020\/06\/img_5313.jpg","articleSection":["Eventos","noticias"],"inLanguage":"es"},{"@type":"WebPage","@id":"https:\/\/blogs.uninter.edu.mx\/difusioncultural\/?p=7466","url":"https:\/\/blogs.uninter.edu.mx\/difusioncultural\/?p=7466","name":"Teatro al Vac\u00edo con \u2018Habitat\u2019 y la 'Danza de los viejitos\u2019, espect\u00e1culos online para todo p\u00fablico - Difusi\u00f3n Cultural","isPartOf":{"@id":"https:\/\/blogs.uninter.edu.mx\/difusioncultural\/#website"},"primaryImageOfPage":{"@id":"https:\/\/blogs.uninter.edu.mx\/difusioncultural\/?p=7466#primaryimage"},"image":{"@id":"https:\/\/blogs.uninter.edu.mx\/difusioncultural\/?p=7466#primaryimage"},"thumbnailUrl":"https:\/\/blogs.uninter.edu.mx\/difusioncultural\/wp-content\/uploads\/2020\/06\/img_5313.jpg","datePublished":"2020-06-05T16:40:46+00:00","breadcrumb":{"@id":"https:\/\/blogs.uninter.edu.mx\/difusioncultural\/?p=7466#breadcrumb"},"inLanguage":"es","potentialAction":[{"@type":"ReadAction","target":["https:\/\/blogs.uninter.edu.mx\/difusioncultural\/?p=7466"]}]},{"@type":"ImageObject","inLanguage":"es","@id":"https:\/\/blogs.uninter.edu.mx\/difusioncultural\/?p=7466#primaryimage","url":"https:\/\/blogs.uninter.edu.mx\/difusioncultural\/wp-content\/uploads\/2020\/06\/img_5313.jpg","contentUrl":"https:\/\/blogs.uninter.edu.mx\/difusioncultural\/wp-content\/uploads\/2020\/06\/img_5313.jpg","width":475,"height":559},{"@type":"BreadcrumbList","@id":"https:\/\/blogs.uninter.edu.mx\/difusioncultural\/?p=7466#breadcrumb","itemListElement":[{"@type":"ListItem","position":1,"name":"Inicio","item":"https:\/\/blogs.uninter.edu.mx\/difusioncultural\/"},{"@type":"ListItem","position":2,"name":"Teatro al Vac\u00edo con \u2018Habitat\u2019 y la &#8216;Danza de los viejitos\u2019, espect\u00e1culos online para todo p\u00fablico"}]},{"@type":"WebSite","@id":"https:\/\/blogs.uninter.edu.mx\/difusioncultural\/#website","url":"https:\/\/blogs.uninter.edu.mx\/difusioncultural\/","name":"Difusi\u00f3n Cultural","description":"UNINTER","publisher":{"@id":"https:\/\/blogs.uninter.edu.mx\/difusioncultural\/#organization"},"potentialAction":[{"@type":"SearchAction","target":{"@type":"EntryPoint","urlTemplate":"https:\/\/blogs.uninter.edu.mx\/difusioncultural\/?s={search_term_string}"},"query-input":{"@type":"PropertyValueSpecification","valueRequired":true,"valueName":"search_term_string"}}],"inLanguage":"es"},{"@type":"Organization","@id":"https:\/\/blogs.uninter.edu.mx\/difusioncultural\/#organization","name":"Difusi\u00f3n Cultural","url":"https:\/\/blogs.uninter.edu.mx\/difusioncultural\/","logo":{"@type":"ImageObject","inLanguage":"es","@id":"https:\/\/blogs.uninter.edu.mx\/difusioncultural\/#\/schema\/logo\/image\/","url":"https:\/\/blogs.uninter.edu.mx\/difusioncultural\/wp-content\/uploads\/2022\/09\/uninter.jpg","contentUrl":"https:\/\/blogs.uninter.edu.mx\/difusioncultural\/wp-content\/uploads\/2022\/09\/uninter.jpg","width":2048,"height":2048,"caption":"Difusi\u00f3n Cultural"},"image":{"@id":"https:\/\/blogs.uninter.edu.mx\/difusioncultural\/#\/schema\/logo\/image\/"}},{"@type":"Person","@id":"https:\/\/blogs.uninter.edu.mx\/difusioncultural\/#\/schema\/person\/37a0926f4dd300a814993fd595abdc4a","name":"webmaster","image":{"@type":"ImageObject","inLanguage":"es","@id":"https:\/\/blogs.uninter.edu.mx\/difusioncultural\/#\/schema\/person\/image\/","url":"https:\/\/secure.gravatar.com\/avatar\/a59c276b01147463ef3aab4118e3137ebc5e1ad6700deb39ccdf8b89e517f7dc?s=96&d=mm&r=g","contentUrl":"https:\/\/secure.gravatar.com\/avatar\/a59c276b01147463ef3aab4118e3137ebc5e1ad6700deb39ccdf8b89e517f7dc?s=96&d=mm&r=g","caption":"webmaster"},"sameAs":["https:\/\/blogs.uninter.edu.mx\/difusioncultural"],"url":"https:\/\/blogs.uninter.edu.mx\/difusioncultural\/?author=1"}]}},"jetpack_publicize_connections":[],"jetpack_featured_media_url":"https:\/\/blogs.uninter.edu.mx\/difusioncultural\/wp-content\/uploads\/2020\/06\/img_5313.jpg","jetpack_sharing_enabled":true,"_links":{"self":[{"href":"https:\/\/blogs.uninter.edu.mx\/difusioncultural\/index.php?rest_route=\/wp\/v2\/posts\/7466","targetHints":{"allow":["GET"]}}],"collection":[{"href":"https:\/\/blogs.uninter.edu.mx\/difusioncultural\/index.php?rest_route=\/wp\/v2\/posts"}],"about":[{"href":"https:\/\/blogs.uninter.edu.mx\/difusioncultural\/index.php?rest_route=\/wp\/v2\/types\/post"}],"author":[{"embeddable":true,"href":"https:\/\/blogs.uninter.edu.mx\/difusioncultural\/index.php?rest_route=\/wp\/v2\/users\/1"}],"replies":[{"embeddable":true,"href":"https:\/\/blogs.uninter.edu.mx\/difusioncultural\/index.php?rest_route=%2Fwp%2Fv2%2Fcomments&post=7466"}],"version-history":[{"count":0,"href":"https:\/\/blogs.uninter.edu.mx\/difusioncultural\/index.php?rest_route=\/wp\/v2\/posts\/7466\/revisions"}],"wp:featuredmedia":[{"embeddable":true,"href":"https:\/\/blogs.uninter.edu.mx\/difusioncultural\/index.php?rest_route=\/wp\/v2\/media\/7465"}],"wp:attachment":[{"href":"https:\/\/blogs.uninter.edu.mx\/difusioncultural\/index.php?rest_route=%2Fwp%2Fv2%2Fmedia&parent=7466"}],"wp:term":[{"taxonomy":"category","embeddable":true,"href":"https:\/\/blogs.uninter.edu.mx\/difusioncultural\/index.php?rest_route=%2Fwp%2Fv2%2Fcategories&post=7466"},{"taxonomy":"post_tag","embeddable":true,"href":"https:\/\/blogs.uninter.edu.mx\/difusioncultural\/index.php?rest_route=%2Fwp%2Fv2%2Ftags&post=7466"}],"curies":[{"name":"wp","href":"https:\/\/api.w.org\/{rel}","templated":true}]}}