{"id":7479,"date":"2020-07-22T14:34:12","date_gmt":"2020-07-22T19:34:12","guid":{"rendered":"https:\/\/difusionculturaluninter.wordpress.com\/2020\/07\/22\/edicion-48-del-festival-internacional-cervantino-sera-en-formato-digital\/"},"modified":"2020-07-22T14:34:12","modified_gmt":"2020-07-22T19:34:12","slug":"edicion-48-del-festival-internacional-cervantino-sera-en-formato-digital","status":"publish","type":"post","link":"https:\/\/blogs.uninter.edu.mx\/difusioncultural\/?p=7479","title":{"rendered":"Edici\u00f3n 48 del Festival Internacional Cervantino ser\u00e1 en formato digital"},"content":{"rendered":"\n<figure class=\"wp-block-image size-large\"><img fetchpriority=\"high\" decoding=\"async\" width=\"314\" height=\"559\" src=\"https:\/\/difusionculturaluninter.files.wordpress.com\/2020\/07\/img_5498.jpg?w=314\" alt=\"\" class=\"wp-image-7478\" \/><\/figure>\n\n\n\n<p>La Secretar\u00eda de Cultura, federal y el Gobierno de Guanajuato anunciaron que la edici\u00f3n 48 el Festival Internacional Cervantino (FIC) se realizar\u00e1 solo durante 5 d\u00edas, del 14 al 18 de octubre y ser\u00e1 en formato digital, debido a la contingencia sanitaria.<\/p>\n\n\n\n<p>En un comunicado la Secretar\u00eda de Cultura inform\u00f3 que fiel a su vocaci\u00f3n humanista y humanitaria, \u201cla edici\u00f3n de este a\u00f1o antepone la salvaguarda de la vida y la salud de las personas, y se presentar\u00e1 ante su p\u00fablico, adapt\u00e1ndose a las circunstancias actuales\u201d.<\/p>\n\n\n\n<p>El Comit\u00e9 Organizador del FIC acord\u00f3, por decisi\u00f3n un\u00e1nime, que la edici\u00f3n 48 se realizar\u00e1 en formato digital, del 14 al 18 de octubre, para proteger la integridad del p\u00fablico, de los artistas y colaboradores.<\/p>\n\n\n\n<p>Mariana Aymerich Ordo\u00f1ez, directora general del festival expres\u00f3 que \u201cla pandemia vivida a escala global abri\u00f3 nuevas oportunidades para explorar formatos adaptados a nuestra realidad; no s\u00f3lo trasladar las expresiones culturales a la pantalla, sino ajustar los recursos digitales a las necesidades de las expresiones art\u00edsticas y sus creadores\u201d.<\/p>\n\n\n\n<p>El encuentro art\u00edstico que originalmente se realizar\u00eda del 14 de octubre al 1 de noviembre, ahora tendr\u00e1 una duraci\u00f3n de cinco d\u00edas, en los que \u201cel p\u00fablico acceder\u00e1 a presentaciones art\u00edsticas en formatos digitalers, as\u00ed como conferencias, talleres y clases magistrales con la calidad que siempre ha caracterizado a esta celebraci\u00f3n cultural\u201d.<\/p>\n\n\n\n<p>Cuba y Coahuila, invitados de honor propuestos para esta edici\u00f3n, ser\u00e1n parte del festival hasta la edici\u00f3n 49, ocasi\u00f3n en la que ambos ofrecer\u00e1n una oferta cultural representativa de su regi\u00f3n.<\/p>\n\n\n\n<p>De acuerdo a lo suscrito por la Secretar\u00eda de Cultura en el convenio de colaboraci\u00f3n institucional firmado en 2019 con el Sistema P\u00fablico de Radiodifusi\u00f3n del Estado Mexicano, a trav\u00e9s de la Direcci\u00f3n de Canal 14, Canal Once, Canal 22 y la Unidad de Televisi\u00f3n de Guanajuato (Tv4), el FIC se difundir\u00e1 en televisi\u00f3n abierta, redes sociales, internet y plataformas digitales de los medios p\u00fablicos federales y locales.<\/p>\n","protected":false},"excerpt":{"rendered":"<p>La Secretar\u00eda de Cultura, federal y el Gobierno de Guanajuato anunciaron que la edici\u00f3n 48 el Festival Internacional Cervantino (FIC) se realizar\u00e1 solo durante 5 d\u00edas, del 14 al 18 de octubre y ser\u00e1 en formato digital, debido a la contingencia sanitaria. En un comunicado la Secretar\u00eda de Cultura inform\u00f3 que fiel a su vocaci\u00f3n&hellip;<\/p>\n","protected":false},"author":1,"featured_media":0,"comment_status":"closed","ping_status":"open","sticky":false,"template":"","format":"standard","meta":{"_jetpack_memberships_contains_paid_content":false,"footnotes":"","jetpack_publicize_message":"","jetpack_publicize_feature_enabled":true,"jetpack_social_post_already_shared":false,"jetpack_social_options":{"image_generator_settings":{"template":"highway","default_image_id":0,"font":"","enabled":false},"version":2}},"categories":[1],"tags":[],"class_list":["post-7479","post","type-post","status-publish","format-standard","hentry","category-sin-categoria"],"yoast_head":"<!-- This site is optimized with the Yoast SEO plugin v26.3 - https:\/\/yoast.com\/wordpress\/plugins\/seo\/ -->\r\n<title>Edici\u00f3n 48 del Festival Internacional Cervantino ser\u00e1 en formato digital - Difusi\u00f3n Cultural<\/title>\r\n<meta name=\"robots\" content=\"index, follow, max-snippet:-1, max-image-preview:large, max-video-preview:-1\" \/>\r\n<link rel=\"canonical\" href=\"https:\/\/blogs.uninter.edu.mx\/difusioncultural\/?p=7479\" \/>\r\n<meta property=\"og:locale\" content=\"es_MX\" \/>\r\n<meta property=\"og:type\" content=\"article\" \/>\r\n<meta property=\"og:title\" content=\"Edici\u00f3n 48 del Festival Internacional Cervantino ser\u00e1 en formato digital - Difusi\u00f3n Cultural\" \/>\r\n<meta property=\"og:description\" content=\"La Secretar\u00eda de Cultura, federal y el Gobierno de Guanajuato anunciaron que la edici\u00f3n 48 el Festival Internacional Cervantino (FIC) se realizar\u00e1 solo durante 5 d\u00edas, del 14 al 18 de octubre y ser\u00e1 en formato digital, debido a la contingencia sanitaria. En un comunicado la Secretar\u00eda de Cultura inform\u00f3 que fiel a su vocaci\u00f3n&hellip;\" \/>\r\n<meta property=\"og:url\" content=\"https:\/\/blogs.uninter.edu.mx\/difusioncultural\/?p=7479\" \/>\r\n<meta property=\"og:site_name\" content=\"Difusi\u00f3n Cultural\" \/>\r\n<meta property=\"article:published_time\" content=\"2020-07-22T19:34:12+00:00\" \/>\r\n<meta property=\"og:image\" content=\"https:\/\/difusionculturaluninter.files.wordpress.com\/2020\/07\/img_5498.jpg?w=314\" \/>\r\n<meta name=\"author\" content=\"webmaster\" \/>\r\n<meta name=\"twitter:card\" content=\"summary_large_image\" \/>\r\n<meta name=\"twitter:label1\" content=\"Escrito por\" \/>\n\t<meta name=\"twitter:data1\" content=\"webmaster\" \/>\n\t<meta name=\"twitter:label2\" content=\"Tiempo de lectura\" \/>\n\t<meta name=\"twitter:data2\" content=\"2 minutos\" \/>\r\n<script type=\"application\/ld+json\" class=\"yoast-schema-graph\">{\"@context\":\"https:\/\/schema.org\",\"@graph\":[{\"@type\":\"Article\",\"@id\":\"https:\/\/blogs.uninter.edu.mx\/difusioncultural\/?p=7479#article\",\"isPartOf\":{\"@id\":\"https:\/\/blogs.uninter.edu.mx\/difusioncultural\/?p=7479\"},\"author\":{\"name\":\"webmaster\",\"@id\":\"https:\/\/blogs.uninter.edu.mx\/difusioncultural\/#\/schema\/person\/37a0926f4dd300a814993fd595abdc4a\"},\"headline\":\"Edici\u00f3n 48 del Festival Internacional Cervantino ser\u00e1 en formato digital\",\"datePublished\":\"2020-07-22T19:34:12+00:00\",\"mainEntityOfPage\":{\"@id\":\"https:\/\/blogs.uninter.edu.mx\/difusioncultural\/?p=7479\"},\"wordCount\":356,\"publisher\":{\"@id\":\"https:\/\/blogs.uninter.edu.mx\/difusioncultural\/#organization\"},\"image\":{\"@id\":\"https:\/\/blogs.uninter.edu.mx\/difusioncultural\/?p=7479#primaryimage\"},\"thumbnailUrl\":\"https:\/\/difusionculturaluninter.files.wordpress.com\/2020\/07\/img_5498.jpg?w=314\",\"inLanguage\":\"es\"},{\"@type\":\"WebPage\",\"@id\":\"https:\/\/blogs.uninter.edu.mx\/difusioncultural\/?p=7479\",\"url\":\"https:\/\/blogs.uninter.edu.mx\/difusioncultural\/?p=7479\",\"name\":\"Edici\u00f3n 48 del Festival Internacional Cervantino ser\u00e1 en formato digital - Difusi\u00f3n Cultural\",\"isPartOf\":{\"@id\":\"https:\/\/blogs.uninter.edu.mx\/difusioncultural\/#website\"},\"primaryImageOfPage\":{\"@id\":\"https:\/\/blogs.uninter.edu.mx\/difusioncultural\/?p=7479#primaryimage\"},\"image\":{\"@id\":\"https:\/\/blogs.uninter.edu.mx\/difusioncultural\/?p=7479#primaryimage\"},\"thumbnailUrl\":\"https:\/\/difusionculturaluninter.files.wordpress.com\/2020\/07\/img_5498.jpg?w=314\",\"datePublished\":\"2020-07-22T19:34:12+00:00\",\"breadcrumb\":{\"@id\":\"https:\/\/blogs.uninter.edu.mx\/difusioncultural\/?p=7479#breadcrumb\"},\"inLanguage\":\"es\",\"potentialAction\":[{\"@type\":\"ReadAction\",\"target\":[\"https:\/\/blogs.uninter.edu.mx\/difusioncultural\/?p=7479\"]}]},{\"@type\":\"ImageObject\",\"inLanguage\":\"es\",\"@id\":\"https:\/\/blogs.uninter.edu.mx\/difusioncultural\/?p=7479#primaryimage\",\"url\":\"https:\/\/difusionculturaluninter.files.wordpress.com\/2020\/07\/img_5498.jpg?w=314\",\"contentUrl\":\"https:\/\/difusionculturaluninter.files.wordpress.com\/2020\/07\/img_5498.jpg?w=314\"},{\"@type\":\"BreadcrumbList\",\"@id\":\"https:\/\/blogs.uninter.edu.mx\/difusioncultural\/?p=7479#breadcrumb\",\"itemListElement\":[{\"@type\":\"ListItem\",\"position\":1,\"name\":\"Inicio\",\"item\":\"https:\/\/blogs.uninter.edu.mx\/difusioncultural\/\"},{\"@type\":\"ListItem\",\"position\":2,\"name\":\"Edici\u00f3n 48 del Festival Internacional Cervantino ser\u00e1 en formato digital\"}]},{\"@type\":\"WebSite\",\"@id\":\"https:\/\/blogs.uninter.edu.mx\/difusioncultural\/#website\",\"url\":\"https:\/\/blogs.uninter.edu.mx\/difusioncultural\/\",\"name\":\"Difusi\u00f3n Cultural\",\"description\":\"UNINTER\",\"publisher\":{\"@id\":\"https:\/\/blogs.uninter.edu.mx\/difusioncultural\/#organization\"},\"potentialAction\":[{\"@type\":\"SearchAction\",\"target\":{\"@type\":\"EntryPoint\",\"urlTemplate\":\"https:\/\/blogs.uninter.edu.mx\/difusioncultural\/?s={search_term_string}\"},\"query-input\":{\"@type\":\"PropertyValueSpecification\",\"valueRequired\":true,\"valueName\":\"search_term_string\"}}],\"inLanguage\":\"es\"},{\"@type\":\"Organization\",\"@id\":\"https:\/\/blogs.uninter.edu.mx\/difusioncultural\/#organization\",\"name\":\"Difusi\u00f3n Cultural\",\"url\":\"https:\/\/blogs.uninter.edu.mx\/difusioncultural\/\",\"logo\":{\"@type\":\"ImageObject\",\"inLanguage\":\"es\",\"@id\":\"https:\/\/blogs.uninter.edu.mx\/difusioncultural\/#\/schema\/logo\/image\/\",\"url\":\"https:\/\/blogs.uninter.edu.mx\/difusioncultural\/wp-content\/uploads\/2022\/09\/uninter.jpg\",\"contentUrl\":\"https:\/\/blogs.uninter.edu.mx\/difusioncultural\/wp-content\/uploads\/2022\/09\/uninter.jpg\",\"width\":2048,\"height\":2048,\"caption\":\"Difusi\u00f3n Cultural\"},\"image\":{\"@id\":\"https:\/\/blogs.uninter.edu.mx\/difusioncultural\/#\/schema\/logo\/image\/\"}},{\"@type\":\"Person\",\"@id\":\"https:\/\/blogs.uninter.edu.mx\/difusioncultural\/#\/schema\/person\/37a0926f4dd300a814993fd595abdc4a\",\"name\":\"webmaster\",\"image\":{\"@type\":\"ImageObject\",\"inLanguage\":\"es\",\"@id\":\"https:\/\/blogs.uninter.edu.mx\/difusioncultural\/#\/schema\/person\/image\/\",\"url\":\"https:\/\/secure.gravatar.com\/avatar\/a59c276b01147463ef3aab4118e3137ebc5e1ad6700deb39ccdf8b89e517f7dc?s=96&d=mm&r=g\",\"contentUrl\":\"https:\/\/secure.gravatar.com\/avatar\/a59c276b01147463ef3aab4118e3137ebc5e1ad6700deb39ccdf8b89e517f7dc?s=96&d=mm&r=g\",\"caption\":\"webmaster\"},\"sameAs\":[\"https:\/\/blogs.uninter.edu.mx\/difusioncultural\"],\"url\":\"https:\/\/blogs.uninter.edu.mx\/difusioncultural\/?author=1\"}]}<\/script>\r\n<!-- \/ Yoast SEO plugin. -->","yoast_head_json":{"title":"Edici\u00f3n 48 del Festival Internacional Cervantino ser\u00e1 en formato digital - Difusi\u00f3n Cultural","robots":{"index":"index","follow":"follow","max-snippet":"max-snippet:-1","max-image-preview":"max-image-preview:large","max-video-preview":"max-video-preview:-1"},"canonical":"https:\/\/blogs.uninter.edu.mx\/difusioncultural\/?p=7479","og_locale":"es_MX","og_type":"article","og_title":"Edici\u00f3n 48 del Festival Internacional Cervantino ser\u00e1 en formato digital - Difusi\u00f3n Cultural","og_description":"La Secretar\u00eda de Cultura, federal y el Gobierno de Guanajuato anunciaron que la edici\u00f3n 48 el Festival Internacional Cervantino (FIC) se realizar\u00e1 solo durante 5 d\u00edas, del 14 al 18 de octubre y ser\u00e1 en formato digital, debido a la contingencia sanitaria. En un comunicado la Secretar\u00eda de Cultura inform\u00f3 que fiel a su vocaci\u00f3n&hellip;","og_url":"https:\/\/blogs.uninter.edu.mx\/difusioncultural\/?p=7479","og_site_name":"Difusi\u00f3n Cultural","article_published_time":"2020-07-22T19:34:12+00:00","og_image":[{"url":"https:\/\/difusionculturaluninter.files.wordpress.com\/2020\/07\/img_5498.jpg?w=314","type":"","width":"","height":""}],"author":"webmaster","twitter_card":"summary_large_image","twitter_misc":{"Escrito por":"webmaster","Tiempo de lectura":"2 minutos"},"schema":{"@context":"https:\/\/schema.org","@graph":[{"@type":"Article","@id":"https:\/\/blogs.uninter.edu.mx\/difusioncultural\/?p=7479#article","isPartOf":{"@id":"https:\/\/blogs.uninter.edu.mx\/difusioncultural\/?p=7479"},"author":{"name":"webmaster","@id":"https:\/\/blogs.uninter.edu.mx\/difusioncultural\/#\/schema\/person\/37a0926f4dd300a814993fd595abdc4a"},"headline":"Edici\u00f3n 48 del Festival Internacional Cervantino ser\u00e1 en formato digital","datePublished":"2020-07-22T19:34:12+00:00","mainEntityOfPage":{"@id":"https:\/\/blogs.uninter.edu.mx\/difusioncultural\/?p=7479"},"wordCount":356,"publisher":{"@id":"https:\/\/blogs.uninter.edu.mx\/difusioncultural\/#organization"},"image":{"@id":"https:\/\/blogs.uninter.edu.mx\/difusioncultural\/?p=7479#primaryimage"},"thumbnailUrl":"https:\/\/difusionculturaluninter.files.wordpress.com\/2020\/07\/img_5498.jpg?w=314","inLanguage":"es"},{"@type":"WebPage","@id":"https:\/\/blogs.uninter.edu.mx\/difusioncultural\/?p=7479","url":"https:\/\/blogs.uninter.edu.mx\/difusioncultural\/?p=7479","name":"Edici\u00f3n 48 del Festival Internacional Cervantino ser\u00e1 en formato digital - Difusi\u00f3n Cultural","isPartOf":{"@id":"https:\/\/blogs.uninter.edu.mx\/difusioncultural\/#website"},"primaryImageOfPage":{"@id":"https:\/\/blogs.uninter.edu.mx\/difusioncultural\/?p=7479#primaryimage"},"image":{"@id":"https:\/\/blogs.uninter.edu.mx\/difusioncultural\/?p=7479#primaryimage"},"thumbnailUrl":"https:\/\/difusionculturaluninter.files.wordpress.com\/2020\/07\/img_5498.jpg?w=314","datePublished":"2020-07-22T19:34:12+00:00","breadcrumb":{"@id":"https:\/\/blogs.uninter.edu.mx\/difusioncultural\/?p=7479#breadcrumb"},"inLanguage":"es","potentialAction":[{"@type":"ReadAction","target":["https:\/\/blogs.uninter.edu.mx\/difusioncultural\/?p=7479"]}]},{"@type":"ImageObject","inLanguage":"es","@id":"https:\/\/blogs.uninter.edu.mx\/difusioncultural\/?p=7479#primaryimage","url":"https:\/\/difusionculturaluninter.files.wordpress.com\/2020\/07\/img_5498.jpg?w=314","contentUrl":"https:\/\/difusionculturaluninter.files.wordpress.com\/2020\/07\/img_5498.jpg?w=314"},{"@type":"BreadcrumbList","@id":"https:\/\/blogs.uninter.edu.mx\/difusioncultural\/?p=7479#breadcrumb","itemListElement":[{"@type":"ListItem","position":1,"name":"Inicio","item":"https:\/\/blogs.uninter.edu.mx\/difusioncultural\/"},{"@type":"ListItem","position":2,"name":"Edici\u00f3n 48 del Festival Internacional Cervantino ser\u00e1 en formato digital"}]},{"@type":"WebSite","@id":"https:\/\/blogs.uninter.edu.mx\/difusioncultural\/#website","url":"https:\/\/blogs.uninter.edu.mx\/difusioncultural\/","name":"Difusi\u00f3n Cultural","description":"UNINTER","publisher":{"@id":"https:\/\/blogs.uninter.edu.mx\/difusioncultural\/#organization"},"potentialAction":[{"@type":"SearchAction","target":{"@type":"EntryPoint","urlTemplate":"https:\/\/blogs.uninter.edu.mx\/difusioncultural\/?s={search_term_string}"},"query-input":{"@type":"PropertyValueSpecification","valueRequired":true,"valueName":"search_term_string"}}],"inLanguage":"es"},{"@type":"Organization","@id":"https:\/\/blogs.uninter.edu.mx\/difusioncultural\/#organization","name":"Difusi\u00f3n Cultural","url":"https:\/\/blogs.uninter.edu.mx\/difusioncultural\/","logo":{"@type":"ImageObject","inLanguage":"es","@id":"https:\/\/blogs.uninter.edu.mx\/difusioncultural\/#\/schema\/logo\/image\/","url":"https:\/\/blogs.uninter.edu.mx\/difusioncultural\/wp-content\/uploads\/2022\/09\/uninter.jpg","contentUrl":"https:\/\/blogs.uninter.edu.mx\/difusioncultural\/wp-content\/uploads\/2022\/09\/uninter.jpg","width":2048,"height":2048,"caption":"Difusi\u00f3n Cultural"},"image":{"@id":"https:\/\/blogs.uninter.edu.mx\/difusioncultural\/#\/schema\/logo\/image\/"}},{"@type":"Person","@id":"https:\/\/blogs.uninter.edu.mx\/difusioncultural\/#\/schema\/person\/37a0926f4dd300a814993fd595abdc4a","name":"webmaster","image":{"@type":"ImageObject","inLanguage":"es","@id":"https:\/\/blogs.uninter.edu.mx\/difusioncultural\/#\/schema\/person\/image\/","url":"https:\/\/secure.gravatar.com\/avatar\/a59c276b01147463ef3aab4118e3137ebc5e1ad6700deb39ccdf8b89e517f7dc?s=96&d=mm&r=g","contentUrl":"https:\/\/secure.gravatar.com\/avatar\/a59c276b01147463ef3aab4118e3137ebc5e1ad6700deb39ccdf8b89e517f7dc?s=96&d=mm&r=g","caption":"webmaster"},"sameAs":["https:\/\/blogs.uninter.edu.mx\/difusioncultural"],"url":"https:\/\/blogs.uninter.edu.mx\/difusioncultural\/?author=1"}]}},"jetpack_publicize_connections":[],"jetpack_featured_media_url":"","jetpack_sharing_enabled":true,"_links":{"self":[{"href":"https:\/\/blogs.uninter.edu.mx\/difusioncultural\/index.php?rest_route=\/wp\/v2\/posts\/7479","targetHints":{"allow":["GET"]}}],"collection":[{"href":"https:\/\/blogs.uninter.edu.mx\/difusioncultural\/index.php?rest_route=\/wp\/v2\/posts"}],"about":[{"href":"https:\/\/blogs.uninter.edu.mx\/difusioncultural\/index.php?rest_route=\/wp\/v2\/types\/post"}],"author":[{"embeddable":true,"href":"https:\/\/blogs.uninter.edu.mx\/difusioncultural\/index.php?rest_route=\/wp\/v2\/users\/1"}],"replies":[{"embeddable":true,"href":"https:\/\/blogs.uninter.edu.mx\/difusioncultural\/index.php?rest_route=%2Fwp%2Fv2%2Fcomments&post=7479"}],"version-history":[{"count":0,"href":"https:\/\/blogs.uninter.edu.mx\/difusioncultural\/index.php?rest_route=\/wp\/v2\/posts\/7479\/revisions"}],"wp:attachment":[{"href":"https:\/\/blogs.uninter.edu.mx\/difusioncultural\/index.php?rest_route=%2Fwp%2Fv2%2Fmedia&parent=7479"}],"wp:term":[{"taxonomy":"category","embeddable":true,"href":"https:\/\/blogs.uninter.edu.mx\/difusioncultural\/index.php?rest_route=%2Fwp%2Fv2%2Fcategories&post=7479"},{"taxonomy":"post_tag","embeddable":true,"href":"https:\/\/blogs.uninter.edu.mx\/difusioncultural\/index.php?rest_route=%2Fwp%2Fv2%2Ftags&post=7479"}],"curies":[{"name":"wp","href":"https:\/\/api.w.org\/{rel}","templated":true}]}}