{"id":7483,"date":"2020-07-24T15:00:00","date_gmt":"2020-07-24T20:00:00","guid":{"rendered":"https:\/\/difusionculturaluninter.wordpress.com\/?p=7483"},"modified":"2020-07-24T15:00:00","modified_gmt":"2020-07-24T20:00:00","slug":"tenor-polaco-lanza-mensaje-de-esperanza-triunfal-y-da-la-vuelta-al-mundo","status":"publish","type":"post","link":"https:\/\/blogs.uninter.edu.mx\/difusioncultural\/?p=7483","title":{"rendered":"Tenor polaco lanza mensaje de esperanza triunfal y da la vuelta al mundo"},"content":{"rendered":"\n<figure class=\"wp-block-image size-large\"><img fetchpriority=\"high\" decoding=\"async\" width=\"500\" height=\"280\" src=\"https:\/\/difusionculturaluninter.files.wordpress.com\/2020\/07\/img_5500.jpg?w=500\" alt=\"\" class=\"wp-image-7482\" \/><\/figure>\n\n\n\n<p><em>Lunes 20 de julio de 2020.&nbsp;<\/em><q>Que nadie duerma porque al alba venceremos<\/q>, canta el tenor polaco Leszek \u015awidzi\u0144ski en un video lanzado en mayo que ya alcanz\u00f3 54 mil 600 reproducciones y contin\u00faa dando la vuelta al mundo con su mensaje de esperanza triunfal.<\/p>\n\n\n\n<p>La obra se puede ver en el canal de YouTube de Sto\u0142eczna Estrada, instituci\u00f3n cultural independiente fundada en 1955 en Polonia encargada de organizar y realizar actividades culturales en Varsovia (<a href=\"https:\/\/www.youtube.com\/watch?v=Yt1qsloRFcM\" target=\"_blank\" rel=\"noreferrer noopener\">https:\/\/www.youtube.com\/watch?v=Yt1qsloRFcM<\/a>).<\/p>\n\n\n\n<p>\u015awidzi\u0144ski, quien pertenece a la \u00d3pera Real de Polonia, aparece en compa\u00f1\u00eda del coro de m\u00e9dicos Medicantus y conmueve hasta las l\u00e1grimas a los doctores y enfermeras que fueron sorprendidos con la presentaci\u00f3n en el patio de un hospital de Varsovia.<\/p>\n\n\n\n<p><em>Nessun Dorma&nbsp;<\/em>(que nadie duerma) es el aria de la \u00f3pera&nbsp;<em>Turandot<\/em>&nbsp;de Giacomo Puccini que el tenor ofreci\u00f3 al personal de salud que se mantiene atendiendo a pacientes de Covid-19.<\/p>\n\n\n\n<p>El Premio Cervantes 2017 a\u00f1ade:&nbsp;<q>Me han fascinado siempre esos videos para promover el gusto por la \u00f3pera, donde los cantantes andan por las plazas, los caf\u00e9s, los centros comerciales, los mercados, disfrazados de empleados y compradores, y de pronto el tenor, o la soprano, rompen a cantar, se les junta el coro, van llegando uno a uno los m\u00fasicos con sus instrumentos, y la gente se detiene primero extra\u00f1ada, luego extasiada<\/q>.<\/p>\n\n\n\n<p>El int\u00e9rprete mantuvo un Re mayor por seis compases de manera ininterrumpida, justo en el final que dice <em><q>vincer\u00f2<\/q><\/em> (vencer\u00e9).<\/p>\n\n\n\n<p>Ram\u00edrez, quien narra que envi\u00f3 el video a una amiga por redes sociales, como hacen miles de personas a la fecha, cuenta que recibi\u00f3 esta respuesta: <q>Vieras que extra\u00f1o lo que siento con esos videos. Como si estuviera viviendo el fin de este mundo y el principio de algo todav\u00eda desconocido. Me emociona y a la vez me da miedo<\/q>.<\/p>\n\n\n\n<p>Esta aria adquiri\u00f3 popularidad a principios de los a\u00f1os 90, cuando la BBC de Londres la us\u00f3 para su cobertura de la Copa Mundial de Futbol de Italia. Luego, con una orquestaci\u00f3n m\u00e1s sencilla, el tenor italiano Andrea Bocelli la incorpor\u00f3 a su repertorio en discos y recitales.<\/p>\n\n\n\n<p>Entre las voces femeninas que la han interpretado, est\u00e1 Aretha Franklin, quien realiz\u00f3 su propia versi\u00f3n para la ceremonia de los Grammy 1998; en 2001 y 2003 el aria fue interpretada a d\u00fao por Luciano Pavarotti e Ian Gillan, vocalista de Deep Purple, en el concierto&nbsp;<em>Pavarotti &amp; Friends.<\/em><\/p>\n\n\n\n<p><em>Nessun Dorma <\/em>adquiere ahora otro significado, al dedicarla Leszek \u015awidzi\u0144ski a quienes combaten al nuevo coronavirus: <q>\u00a1Dis\u00edpate, oh, noche! \u00a1Ocultaos, estrellas! \u00a1Ocultaos, estrellas! \u00a1Al amanecer vencer\u00e9! \u00a1Vencer\u00e9! \u00a1Vencer\u00e9!<\/q><\/p>\n","protected":false},"excerpt":{"rendered":"<p>Lunes 20 de julio de 2020.&nbsp;Que nadie duerma porque al alba venceremos, canta el tenor polaco Leszek \u015awidzi\u0144ski en un video lanzado en mayo que ya alcanz\u00f3 54 mil 600 reproducciones y contin\u00faa dando la vuelta al mundo con su mensaje de esperanza triunfal. La obra se puede ver en el canal de YouTube de&hellip;<\/p>\n","protected":false},"author":1,"featured_media":7482,"comment_status":"closed","ping_status":"open","sticky":false,"template":"","format":"standard","meta":{"_jetpack_memberships_contains_paid_content":false,"footnotes":"","jetpack_publicize_message":"","jetpack_publicize_feature_enabled":true,"jetpack_social_post_already_shared":false,"jetpack_social_options":{"image_generator_settings":{"template":"highway","default_image_id":0,"font":"","enabled":false},"version":2}},"categories":[13],"tags":[],"class_list":["post-7483","post","type-post","status-publish","format-standard","has-post-thumbnail","hentry","category-personas-interesantes"],"yoast_head":"<!-- This site is optimized with the Yoast SEO plugin v26.3 - https:\/\/yoast.com\/wordpress\/plugins\/seo\/ -->\r\n<title>Tenor polaco lanza mensaje de esperanza triunfal y da la vuelta al mundo - Difusi\u00f3n Cultural<\/title>\r\n<meta name=\"robots\" content=\"index, follow, max-snippet:-1, max-image-preview:large, max-video-preview:-1\" \/>\r\n<link rel=\"canonical\" href=\"https:\/\/blogs.uninter.edu.mx\/difusioncultural\/?p=7483\" \/>\r\n<meta property=\"og:locale\" content=\"es_MX\" \/>\r\n<meta property=\"og:type\" content=\"article\" \/>\r\n<meta property=\"og:title\" content=\"Tenor polaco lanza mensaje de esperanza triunfal y da la vuelta al mundo - Difusi\u00f3n Cultural\" \/>\r\n<meta property=\"og:description\" content=\"Lunes 20 de julio de 2020.&nbsp;Que nadie duerma porque al alba venceremos, canta el tenor polaco Leszek \u015awidzi\u0144ski en un video lanzado en mayo que ya alcanz\u00f3 54 mil 600 reproducciones y contin\u00faa dando la vuelta al mundo con su mensaje de esperanza triunfal. La obra se puede ver en el canal de YouTube de&hellip;\" \/>\r\n<meta property=\"og:url\" content=\"https:\/\/blogs.uninter.edu.mx\/difusioncultural\/?p=7483\" \/>\r\n<meta property=\"og:site_name\" content=\"Difusi\u00f3n Cultural\" \/>\r\n<meta property=\"article:published_time\" content=\"2020-07-24T20:00:00+00:00\" \/>\r\n<meta property=\"og:image\" content=\"https:\/\/blogs.uninter.edu.mx\/difusioncultural\/wp-content\/uploads\/2020\/07\/img_5500.jpg\" \/>\r\n\t<meta property=\"og:image:width\" content=\"500\" \/>\r\n\t<meta property=\"og:image:height\" content=\"280\" \/>\r\n\t<meta property=\"og:image:type\" content=\"image\/jpeg\" \/>\r\n<meta name=\"author\" content=\"webmaster\" \/>\r\n<meta name=\"twitter:card\" content=\"summary_large_image\" \/>\r\n<meta name=\"twitter:label1\" content=\"Escrito por\" \/>\n\t<meta name=\"twitter:data1\" content=\"webmaster\" \/>\n\t<meta name=\"twitter:label2\" content=\"Tiempo de lectura\" \/>\n\t<meta name=\"twitter:data2\" content=\"2 minutos\" \/>\r\n<script type=\"application\/ld+json\" class=\"yoast-schema-graph\">{\"@context\":\"https:\/\/schema.org\",\"@graph\":[{\"@type\":\"Article\",\"@id\":\"https:\/\/blogs.uninter.edu.mx\/difusioncultural\/?p=7483#article\",\"isPartOf\":{\"@id\":\"https:\/\/blogs.uninter.edu.mx\/difusioncultural\/?p=7483\"},\"author\":{\"name\":\"webmaster\",\"@id\":\"https:\/\/blogs.uninter.edu.mx\/difusioncultural\/#\/schema\/person\/37a0926f4dd300a814993fd595abdc4a\"},\"headline\":\"Tenor polaco lanza mensaje de esperanza triunfal y da la vuelta al mundo\",\"datePublished\":\"2020-07-24T20:00:00+00:00\",\"mainEntityOfPage\":{\"@id\":\"https:\/\/blogs.uninter.edu.mx\/difusioncultural\/?p=7483\"},\"wordCount\":465,\"publisher\":{\"@id\":\"https:\/\/blogs.uninter.edu.mx\/difusioncultural\/#organization\"},\"image\":{\"@id\":\"https:\/\/blogs.uninter.edu.mx\/difusioncultural\/?p=7483#primaryimage\"},\"thumbnailUrl\":\"https:\/\/blogs.uninter.edu.mx\/difusioncultural\/wp-content\/uploads\/2020\/07\/img_5500.jpg\",\"articleSection\":[\"Personas interesantes\"],\"inLanguage\":\"es\"},{\"@type\":\"WebPage\",\"@id\":\"https:\/\/blogs.uninter.edu.mx\/difusioncultural\/?p=7483\",\"url\":\"https:\/\/blogs.uninter.edu.mx\/difusioncultural\/?p=7483\",\"name\":\"Tenor polaco lanza mensaje de esperanza triunfal y da la vuelta al mundo - Difusi\u00f3n Cultural\",\"isPartOf\":{\"@id\":\"https:\/\/blogs.uninter.edu.mx\/difusioncultural\/#website\"},\"primaryImageOfPage\":{\"@id\":\"https:\/\/blogs.uninter.edu.mx\/difusioncultural\/?p=7483#primaryimage\"},\"image\":{\"@id\":\"https:\/\/blogs.uninter.edu.mx\/difusioncultural\/?p=7483#primaryimage\"},\"thumbnailUrl\":\"https:\/\/blogs.uninter.edu.mx\/difusioncultural\/wp-content\/uploads\/2020\/07\/img_5500.jpg\",\"datePublished\":\"2020-07-24T20:00:00+00:00\",\"breadcrumb\":{\"@id\":\"https:\/\/blogs.uninter.edu.mx\/difusioncultural\/?p=7483#breadcrumb\"},\"inLanguage\":\"es\",\"potentialAction\":[{\"@type\":\"ReadAction\",\"target\":[\"https:\/\/blogs.uninter.edu.mx\/difusioncultural\/?p=7483\"]}]},{\"@type\":\"ImageObject\",\"inLanguage\":\"es\",\"@id\":\"https:\/\/blogs.uninter.edu.mx\/difusioncultural\/?p=7483#primaryimage\",\"url\":\"https:\/\/blogs.uninter.edu.mx\/difusioncultural\/wp-content\/uploads\/2020\/07\/img_5500.jpg\",\"contentUrl\":\"https:\/\/blogs.uninter.edu.mx\/difusioncultural\/wp-content\/uploads\/2020\/07\/img_5500.jpg\",\"width\":500,\"height\":280},{\"@type\":\"BreadcrumbList\",\"@id\":\"https:\/\/blogs.uninter.edu.mx\/difusioncultural\/?p=7483#breadcrumb\",\"itemListElement\":[{\"@type\":\"ListItem\",\"position\":1,\"name\":\"Inicio\",\"item\":\"https:\/\/blogs.uninter.edu.mx\/difusioncultural\/\"},{\"@type\":\"ListItem\",\"position\":2,\"name\":\"Tenor polaco lanza mensaje de esperanza triunfal y da la vuelta al mundo\"}]},{\"@type\":\"WebSite\",\"@id\":\"https:\/\/blogs.uninter.edu.mx\/difusioncultural\/#website\",\"url\":\"https:\/\/blogs.uninter.edu.mx\/difusioncultural\/\",\"name\":\"Difusi\u00f3n Cultural\",\"description\":\"UNINTER\",\"publisher\":{\"@id\":\"https:\/\/blogs.uninter.edu.mx\/difusioncultural\/#organization\"},\"potentialAction\":[{\"@type\":\"SearchAction\",\"target\":{\"@type\":\"EntryPoint\",\"urlTemplate\":\"https:\/\/blogs.uninter.edu.mx\/difusioncultural\/?s={search_term_string}\"},\"query-input\":{\"@type\":\"PropertyValueSpecification\",\"valueRequired\":true,\"valueName\":\"search_term_string\"}}],\"inLanguage\":\"es\"},{\"@type\":\"Organization\",\"@id\":\"https:\/\/blogs.uninter.edu.mx\/difusioncultural\/#organization\",\"name\":\"Difusi\u00f3n Cultural\",\"url\":\"https:\/\/blogs.uninter.edu.mx\/difusioncultural\/\",\"logo\":{\"@type\":\"ImageObject\",\"inLanguage\":\"es\",\"@id\":\"https:\/\/blogs.uninter.edu.mx\/difusioncultural\/#\/schema\/logo\/image\/\",\"url\":\"https:\/\/blogs.uninter.edu.mx\/difusioncultural\/wp-content\/uploads\/2022\/09\/uninter.jpg\",\"contentUrl\":\"https:\/\/blogs.uninter.edu.mx\/difusioncultural\/wp-content\/uploads\/2022\/09\/uninter.jpg\",\"width\":2048,\"height\":2048,\"caption\":\"Difusi\u00f3n Cultural\"},\"image\":{\"@id\":\"https:\/\/blogs.uninter.edu.mx\/difusioncultural\/#\/schema\/logo\/image\/\"}},{\"@type\":\"Person\",\"@id\":\"https:\/\/blogs.uninter.edu.mx\/difusioncultural\/#\/schema\/person\/37a0926f4dd300a814993fd595abdc4a\",\"name\":\"webmaster\",\"image\":{\"@type\":\"ImageObject\",\"inLanguage\":\"es\",\"@id\":\"https:\/\/blogs.uninter.edu.mx\/difusioncultural\/#\/schema\/person\/image\/\",\"url\":\"https:\/\/secure.gravatar.com\/avatar\/a59c276b01147463ef3aab4118e3137ebc5e1ad6700deb39ccdf8b89e517f7dc?s=96&d=mm&r=g\",\"contentUrl\":\"https:\/\/secure.gravatar.com\/avatar\/a59c276b01147463ef3aab4118e3137ebc5e1ad6700deb39ccdf8b89e517f7dc?s=96&d=mm&r=g\",\"caption\":\"webmaster\"},\"sameAs\":[\"https:\/\/blogs.uninter.edu.mx\/difusioncultural\"],\"url\":\"https:\/\/blogs.uninter.edu.mx\/difusioncultural\/?author=1\"}]}<\/script>\r\n<!-- \/ Yoast SEO plugin. -->","yoast_head_json":{"title":"Tenor polaco lanza mensaje de esperanza triunfal y da la vuelta al mundo - Difusi\u00f3n Cultural","robots":{"index":"index","follow":"follow","max-snippet":"max-snippet:-1","max-image-preview":"max-image-preview:large","max-video-preview":"max-video-preview:-1"},"canonical":"https:\/\/blogs.uninter.edu.mx\/difusioncultural\/?p=7483","og_locale":"es_MX","og_type":"article","og_title":"Tenor polaco lanza mensaje de esperanza triunfal y da la vuelta al mundo - Difusi\u00f3n Cultural","og_description":"Lunes 20 de julio de 2020.&nbsp;Que nadie duerma porque al alba venceremos, canta el tenor polaco Leszek \u015awidzi\u0144ski en un video lanzado en mayo que ya alcanz\u00f3 54 mil 600 reproducciones y contin\u00faa dando la vuelta al mundo con su mensaje de esperanza triunfal. La obra se puede ver en el canal de YouTube de&hellip;","og_url":"https:\/\/blogs.uninter.edu.mx\/difusioncultural\/?p=7483","og_site_name":"Difusi\u00f3n Cultural","article_published_time":"2020-07-24T20:00:00+00:00","og_image":[{"width":500,"height":280,"url":"https:\/\/blogs.uninter.edu.mx\/difusioncultural\/wp-content\/uploads\/2020\/07\/img_5500.jpg","type":"image\/jpeg"}],"author":"webmaster","twitter_card":"summary_large_image","twitter_misc":{"Escrito por":"webmaster","Tiempo de lectura":"2 minutos"},"schema":{"@context":"https:\/\/schema.org","@graph":[{"@type":"Article","@id":"https:\/\/blogs.uninter.edu.mx\/difusioncultural\/?p=7483#article","isPartOf":{"@id":"https:\/\/blogs.uninter.edu.mx\/difusioncultural\/?p=7483"},"author":{"name":"webmaster","@id":"https:\/\/blogs.uninter.edu.mx\/difusioncultural\/#\/schema\/person\/37a0926f4dd300a814993fd595abdc4a"},"headline":"Tenor polaco lanza mensaje de esperanza triunfal y da la vuelta al mundo","datePublished":"2020-07-24T20:00:00+00:00","mainEntityOfPage":{"@id":"https:\/\/blogs.uninter.edu.mx\/difusioncultural\/?p=7483"},"wordCount":465,"publisher":{"@id":"https:\/\/blogs.uninter.edu.mx\/difusioncultural\/#organization"},"image":{"@id":"https:\/\/blogs.uninter.edu.mx\/difusioncultural\/?p=7483#primaryimage"},"thumbnailUrl":"https:\/\/blogs.uninter.edu.mx\/difusioncultural\/wp-content\/uploads\/2020\/07\/img_5500.jpg","articleSection":["Personas interesantes"],"inLanguage":"es"},{"@type":"WebPage","@id":"https:\/\/blogs.uninter.edu.mx\/difusioncultural\/?p=7483","url":"https:\/\/blogs.uninter.edu.mx\/difusioncultural\/?p=7483","name":"Tenor polaco lanza mensaje de esperanza triunfal y da la vuelta al mundo - Difusi\u00f3n Cultural","isPartOf":{"@id":"https:\/\/blogs.uninter.edu.mx\/difusioncultural\/#website"},"primaryImageOfPage":{"@id":"https:\/\/blogs.uninter.edu.mx\/difusioncultural\/?p=7483#primaryimage"},"image":{"@id":"https:\/\/blogs.uninter.edu.mx\/difusioncultural\/?p=7483#primaryimage"},"thumbnailUrl":"https:\/\/blogs.uninter.edu.mx\/difusioncultural\/wp-content\/uploads\/2020\/07\/img_5500.jpg","datePublished":"2020-07-24T20:00:00+00:00","breadcrumb":{"@id":"https:\/\/blogs.uninter.edu.mx\/difusioncultural\/?p=7483#breadcrumb"},"inLanguage":"es","potentialAction":[{"@type":"ReadAction","target":["https:\/\/blogs.uninter.edu.mx\/difusioncultural\/?p=7483"]}]},{"@type":"ImageObject","inLanguage":"es","@id":"https:\/\/blogs.uninter.edu.mx\/difusioncultural\/?p=7483#primaryimage","url":"https:\/\/blogs.uninter.edu.mx\/difusioncultural\/wp-content\/uploads\/2020\/07\/img_5500.jpg","contentUrl":"https:\/\/blogs.uninter.edu.mx\/difusioncultural\/wp-content\/uploads\/2020\/07\/img_5500.jpg","width":500,"height":280},{"@type":"BreadcrumbList","@id":"https:\/\/blogs.uninter.edu.mx\/difusioncultural\/?p=7483#breadcrumb","itemListElement":[{"@type":"ListItem","position":1,"name":"Inicio","item":"https:\/\/blogs.uninter.edu.mx\/difusioncultural\/"},{"@type":"ListItem","position":2,"name":"Tenor polaco lanza mensaje de esperanza triunfal y da la vuelta al mundo"}]},{"@type":"WebSite","@id":"https:\/\/blogs.uninter.edu.mx\/difusioncultural\/#website","url":"https:\/\/blogs.uninter.edu.mx\/difusioncultural\/","name":"Difusi\u00f3n Cultural","description":"UNINTER","publisher":{"@id":"https:\/\/blogs.uninter.edu.mx\/difusioncultural\/#organization"},"potentialAction":[{"@type":"SearchAction","target":{"@type":"EntryPoint","urlTemplate":"https:\/\/blogs.uninter.edu.mx\/difusioncultural\/?s={search_term_string}"},"query-input":{"@type":"PropertyValueSpecification","valueRequired":true,"valueName":"search_term_string"}}],"inLanguage":"es"},{"@type":"Organization","@id":"https:\/\/blogs.uninter.edu.mx\/difusioncultural\/#organization","name":"Difusi\u00f3n Cultural","url":"https:\/\/blogs.uninter.edu.mx\/difusioncultural\/","logo":{"@type":"ImageObject","inLanguage":"es","@id":"https:\/\/blogs.uninter.edu.mx\/difusioncultural\/#\/schema\/logo\/image\/","url":"https:\/\/blogs.uninter.edu.mx\/difusioncultural\/wp-content\/uploads\/2022\/09\/uninter.jpg","contentUrl":"https:\/\/blogs.uninter.edu.mx\/difusioncultural\/wp-content\/uploads\/2022\/09\/uninter.jpg","width":2048,"height":2048,"caption":"Difusi\u00f3n Cultural"},"image":{"@id":"https:\/\/blogs.uninter.edu.mx\/difusioncultural\/#\/schema\/logo\/image\/"}},{"@type":"Person","@id":"https:\/\/blogs.uninter.edu.mx\/difusioncultural\/#\/schema\/person\/37a0926f4dd300a814993fd595abdc4a","name":"webmaster","image":{"@type":"ImageObject","inLanguage":"es","@id":"https:\/\/blogs.uninter.edu.mx\/difusioncultural\/#\/schema\/person\/image\/","url":"https:\/\/secure.gravatar.com\/avatar\/a59c276b01147463ef3aab4118e3137ebc5e1ad6700deb39ccdf8b89e517f7dc?s=96&d=mm&r=g","contentUrl":"https:\/\/secure.gravatar.com\/avatar\/a59c276b01147463ef3aab4118e3137ebc5e1ad6700deb39ccdf8b89e517f7dc?s=96&d=mm&r=g","caption":"webmaster"},"sameAs":["https:\/\/blogs.uninter.edu.mx\/difusioncultural"],"url":"https:\/\/blogs.uninter.edu.mx\/difusioncultural\/?author=1"}]}},"jetpack_publicize_connections":[],"jetpack_featured_media_url":"https:\/\/blogs.uninter.edu.mx\/difusioncultural\/wp-content\/uploads\/2020\/07\/img_5500.jpg","jetpack_sharing_enabled":true,"_links":{"self":[{"href":"https:\/\/blogs.uninter.edu.mx\/difusioncultural\/index.php?rest_route=\/wp\/v2\/posts\/7483","targetHints":{"allow":["GET"]}}],"collection":[{"href":"https:\/\/blogs.uninter.edu.mx\/difusioncultural\/index.php?rest_route=\/wp\/v2\/posts"}],"about":[{"href":"https:\/\/blogs.uninter.edu.mx\/difusioncultural\/index.php?rest_route=\/wp\/v2\/types\/post"}],"author":[{"embeddable":true,"href":"https:\/\/blogs.uninter.edu.mx\/difusioncultural\/index.php?rest_route=\/wp\/v2\/users\/1"}],"replies":[{"embeddable":true,"href":"https:\/\/blogs.uninter.edu.mx\/difusioncultural\/index.php?rest_route=%2Fwp%2Fv2%2Fcomments&post=7483"}],"version-history":[{"count":0,"href":"https:\/\/blogs.uninter.edu.mx\/difusioncultural\/index.php?rest_route=\/wp\/v2\/posts\/7483\/revisions"}],"wp:featuredmedia":[{"embeddable":true,"href":"https:\/\/blogs.uninter.edu.mx\/difusioncultural\/index.php?rest_route=\/wp\/v2\/media\/7482"}],"wp:attachment":[{"href":"https:\/\/blogs.uninter.edu.mx\/difusioncultural\/index.php?rest_route=%2Fwp%2Fv2%2Fmedia&parent=7483"}],"wp:term":[{"taxonomy":"category","embeddable":true,"href":"https:\/\/blogs.uninter.edu.mx\/difusioncultural\/index.php?rest_route=%2Fwp%2Fv2%2Fcategories&post=7483"},{"taxonomy":"post_tag","embeddable":true,"href":"https:\/\/blogs.uninter.edu.mx\/difusioncultural\/index.php?rest_route=%2Fwp%2Fv2%2Ftags&post=7483"}],"curies":[{"name":"wp","href":"https:\/\/api.w.org\/{rel}","templated":true}]}}