{"id":7512,"date":"2020-09-02T10:00:00","date_gmt":"2020-09-02T15:00:00","guid":{"rendered":"https:\/\/difusionculturaluninter.wordpress.com\/?p=7512"},"modified":"2020-09-02T10:00:00","modified_gmt":"2020-09-02T15:00:00","slug":"museo-franz-mayerllega-el-world-press-photo-2020-al-museo-franz-mayer","status":"publish","type":"post","link":"https:\/\/blogs.uninter.edu.mx\/difusioncultural\/?p=7512","title":{"rendered":"Museo Franz MayerLlega el World Press Photo 2020 al Museo Franz Mayer"},"content":{"rendered":"\n<figure class=\"wp-block-image size-large\"><img fetchpriority=\"high\" decoding=\"async\" width=\"640\" height=\"427\" src=\"https:\/\/difusionculturaluninter.files.wordpress.com\/2020\/09\/img_5739.jpg?w=640\" alt=\"\" class=\"wp-image-7511\" \/><\/figure>\n\n\n\n<p>Al refrendar que el apoyo a la libertad de prensa es una de sus virtudes esenciales, la Fundaci\u00f3n World Press Photo lament\u00f3 este lunes la situaci\u00f3n de violencia extrema que enfrentan los periodistas y fotoperiodistas en M\u00e9xico y les extendi\u00f3 su solidaridad.<\/p>\n\n\n\n<p>\u201cLamentablemente, la libertad de prensa en M\u00e9xico est\u00e1 en un punto muy bajo. Sigue siendo el pa\u00eds en paz m\u00e1s mort\u00edfero del mundo; en ning\u00fan otro mataron a tantos periodistas en 2019, al ser asesinados 10, seguido de Pakist\u00e1n, con cuatro, y Afganist\u00e1n, con tres\u201d, se\u00f1al\u00f3 Babette Warendorf, directora de exposiciones de ese organismo internacional con sede en Amsterdam, Holanda.<\/p>\n\n\n\n<p>\u201cEn lo que va del a\u00f1o, en M\u00e9xico se han asesinado a cuatro reporteros por su trabajo, seg\u00fan Reporteros sin fronteras. Reiteramos nuestra solidaridad con todos los periodistas y fotoperiodistas mexicanos\u201d.<\/p>\n\n\n\n<p>La tambi\u00e9n curadora envi\u00f3 un mensaje en video a la conferencia de prensa en la que fue anunciada la&nbsp;<em>World Press Photo 2020<\/em>, la exposici\u00f3n con los trabajos ganadores del concurso anual de fotoperiodismo m\u00e1s importante del mundo, que desde hace m\u00e1s de una d\u00e9cada tiene como sede oficial en nuestro pa\u00eds al Museo Franz Mayer, donde se presentar\u00e1 del 2 de septiembre al 8 de noviembre.<\/p>\n\n\n\n<p>Babette Warendorf record\u00f3 que el prop\u00f3sito de la muestra es \u201ccontar historias y celebrar el trabajo de los fotoperiodistas que cada a\u00f1o salen a contarnos esas historias, a veces, con peligro de su propia vida. Por eso, celebramos y apoyamos la libertad de prensa, una virtud esencial en nuestra organizaci\u00f3n\u201d.<\/p>\n\n\n\n<p>Detall\u00f3 que las 139 im\u00e1genes de la exposici\u00f3n corresponden a la edici\u00f3n 2019 del citado certamen, en el cual participaron cerca de 74 mil fotograf\u00edas de poco m\u00e1s de 4 mil fot\u00f3grafos de 125 pa\u00edses.<\/p>\n\n\n\n<p>Se incluyen los 44 trabajos ganadores de las 8 categor\u00edas: Temas contempor\u00e1neos, Noticias generales, Proyectos a largo plazo, Deportes, Naturaleza, Retratos, Noticias de actualidad y Medio ambiente, as\u00ed como de los premios World Press Photo del a\u00f1o y World Press Photo Story del a\u00f1o.<\/p>\n\n\n\n<p>Para la directora del Franz Mayer, Alejandra de la Paz, &nbsp;la&nbsp;<em>World Press Photo 2020<\/em>&nbsp;representa \u201cun esfuerzo muy especial de \u00edndole log\u00edstica y financiera\u201d, y remarc\u00f3 que podr\u00e1 ser apreciada de manera presencial por el p\u00fablico \u201ccon total seguridad\u201d, en t\u00e9rminos de prevenci\u00f3n sanitaria.<\/p>\n\n\n\n<p>Resalt\u00f3 que&nbsp;<em>World Press Photo 2020<\/em>&nbsp;tendr\u00e1 actividades paralelas, algunas de ellas presenciales, en cuanto sea posible, una de ellas una pl\u00e1tica con el fot\u00f3grafo mexicano Alejandro Prieto, ganador del segundo lugar en la categor\u00eda Naturaleza, as\u00ed como recorridos y charlas virtuales.&nbsp;<\/p>\n\n\n\n<p>Ubicado en Avenida Hidalgo 45, Centro Hist\u00f3rico, los horarios del museo son de martes a viernes de 11 a 16 horas y s\u00e1bado y domingos, de 11 a 17 horas.<\/p>\n","protected":false},"excerpt":{"rendered":"<p>Al refrendar que el apoyo a la libertad de prensa es una de sus virtudes esenciales, la Fundaci\u00f3n World Press Photo lament\u00f3 este lunes la situaci\u00f3n de violencia extrema que enfrentan los periodistas y fotoperiodistas en M\u00e9xico y les extendi\u00f3 su solidaridad. \u201cLamentablemente, la libertad de prensa en M\u00e9xico est\u00e1 en un punto muy bajo.&hellip;<\/p>\n","protected":false},"author":1,"featured_media":7511,"comment_status":"closed","ping_status":"open","sticky":false,"template":"","format":"standard","meta":{"_jetpack_memberships_contains_paid_content":false,"footnotes":"","jetpack_publicize_message":"","jetpack_publicize_feature_enabled":true,"jetpack_social_post_already_shared":false,"jetpack_social_options":{"image_generator_settings":{"template":"highway","default_image_id":0,"font":"","enabled":false},"version":2}},"categories":[8],"tags":[],"class_list":["post-7512","post","type-post","status-publish","format-standard","has-post-thumbnail","hentry","category-eventos"],"yoast_head":"<!-- This site is optimized with the Yoast SEO plugin v26.3 - https:\/\/yoast.com\/wordpress\/plugins\/seo\/ -->\r\n<title>Museo Franz MayerLlega el World Press Photo 2020 al Museo Franz Mayer - Difusi\u00f3n Cultural<\/title>\r\n<meta name=\"robots\" content=\"index, follow, max-snippet:-1, max-image-preview:large, max-video-preview:-1\" \/>\r\n<link rel=\"canonical\" href=\"https:\/\/blogs.uninter.edu.mx\/difusioncultural\/?p=7512\" \/>\r\n<meta property=\"og:locale\" content=\"es_MX\" \/>\r\n<meta property=\"og:type\" content=\"article\" \/>\r\n<meta property=\"og:title\" content=\"Museo Franz MayerLlega el World Press Photo 2020 al Museo Franz Mayer - Difusi\u00f3n Cultural\" \/>\r\n<meta property=\"og:description\" content=\"Al refrendar que el apoyo a la libertad de prensa es una de sus virtudes esenciales, la Fundaci\u00f3n World Press Photo lament\u00f3 este lunes la situaci\u00f3n de violencia extrema que enfrentan los periodistas y fotoperiodistas en M\u00e9xico y les extendi\u00f3 su solidaridad. \u201cLamentablemente, la libertad de prensa en M\u00e9xico est\u00e1 en un punto muy bajo.&hellip;\" \/>\r\n<meta property=\"og:url\" content=\"https:\/\/blogs.uninter.edu.mx\/difusioncultural\/?p=7512\" \/>\r\n<meta property=\"og:site_name\" content=\"Difusi\u00f3n Cultural\" \/>\r\n<meta property=\"article:published_time\" content=\"2020-09-02T15:00:00+00:00\" \/>\r\n<meta property=\"og:image\" content=\"https:\/\/blogs.uninter.edu.mx\/difusioncultural\/wp-content\/uploads\/2020\/09\/img_5739.jpg\" \/>\r\n\t<meta property=\"og:image:width\" content=\"640\" \/>\r\n\t<meta property=\"og:image:height\" content=\"427\" \/>\r\n\t<meta property=\"og:image:type\" content=\"image\/jpeg\" \/>\r\n<meta name=\"author\" content=\"webmaster\" \/>\r\n<meta name=\"twitter:card\" content=\"summary_large_image\" \/>\r\n<meta name=\"twitter:label1\" content=\"Escrito por\" \/>\n\t<meta name=\"twitter:data1\" content=\"webmaster\" \/>\n\t<meta name=\"twitter:label2\" content=\"Tiempo de lectura\" \/>\n\t<meta name=\"twitter:data2\" content=\"2 minutos\" \/>\r\n<script type=\"application\/ld+json\" class=\"yoast-schema-graph\">{\"@context\":\"https:\/\/schema.org\",\"@graph\":[{\"@type\":\"Article\",\"@id\":\"https:\/\/blogs.uninter.edu.mx\/difusioncultural\/?p=7512#article\",\"isPartOf\":{\"@id\":\"https:\/\/blogs.uninter.edu.mx\/difusioncultural\/?p=7512\"},\"author\":{\"name\":\"webmaster\",\"@id\":\"https:\/\/blogs.uninter.edu.mx\/difusioncultural\/#\/schema\/person\/37a0926f4dd300a814993fd595abdc4a\"},\"headline\":\"Museo Franz MayerLlega el World Press Photo 2020 al Museo Franz Mayer\",\"datePublished\":\"2020-09-02T15:00:00+00:00\",\"mainEntityOfPage\":{\"@id\":\"https:\/\/blogs.uninter.edu.mx\/difusioncultural\/?p=7512\"},\"wordCount\":488,\"publisher\":{\"@id\":\"https:\/\/blogs.uninter.edu.mx\/difusioncultural\/#organization\"},\"image\":{\"@id\":\"https:\/\/blogs.uninter.edu.mx\/difusioncultural\/?p=7512#primaryimage\"},\"thumbnailUrl\":\"https:\/\/blogs.uninter.edu.mx\/difusioncultural\/wp-content\/uploads\/2020\/09\/img_5739.jpg\",\"articleSection\":[\"Eventos\"],\"inLanguage\":\"es\"},{\"@type\":\"WebPage\",\"@id\":\"https:\/\/blogs.uninter.edu.mx\/difusioncultural\/?p=7512\",\"url\":\"https:\/\/blogs.uninter.edu.mx\/difusioncultural\/?p=7512\",\"name\":\"Museo Franz MayerLlega el World Press Photo 2020 al Museo Franz Mayer - Difusi\u00f3n Cultural\",\"isPartOf\":{\"@id\":\"https:\/\/blogs.uninter.edu.mx\/difusioncultural\/#website\"},\"primaryImageOfPage\":{\"@id\":\"https:\/\/blogs.uninter.edu.mx\/difusioncultural\/?p=7512#primaryimage\"},\"image\":{\"@id\":\"https:\/\/blogs.uninter.edu.mx\/difusioncultural\/?p=7512#primaryimage\"},\"thumbnailUrl\":\"https:\/\/blogs.uninter.edu.mx\/difusioncultural\/wp-content\/uploads\/2020\/09\/img_5739.jpg\",\"datePublished\":\"2020-09-02T15:00:00+00:00\",\"breadcrumb\":{\"@id\":\"https:\/\/blogs.uninter.edu.mx\/difusioncultural\/?p=7512#breadcrumb\"},\"inLanguage\":\"es\",\"potentialAction\":[{\"@type\":\"ReadAction\",\"target\":[\"https:\/\/blogs.uninter.edu.mx\/difusioncultural\/?p=7512\"]}]},{\"@type\":\"ImageObject\",\"inLanguage\":\"es\",\"@id\":\"https:\/\/blogs.uninter.edu.mx\/difusioncultural\/?p=7512#primaryimage\",\"url\":\"https:\/\/blogs.uninter.edu.mx\/difusioncultural\/wp-content\/uploads\/2020\/09\/img_5739.jpg\",\"contentUrl\":\"https:\/\/blogs.uninter.edu.mx\/difusioncultural\/wp-content\/uploads\/2020\/09\/img_5739.jpg\",\"width\":640,\"height\":427},{\"@type\":\"BreadcrumbList\",\"@id\":\"https:\/\/blogs.uninter.edu.mx\/difusioncultural\/?p=7512#breadcrumb\",\"itemListElement\":[{\"@type\":\"ListItem\",\"position\":1,\"name\":\"Inicio\",\"item\":\"https:\/\/blogs.uninter.edu.mx\/difusioncultural\/\"},{\"@type\":\"ListItem\",\"position\":2,\"name\":\"Museo Franz MayerLlega el World Press Photo 2020 al Museo Franz Mayer\"}]},{\"@type\":\"WebSite\",\"@id\":\"https:\/\/blogs.uninter.edu.mx\/difusioncultural\/#website\",\"url\":\"https:\/\/blogs.uninter.edu.mx\/difusioncultural\/\",\"name\":\"Difusi\u00f3n Cultural\",\"description\":\"UNINTER\",\"publisher\":{\"@id\":\"https:\/\/blogs.uninter.edu.mx\/difusioncultural\/#organization\"},\"potentialAction\":[{\"@type\":\"SearchAction\",\"target\":{\"@type\":\"EntryPoint\",\"urlTemplate\":\"https:\/\/blogs.uninter.edu.mx\/difusioncultural\/?s={search_term_string}\"},\"query-input\":{\"@type\":\"PropertyValueSpecification\",\"valueRequired\":true,\"valueName\":\"search_term_string\"}}],\"inLanguage\":\"es\"},{\"@type\":\"Organization\",\"@id\":\"https:\/\/blogs.uninter.edu.mx\/difusioncultural\/#organization\",\"name\":\"Difusi\u00f3n Cultural\",\"url\":\"https:\/\/blogs.uninter.edu.mx\/difusioncultural\/\",\"logo\":{\"@type\":\"ImageObject\",\"inLanguage\":\"es\",\"@id\":\"https:\/\/blogs.uninter.edu.mx\/difusioncultural\/#\/schema\/logo\/image\/\",\"url\":\"https:\/\/blogs.uninter.edu.mx\/difusioncultural\/wp-content\/uploads\/2022\/09\/uninter.jpg\",\"contentUrl\":\"https:\/\/blogs.uninter.edu.mx\/difusioncultural\/wp-content\/uploads\/2022\/09\/uninter.jpg\",\"width\":2048,\"height\":2048,\"caption\":\"Difusi\u00f3n Cultural\"},\"image\":{\"@id\":\"https:\/\/blogs.uninter.edu.mx\/difusioncultural\/#\/schema\/logo\/image\/\"}},{\"@type\":\"Person\",\"@id\":\"https:\/\/blogs.uninter.edu.mx\/difusioncultural\/#\/schema\/person\/37a0926f4dd300a814993fd595abdc4a\",\"name\":\"webmaster\",\"image\":{\"@type\":\"ImageObject\",\"inLanguage\":\"es\",\"@id\":\"https:\/\/blogs.uninter.edu.mx\/difusioncultural\/#\/schema\/person\/image\/\",\"url\":\"https:\/\/secure.gravatar.com\/avatar\/a59c276b01147463ef3aab4118e3137ebc5e1ad6700deb39ccdf8b89e517f7dc?s=96&d=mm&r=g\",\"contentUrl\":\"https:\/\/secure.gravatar.com\/avatar\/a59c276b01147463ef3aab4118e3137ebc5e1ad6700deb39ccdf8b89e517f7dc?s=96&d=mm&r=g\",\"caption\":\"webmaster\"},\"sameAs\":[\"https:\/\/blogs.uninter.edu.mx\/difusioncultural\"],\"url\":\"https:\/\/blogs.uninter.edu.mx\/difusioncultural\/?author=1\"}]}<\/script>\r\n<!-- \/ Yoast SEO plugin. -->","yoast_head_json":{"title":"Museo Franz MayerLlega el World Press Photo 2020 al Museo Franz Mayer - Difusi\u00f3n Cultural","robots":{"index":"index","follow":"follow","max-snippet":"max-snippet:-1","max-image-preview":"max-image-preview:large","max-video-preview":"max-video-preview:-1"},"canonical":"https:\/\/blogs.uninter.edu.mx\/difusioncultural\/?p=7512","og_locale":"es_MX","og_type":"article","og_title":"Museo Franz MayerLlega el World Press Photo 2020 al Museo Franz Mayer - Difusi\u00f3n Cultural","og_description":"Al refrendar que el apoyo a la libertad de prensa es una de sus virtudes esenciales, la Fundaci\u00f3n World Press Photo lament\u00f3 este lunes la situaci\u00f3n de violencia extrema que enfrentan los periodistas y fotoperiodistas en M\u00e9xico y les extendi\u00f3 su solidaridad. \u201cLamentablemente, la libertad de prensa en M\u00e9xico est\u00e1 en un punto muy bajo.&hellip;","og_url":"https:\/\/blogs.uninter.edu.mx\/difusioncultural\/?p=7512","og_site_name":"Difusi\u00f3n Cultural","article_published_time":"2020-09-02T15:00:00+00:00","og_image":[{"width":640,"height":427,"url":"https:\/\/blogs.uninter.edu.mx\/difusioncultural\/wp-content\/uploads\/2020\/09\/img_5739.jpg","type":"image\/jpeg"}],"author":"webmaster","twitter_card":"summary_large_image","twitter_misc":{"Escrito por":"webmaster","Tiempo de lectura":"2 minutos"},"schema":{"@context":"https:\/\/schema.org","@graph":[{"@type":"Article","@id":"https:\/\/blogs.uninter.edu.mx\/difusioncultural\/?p=7512#article","isPartOf":{"@id":"https:\/\/blogs.uninter.edu.mx\/difusioncultural\/?p=7512"},"author":{"name":"webmaster","@id":"https:\/\/blogs.uninter.edu.mx\/difusioncultural\/#\/schema\/person\/37a0926f4dd300a814993fd595abdc4a"},"headline":"Museo Franz MayerLlega el World Press Photo 2020 al Museo Franz Mayer","datePublished":"2020-09-02T15:00:00+00:00","mainEntityOfPage":{"@id":"https:\/\/blogs.uninter.edu.mx\/difusioncultural\/?p=7512"},"wordCount":488,"publisher":{"@id":"https:\/\/blogs.uninter.edu.mx\/difusioncultural\/#organization"},"image":{"@id":"https:\/\/blogs.uninter.edu.mx\/difusioncultural\/?p=7512#primaryimage"},"thumbnailUrl":"https:\/\/blogs.uninter.edu.mx\/difusioncultural\/wp-content\/uploads\/2020\/09\/img_5739.jpg","articleSection":["Eventos"],"inLanguage":"es"},{"@type":"WebPage","@id":"https:\/\/blogs.uninter.edu.mx\/difusioncultural\/?p=7512","url":"https:\/\/blogs.uninter.edu.mx\/difusioncultural\/?p=7512","name":"Museo Franz MayerLlega el World Press Photo 2020 al Museo Franz Mayer - Difusi\u00f3n Cultural","isPartOf":{"@id":"https:\/\/blogs.uninter.edu.mx\/difusioncultural\/#website"},"primaryImageOfPage":{"@id":"https:\/\/blogs.uninter.edu.mx\/difusioncultural\/?p=7512#primaryimage"},"image":{"@id":"https:\/\/blogs.uninter.edu.mx\/difusioncultural\/?p=7512#primaryimage"},"thumbnailUrl":"https:\/\/blogs.uninter.edu.mx\/difusioncultural\/wp-content\/uploads\/2020\/09\/img_5739.jpg","datePublished":"2020-09-02T15:00:00+00:00","breadcrumb":{"@id":"https:\/\/blogs.uninter.edu.mx\/difusioncultural\/?p=7512#breadcrumb"},"inLanguage":"es","potentialAction":[{"@type":"ReadAction","target":["https:\/\/blogs.uninter.edu.mx\/difusioncultural\/?p=7512"]}]},{"@type":"ImageObject","inLanguage":"es","@id":"https:\/\/blogs.uninter.edu.mx\/difusioncultural\/?p=7512#primaryimage","url":"https:\/\/blogs.uninter.edu.mx\/difusioncultural\/wp-content\/uploads\/2020\/09\/img_5739.jpg","contentUrl":"https:\/\/blogs.uninter.edu.mx\/difusioncultural\/wp-content\/uploads\/2020\/09\/img_5739.jpg","width":640,"height":427},{"@type":"BreadcrumbList","@id":"https:\/\/blogs.uninter.edu.mx\/difusioncultural\/?p=7512#breadcrumb","itemListElement":[{"@type":"ListItem","position":1,"name":"Inicio","item":"https:\/\/blogs.uninter.edu.mx\/difusioncultural\/"},{"@type":"ListItem","position":2,"name":"Museo Franz MayerLlega el World Press Photo 2020 al Museo Franz Mayer"}]},{"@type":"WebSite","@id":"https:\/\/blogs.uninter.edu.mx\/difusioncultural\/#website","url":"https:\/\/blogs.uninter.edu.mx\/difusioncultural\/","name":"Difusi\u00f3n Cultural","description":"UNINTER","publisher":{"@id":"https:\/\/blogs.uninter.edu.mx\/difusioncultural\/#organization"},"potentialAction":[{"@type":"SearchAction","target":{"@type":"EntryPoint","urlTemplate":"https:\/\/blogs.uninter.edu.mx\/difusioncultural\/?s={search_term_string}"},"query-input":{"@type":"PropertyValueSpecification","valueRequired":true,"valueName":"search_term_string"}}],"inLanguage":"es"},{"@type":"Organization","@id":"https:\/\/blogs.uninter.edu.mx\/difusioncultural\/#organization","name":"Difusi\u00f3n Cultural","url":"https:\/\/blogs.uninter.edu.mx\/difusioncultural\/","logo":{"@type":"ImageObject","inLanguage":"es","@id":"https:\/\/blogs.uninter.edu.mx\/difusioncultural\/#\/schema\/logo\/image\/","url":"https:\/\/blogs.uninter.edu.mx\/difusioncultural\/wp-content\/uploads\/2022\/09\/uninter.jpg","contentUrl":"https:\/\/blogs.uninter.edu.mx\/difusioncultural\/wp-content\/uploads\/2022\/09\/uninter.jpg","width":2048,"height":2048,"caption":"Difusi\u00f3n Cultural"},"image":{"@id":"https:\/\/blogs.uninter.edu.mx\/difusioncultural\/#\/schema\/logo\/image\/"}},{"@type":"Person","@id":"https:\/\/blogs.uninter.edu.mx\/difusioncultural\/#\/schema\/person\/37a0926f4dd300a814993fd595abdc4a","name":"webmaster","image":{"@type":"ImageObject","inLanguage":"es","@id":"https:\/\/blogs.uninter.edu.mx\/difusioncultural\/#\/schema\/person\/image\/","url":"https:\/\/secure.gravatar.com\/avatar\/a59c276b01147463ef3aab4118e3137ebc5e1ad6700deb39ccdf8b89e517f7dc?s=96&d=mm&r=g","contentUrl":"https:\/\/secure.gravatar.com\/avatar\/a59c276b01147463ef3aab4118e3137ebc5e1ad6700deb39ccdf8b89e517f7dc?s=96&d=mm&r=g","caption":"webmaster"},"sameAs":["https:\/\/blogs.uninter.edu.mx\/difusioncultural"],"url":"https:\/\/blogs.uninter.edu.mx\/difusioncultural\/?author=1"}]}},"jetpack_publicize_connections":[],"jetpack_featured_media_url":"https:\/\/blogs.uninter.edu.mx\/difusioncultural\/wp-content\/uploads\/2020\/09\/img_5739.jpg","jetpack_sharing_enabled":true,"_links":{"self":[{"href":"https:\/\/blogs.uninter.edu.mx\/difusioncultural\/index.php?rest_route=\/wp\/v2\/posts\/7512","targetHints":{"allow":["GET"]}}],"collection":[{"href":"https:\/\/blogs.uninter.edu.mx\/difusioncultural\/index.php?rest_route=\/wp\/v2\/posts"}],"about":[{"href":"https:\/\/blogs.uninter.edu.mx\/difusioncultural\/index.php?rest_route=\/wp\/v2\/types\/post"}],"author":[{"embeddable":true,"href":"https:\/\/blogs.uninter.edu.mx\/difusioncultural\/index.php?rest_route=\/wp\/v2\/users\/1"}],"replies":[{"embeddable":true,"href":"https:\/\/blogs.uninter.edu.mx\/difusioncultural\/index.php?rest_route=%2Fwp%2Fv2%2Fcomments&post=7512"}],"version-history":[{"count":0,"href":"https:\/\/blogs.uninter.edu.mx\/difusioncultural\/index.php?rest_route=\/wp\/v2\/posts\/7512\/revisions"}],"wp:featuredmedia":[{"embeddable":true,"href":"https:\/\/blogs.uninter.edu.mx\/difusioncultural\/index.php?rest_route=\/wp\/v2\/media\/7511"}],"wp:attachment":[{"href":"https:\/\/blogs.uninter.edu.mx\/difusioncultural\/index.php?rest_route=%2Fwp%2Fv2%2Fmedia&parent=7512"}],"wp:term":[{"taxonomy":"category","embeddable":true,"href":"https:\/\/blogs.uninter.edu.mx\/difusioncultural\/index.php?rest_route=%2Fwp%2Fv2%2Fcategories&post=7512"},{"taxonomy":"post_tag","embeddable":true,"href":"https:\/\/blogs.uninter.edu.mx\/difusioncultural\/index.php?rest_route=%2Fwp%2Fv2%2Ftags&post=7512"}],"curies":[{"name":"wp","href":"https:\/\/api.w.org\/{rel}","templated":true}]}}