{"id":7521,"date":"2020-09-08T16:00:00","date_gmt":"2020-09-08T21:00:00","guid":{"rendered":"https:\/\/difusionculturaluninter.wordpress.com\/?p=7521"},"modified":"2020-09-08T16:00:00","modified_gmt":"2020-09-08T21:00:00","slug":"habitaciones-cartografia-intima-de-victor-benitez-en-galeria-526","status":"publish","type":"post","link":"https:\/\/blogs.uninter.edu.mx\/difusioncultural\/?p=7521","title":{"rendered":"\u2018Habitaciones\/\/ Cartografi\u0301a i\u0301ntima\u2019 de V\u00edctor Ben\u00edtez en Galer\u00eda 526"},"content":{"rendered":"\n<figure class=\"wp-block-image size-large\"><img fetchpriority=\"high\" decoding=\"async\" width=\"559\" height=\"559\" src=\"https:\/\/difusionculturaluninter.files.wordpress.com\/2020\/09\/img_5774-1.jpg?w=559\" alt=\"\" class=\"wp-image-7520\" \/><\/figure>\n\n\n\n<p>Una selecci\u00f3n de 55 fotograf\u00edas de escritores y artistas de M\u00e9xico y otras partes del mundo conforma la muestra Habitaciones \/\/ Cartograf\u00eda \u00edntima, que ser\u00e1 inaugurada el 5 de septiembre en la Galer\u00eda 526 del Seminario de Cultura Mexicana, donde permanecer\u00e1 hasta el 4 de noviembre.<\/p>\n\n\n\n<p>En ellas, V\u00edctor Ben\u00edtez ha pretendido alejarse de \u201cla t\u00edpica fotograf\u00eda can\u00f3nica\u201d de la cultura y el arte, para \u201ctransgredir\u201d de cierta manera la intimidad de sus retratados, seg\u00fan se\u00f1ala el propio artista veracruzano (Xalapa, 1991).<\/p>\n\n\n\n<p>El factor en com\u00fan de este proyecto \u2014 en el cual el autor ha trabajado desde hace casi cinco a\u00f1os y ha financiado con recursos propios\u2014 es que las fotograf\u00edas han sido tomadas en los espacios personales de escritores y otros artistas, a fin de reflexionar sobre el lugar en el que viven, crean y trabajan, \u201cese peque\u00f1o universo de sus realidades cotidianas\u201d.<\/p>\n\n\n\n<p>Ha sido un periplo que ha llevado al tambi\u00e9n promotor cultural por diversos confines de M\u00e9xico, Madrid, Barcelona, Par\u00eds, Berl\u00edn y Sudam\u00e9rica, y a partir del cual ha logrado configurar un cat\u00e1logo que a la fecha supera los 150 personajes.<\/p>\n\n\n\n<p>Entre los escritores nacionales se encuentran Elena Poniatowska, Margo Glantz, \u00c1ngeles Mastretta, Juan Villoro, Silvia Molina, Paco Ignacio Taibo II, Xavier Velasco, Mario Bellatin y Alberto Ruy S\u00e1nchez. Mientras que entre los de otras latitudes est\u00e1n Rosa Montero, Ray Loriga, Jordi Sierra i Fabra, Marta Sanz y Marcos Giralt Torrente, Andr\u00e9s Newman y Carlos Garc\u00eda Gual.<\/p>\n","protected":false},"excerpt":{"rendered":"<p>Una selecci\u00f3n de 55 fotograf\u00edas de escritores y artistas de M\u00e9xico y otras partes del mundo conforma la muestra Habitaciones \/\/ Cartograf\u00eda \u00edntima, que ser\u00e1 inaugurada el 5 de septiembre en la Galer\u00eda 526 del Seminario de Cultura Mexicana, donde permanecer\u00e1 hasta el 4 de noviembre. En ellas, V\u00edctor Ben\u00edtez ha pretendido alejarse de \u201cla&hellip;<\/p>\n","protected":false},"author":1,"featured_media":7520,"comment_status":"closed","ping_status":"open","sticky":false,"template":"","format":"standard","meta":{"_jetpack_memberships_contains_paid_content":false,"footnotes":"","jetpack_publicize_message":"","jetpack_publicize_feature_enabled":true,"jetpack_social_post_already_shared":false,"jetpack_social_options":{"image_generator_settings":{"template":"highway","default_image_id":0,"font":"","enabled":false},"version":2}},"categories":[13],"tags":[],"class_list":["post-7521","post","type-post","status-publish","format-standard","has-post-thumbnail","hentry","category-personas-interesantes"],"yoast_head":"<!-- This site is optimized with the Yoast SEO plugin v26.3 - https:\/\/yoast.com\/wordpress\/plugins\/seo\/ -->\r\n<title>\u2018Habitaciones\/\/ Cartografi\u0301a i\u0301ntima\u2019 de V\u00edctor Ben\u00edtez en Galer\u00eda 526 - Difusi\u00f3n Cultural<\/title>\r\n<meta name=\"robots\" content=\"index, follow, max-snippet:-1, max-image-preview:large, max-video-preview:-1\" \/>\r\n<link rel=\"canonical\" href=\"https:\/\/blogs.uninter.edu.mx\/difusioncultural\/?p=7521\" \/>\r\n<meta property=\"og:locale\" content=\"es_MX\" \/>\r\n<meta property=\"og:type\" content=\"article\" \/>\r\n<meta property=\"og:title\" content=\"\u2018Habitaciones\/\/ Cartografi\u0301a i\u0301ntima\u2019 de V\u00edctor Ben\u00edtez en Galer\u00eda 526 - Difusi\u00f3n Cultural\" \/>\r\n<meta property=\"og:description\" content=\"Una selecci\u00f3n de 55 fotograf\u00edas de escritores y artistas de M\u00e9xico y otras partes del mundo conforma la muestra Habitaciones \/\/ Cartograf\u00eda \u00edntima, que ser\u00e1 inaugurada el 5 de septiembre en la Galer\u00eda 526 del Seminario de Cultura Mexicana, donde permanecer\u00e1 hasta el 4 de noviembre. En ellas, V\u00edctor Ben\u00edtez ha pretendido alejarse de \u201cla&hellip;\" \/>\r\n<meta property=\"og:url\" content=\"https:\/\/blogs.uninter.edu.mx\/difusioncultural\/?p=7521\" \/>\r\n<meta property=\"og:site_name\" content=\"Difusi\u00f3n Cultural\" \/>\r\n<meta property=\"article:published_time\" content=\"2020-09-08T21:00:00+00:00\" \/>\r\n<meta property=\"og:image\" content=\"https:\/\/blogs.uninter.edu.mx\/difusioncultural\/wp-content\/uploads\/2020\/09\/img_5774-1.jpg\" \/>\r\n\t<meta property=\"og:image:width\" content=\"559\" \/>\r\n\t<meta property=\"og:image:height\" content=\"559\" \/>\r\n\t<meta property=\"og:image:type\" content=\"image\/jpeg\" \/>\r\n<meta name=\"author\" content=\"webmaster\" \/>\r\n<meta name=\"twitter:card\" content=\"summary_large_image\" \/>\r\n<meta name=\"twitter:label1\" content=\"Escrito por\" \/>\n\t<meta name=\"twitter:data1\" content=\"webmaster\" \/>\n\t<meta name=\"twitter:label2\" content=\"Tiempo de lectura\" \/>\n\t<meta name=\"twitter:data2\" content=\"1 minuto\" \/>\r\n<script type=\"application\/ld+json\" class=\"yoast-schema-graph\">{\"@context\":\"https:\/\/schema.org\",\"@graph\":[{\"@type\":\"Article\",\"@id\":\"https:\/\/blogs.uninter.edu.mx\/difusioncultural\/?p=7521#article\",\"isPartOf\":{\"@id\":\"https:\/\/blogs.uninter.edu.mx\/difusioncultural\/?p=7521\"},\"author\":{\"name\":\"webmaster\",\"@id\":\"https:\/\/blogs.uninter.edu.mx\/difusioncultural\/#\/schema\/person\/37a0926f4dd300a814993fd595abdc4a\"},\"headline\":\"\u2018Habitaciones\/\/ Cartografi\u0301a i\u0301ntima\u2019 de V\u00edctor Ben\u00edtez en Galer\u00eda 526\",\"datePublished\":\"2020-09-08T21:00:00+00:00\",\"mainEntityOfPage\":{\"@id\":\"https:\/\/blogs.uninter.edu.mx\/difusioncultural\/?p=7521\"},\"wordCount\":272,\"publisher\":{\"@id\":\"https:\/\/blogs.uninter.edu.mx\/difusioncultural\/#organization\"},\"image\":{\"@id\":\"https:\/\/blogs.uninter.edu.mx\/difusioncultural\/?p=7521#primaryimage\"},\"thumbnailUrl\":\"https:\/\/blogs.uninter.edu.mx\/difusioncultural\/wp-content\/uploads\/2020\/09\/img_5774-1.jpg\",\"articleSection\":[\"Personas interesantes\"],\"inLanguage\":\"es\"},{\"@type\":\"WebPage\",\"@id\":\"https:\/\/blogs.uninter.edu.mx\/difusioncultural\/?p=7521\",\"url\":\"https:\/\/blogs.uninter.edu.mx\/difusioncultural\/?p=7521\",\"name\":\"\u2018Habitaciones\/\/ Cartografi\u0301a i\u0301ntima\u2019 de V\u00edctor Ben\u00edtez en Galer\u00eda 526 - Difusi\u00f3n Cultural\",\"isPartOf\":{\"@id\":\"https:\/\/blogs.uninter.edu.mx\/difusioncultural\/#website\"},\"primaryImageOfPage\":{\"@id\":\"https:\/\/blogs.uninter.edu.mx\/difusioncultural\/?p=7521#primaryimage\"},\"image\":{\"@id\":\"https:\/\/blogs.uninter.edu.mx\/difusioncultural\/?p=7521#primaryimage\"},\"thumbnailUrl\":\"https:\/\/blogs.uninter.edu.mx\/difusioncultural\/wp-content\/uploads\/2020\/09\/img_5774-1.jpg\",\"datePublished\":\"2020-09-08T21:00:00+00:00\",\"breadcrumb\":{\"@id\":\"https:\/\/blogs.uninter.edu.mx\/difusioncultural\/?p=7521#breadcrumb\"},\"inLanguage\":\"es\",\"potentialAction\":[{\"@type\":\"ReadAction\",\"target\":[\"https:\/\/blogs.uninter.edu.mx\/difusioncultural\/?p=7521\"]}]},{\"@type\":\"ImageObject\",\"inLanguage\":\"es\",\"@id\":\"https:\/\/blogs.uninter.edu.mx\/difusioncultural\/?p=7521#primaryimage\",\"url\":\"https:\/\/blogs.uninter.edu.mx\/difusioncultural\/wp-content\/uploads\/2020\/09\/img_5774-1.jpg\",\"contentUrl\":\"https:\/\/blogs.uninter.edu.mx\/difusioncultural\/wp-content\/uploads\/2020\/09\/img_5774-1.jpg\",\"width\":559,\"height\":559},{\"@type\":\"BreadcrumbList\",\"@id\":\"https:\/\/blogs.uninter.edu.mx\/difusioncultural\/?p=7521#breadcrumb\",\"itemListElement\":[{\"@type\":\"ListItem\",\"position\":1,\"name\":\"Inicio\",\"item\":\"https:\/\/blogs.uninter.edu.mx\/difusioncultural\/\"},{\"@type\":\"ListItem\",\"position\":2,\"name\":\"\u2018Habitaciones\/\/ Cartografi\u0301a i\u0301ntima\u2019 de V\u00edctor Ben\u00edtez en Galer\u00eda 526\"}]},{\"@type\":\"WebSite\",\"@id\":\"https:\/\/blogs.uninter.edu.mx\/difusioncultural\/#website\",\"url\":\"https:\/\/blogs.uninter.edu.mx\/difusioncultural\/\",\"name\":\"Difusi\u00f3n Cultural\",\"description\":\"UNINTER\",\"publisher\":{\"@id\":\"https:\/\/blogs.uninter.edu.mx\/difusioncultural\/#organization\"},\"potentialAction\":[{\"@type\":\"SearchAction\",\"target\":{\"@type\":\"EntryPoint\",\"urlTemplate\":\"https:\/\/blogs.uninter.edu.mx\/difusioncultural\/?s={search_term_string}\"},\"query-input\":{\"@type\":\"PropertyValueSpecification\",\"valueRequired\":true,\"valueName\":\"search_term_string\"}}],\"inLanguage\":\"es\"},{\"@type\":\"Organization\",\"@id\":\"https:\/\/blogs.uninter.edu.mx\/difusioncultural\/#organization\",\"name\":\"Difusi\u00f3n Cultural\",\"url\":\"https:\/\/blogs.uninter.edu.mx\/difusioncultural\/\",\"logo\":{\"@type\":\"ImageObject\",\"inLanguage\":\"es\",\"@id\":\"https:\/\/blogs.uninter.edu.mx\/difusioncultural\/#\/schema\/logo\/image\/\",\"url\":\"https:\/\/blogs.uninter.edu.mx\/difusioncultural\/wp-content\/uploads\/2022\/09\/uninter.jpg\",\"contentUrl\":\"https:\/\/blogs.uninter.edu.mx\/difusioncultural\/wp-content\/uploads\/2022\/09\/uninter.jpg\",\"width\":2048,\"height\":2048,\"caption\":\"Difusi\u00f3n Cultural\"},\"image\":{\"@id\":\"https:\/\/blogs.uninter.edu.mx\/difusioncultural\/#\/schema\/logo\/image\/\"}},{\"@type\":\"Person\",\"@id\":\"https:\/\/blogs.uninter.edu.mx\/difusioncultural\/#\/schema\/person\/37a0926f4dd300a814993fd595abdc4a\",\"name\":\"webmaster\",\"image\":{\"@type\":\"ImageObject\",\"inLanguage\":\"es\",\"@id\":\"https:\/\/blogs.uninter.edu.mx\/difusioncultural\/#\/schema\/person\/image\/\",\"url\":\"https:\/\/secure.gravatar.com\/avatar\/a59c276b01147463ef3aab4118e3137ebc5e1ad6700deb39ccdf8b89e517f7dc?s=96&d=mm&r=g\",\"contentUrl\":\"https:\/\/secure.gravatar.com\/avatar\/a59c276b01147463ef3aab4118e3137ebc5e1ad6700deb39ccdf8b89e517f7dc?s=96&d=mm&r=g\",\"caption\":\"webmaster\"},\"sameAs\":[\"https:\/\/blogs.uninter.edu.mx\/difusioncultural\"],\"url\":\"https:\/\/blogs.uninter.edu.mx\/difusioncultural\/?author=1\"}]}<\/script>\r\n<!-- \/ Yoast SEO plugin. -->","yoast_head_json":{"title":"\u2018Habitaciones\/\/ Cartografi\u0301a i\u0301ntima\u2019 de V\u00edctor Ben\u00edtez en Galer\u00eda 526 - Difusi\u00f3n Cultural","robots":{"index":"index","follow":"follow","max-snippet":"max-snippet:-1","max-image-preview":"max-image-preview:large","max-video-preview":"max-video-preview:-1"},"canonical":"https:\/\/blogs.uninter.edu.mx\/difusioncultural\/?p=7521","og_locale":"es_MX","og_type":"article","og_title":"\u2018Habitaciones\/\/ Cartografi\u0301a i\u0301ntima\u2019 de V\u00edctor Ben\u00edtez en Galer\u00eda 526 - Difusi\u00f3n Cultural","og_description":"Una selecci\u00f3n de 55 fotograf\u00edas de escritores y artistas de M\u00e9xico y otras partes del mundo conforma la muestra Habitaciones \/\/ Cartograf\u00eda \u00edntima, que ser\u00e1 inaugurada el 5 de septiembre en la Galer\u00eda 526 del Seminario de Cultura Mexicana, donde permanecer\u00e1 hasta el 4 de noviembre. En ellas, V\u00edctor Ben\u00edtez ha pretendido alejarse de \u201cla&hellip;","og_url":"https:\/\/blogs.uninter.edu.mx\/difusioncultural\/?p=7521","og_site_name":"Difusi\u00f3n Cultural","article_published_time":"2020-09-08T21:00:00+00:00","og_image":[{"width":559,"height":559,"url":"https:\/\/blogs.uninter.edu.mx\/difusioncultural\/wp-content\/uploads\/2020\/09\/img_5774-1.jpg","type":"image\/jpeg"}],"author":"webmaster","twitter_card":"summary_large_image","twitter_misc":{"Escrito por":"webmaster","Tiempo de lectura":"1 minuto"},"schema":{"@context":"https:\/\/schema.org","@graph":[{"@type":"Article","@id":"https:\/\/blogs.uninter.edu.mx\/difusioncultural\/?p=7521#article","isPartOf":{"@id":"https:\/\/blogs.uninter.edu.mx\/difusioncultural\/?p=7521"},"author":{"name":"webmaster","@id":"https:\/\/blogs.uninter.edu.mx\/difusioncultural\/#\/schema\/person\/37a0926f4dd300a814993fd595abdc4a"},"headline":"\u2018Habitaciones\/\/ Cartografi\u0301a i\u0301ntima\u2019 de V\u00edctor Ben\u00edtez en Galer\u00eda 526","datePublished":"2020-09-08T21:00:00+00:00","mainEntityOfPage":{"@id":"https:\/\/blogs.uninter.edu.mx\/difusioncultural\/?p=7521"},"wordCount":272,"publisher":{"@id":"https:\/\/blogs.uninter.edu.mx\/difusioncultural\/#organization"},"image":{"@id":"https:\/\/blogs.uninter.edu.mx\/difusioncultural\/?p=7521#primaryimage"},"thumbnailUrl":"https:\/\/blogs.uninter.edu.mx\/difusioncultural\/wp-content\/uploads\/2020\/09\/img_5774-1.jpg","articleSection":["Personas interesantes"],"inLanguage":"es"},{"@type":"WebPage","@id":"https:\/\/blogs.uninter.edu.mx\/difusioncultural\/?p=7521","url":"https:\/\/blogs.uninter.edu.mx\/difusioncultural\/?p=7521","name":"\u2018Habitaciones\/\/ Cartografi\u0301a i\u0301ntima\u2019 de V\u00edctor Ben\u00edtez en Galer\u00eda 526 - Difusi\u00f3n Cultural","isPartOf":{"@id":"https:\/\/blogs.uninter.edu.mx\/difusioncultural\/#website"},"primaryImageOfPage":{"@id":"https:\/\/blogs.uninter.edu.mx\/difusioncultural\/?p=7521#primaryimage"},"image":{"@id":"https:\/\/blogs.uninter.edu.mx\/difusioncultural\/?p=7521#primaryimage"},"thumbnailUrl":"https:\/\/blogs.uninter.edu.mx\/difusioncultural\/wp-content\/uploads\/2020\/09\/img_5774-1.jpg","datePublished":"2020-09-08T21:00:00+00:00","breadcrumb":{"@id":"https:\/\/blogs.uninter.edu.mx\/difusioncultural\/?p=7521#breadcrumb"},"inLanguage":"es","potentialAction":[{"@type":"ReadAction","target":["https:\/\/blogs.uninter.edu.mx\/difusioncultural\/?p=7521"]}]},{"@type":"ImageObject","inLanguage":"es","@id":"https:\/\/blogs.uninter.edu.mx\/difusioncultural\/?p=7521#primaryimage","url":"https:\/\/blogs.uninter.edu.mx\/difusioncultural\/wp-content\/uploads\/2020\/09\/img_5774-1.jpg","contentUrl":"https:\/\/blogs.uninter.edu.mx\/difusioncultural\/wp-content\/uploads\/2020\/09\/img_5774-1.jpg","width":559,"height":559},{"@type":"BreadcrumbList","@id":"https:\/\/blogs.uninter.edu.mx\/difusioncultural\/?p=7521#breadcrumb","itemListElement":[{"@type":"ListItem","position":1,"name":"Inicio","item":"https:\/\/blogs.uninter.edu.mx\/difusioncultural\/"},{"@type":"ListItem","position":2,"name":"\u2018Habitaciones\/\/ Cartografi\u0301a i\u0301ntima\u2019 de V\u00edctor Ben\u00edtez en Galer\u00eda 526"}]},{"@type":"WebSite","@id":"https:\/\/blogs.uninter.edu.mx\/difusioncultural\/#website","url":"https:\/\/blogs.uninter.edu.mx\/difusioncultural\/","name":"Difusi\u00f3n Cultural","description":"UNINTER","publisher":{"@id":"https:\/\/blogs.uninter.edu.mx\/difusioncultural\/#organization"},"potentialAction":[{"@type":"SearchAction","target":{"@type":"EntryPoint","urlTemplate":"https:\/\/blogs.uninter.edu.mx\/difusioncultural\/?s={search_term_string}"},"query-input":{"@type":"PropertyValueSpecification","valueRequired":true,"valueName":"search_term_string"}}],"inLanguage":"es"},{"@type":"Organization","@id":"https:\/\/blogs.uninter.edu.mx\/difusioncultural\/#organization","name":"Difusi\u00f3n Cultural","url":"https:\/\/blogs.uninter.edu.mx\/difusioncultural\/","logo":{"@type":"ImageObject","inLanguage":"es","@id":"https:\/\/blogs.uninter.edu.mx\/difusioncultural\/#\/schema\/logo\/image\/","url":"https:\/\/blogs.uninter.edu.mx\/difusioncultural\/wp-content\/uploads\/2022\/09\/uninter.jpg","contentUrl":"https:\/\/blogs.uninter.edu.mx\/difusioncultural\/wp-content\/uploads\/2022\/09\/uninter.jpg","width":2048,"height":2048,"caption":"Difusi\u00f3n Cultural"},"image":{"@id":"https:\/\/blogs.uninter.edu.mx\/difusioncultural\/#\/schema\/logo\/image\/"}},{"@type":"Person","@id":"https:\/\/blogs.uninter.edu.mx\/difusioncultural\/#\/schema\/person\/37a0926f4dd300a814993fd595abdc4a","name":"webmaster","image":{"@type":"ImageObject","inLanguage":"es","@id":"https:\/\/blogs.uninter.edu.mx\/difusioncultural\/#\/schema\/person\/image\/","url":"https:\/\/secure.gravatar.com\/avatar\/a59c276b01147463ef3aab4118e3137ebc5e1ad6700deb39ccdf8b89e517f7dc?s=96&d=mm&r=g","contentUrl":"https:\/\/secure.gravatar.com\/avatar\/a59c276b01147463ef3aab4118e3137ebc5e1ad6700deb39ccdf8b89e517f7dc?s=96&d=mm&r=g","caption":"webmaster"},"sameAs":["https:\/\/blogs.uninter.edu.mx\/difusioncultural"],"url":"https:\/\/blogs.uninter.edu.mx\/difusioncultural\/?author=1"}]}},"jetpack_publicize_connections":[],"jetpack_featured_media_url":"https:\/\/blogs.uninter.edu.mx\/difusioncultural\/wp-content\/uploads\/2020\/09\/img_5774-1.jpg","jetpack_sharing_enabled":true,"_links":{"self":[{"href":"https:\/\/blogs.uninter.edu.mx\/difusioncultural\/index.php?rest_route=\/wp\/v2\/posts\/7521","targetHints":{"allow":["GET"]}}],"collection":[{"href":"https:\/\/blogs.uninter.edu.mx\/difusioncultural\/index.php?rest_route=\/wp\/v2\/posts"}],"about":[{"href":"https:\/\/blogs.uninter.edu.mx\/difusioncultural\/index.php?rest_route=\/wp\/v2\/types\/post"}],"author":[{"embeddable":true,"href":"https:\/\/blogs.uninter.edu.mx\/difusioncultural\/index.php?rest_route=\/wp\/v2\/users\/1"}],"replies":[{"embeddable":true,"href":"https:\/\/blogs.uninter.edu.mx\/difusioncultural\/index.php?rest_route=%2Fwp%2Fv2%2Fcomments&post=7521"}],"version-history":[{"count":0,"href":"https:\/\/blogs.uninter.edu.mx\/difusioncultural\/index.php?rest_route=\/wp\/v2\/posts\/7521\/revisions"}],"wp:featuredmedia":[{"embeddable":true,"href":"https:\/\/blogs.uninter.edu.mx\/difusioncultural\/index.php?rest_route=\/wp\/v2\/media\/7520"}],"wp:attachment":[{"href":"https:\/\/blogs.uninter.edu.mx\/difusioncultural\/index.php?rest_route=%2Fwp%2Fv2%2Fmedia&parent=7521"}],"wp:term":[{"taxonomy":"category","embeddable":true,"href":"https:\/\/blogs.uninter.edu.mx\/difusioncultural\/index.php?rest_route=%2Fwp%2Fv2%2Fcategories&post=7521"},{"taxonomy":"post_tag","embeddable":true,"href":"https:\/\/blogs.uninter.edu.mx\/difusioncultural\/index.php?rest_route=%2Fwp%2Fv2%2Ftags&post=7521"}],"curies":[{"name":"wp","href":"https:\/\/api.w.org\/{rel}","templated":true}]}}