{"id":7530,"date":"2020-09-16T18:00:00","date_gmt":"2020-09-16T23:00:00","guid":{"rendered":"https:\/\/difusionculturaluninter.wordpress.com\/?p=7530"},"modified":"2020-09-16T18:00:00","modified_gmt":"2020-09-16T23:00:00","slug":"diego-olavarria-gana-premio-de-cronica-literaria-carlos-montemayor","status":"publish","type":"post","link":"https:\/\/blogs.uninter.edu.mx\/difusioncultural\/?p=7530","title":{"rendered":"Diego Olavarr\u00eda gana Premio de Cr\u00f3nica Literaria Carlos Montemayor"},"content":{"rendered":"\n<figure class=\"wp-block-image size-large\"><img fetchpriority=\"high\" decoding=\"async\" width=\"745\" height=\"471\" src=\"https:\/\/difusionculturaluninter.files.wordpress.com\/2020\/09\/img_5823.jpg\" alt=\"\" class=\"wp-image-7528\" \/><\/figure>\n\n\n\n<p>El cronista y ensayista Diego Olavarr\u00eda (Ciudad de M\u00e9xico, 1984) gan\u00f3 el Premio Bellas Artes de Cr\u00f3nica Literaria Carlos Montemayor 2020 por su obra&nbsp;<em>Honduras, o el canto del gallo<\/em>, firmado con el seud\u00f3nimo&nbsp;<em>Manzana Peluda.<\/em><\/p>\n\n\n\n<p>El jurado, integrado por Josefina Estrada, Gustavo Marcovich y Pablo Espinosa reunidos en videoconferencia, decidi\u00f3 otorgar por unanimidad este reconocimiento a Olavarr\u00eda \u201cpor su originalidad y su manejo de las t\u00e9cnicas narrativas para construir la personalidad de un ni\u00f1o mexicano que habla ingl\u00e9s, que llega a residir dos a\u00f1os en Honduras, por la misi\u00f3n diplom\u00e1tica de su padre\u201d, reza el acta de deliberaci\u00f3n.<\/p>\n\n\n\n<p>El documento menciona la agilidad en la prosa del texto, el cual recrea an\u00e9cdotas breves de las vivencias de su autor en la sociedad clasista de ese pa\u00eds de principios de los a\u00f1os 90 del siglo pasado. Est\u00e1n \u201cen contrapunto sus encuentros con personajes de las clases depauperadas de San Pedro Sula\u201d.<\/p>\n\n\n\n<p>La narraci\u00f3n se desarrolla de 1990 a 2018, cuando el joven de 34 a\u00f1os regresa a los lugares, olores y sabores de su infancia y se encuentra con un pa\u00eds devastado por la violencia, la delincuencia y la naturaleza. El autor proporciona los datos hist\u00f3ricos, socioecon\u00f3micos y pol\u00edticos necesarios para entender las ra\u00edces de la pobreza de Honduras y la obscena riqueza de empresarios, pol\u00edticos y delincuencia organizada.<\/p>\n\n\n\n<p>\u201cAs\u00ed, en esta cr\u00f3nica se constata, sobradamente, uno de sus principios: toda vida est\u00e1 enmarcada en determinado momento hist\u00f3rico de un pa\u00eds. Basta contar, astucia literaria, la vida propia para que la elecci\u00f3n de determinadas acciones nos revele a qu\u00e9 sociedad pertenece el personaje\u201d, concluye el jurado mediante su fallo.<\/p>\n\n\n\n<p>Por esta ocasi\u00f3n el Premio Bellas Artes de Cr\u00f3nica Literaria Carlos Montemayor 2020 se inscribe en el marco de campa\u00f1a \u201cContigo en la distancia\u201d; consiste en un diploma y la cantidad de 100 mil pesos. La ceremonia de premiaci\u00f3n est\u00e1 programada para el 30 de octubre en la ciudad de Chihuahua, si las condiciones sanitarias lo permiten. La Secretar\u00eda de Cultura de Chihuahua otorga el galard\u00f3n junto con el Instituto Nacional de Bellas Artes y Literatura.<\/p>\n\n\n\n<p>Olavarr\u00eda obtuvo el Premio Nacional de Cr\u00f3nica Joven Ricardo Garibay 2015 por su primer libro, <em>El paralelo et\u00edope<\/em>.<\/p>\n","protected":false},"excerpt":{"rendered":"<p>El cronista y ensayista Diego Olavarr\u00eda (Ciudad de M\u00e9xico, 1984) gan\u00f3 el Premio Bellas Artes de Cr\u00f3nica Literaria Carlos Montemayor 2020 por su obra&nbsp;Honduras, o el canto del gallo, firmado con el seud\u00f3nimo&nbsp;Manzana Peluda. El jurado, integrado por Josefina Estrada, Gustavo Marcovich y Pablo Espinosa reunidos en videoconferencia, decidi\u00f3 otorgar por unanimidad este reconocimiento a&hellip;<\/p>\n","protected":false},"author":1,"featured_media":7529,"comment_status":"closed","ping_status":"open","sticky":false,"template":"","format":"standard","meta":{"_jetpack_memberships_contains_paid_content":false,"footnotes":"","jetpack_publicize_message":"","jetpack_publicize_feature_enabled":true,"jetpack_social_post_already_shared":false,"jetpack_social_options":{"image_generator_settings":{"template":"highway","default_image_id":0,"font":"","enabled":false},"version":2}},"categories":[13],"tags":[],"class_list":["post-7530","post","type-post","status-publish","format-standard","has-post-thumbnail","hentry","category-personas-interesantes"],"yoast_head":"<!-- This site is optimized with the Yoast SEO plugin v26.3 - https:\/\/yoast.com\/wordpress\/plugins\/seo\/ -->\r\n<title>Diego Olavarr\u00eda gana Premio de Cr\u00f3nica Literaria Carlos Montemayor - Difusi\u00f3n Cultural<\/title>\r\n<meta name=\"robots\" content=\"index, follow, max-snippet:-1, max-image-preview:large, max-video-preview:-1\" \/>\r\n<link rel=\"canonical\" href=\"https:\/\/blogs.uninter.edu.mx\/difusioncultural\/?p=7530\" \/>\r\n<meta property=\"og:locale\" content=\"es_MX\" \/>\r\n<meta property=\"og:type\" content=\"article\" \/>\r\n<meta property=\"og:title\" content=\"Diego Olavarr\u00eda gana Premio de Cr\u00f3nica Literaria Carlos Montemayor - Difusi\u00f3n Cultural\" \/>\r\n<meta property=\"og:description\" content=\"El cronista y ensayista Diego Olavarr\u00eda (Ciudad de M\u00e9xico, 1984) gan\u00f3 el Premio Bellas Artes de Cr\u00f3nica Literaria Carlos Montemayor 2020 por su obra&nbsp;Honduras, o el canto del gallo, firmado con el seud\u00f3nimo&nbsp;Manzana Peluda. El jurado, integrado por Josefina Estrada, Gustavo Marcovich y Pablo Espinosa reunidos en videoconferencia, decidi\u00f3 otorgar por unanimidad este reconocimiento a&hellip;\" \/>\r\n<meta property=\"og:url\" content=\"https:\/\/blogs.uninter.edu.mx\/difusioncultural\/?p=7530\" \/>\r\n<meta property=\"og:site_name\" content=\"Difusi\u00f3n Cultural\" \/>\r\n<meta property=\"article:published_time\" content=\"2020-09-16T23:00:00+00:00\" \/>\r\n<meta property=\"og:image\" content=\"https:\/\/blogs.uninter.edu.mx\/difusioncultural\/wp-content\/uploads\/2020\/09\/img_5823-1.jpg\" \/>\r\n\t<meta property=\"og:image:width\" content=\"745\" \/>\r\n\t<meta property=\"og:image:height\" content=\"471\" \/>\r\n\t<meta property=\"og:image:type\" content=\"image\/jpeg\" \/>\r\n<meta name=\"author\" content=\"webmaster\" \/>\r\n<meta name=\"twitter:card\" content=\"summary_large_image\" \/>\r\n<meta name=\"twitter:label1\" content=\"Escrito por\" \/>\n\t<meta name=\"twitter:data1\" content=\"webmaster\" \/>\n\t<meta name=\"twitter:label2\" content=\"Tiempo de lectura\" \/>\n\t<meta name=\"twitter:data2\" content=\"2 minutos\" \/>\r\n<script type=\"application\/ld+json\" class=\"yoast-schema-graph\">{\"@context\":\"https:\/\/schema.org\",\"@graph\":[{\"@type\":\"Article\",\"@id\":\"https:\/\/blogs.uninter.edu.mx\/difusioncultural\/?p=7530#article\",\"isPartOf\":{\"@id\":\"https:\/\/blogs.uninter.edu.mx\/difusioncultural\/?p=7530\"},\"author\":{\"name\":\"webmaster\",\"@id\":\"https:\/\/blogs.uninter.edu.mx\/difusioncultural\/#\/schema\/person\/37a0926f4dd300a814993fd595abdc4a\"},\"headline\":\"Diego Olavarr\u00eda gana Premio de Cr\u00f3nica Literaria Carlos Montemayor\",\"datePublished\":\"2020-09-16T23:00:00+00:00\",\"mainEntityOfPage\":{\"@id\":\"https:\/\/blogs.uninter.edu.mx\/difusioncultural\/?p=7530\"},\"wordCount\":403,\"publisher\":{\"@id\":\"https:\/\/blogs.uninter.edu.mx\/difusioncultural\/#organization\"},\"image\":{\"@id\":\"https:\/\/blogs.uninter.edu.mx\/difusioncultural\/?p=7530#primaryimage\"},\"thumbnailUrl\":\"https:\/\/blogs.uninter.edu.mx\/difusioncultural\/wp-content\/uploads\/2020\/09\/img_5823-1.jpg\",\"articleSection\":[\"Personas interesantes\"],\"inLanguage\":\"es\"},{\"@type\":\"WebPage\",\"@id\":\"https:\/\/blogs.uninter.edu.mx\/difusioncultural\/?p=7530\",\"url\":\"https:\/\/blogs.uninter.edu.mx\/difusioncultural\/?p=7530\",\"name\":\"Diego Olavarr\u00eda gana Premio de Cr\u00f3nica Literaria Carlos Montemayor - Difusi\u00f3n Cultural\",\"isPartOf\":{\"@id\":\"https:\/\/blogs.uninter.edu.mx\/difusioncultural\/#website\"},\"primaryImageOfPage\":{\"@id\":\"https:\/\/blogs.uninter.edu.mx\/difusioncultural\/?p=7530#primaryimage\"},\"image\":{\"@id\":\"https:\/\/blogs.uninter.edu.mx\/difusioncultural\/?p=7530#primaryimage\"},\"thumbnailUrl\":\"https:\/\/blogs.uninter.edu.mx\/difusioncultural\/wp-content\/uploads\/2020\/09\/img_5823-1.jpg\",\"datePublished\":\"2020-09-16T23:00:00+00:00\",\"breadcrumb\":{\"@id\":\"https:\/\/blogs.uninter.edu.mx\/difusioncultural\/?p=7530#breadcrumb\"},\"inLanguage\":\"es\",\"potentialAction\":[{\"@type\":\"ReadAction\",\"target\":[\"https:\/\/blogs.uninter.edu.mx\/difusioncultural\/?p=7530\"]}]},{\"@type\":\"ImageObject\",\"inLanguage\":\"es\",\"@id\":\"https:\/\/blogs.uninter.edu.mx\/difusioncultural\/?p=7530#primaryimage\",\"url\":\"https:\/\/blogs.uninter.edu.mx\/difusioncultural\/wp-content\/uploads\/2020\/09\/img_5823-1.jpg\",\"contentUrl\":\"https:\/\/blogs.uninter.edu.mx\/difusioncultural\/wp-content\/uploads\/2020\/09\/img_5823-1.jpg\",\"width\":745,\"height\":471},{\"@type\":\"BreadcrumbList\",\"@id\":\"https:\/\/blogs.uninter.edu.mx\/difusioncultural\/?p=7530#breadcrumb\",\"itemListElement\":[{\"@type\":\"ListItem\",\"position\":1,\"name\":\"Inicio\",\"item\":\"https:\/\/blogs.uninter.edu.mx\/difusioncultural\/\"},{\"@type\":\"ListItem\",\"position\":2,\"name\":\"Diego Olavarr\u00eda gana Premio de Cr\u00f3nica Literaria Carlos Montemayor\"}]},{\"@type\":\"WebSite\",\"@id\":\"https:\/\/blogs.uninter.edu.mx\/difusioncultural\/#website\",\"url\":\"https:\/\/blogs.uninter.edu.mx\/difusioncultural\/\",\"name\":\"Difusi\u00f3n Cultural\",\"description\":\"UNINTER\",\"publisher\":{\"@id\":\"https:\/\/blogs.uninter.edu.mx\/difusioncultural\/#organization\"},\"potentialAction\":[{\"@type\":\"SearchAction\",\"target\":{\"@type\":\"EntryPoint\",\"urlTemplate\":\"https:\/\/blogs.uninter.edu.mx\/difusioncultural\/?s={search_term_string}\"},\"query-input\":{\"@type\":\"PropertyValueSpecification\",\"valueRequired\":true,\"valueName\":\"search_term_string\"}}],\"inLanguage\":\"es\"},{\"@type\":\"Organization\",\"@id\":\"https:\/\/blogs.uninter.edu.mx\/difusioncultural\/#organization\",\"name\":\"Difusi\u00f3n Cultural\",\"url\":\"https:\/\/blogs.uninter.edu.mx\/difusioncultural\/\",\"logo\":{\"@type\":\"ImageObject\",\"inLanguage\":\"es\",\"@id\":\"https:\/\/blogs.uninter.edu.mx\/difusioncultural\/#\/schema\/logo\/image\/\",\"url\":\"https:\/\/blogs.uninter.edu.mx\/difusioncultural\/wp-content\/uploads\/2022\/09\/uninter.jpg\",\"contentUrl\":\"https:\/\/blogs.uninter.edu.mx\/difusioncultural\/wp-content\/uploads\/2022\/09\/uninter.jpg\",\"width\":2048,\"height\":2048,\"caption\":\"Difusi\u00f3n Cultural\"},\"image\":{\"@id\":\"https:\/\/blogs.uninter.edu.mx\/difusioncultural\/#\/schema\/logo\/image\/\"}},{\"@type\":\"Person\",\"@id\":\"https:\/\/blogs.uninter.edu.mx\/difusioncultural\/#\/schema\/person\/37a0926f4dd300a814993fd595abdc4a\",\"name\":\"webmaster\",\"image\":{\"@type\":\"ImageObject\",\"inLanguage\":\"es\",\"@id\":\"https:\/\/blogs.uninter.edu.mx\/difusioncultural\/#\/schema\/person\/image\/\",\"url\":\"https:\/\/secure.gravatar.com\/avatar\/a59c276b01147463ef3aab4118e3137ebc5e1ad6700deb39ccdf8b89e517f7dc?s=96&d=mm&r=g\",\"contentUrl\":\"https:\/\/secure.gravatar.com\/avatar\/a59c276b01147463ef3aab4118e3137ebc5e1ad6700deb39ccdf8b89e517f7dc?s=96&d=mm&r=g\",\"caption\":\"webmaster\"},\"sameAs\":[\"https:\/\/blogs.uninter.edu.mx\/difusioncultural\"],\"url\":\"https:\/\/blogs.uninter.edu.mx\/difusioncultural\/?author=1\"}]}<\/script>\r\n<!-- \/ Yoast SEO plugin. -->","yoast_head_json":{"title":"Diego Olavarr\u00eda gana Premio de Cr\u00f3nica Literaria Carlos Montemayor - Difusi\u00f3n Cultural","robots":{"index":"index","follow":"follow","max-snippet":"max-snippet:-1","max-image-preview":"max-image-preview:large","max-video-preview":"max-video-preview:-1"},"canonical":"https:\/\/blogs.uninter.edu.mx\/difusioncultural\/?p=7530","og_locale":"es_MX","og_type":"article","og_title":"Diego Olavarr\u00eda gana Premio de Cr\u00f3nica Literaria Carlos Montemayor - Difusi\u00f3n Cultural","og_description":"El cronista y ensayista Diego Olavarr\u00eda (Ciudad de M\u00e9xico, 1984) gan\u00f3 el Premio Bellas Artes de Cr\u00f3nica Literaria Carlos Montemayor 2020 por su obra&nbsp;Honduras, o el canto del gallo, firmado con el seud\u00f3nimo&nbsp;Manzana Peluda. El jurado, integrado por Josefina Estrada, Gustavo Marcovich y Pablo Espinosa reunidos en videoconferencia, decidi\u00f3 otorgar por unanimidad este reconocimiento a&hellip;","og_url":"https:\/\/blogs.uninter.edu.mx\/difusioncultural\/?p=7530","og_site_name":"Difusi\u00f3n Cultural","article_published_time":"2020-09-16T23:00:00+00:00","og_image":[{"width":745,"height":471,"url":"https:\/\/blogs.uninter.edu.mx\/difusioncultural\/wp-content\/uploads\/2020\/09\/img_5823-1.jpg","type":"image\/jpeg"}],"author":"webmaster","twitter_card":"summary_large_image","twitter_misc":{"Escrito por":"webmaster","Tiempo de lectura":"2 minutos"},"schema":{"@context":"https:\/\/schema.org","@graph":[{"@type":"Article","@id":"https:\/\/blogs.uninter.edu.mx\/difusioncultural\/?p=7530#article","isPartOf":{"@id":"https:\/\/blogs.uninter.edu.mx\/difusioncultural\/?p=7530"},"author":{"name":"webmaster","@id":"https:\/\/blogs.uninter.edu.mx\/difusioncultural\/#\/schema\/person\/37a0926f4dd300a814993fd595abdc4a"},"headline":"Diego Olavarr\u00eda gana Premio de Cr\u00f3nica Literaria Carlos Montemayor","datePublished":"2020-09-16T23:00:00+00:00","mainEntityOfPage":{"@id":"https:\/\/blogs.uninter.edu.mx\/difusioncultural\/?p=7530"},"wordCount":403,"publisher":{"@id":"https:\/\/blogs.uninter.edu.mx\/difusioncultural\/#organization"},"image":{"@id":"https:\/\/blogs.uninter.edu.mx\/difusioncultural\/?p=7530#primaryimage"},"thumbnailUrl":"https:\/\/blogs.uninter.edu.mx\/difusioncultural\/wp-content\/uploads\/2020\/09\/img_5823-1.jpg","articleSection":["Personas interesantes"],"inLanguage":"es"},{"@type":"WebPage","@id":"https:\/\/blogs.uninter.edu.mx\/difusioncultural\/?p=7530","url":"https:\/\/blogs.uninter.edu.mx\/difusioncultural\/?p=7530","name":"Diego Olavarr\u00eda gana Premio de Cr\u00f3nica Literaria Carlos Montemayor - Difusi\u00f3n Cultural","isPartOf":{"@id":"https:\/\/blogs.uninter.edu.mx\/difusioncultural\/#website"},"primaryImageOfPage":{"@id":"https:\/\/blogs.uninter.edu.mx\/difusioncultural\/?p=7530#primaryimage"},"image":{"@id":"https:\/\/blogs.uninter.edu.mx\/difusioncultural\/?p=7530#primaryimage"},"thumbnailUrl":"https:\/\/blogs.uninter.edu.mx\/difusioncultural\/wp-content\/uploads\/2020\/09\/img_5823-1.jpg","datePublished":"2020-09-16T23:00:00+00:00","breadcrumb":{"@id":"https:\/\/blogs.uninter.edu.mx\/difusioncultural\/?p=7530#breadcrumb"},"inLanguage":"es","potentialAction":[{"@type":"ReadAction","target":["https:\/\/blogs.uninter.edu.mx\/difusioncultural\/?p=7530"]}]},{"@type":"ImageObject","inLanguage":"es","@id":"https:\/\/blogs.uninter.edu.mx\/difusioncultural\/?p=7530#primaryimage","url":"https:\/\/blogs.uninter.edu.mx\/difusioncultural\/wp-content\/uploads\/2020\/09\/img_5823-1.jpg","contentUrl":"https:\/\/blogs.uninter.edu.mx\/difusioncultural\/wp-content\/uploads\/2020\/09\/img_5823-1.jpg","width":745,"height":471},{"@type":"BreadcrumbList","@id":"https:\/\/blogs.uninter.edu.mx\/difusioncultural\/?p=7530#breadcrumb","itemListElement":[{"@type":"ListItem","position":1,"name":"Inicio","item":"https:\/\/blogs.uninter.edu.mx\/difusioncultural\/"},{"@type":"ListItem","position":2,"name":"Diego Olavarr\u00eda gana Premio de Cr\u00f3nica Literaria Carlos Montemayor"}]},{"@type":"WebSite","@id":"https:\/\/blogs.uninter.edu.mx\/difusioncultural\/#website","url":"https:\/\/blogs.uninter.edu.mx\/difusioncultural\/","name":"Difusi\u00f3n Cultural","description":"UNINTER","publisher":{"@id":"https:\/\/blogs.uninter.edu.mx\/difusioncultural\/#organization"},"potentialAction":[{"@type":"SearchAction","target":{"@type":"EntryPoint","urlTemplate":"https:\/\/blogs.uninter.edu.mx\/difusioncultural\/?s={search_term_string}"},"query-input":{"@type":"PropertyValueSpecification","valueRequired":true,"valueName":"search_term_string"}}],"inLanguage":"es"},{"@type":"Organization","@id":"https:\/\/blogs.uninter.edu.mx\/difusioncultural\/#organization","name":"Difusi\u00f3n Cultural","url":"https:\/\/blogs.uninter.edu.mx\/difusioncultural\/","logo":{"@type":"ImageObject","inLanguage":"es","@id":"https:\/\/blogs.uninter.edu.mx\/difusioncultural\/#\/schema\/logo\/image\/","url":"https:\/\/blogs.uninter.edu.mx\/difusioncultural\/wp-content\/uploads\/2022\/09\/uninter.jpg","contentUrl":"https:\/\/blogs.uninter.edu.mx\/difusioncultural\/wp-content\/uploads\/2022\/09\/uninter.jpg","width":2048,"height":2048,"caption":"Difusi\u00f3n Cultural"},"image":{"@id":"https:\/\/blogs.uninter.edu.mx\/difusioncultural\/#\/schema\/logo\/image\/"}},{"@type":"Person","@id":"https:\/\/blogs.uninter.edu.mx\/difusioncultural\/#\/schema\/person\/37a0926f4dd300a814993fd595abdc4a","name":"webmaster","image":{"@type":"ImageObject","inLanguage":"es","@id":"https:\/\/blogs.uninter.edu.mx\/difusioncultural\/#\/schema\/person\/image\/","url":"https:\/\/secure.gravatar.com\/avatar\/a59c276b01147463ef3aab4118e3137ebc5e1ad6700deb39ccdf8b89e517f7dc?s=96&d=mm&r=g","contentUrl":"https:\/\/secure.gravatar.com\/avatar\/a59c276b01147463ef3aab4118e3137ebc5e1ad6700deb39ccdf8b89e517f7dc?s=96&d=mm&r=g","caption":"webmaster"},"sameAs":["https:\/\/blogs.uninter.edu.mx\/difusioncultural"],"url":"https:\/\/blogs.uninter.edu.mx\/difusioncultural\/?author=1"}]}},"jetpack_publicize_connections":[],"jetpack_featured_media_url":"https:\/\/blogs.uninter.edu.mx\/difusioncultural\/wp-content\/uploads\/2020\/09\/img_5823-1.jpg","jetpack_sharing_enabled":true,"_links":{"self":[{"href":"https:\/\/blogs.uninter.edu.mx\/difusioncultural\/index.php?rest_route=\/wp\/v2\/posts\/7530","targetHints":{"allow":["GET"]}}],"collection":[{"href":"https:\/\/blogs.uninter.edu.mx\/difusioncultural\/index.php?rest_route=\/wp\/v2\/posts"}],"about":[{"href":"https:\/\/blogs.uninter.edu.mx\/difusioncultural\/index.php?rest_route=\/wp\/v2\/types\/post"}],"author":[{"embeddable":true,"href":"https:\/\/blogs.uninter.edu.mx\/difusioncultural\/index.php?rest_route=\/wp\/v2\/users\/1"}],"replies":[{"embeddable":true,"href":"https:\/\/blogs.uninter.edu.mx\/difusioncultural\/index.php?rest_route=%2Fwp%2Fv2%2Fcomments&post=7530"}],"version-history":[{"count":0,"href":"https:\/\/blogs.uninter.edu.mx\/difusioncultural\/index.php?rest_route=\/wp\/v2\/posts\/7530\/revisions"}],"wp:featuredmedia":[{"embeddable":true,"href":"https:\/\/blogs.uninter.edu.mx\/difusioncultural\/index.php?rest_route=\/wp\/v2\/media\/7529"}],"wp:attachment":[{"href":"https:\/\/blogs.uninter.edu.mx\/difusioncultural\/index.php?rest_route=%2Fwp%2Fv2%2Fmedia&parent=7530"}],"wp:term":[{"taxonomy":"category","embeddable":true,"href":"https:\/\/blogs.uninter.edu.mx\/difusioncultural\/index.php?rest_route=%2Fwp%2Fv2%2Fcategories&post=7530"},{"taxonomy":"post_tag","embeddable":true,"href":"https:\/\/blogs.uninter.edu.mx\/difusioncultural\/index.php?rest_route=%2Fwp%2Fv2%2Ftags&post=7530"}],"curies":[{"name":"wp","href":"https:\/\/api.w.org\/{rel}","templated":true}]}}