{"id":7536,"date":"2020-09-18T10:00:00","date_gmt":"2020-09-18T15:00:00","guid":{"rendered":"https:\/\/difusionculturaluninter.wordpress.com\/?p=7536"},"modified":"2020-09-18T10:00:00","modified_gmt":"2020-09-18T15:00:00","slug":"museo-de-la-cdmx-presenta-mecanismos-del-cosmos-de-echeverri","status":"publish","type":"post","link":"https:\/\/blogs.uninter.edu.mx\/difusioncultural\/?p=7536","title":{"rendered":"Museo de la CDMX presenta &#8216;Mecanismos del cosmos&#8217; de Echeverri"},"content":{"rendered":"\n<figure class=\"wp-block-image size-large\"><img decoding=\"async\" src=\"\/\/\/var\/mobile\/Containers\/Data\/Application\/8E781881-8AC4-4ED9-8699-58CDA0BE194D\/Library\/Caches\/Media\/thumbnail-p2398-1136x1136.jpeg\" alt=\"\" class=\"wp-image--417919904\" \/><\/figure>\n\n\n\n<p class=\"western\">Frente a la violencia y el ninguneo que ha vivido, y vive, la mujer, la pintora Sof\u00eda Echeverri prefiere mostrar un mundo en el que se le reconoce como parte activa de la sociedad, como un ser humano completo a la par de un var\u00f3n.&nbsp;<\/p>\n\n\n\n<p class=\"western\"><em>Mecanismo del cosmos<\/em>, exposici\u00f3n de la artista tapat\u00eda abierta el pasado 3 de septiembre en el Museo de la Ciudad de M\u00e9xico, hace varios se\u00f1alamientos al respecto en las series:&nbsp;<em>Mecanismo del cosmos<\/em>,&nbsp;<em>Arqueolog\u00eda secreta<\/em>&nbsp;y&nbsp;<em>Se\u00f1oras del saber<\/em>. Se trata de 10 pinturas al acr\u00edlico y una instalaci\u00f3n sonora consistente en 10 esculturas. Hay dos cuadros de 2018 y el resto de la obra es de 2019 y 2020.<\/p>\n\n\n\n<p class=\"western\">La b\u00fasqueda de Echeverri tiene una base arqueol\u00f3gica y de las culturas originarias, aunque a final de cuentas es un arte feminista, de protesta. \u201cMe intereso por varios campos del conocimiento como la arqueolog\u00eda, la sociolog\u00eda y la antropolog\u00eda, sobre todo para entender c\u00f3mo es que el var\u00f3n se ha empoderado. Tomo estos s\u00edmbolos para pas\u00e1rselos a la mujer y al menos visualizarla \u2013mediante su obra&#8211; empoderada, aunque en su parte m\u00e1s humana. Porque no se trata de crear ficciones de hero\u00edsmo falso, sino verla con el poder y la dignidad de un ser humano completo\u201d, expresa la entrevistada.<\/p>\n\n\n\n<p class=\"western\">Sin duda, la pieza m\u00e1s impactante es la instalaci\u00f3n sonora&nbsp;<em>Se\u00f1oras del saber<\/em>. Las 10 figuras, con cabeza de cer\u00e1mica, cuerpo de textil reciclado y atributos de materiales naturales, representan igual n\u00famero de \u201cfeminicidios que se perpetran todos los d\u00edas en nuestro pa\u00eds, seg\u00fan cifras oficiales. Ahora, con la cuarentena, se dice que el n\u00famero ha subido a 11 o 11.5\u201d.&nbsp;<\/p>\n\n\n\n<p class=\"western\">En San Pablito, Pahuatl\u00e1n, Puebla, comunidad donde se produce el papel amate, \u201clos curanderos cortan unas figuritas que llaman el se\u00f1or del monte, de la cosecha, para simb\u00f3licamente darles el poder para hacer sus curaciones. Para la instalaci\u00f3n las convierto en las se\u00f1oras del universo, la protecci\u00f3n, la luz, la salud, las profundidades, la identidad, la sangre, las sombras, entre otras, cada una con su atributo, ya sea plumas, ixtle, piel animal, ramas, crin y cola de caballo\u201d.<\/p>\n\n\n\n<p class=\"western\">Echeverri sonoriz\u00f3 la pieza con una versi\u00f3n muy particular de&nbsp;<em>El violador eres t\u00fa<\/em>, del colectivo chileno Las Tesis. Dio la canci\u00f3n a 10 mujeres hablantes de lenguas originarias para que la tradujeran a n\u00e1huatl, maya, tlapaneco, mazateco, chinanteco, zapoteco, mixteco, mixe, tzetlal y tzotzil. Hecha la traducci\u00f3n, la expositora les pidi\u00f3 hacer una grabaci\u00f3n en la que recitaban las coplas.<\/p>\n\n\n\n<p class=\"western\">Para Echeverri la recitaci\u00f3n es como un ritual en el que \u201cquiero abrir cuestionamientos hac\u00eda lo que perdemos cuando matan 10 mujeres al d\u00eda, qu\u00e9 atributos ten\u00edan, por qu\u00e9 ya no est\u00e1n con nosotros. Es casi como si estuvieran aqu\u00ed en una reuni\u00f3n. S<em>e\u00f1oras del saber<\/em>&nbsp;es un monumento para ellas\u201d.<\/p>\n\n\n\n<p class=\"western\">La serie&nbsp;<em>Arqueolog\u00eda secreta,<\/em>&nbsp;de cinco pinturas<em>,<\/em>&nbsp;parte de piezas del M\u00e9xico prehisp\u00e1nico en colecciones p\u00fablicas y privadas cuyas fichas t\u00e9cnicas den un rango o rol espec\u00edfico a las figurillas masculinas, mientras que las femeninas se simplifican al estilo de \u201cmujer sentada\u201d o \u201cmujer con abanico\u201d. Echeverri las ha asignado profesiones o oficios. \u201cMujer con abrazos cruzados\u201d se convierte en&nbsp;<em>Consejera<\/em>&nbsp;y \u201cmujer con c\u00e1ntaro\u201d, en&nbsp;<em>La aguadora<\/em>.&nbsp;<\/p>\n\n\n\n<p class=\"western\">\u201cNo soy arque\u00f3loga, sin embargo puedo ver lo que me dicen las piezas. Me pongo a pensar que la historia que nos han contado de nosotras mismas est\u00e1 llena de omisiones\u201d, acota. La museograf\u00eda de&nbsp;<em>Arqueolog\u00eda secreta<\/em>hace que \u201cla pintura salga del bastidor\u201d, otra intenci\u00f3n de su montaje.<\/p>\n\n\n\n<p class=\"western\">La serie&nbsp;<em>Mecanismo del cosmos<\/em>comprende&nbsp;<em>Secreta revelaci\u00f3n o la diabla descalza&nbsp;<\/em>(2018), cuadro que dio pie a que Echevarri investigara sobre los rituales funerarios que \u201ca nivel global est\u00e1n dirigidos por varones\u201d.<\/p>\n\n\n\n<p class=\"western\">\u00c9sta exposici\u00f3n estaba programada dentro del programa <em>Tiempo de mujeres,<\/em> celebrado en marzo pasado. Debido a la pandemia por el Covid-19, la muestra tuvo que posponerse justo la v\u00edspera del inicio de la cuarentena. <em>Mecanismo del cosmos<\/em> permanecer\u00e1 montada hasta marzo de 2021, en el Museo de la Ciudad de M\u00e9xico, Pino Su\u00e1rez 30, Centro Hist\u00f3rico.<\/p>\n","protected":false},"excerpt":{"rendered":"<p>Frente a la violencia y el ninguneo que ha vivido, y vive, la mujer, la pintora Sof\u00eda Echeverri prefiere mostrar un mundo en el que se le reconoce como parte activa de la sociedad, como un ser humano completo a la par de un var\u00f3n.&nbsp; Mecanismo del cosmos, exposici\u00f3n de la artista tapat\u00eda abierta el&hellip;<\/p>\n","protected":false},"author":1,"featured_media":0,"comment_status":"closed","ping_status":"open","sticky":false,"template":"","format":"standard","meta":{"_jetpack_memberships_contains_paid_content":false,"footnotes":"","jetpack_publicize_message":"","jetpack_publicize_feature_enabled":true,"jetpack_social_post_already_shared":false,"jetpack_social_options":{"image_generator_settings":{"template":"highway","default_image_id":0,"font":"","enabled":false},"version":2}},"categories":[1],"tags":[],"class_list":["post-7536","post","type-post","status-publish","format-standard","hentry","category-sin-categoria"],"yoast_head":"<!-- This site is optimized with the Yoast SEO plugin v26.3 - https:\/\/yoast.com\/wordpress\/plugins\/seo\/ -->\r\n<title>Museo de la CDMX presenta &#039;Mecanismos del cosmos&#039; de Echeverri - Difusi\u00f3n Cultural<\/title>\r\n<meta name=\"robots\" content=\"index, follow, max-snippet:-1, max-image-preview:large, max-video-preview:-1\" \/>\r\n<link rel=\"canonical\" href=\"https:\/\/blogs.uninter.edu.mx\/difusioncultural\/?p=7536\" \/>\r\n<meta property=\"og:locale\" content=\"es_MX\" \/>\r\n<meta property=\"og:type\" content=\"article\" \/>\r\n<meta property=\"og:title\" content=\"Museo de la CDMX presenta &#039;Mecanismos del cosmos&#039; de Echeverri - Difusi\u00f3n Cultural\" \/>\r\n<meta property=\"og:description\" content=\"Frente a la violencia y el ninguneo que ha vivido, y vive, la mujer, la pintora Sof\u00eda Echeverri prefiere mostrar un mundo en el que se le reconoce como parte activa de la sociedad, como un ser humano completo a la par de un var\u00f3n.&nbsp; Mecanismo del cosmos, exposici\u00f3n de la artista tapat\u00eda abierta el&hellip;\" \/>\r\n<meta property=\"og:url\" content=\"https:\/\/blogs.uninter.edu.mx\/difusioncultural\/?p=7536\" \/>\r\n<meta property=\"og:site_name\" content=\"Difusi\u00f3n Cultural\" \/>\r\n<meta property=\"article:published_time\" content=\"2020-09-18T15:00:00+00:00\" \/>\r\n<meta name=\"author\" content=\"webmaster\" \/>\r\n<meta name=\"twitter:card\" content=\"summary_large_image\" \/>\r\n<meta name=\"twitter:label1\" content=\"Escrito por\" \/>\n\t<meta name=\"twitter:data1\" content=\"webmaster\" \/>\n\t<meta name=\"twitter:label2\" content=\"Tiempo de lectura\" \/>\n\t<meta name=\"twitter:data2\" content=\"4 minutos\" \/>\r\n<script type=\"application\/ld+json\" class=\"yoast-schema-graph\">{\"@context\":\"https:\/\/schema.org\",\"@graph\":[{\"@type\":\"Article\",\"@id\":\"https:\/\/blogs.uninter.edu.mx\/difusioncultural\/?p=7536#article\",\"isPartOf\":{\"@id\":\"https:\/\/blogs.uninter.edu.mx\/difusioncultural\/?p=7536\"},\"author\":{\"name\":\"webmaster\",\"@id\":\"https:\/\/blogs.uninter.edu.mx\/difusioncultural\/#\/schema\/person\/37a0926f4dd300a814993fd595abdc4a\"},\"headline\":\"Museo de la CDMX presenta &#8216;Mecanismos del cosmos&#8217; de Echeverri\",\"datePublished\":\"2020-09-18T15:00:00+00:00\",\"mainEntityOfPage\":{\"@id\":\"https:\/\/blogs.uninter.edu.mx\/difusioncultural\/?p=7536\"},\"wordCount\":751,\"publisher\":{\"@id\":\"https:\/\/blogs.uninter.edu.mx\/difusioncultural\/#organization\"},\"inLanguage\":\"es\"},{\"@type\":\"WebPage\",\"@id\":\"https:\/\/blogs.uninter.edu.mx\/difusioncultural\/?p=7536\",\"url\":\"https:\/\/blogs.uninter.edu.mx\/difusioncultural\/?p=7536\",\"name\":\"Museo de la CDMX presenta 'Mecanismos del cosmos' de Echeverri - Difusi\u00f3n Cultural\",\"isPartOf\":{\"@id\":\"https:\/\/blogs.uninter.edu.mx\/difusioncultural\/#website\"},\"datePublished\":\"2020-09-18T15:00:00+00:00\",\"breadcrumb\":{\"@id\":\"https:\/\/blogs.uninter.edu.mx\/difusioncultural\/?p=7536#breadcrumb\"},\"inLanguage\":\"es\",\"potentialAction\":[{\"@type\":\"ReadAction\",\"target\":[\"https:\/\/blogs.uninter.edu.mx\/difusioncultural\/?p=7536\"]}]},{\"@type\":\"BreadcrumbList\",\"@id\":\"https:\/\/blogs.uninter.edu.mx\/difusioncultural\/?p=7536#breadcrumb\",\"itemListElement\":[{\"@type\":\"ListItem\",\"position\":1,\"name\":\"Inicio\",\"item\":\"https:\/\/blogs.uninter.edu.mx\/difusioncultural\/\"},{\"@type\":\"ListItem\",\"position\":2,\"name\":\"Museo de la CDMX presenta &#8216;Mecanismos del cosmos&#8217; de Echeverri\"}]},{\"@type\":\"WebSite\",\"@id\":\"https:\/\/blogs.uninter.edu.mx\/difusioncultural\/#website\",\"url\":\"https:\/\/blogs.uninter.edu.mx\/difusioncultural\/\",\"name\":\"Difusi\u00f3n Cultural\",\"description\":\"UNINTER\",\"publisher\":{\"@id\":\"https:\/\/blogs.uninter.edu.mx\/difusioncultural\/#organization\"},\"potentialAction\":[{\"@type\":\"SearchAction\",\"target\":{\"@type\":\"EntryPoint\",\"urlTemplate\":\"https:\/\/blogs.uninter.edu.mx\/difusioncultural\/?s={search_term_string}\"},\"query-input\":{\"@type\":\"PropertyValueSpecification\",\"valueRequired\":true,\"valueName\":\"search_term_string\"}}],\"inLanguage\":\"es\"},{\"@type\":\"Organization\",\"@id\":\"https:\/\/blogs.uninter.edu.mx\/difusioncultural\/#organization\",\"name\":\"Difusi\u00f3n Cultural\",\"url\":\"https:\/\/blogs.uninter.edu.mx\/difusioncultural\/\",\"logo\":{\"@type\":\"ImageObject\",\"inLanguage\":\"es\",\"@id\":\"https:\/\/blogs.uninter.edu.mx\/difusioncultural\/#\/schema\/logo\/image\/\",\"url\":\"https:\/\/blogs.uninter.edu.mx\/difusioncultural\/wp-content\/uploads\/2022\/09\/uninter.jpg\",\"contentUrl\":\"https:\/\/blogs.uninter.edu.mx\/difusioncultural\/wp-content\/uploads\/2022\/09\/uninter.jpg\",\"width\":2048,\"height\":2048,\"caption\":\"Difusi\u00f3n Cultural\"},\"image\":{\"@id\":\"https:\/\/blogs.uninter.edu.mx\/difusioncultural\/#\/schema\/logo\/image\/\"}},{\"@type\":\"Person\",\"@id\":\"https:\/\/blogs.uninter.edu.mx\/difusioncultural\/#\/schema\/person\/37a0926f4dd300a814993fd595abdc4a\",\"name\":\"webmaster\",\"image\":{\"@type\":\"ImageObject\",\"inLanguage\":\"es\",\"@id\":\"https:\/\/blogs.uninter.edu.mx\/difusioncultural\/#\/schema\/person\/image\/\",\"url\":\"https:\/\/secure.gravatar.com\/avatar\/a59c276b01147463ef3aab4118e3137ebc5e1ad6700deb39ccdf8b89e517f7dc?s=96&d=mm&r=g\",\"contentUrl\":\"https:\/\/secure.gravatar.com\/avatar\/a59c276b01147463ef3aab4118e3137ebc5e1ad6700deb39ccdf8b89e517f7dc?s=96&d=mm&r=g\",\"caption\":\"webmaster\"},\"sameAs\":[\"https:\/\/blogs.uninter.edu.mx\/difusioncultural\"],\"url\":\"https:\/\/blogs.uninter.edu.mx\/difusioncultural\/?author=1\"}]}<\/script>\r\n<!-- \/ Yoast SEO plugin. -->","yoast_head_json":{"title":"Museo de la CDMX presenta 'Mecanismos del cosmos' de Echeverri - Difusi\u00f3n Cultural","robots":{"index":"index","follow":"follow","max-snippet":"max-snippet:-1","max-image-preview":"max-image-preview:large","max-video-preview":"max-video-preview:-1"},"canonical":"https:\/\/blogs.uninter.edu.mx\/difusioncultural\/?p=7536","og_locale":"es_MX","og_type":"article","og_title":"Museo de la CDMX presenta 'Mecanismos del cosmos' de Echeverri - Difusi\u00f3n Cultural","og_description":"Frente a la violencia y el ninguneo que ha vivido, y vive, la mujer, la pintora Sof\u00eda Echeverri prefiere mostrar un mundo en el que se le reconoce como parte activa de la sociedad, como un ser humano completo a la par de un var\u00f3n.&nbsp; Mecanismo del cosmos, exposici\u00f3n de la artista tapat\u00eda abierta el&hellip;","og_url":"https:\/\/blogs.uninter.edu.mx\/difusioncultural\/?p=7536","og_site_name":"Difusi\u00f3n Cultural","article_published_time":"2020-09-18T15:00:00+00:00","author":"webmaster","twitter_card":"summary_large_image","twitter_misc":{"Escrito por":"webmaster","Tiempo de lectura":"4 minutos"},"schema":{"@context":"https:\/\/schema.org","@graph":[{"@type":"Article","@id":"https:\/\/blogs.uninter.edu.mx\/difusioncultural\/?p=7536#article","isPartOf":{"@id":"https:\/\/blogs.uninter.edu.mx\/difusioncultural\/?p=7536"},"author":{"name":"webmaster","@id":"https:\/\/blogs.uninter.edu.mx\/difusioncultural\/#\/schema\/person\/37a0926f4dd300a814993fd595abdc4a"},"headline":"Museo de la CDMX presenta &#8216;Mecanismos del cosmos&#8217; de Echeverri","datePublished":"2020-09-18T15:00:00+00:00","mainEntityOfPage":{"@id":"https:\/\/blogs.uninter.edu.mx\/difusioncultural\/?p=7536"},"wordCount":751,"publisher":{"@id":"https:\/\/blogs.uninter.edu.mx\/difusioncultural\/#organization"},"inLanguage":"es"},{"@type":"WebPage","@id":"https:\/\/blogs.uninter.edu.mx\/difusioncultural\/?p=7536","url":"https:\/\/blogs.uninter.edu.mx\/difusioncultural\/?p=7536","name":"Museo de la CDMX presenta 'Mecanismos del cosmos' de Echeverri - Difusi\u00f3n Cultural","isPartOf":{"@id":"https:\/\/blogs.uninter.edu.mx\/difusioncultural\/#website"},"datePublished":"2020-09-18T15:00:00+00:00","breadcrumb":{"@id":"https:\/\/blogs.uninter.edu.mx\/difusioncultural\/?p=7536#breadcrumb"},"inLanguage":"es","potentialAction":[{"@type":"ReadAction","target":["https:\/\/blogs.uninter.edu.mx\/difusioncultural\/?p=7536"]}]},{"@type":"BreadcrumbList","@id":"https:\/\/blogs.uninter.edu.mx\/difusioncultural\/?p=7536#breadcrumb","itemListElement":[{"@type":"ListItem","position":1,"name":"Inicio","item":"https:\/\/blogs.uninter.edu.mx\/difusioncultural\/"},{"@type":"ListItem","position":2,"name":"Museo de la CDMX presenta &#8216;Mecanismos del cosmos&#8217; de Echeverri"}]},{"@type":"WebSite","@id":"https:\/\/blogs.uninter.edu.mx\/difusioncultural\/#website","url":"https:\/\/blogs.uninter.edu.mx\/difusioncultural\/","name":"Difusi\u00f3n Cultural","description":"UNINTER","publisher":{"@id":"https:\/\/blogs.uninter.edu.mx\/difusioncultural\/#organization"},"potentialAction":[{"@type":"SearchAction","target":{"@type":"EntryPoint","urlTemplate":"https:\/\/blogs.uninter.edu.mx\/difusioncultural\/?s={search_term_string}"},"query-input":{"@type":"PropertyValueSpecification","valueRequired":true,"valueName":"search_term_string"}}],"inLanguage":"es"},{"@type":"Organization","@id":"https:\/\/blogs.uninter.edu.mx\/difusioncultural\/#organization","name":"Difusi\u00f3n Cultural","url":"https:\/\/blogs.uninter.edu.mx\/difusioncultural\/","logo":{"@type":"ImageObject","inLanguage":"es","@id":"https:\/\/blogs.uninter.edu.mx\/difusioncultural\/#\/schema\/logo\/image\/","url":"https:\/\/blogs.uninter.edu.mx\/difusioncultural\/wp-content\/uploads\/2022\/09\/uninter.jpg","contentUrl":"https:\/\/blogs.uninter.edu.mx\/difusioncultural\/wp-content\/uploads\/2022\/09\/uninter.jpg","width":2048,"height":2048,"caption":"Difusi\u00f3n Cultural"},"image":{"@id":"https:\/\/blogs.uninter.edu.mx\/difusioncultural\/#\/schema\/logo\/image\/"}},{"@type":"Person","@id":"https:\/\/blogs.uninter.edu.mx\/difusioncultural\/#\/schema\/person\/37a0926f4dd300a814993fd595abdc4a","name":"webmaster","image":{"@type":"ImageObject","inLanguage":"es","@id":"https:\/\/blogs.uninter.edu.mx\/difusioncultural\/#\/schema\/person\/image\/","url":"https:\/\/secure.gravatar.com\/avatar\/a59c276b01147463ef3aab4118e3137ebc5e1ad6700deb39ccdf8b89e517f7dc?s=96&d=mm&r=g","contentUrl":"https:\/\/secure.gravatar.com\/avatar\/a59c276b01147463ef3aab4118e3137ebc5e1ad6700deb39ccdf8b89e517f7dc?s=96&d=mm&r=g","caption":"webmaster"},"sameAs":["https:\/\/blogs.uninter.edu.mx\/difusioncultural"],"url":"https:\/\/blogs.uninter.edu.mx\/difusioncultural\/?author=1"}]}},"jetpack_publicize_connections":[],"jetpack_featured_media_url":"","jetpack_sharing_enabled":true,"_links":{"self":[{"href":"https:\/\/blogs.uninter.edu.mx\/difusioncultural\/index.php?rest_route=\/wp\/v2\/posts\/7536","targetHints":{"allow":["GET"]}}],"collection":[{"href":"https:\/\/blogs.uninter.edu.mx\/difusioncultural\/index.php?rest_route=\/wp\/v2\/posts"}],"about":[{"href":"https:\/\/blogs.uninter.edu.mx\/difusioncultural\/index.php?rest_route=\/wp\/v2\/types\/post"}],"author":[{"embeddable":true,"href":"https:\/\/blogs.uninter.edu.mx\/difusioncultural\/index.php?rest_route=\/wp\/v2\/users\/1"}],"replies":[{"embeddable":true,"href":"https:\/\/blogs.uninter.edu.mx\/difusioncultural\/index.php?rest_route=%2Fwp%2Fv2%2Fcomments&post=7536"}],"version-history":[{"count":0,"href":"https:\/\/blogs.uninter.edu.mx\/difusioncultural\/index.php?rest_route=\/wp\/v2\/posts\/7536\/revisions"}],"wp:attachment":[{"href":"https:\/\/blogs.uninter.edu.mx\/difusioncultural\/index.php?rest_route=%2Fwp%2Fv2%2Fmedia&parent=7536"}],"wp:term":[{"taxonomy":"category","embeddable":true,"href":"https:\/\/blogs.uninter.edu.mx\/difusioncultural\/index.php?rest_route=%2Fwp%2Fv2%2Fcategories&post=7536"},{"taxonomy":"post_tag","embeddable":true,"href":"https:\/\/blogs.uninter.edu.mx\/difusioncultural\/index.php?rest_route=%2Fwp%2Fv2%2Ftags&post=7536"}],"curies":[{"name":"wp","href":"https:\/\/api.w.org\/{rel}","templated":true}]}}