{"id":7558,"date":"2020-10-05T10:07:11","date_gmt":"2020-10-05T15:07:11","guid":{"rendered":"https:\/\/difusionculturaluninter.wordpress.com\/2020\/10\/05\/mafalda-la-nina-que-critico-a-la-sociedad\/"},"modified":"2020-10-05T10:07:11","modified_gmt":"2020-10-05T15:07:11","slug":"mafalda-la-nina-que-critico-a-la-sociedad","status":"publish","type":"post","link":"https:\/\/blogs.uninter.edu.mx\/difusioncultural\/?p=7558","title":{"rendered":"&#8216;Mafalda&#8217;, la ni\u00f1a que critic\u00f3 a la sociedad"},"content":{"rendered":"\n<figure class=\"wp-block-image size-large\"><img fetchpriority=\"high\" decoding=\"async\" width=\"1024\" height=\"456\" src=\"https:\/\/difusionculturaluninter.files.wordpress.com\/2020\/10\/img_5867.jpg?w=1024\" alt=\"\" class=\"wp-image-7557\" \/><\/figure>\n\n\n\n<p class=\"s-s\"><em>La Jornada<\/em>&nbsp;convers\u00f3 el 2 de octubre de 2014 con el caricaturista argentino Joaqu\u00edn Salvador Lavado Tej\u00f3n,&nbsp;<em>Quino<\/em>, quien entonces asegur\u00f3 que ella dir\u00eda en este siglo XXI lo mismo que hace 30 o 40 a\u00f1os,&nbsp;<q>porque el mundo y sus problemas han cambiado poco<\/q>.<\/p>\n\n\n\n<p>La charla se realiz\u00f3 en las instalaciones de la editorial Lumen, en la Ciudad de M\u00e9xico, en una videoconferencia con el dibujante, entonces de 72 a\u00f1os.<\/p>\n\n\n\n<p>Siempre puntilloso, se\u00f1al\u00f3 que las noticias que le llegaban por la prensa acerca del M\u00e9xico de entonces reflejaban que la situaci\u00f3n era bastante dif\u00edcil: \u201cme refiero a la desaparici\u00f3n de estudiantes (Ayot-zinapa). Bueno, el pa\u00eds siempre ha tenido fama de ser muy violento, por ejemplo, con esas campa\u00f1as de desarme de la poblaci\u00f3n.<\/p>\n\n\n\n<p>\u201cLo preocupante, y no s\u00f3lo en M\u00e9xico, es el aumento del&nbsp;<em>narcotr\u00e1fico<\/em>; eso es evidente ac\u00e1 en Argentina tambi\u00e9n. Una vez que el&nbsp;<em>narco<\/em>&nbsp;se mete en la sociedad es muy dif\u00edcil terminar con \u00e9l, porque quienes debieran hacerlo tambi\u00e9n est\u00e1n metidos. Es muy dif\u00edcil la situaci\u00f3n, no s\u00f3lo la mexicana, sino la mundial.\u201d<\/p>\n\n\n\n<p>De buen humor,&nbsp;<em>Quino<\/em>&nbsp;admiti\u00f3 que a 41 a\u00f1os de que dej\u00f3 de publicarse su emblem\u00e1tica tira, todav\u00eda no se explicaba en qu\u00e9 radicaba su popularidad,&nbsp;<q>eso me lo tendr\u00edan que explicar los lectores, en serio, no lo s\u00e9. No es culpa m\u00eda en todo caso<\/q>.<\/p>\n\n\n\n<p>Record\u00f3 que la \u00e9poca en que dibuj\u00f3 a&nbsp;<em>Mafalda<\/em>&nbsp;promet\u00eda \u201cgrandes transformaciones, desde el&nbsp;<em>Che<\/em>&nbsp;Guevara, Juan XXIII, Jonh F. Kennedy, la guerra de Vietnam y los movimientos de liberaci\u00f3n femenina, entre otros. Parec\u00eda que todo iba a cambiar para mucho mejor.<\/p>\n\n\n\n<p><q>Lamentablemente no fue as\u00ed. En el mundo estamos viendo las migraciones, los intercambios culturales, buenos y malos, como el avance del Estado Isl\u00e1mico, que es para preocuparse much\u00edsimo.<\/q><\/p>\n\n\n\n<p><em>Mafalda<\/em>, continu\u00f3&nbsp;<em>Quino<\/em>, \u201cme ha dado el placer de saber que lo que uno hace tiene una repercusi\u00f3n popular muy positiva, sobre todo en Am\u00e9rica Latina y particularmente en M\u00e9xico, pues por estas latitudes de Am\u00e9rica del Sur fue una lectura de gente ilustrada, pero all\u00e1 me emociona mucho ver a&nbsp;<em>Mafalda<\/em>&nbsp;en la bolsa de la se\u00f1ora que va de compras por la zanahoria y el perejil, y que luego hace la fila para que yo le firme un libro. Eso no era muy com\u00fan.<\/p>\n\n\n\n<p>\u201cCreo que&nbsp;<em>Mafalda<\/em>, a sus 50 a\u00f1os, ser\u00eda un poco m\u00e1s incr\u00e9dula. Pero hay que tener fe en el ser humano, pese a todas las barbaridades que hacemos.\u201d<\/p>\n\n\n\n<p>El autor reconoci\u00f3 que nunca pens\u00f3 que su personaje fuera a tener trascendencia internacional: <q>yo trabajaba con las noticias de los peri\u00f3dicos y con lo que dec\u00eda la televisi\u00f3n. El personaje infantil sali\u00f3 as\u00ed porque as\u00ed era esa \u00e9poca, con anuncios de grandes cambios que se quedaron, algunos, en la nada. Pens\u00e9 que cuando los chicos vieran que en la historieta no hab\u00eda computadoras ni telefonitos m\u00f3viles y esas cosas con teclita iban a perder inter\u00e9s por ella y que morir\u00eda de manera natural. Pero me sorprende que cada vez tiene m\u00e1s vigencia, y me deprime tambi\u00e9n, porque quiere decir que el mundo no ha cambiado gran cosa<\/q>.<\/p>\n","protected":false},"excerpt":{"rendered":"<p>La Jornada&nbsp;convers\u00f3 el 2 de octubre de 2014 con el caricaturista argentino Joaqu\u00edn Salvador Lavado Tej\u00f3n,&nbsp;Quino, quien entonces asegur\u00f3 que ella dir\u00eda en este siglo XXI lo mismo que hace 30 o 40 a\u00f1os,&nbsp;porque el mundo y sus problemas han cambiado poco. La charla se realiz\u00f3 en las instalaciones de la editorial Lumen, en la&hellip;<\/p>\n","protected":false},"author":1,"featured_media":7557,"comment_status":"closed","ping_status":"open","sticky":false,"template":"","format":"standard","meta":{"_jetpack_memberships_contains_paid_content":false,"footnotes":"","jetpack_publicize_message":"","jetpack_publicize_feature_enabled":true,"jetpack_social_post_already_shared":false,"jetpack_social_options":{"image_generator_settings":{"template":"highway","default_image_id":0,"font":"","enabled":false},"version":2}},"categories":[1],"tags":[],"class_list":["post-7558","post","type-post","status-publish","format-standard","has-post-thumbnail","hentry","category-sin-categoria"],"yoast_head":"<!-- This site is optimized with the Yoast SEO plugin v26.3 - https:\/\/yoast.com\/wordpress\/plugins\/seo\/ -->\r\n<title>&#039;Mafalda&#039;, la ni\u00f1a que critic\u00f3 a la sociedad - Difusi\u00f3n Cultural<\/title>\r\n<meta name=\"robots\" content=\"index, follow, max-snippet:-1, max-image-preview:large, max-video-preview:-1\" \/>\r\n<link rel=\"canonical\" href=\"https:\/\/blogs.uninter.edu.mx\/difusioncultural\/?p=7558\" \/>\r\n<meta property=\"og:locale\" content=\"es_MX\" \/>\r\n<meta property=\"og:type\" content=\"article\" \/>\r\n<meta property=\"og:title\" content=\"&#039;Mafalda&#039;, la ni\u00f1a que critic\u00f3 a la sociedad - Difusi\u00f3n Cultural\" \/>\r\n<meta property=\"og:description\" content=\"La Jornada&nbsp;convers\u00f3 el 2 de octubre de 2014 con el caricaturista argentino Joaqu\u00edn Salvador Lavado Tej\u00f3n,&nbsp;Quino, quien entonces asegur\u00f3 que ella dir\u00eda en este siglo XXI lo mismo que hace 30 o 40 a\u00f1os,&nbsp;porque el mundo y sus problemas han cambiado poco. La charla se realiz\u00f3 en las instalaciones de la editorial Lumen, en la&hellip;\" \/>\r\n<meta property=\"og:url\" content=\"https:\/\/blogs.uninter.edu.mx\/difusioncultural\/?p=7558\" \/>\r\n<meta property=\"og:site_name\" content=\"Difusi\u00f3n Cultural\" \/>\r\n<meta property=\"article:published_time\" content=\"2020-10-05T15:07:11+00:00\" \/>\r\n<meta property=\"og:image\" content=\"https:\/\/blogs.uninter.edu.mx\/difusioncultural\/wp-content\/uploads\/2020\/10\/img_5867.jpg\" \/>\r\n\t<meta property=\"og:image:width\" content=\"1024\" \/>\r\n\t<meta property=\"og:image:height\" content=\"456\" \/>\r\n\t<meta property=\"og:image:type\" content=\"image\/jpeg\" \/>\r\n<meta name=\"author\" content=\"webmaster\" \/>\r\n<meta name=\"twitter:card\" content=\"summary_large_image\" \/>\r\n<meta name=\"twitter:label1\" content=\"Escrito por\" \/>\n\t<meta name=\"twitter:data1\" content=\"webmaster\" \/>\n\t<meta name=\"twitter:label2\" content=\"Tiempo de lectura\" \/>\n\t<meta name=\"twitter:data2\" content=\"3 minutos\" \/>\r\n<script type=\"application\/ld+json\" class=\"yoast-schema-graph\">{\"@context\":\"https:\/\/schema.org\",\"@graph\":[{\"@type\":\"Article\",\"@id\":\"https:\/\/blogs.uninter.edu.mx\/difusioncultural\/?p=7558#article\",\"isPartOf\":{\"@id\":\"https:\/\/blogs.uninter.edu.mx\/difusioncultural\/?p=7558\"},\"author\":{\"name\":\"webmaster\",\"@id\":\"https:\/\/blogs.uninter.edu.mx\/difusioncultural\/#\/schema\/person\/37a0926f4dd300a814993fd595abdc4a\"},\"headline\":\"&#8216;Mafalda&#8217;, la ni\u00f1a que critic\u00f3 a la sociedad\",\"datePublished\":\"2020-10-05T15:07:11+00:00\",\"mainEntityOfPage\":{\"@id\":\"https:\/\/blogs.uninter.edu.mx\/difusioncultural\/?p=7558\"},\"wordCount\":588,\"publisher\":{\"@id\":\"https:\/\/blogs.uninter.edu.mx\/difusioncultural\/#organization\"},\"image\":{\"@id\":\"https:\/\/blogs.uninter.edu.mx\/difusioncultural\/?p=7558#primaryimage\"},\"thumbnailUrl\":\"https:\/\/blogs.uninter.edu.mx\/difusioncultural\/wp-content\/uploads\/2020\/10\/img_5867.jpg\",\"inLanguage\":\"es\"},{\"@type\":\"WebPage\",\"@id\":\"https:\/\/blogs.uninter.edu.mx\/difusioncultural\/?p=7558\",\"url\":\"https:\/\/blogs.uninter.edu.mx\/difusioncultural\/?p=7558\",\"name\":\"'Mafalda', la ni\u00f1a que critic\u00f3 a la sociedad - Difusi\u00f3n Cultural\",\"isPartOf\":{\"@id\":\"https:\/\/blogs.uninter.edu.mx\/difusioncultural\/#website\"},\"primaryImageOfPage\":{\"@id\":\"https:\/\/blogs.uninter.edu.mx\/difusioncultural\/?p=7558#primaryimage\"},\"image\":{\"@id\":\"https:\/\/blogs.uninter.edu.mx\/difusioncultural\/?p=7558#primaryimage\"},\"thumbnailUrl\":\"https:\/\/blogs.uninter.edu.mx\/difusioncultural\/wp-content\/uploads\/2020\/10\/img_5867.jpg\",\"datePublished\":\"2020-10-05T15:07:11+00:00\",\"breadcrumb\":{\"@id\":\"https:\/\/blogs.uninter.edu.mx\/difusioncultural\/?p=7558#breadcrumb\"},\"inLanguage\":\"es\",\"potentialAction\":[{\"@type\":\"ReadAction\",\"target\":[\"https:\/\/blogs.uninter.edu.mx\/difusioncultural\/?p=7558\"]}]},{\"@type\":\"ImageObject\",\"inLanguage\":\"es\",\"@id\":\"https:\/\/blogs.uninter.edu.mx\/difusioncultural\/?p=7558#primaryimage\",\"url\":\"https:\/\/blogs.uninter.edu.mx\/difusioncultural\/wp-content\/uploads\/2020\/10\/img_5867.jpg\",\"contentUrl\":\"https:\/\/blogs.uninter.edu.mx\/difusioncultural\/wp-content\/uploads\/2020\/10\/img_5867.jpg\",\"width\":1024,\"height\":456},{\"@type\":\"BreadcrumbList\",\"@id\":\"https:\/\/blogs.uninter.edu.mx\/difusioncultural\/?p=7558#breadcrumb\",\"itemListElement\":[{\"@type\":\"ListItem\",\"position\":1,\"name\":\"Inicio\",\"item\":\"https:\/\/blogs.uninter.edu.mx\/difusioncultural\/\"},{\"@type\":\"ListItem\",\"position\":2,\"name\":\"&#8216;Mafalda&#8217;, la ni\u00f1a que critic\u00f3 a la sociedad\"}]},{\"@type\":\"WebSite\",\"@id\":\"https:\/\/blogs.uninter.edu.mx\/difusioncultural\/#website\",\"url\":\"https:\/\/blogs.uninter.edu.mx\/difusioncultural\/\",\"name\":\"Difusi\u00f3n Cultural\",\"description\":\"UNINTER\",\"publisher\":{\"@id\":\"https:\/\/blogs.uninter.edu.mx\/difusioncultural\/#organization\"},\"potentialAction\":[{\"@type\":\"SearchAction\",\"target\":{\"@type\":\"EntryPoint\",\"urlTemplate\":\"https:\/\/blogs.uninter.edu.mx\/difusioncultural\/?s={search_term_string}\"},\"query-input\":{\"@type\":\"PropertyValueSpecification\",\"valueRequired\":true,\"valueName\":\"search_term_string\"}}],\"inLanguage\":\"es\"},{\"@type\":\"Organization\",\"@id\":\"https:\/\/blogs.uninter.edu.mx\/difusioncultural\/#organization\",\"name\":\"Difusi\u00f3n Cultural\",\"url\":\"https:\/\/blogs.uninter.edu.mx\/difusioncultural\/\",\"logo\":{\"@type\":\"ImageObject\",\"inLanguage\":\"es\",\"@id\":\"https:\/\/blogs.uninter.edu.mx\/difusioncultural\/#\/schema\/logo\/image\/\",\"url\":\"https:\/\/blogs.uninter.edu.mx\/difusioncultural\/wp-content\/uploads\/2022\/09\/uninter.jpg\",\"contentUrl\":\"https:\/\/blogs.uninter.edu.mx\/difusioncultural\/wp-content\/uploads\/2022\/09\/uninter.jpg\",\"width\":2048,\"height\":2048,\"caption\":\"Difusi\u00f3n Cultural\"},\"image\":{\"@id\":\"https:\/\/blogs.uninter.edu.mx\/difusioncultural\/#\/schema\/logo\/image\/\"}},{\"@type\":\"Person\",\"@id\":\"https:\/\/blogs.uninter.edu.mx\/difusioncultural\/#\/schema\/person\/37a0926f4dd300a814993fd595abdc4a\",\"name\":\"webmaster\",\"image\":{\"@type\":\"ImageObject\",\"inLanguage\":\"es\",\"@id\":\"https:\/\/blogs.uninter.edu.mx\/difusioncultural\/#\/schema\/person\/image\/\",\"url\":\"https:\/\/secure.gravatar.com\/avatar\/a59c276b01147463ef3aab4118e3137ebc5e1ad6700deb39ccdf8b89e517f7dc?s=96&d=mm&r=g\",\"contentUrl\":\"https:\/\/secure.gravatar.com\/avatar\/a59c276b01147463ef3aab4118e3137ebc5e1ad6700deb39ccdf8b89e517f7dc?s=96&d=mm&r=g\",\"caption\":\"webmaster\"},\"sameAs\":[\"https:\/\/blogs.uninter.edu.mx\/difusioncultural\"],\"url\":\"https:\/\/blogs.uninter.edu.mx\/difusioncultural\/?author=1\"}]}<\/script>\r\n<!-- \/ Yoast SEO plugin. -->","yoast_head_json":{"title":"'Mafalda', la ni\u00f1a que critic\u00f3 a la sociedad - Difusi\u00f3n Cultural","robots":{"index":"index","follow":"follow","max-snippet":"max-snippet:-1","max-image-preview":"max-image-preview:large","max-video-preview":"max-video-preview:-1"},"canonical":"https:\/\/blogs.uninter.edu.mx\/difusioncultural\/?p=7558","og_locale":"es_MX","og_type":"article","og_title":"'Mafalda', la ni\u00f1a que critic\u00f3 a la sociedad - Difusi\u00f3n Cultural","og_description":"La Jornada&nbsp;convers\u00f3 el 2 de octubre de 2014 con el caricaturista argentino Joaqu\u00edn Salvador Lavado Tej\u00f3n,&nbsp;Quino, quien entonces asegur\u00f3 que ella dir\u00eda en este siglo XXI lo mismo que hace 30 o 40 a\u00f1os,&nbsp;porque el mundo y sus problemas han cambiado poco. La charla se realiz\u00f3 en las instalaciones de la editorial Lumen, en la&hellip;","og_url":"https:\/\/blogs.uninter.edu.mx\/difusioncultural\/?p=7558","og_site_name":"Difusi\u00f3n Cultural","article_published_time":"2020-10-05T15:07:11+00:00","og_image":[{"width":1024,"height":456,"url":"https:\/\/blogs.uninter.edu.mx\/difusioncultural\/wp-content\/uploads\/2020\/10\/img_5867.jpg","type":"image\/jpeg"}],"author":"webmaster","twitter_card":"summary_large_image","twitter_misc":{"Escrito por":"webmaster","Tiempo de lectura":"3 minutos"},"schema":{"@context":"https:\/\/schema.org","@graph":[{"@type":"Article","@id":"https:\/\/blogs.uninter.edu.mx\/difusioncultural\/?p=7558#article","isPartOf":{"@id":"https:\/\/blogs.uninter.edu.mx\/difusioncultural\/?p=7558"},"author":{"name":"webmaster","@id":"https:\/\/blogs.uninter.edu.mx\/difusioncultural\/#\/schema\/person\/37a0926f4dd300a814993fd595abdc4a"},"headline":"&#8216;Mafalda&#8217;, la ni\u00f1a que critic\u00f3 a la sociedad","datePublished":"2020-10-05T15:07:11+00:00","mainEntityOfPage":{"@id":"https:\/\/blogs.uninter.edu.mx\/difusioncultural\/?p=7558"},"wordCount":588,"publisher":{"@id":"https:\/\/blogs.uninter.edu.mx\/difusioncultural\/#organization"},"image":{"@id":"https:\/\/blogs.uninter.edu.mx\/difusioncultural\/?p=7558#primaryimage"},"thumbnailUrl":"https:\/\/blogs.uninter.edu.mx\/difusioncultural\/wp-content\/uploads\/2020\/10\/img_5867.jpg","inLanguage":"es"},{"@type":"WebPage","@id":"https:\/\/blogs.uninter.edu.mx\/difusioncultural\/?p=7558","url":"https:\/\/blogs.uninter.edu.mx\/difusioncultural\/?p=7558","name":"'Mafalda', la ni\u00f1a que critic\u00f3 a la sociedad - Difusi\u00f3n Cultural","isPartOf":{"@id":"https:\/\/blogs.uninter.edu.mx\/difusioncultural\/#website"},"primaryImageOfPage":{"@id":"https:\/\/blogs.uninter.edu.mx\/difusioncultural\/?p=7558#primaryimage"},"image":{"@id":"https:\/\/blogs.uninter.edu.mx\/difusioncultural\/?p=7558#primaryimage"},"thumbnailUrl":"https:\/\/blogs.uninter.edu.mx\/difusioncultural\/wp-content\/uploads\/2020\/10\/img_5867.jpg","datePublished":"2020-10-05T15:07:11+00:00","breadcrumb":{"@id":"https:\/\/blogs.uninter.edu.mx\/difusioncultural\/?p=7558#breadcrumb"},"inLanguage":"es","potentialAction":[{"@type":"ReadAction","target":["https:\/\/blogs.uninter.edu.mx\/difusioncultural\/?p=7558"]}]},{"@type":"ImageObject","inLanguage":"es","@id":"https:\/\/blogs.uninter.edu.mx\/difusioncultural\/?p=7558#primaryimage","url":"https:\/\/blogs.uninter.edu.mx\/difusioncultural\/wp-content\/uploads\/2020\/10\/img_5867.jpg","contentUrl":"https:\/\/blogs.uninter.edu.mx\/difusioncultural\/wp-content\/uploads\/2020\/10\/img_5867.jpg","width":1024,"height":456},{"@type":"BreadcrumbList","@id":"https:\/\/blogs.uninter.edu.mx\/difusioncultural\/?p=7558#breadcrumb","itemListElement":[{"@type":"ListItem","position":1,"name":"Inicio","item":"https:\/\/blogs.uninter.edu.mx\/difusioncultural\/"},{"@type":"ListItem","position":2,"name":"&#8216;Mafalda&#8217;, la ni\u00f1a que critic\u00f3 a la sociedad"}]},{"@type":"WebSite","@id":"https:\/\/blogs.uninter.edu.mx\/difusioncultural\/#website","url":"https:\/\/blogs.uninter.edu.mx\/difusioncultural\/","name":"Difusi\u00f3n Cultural","description":"UNINTER","publisher":{"@id":"https:\/\/blogs.uninter.edu.mx\/difusioncultural\/#organization"},"potentialAction":[{"@type":"SearchAction","target":{"@type":"EntryPoint","urlTemplate":"https:\/\/blogs.uninter.edu.mx\/difusioncultural\/?s={search_term_string}"},"query-input":{"@type":"PropertyValueSpecification","valueRequired":true,"valueName":"search_term_string"}}],"inLanguage":"es"},{"@type":"Organization","@id":"https:\/\/blogs.uninter.edu.mx\/difusioncultural\/#organization","name":"Difusi\u00f3n Cultural","url":"https:\/\/blogs.uninter.edu.mx\/difusioncultural\/","logo":{"@type":"ImageObject","inLanguage":"es","@id":"https:\/\/blogs.uninter.edu.mx\/difusioncultural\/#\/schema\/logo\/image\/","url":"https:\/\/blogs.uninter.edu.mx\/difusioncultural\/wp-content\/uploads\/2022\/09\/uninter.jpg","contentUrl":"https:\/\/blogs.uninter.edu.mx\/difusioncultural\/wp-content\/uploads\/2022\/09\/uninter.jpg","width":2048,"height":2048,"caption":"Difusi\u00f3n Cultural"},"image":{"@id":"https:\/\/blogs.uninter.edu.mx\/difusioncultural\/#\/schema\/logo\/image\/"}},{"@type":"Person","@id":"https:\/\/blogs.uninter.edu.mx\/difusioncultural\/#\/schema\/person\/37a0926f4dd300a814993fd595abdc4a","name":"webmaster","image":{"@type":"ImageObject","inLanguage":"es","@id":"https:\/\/blogs.uninter.edu.mx\/difusioncultural\/#\/schema\/person\/image\/","url":"https:\/\/secure.gravatar.com\/avatar\/a59c276b01147463ef3aab4118e3137ebc5e1ad6700deb39ccdf8b89e517f7dc?s=96&d=mm&r=g","contentUrl":"https:\/\/secure.gravatar.com\/avatar\/a59c276b01147463ef3aab4118e3137ebc5e1ad6700deb39ccdf8b89e517f7dc?s=96&d=mm&r=g","caption":"webmaster"},"sameAs":["https:\/\/blogs.uninter.edu.mx\/difusioncultural"],"url":"https:\/\/blogs.uninter.edu.mx\/difusioncultural\/?author=1"}]}},"jetpack_publicize_connections":[],"jetpack_featured_media_url":"https:\/\/blogs.uninter.edu.mx\/difusioncultural\/wp-content\/uploads\/2020\/10\/img_5867.jpg","jetpack_sharing_enabled":true,"_links":{"self":[{"href":"https:\/\/blogs.uninter.edu.mx\/difusioncultural\/index.php?rest_route=\/wp\/v2\/posts\/7558","targetHints":{"allow":["GET"]}}],"collection":[{"href":"https:\/\/blogs.uninter.edu.mx\/difusioncultural\/index.php?rest_route=\/wp\/v2\/posts"}],"about":[{"href":"https:\/\/blogs.uninter.edu.mx\/difusioncultural\/index.php?rest_route=\/wp\/v2\/types\/post"}],"author":[{"embeddable":true,"href":"https:\/\/blogs.uninter.edu.mx\/difusioncultural\/index.php?rest_route=\/wp\/v2\/users\/1"}],"replies":[{"embeddable":true,"href":"https:\/\/blogs.uninter.edu.mx\/difusioncultural\/index.php?rest_route=%2Fwp%2Fv2%2Fcomments&post=7558"}],"version-history":[{"count":0,"href":"https:\/\/blogs.uninter.edu.mx\/difusioncultural\/index.php?rest_route=\/wp\/v2\/posts\/7558\/revisions"}],"wp:featuredmedia":[{"embeddable":true,"href":"https:\/\/blogs.uninter.edu.mx\/difusioncultural\/index.php?rest_route=\/wp\/v2\/media\/7557"}],"wp:attachment":[{"href":"https:\/\/blogs.uninter.edu.mx\/difusioncultural\/index.php?rest_route=%2Fwp%2Fv2%2Fmedia&parent=7558"}],"wp:term":[{"taxonomy":"category","embeddable":true,"href":"https:\/\/blogs.uninter.edu.mx\/difusioncultural\/index.php?rest_route=%2Fwp%2Fv2%2Fcategories&post=7558"},{"taxonomy":"post_tag","embeddable":true,"href":"https:\/\/blogs.uninter.edu.mx\/difusioncultural\/index.php?rest_route=%2Fwp%2Fv2%2Ftags&post=7558"}],"curies":[{"name":"wp","href":"https:\/\/api.w.org\/{rel}","templated":true}]}}