{"id":7564,"date":"2020-10-08T12:19:36","date_gmt":"2020-10-08T17:19:36","guid":{"rendered":"https:\/\/difusionculturaluninter.wordpress.com\/2020\/10\/08\/un-dia-como-hoy-nace-thom-yorke-musico-britanico-lider-de-la-banda-radiohead\/"},"modified":"2020-10-08T12:19:36","modified_gmt":"2020-10-08T17:19:36","slug":"un-dia-como-hoy-nace-thom-yorke-musico-britanico-lider-de-la-banda-radiohead","status":"publish","type":"post","link":"https:\/\/blogs.uninter.edu.mx\/difusioncultural\/?p=7564","title":{"rendered":"Un d\u00eda como hoy nace Thom Yorke, m\u00fasico brit\u00e1nico, l\u00edder de la banda Radiohead."},"content":{"rendered":"\n<figure class=\"wp-block-image size-large\"><img fetchpriority=\"high\" decoding=\"async\" width=\"660\" height=\"460\" src=\"https:\/\/difusionculturaluninter.files.wordpress.com\/2020\/10\/img_5973.jpg?w=660\" alt=\"\" class=\"wp-image-7563\" \/><\/figure>\n\n\n\n<p><strong>Thomas <\/strong>es un m\u00fasico ingl\u00e9s conocido por ser el vocalista y compositor principal del grupo de rock alternativo Radiohead. Es conocido por su voz de falsete. Los instrumentos principales de Yorke son la guitarra y el piano, pero tambi\u00e9n toca el sintetizador, el bajo y la bater\u00eda.<\/p>\n\n\n\n<p>Thom naci\u00f3 en 1968 en Northamptonshire y posteriormente se traslad\u00f3 con su familia a Oxfordshire, donde asisti\u00f3 a la Abingdon School y fund\u00f3 Radiohead con compa\u00f1eros de escuela. Tras terminar sus estudios en la Universidad de Exeter, Radiohead firm\u00f3 con Parlophone; su temprano \u00e9xito \u00ab<a href=\"https:\/\/es.m.wikipedia.org\/wiki\/Creep_(canci%C3%B3n_de_Radiohead)\">Creep<\/a>\u00bb, y m\u00e1s tarde el \u00e1lbum&nbsp;<em><a href=\"https:\/\/es.m.wikipedia.org\/wiki\/OK_Computer\">OK Computer<\/a><\/em>&nbsp;(1997), hizo una celebridad a la agrupaci\u00f3n, y Radiohead alcanz\u00f3 la aclamaci\u00f3n de los cr\u00edticos y ventas multiplatino. El \u00e1lbum&nbsp;<em><a href=\"https:\/\/es.m.wikipedia.org\/wiki\/Kid_A\">Kid A<\/a><\/em>&nbsp;(2000) hizo expandir su obra a la m\u00fasica electr\u00f3nica.<\/p>\n\n\n\n<p>En 2006, lanz\u00f3 su \u00e1lbum debut como solista,&nbsp;<em><a href=\"https:\/\/es.m.wikipedia.org\/wiki\/The_Eraser\">The Eraser<\/a><\/em>. En 2009 form\u00f3 el&nbsp;<a href=\"https:\/\/es.m.wikipedia.org\/wiki\/Supergrupo\">supergrupo<\/a>&nbsp;<a href=\"https:\/\/es.m.wikipedia.org\/wiki\/Atoms_for_Peace\">Atoms for Peace<\/a>&nbsp;para interpretar canciones de&nbsp;<em>The Eraser<\/em>&nbsp;y en 2013 lanz\u00f3 un \u00e1lbum con la banda,&nbsp;<em><a href=\"https:\/\/es.m.wikipedia.org\/wiki\/Amok_(%C3%A1lbum)\">Amok<\/a><\/em>. En 2014 lanz\u00f3 su segundo \u00e1lbum en solitario,&nbsp;<em><a href=\"https:\/\/es.m.wikipedia.org\/wiki\/Tomorrow%27s_Modern_Boxes\">Tomorrow&#8217;s Modern Boxes<\/a><\/em>. Ha colaborado con artistas como&nbsp;<a href=\"https:\/\/es.m.wikipedia.org\/wiki\/Flea\">Flea<\/a>,&nbsp;<a href=\"https:\/\/es.m.wikipedia.org\/wiki\/DJ_Shadow\">DJ Shadow<\/a>,&nbsp;<a href=\"https:\/\/es.m.wikipedia.org\/wiki\/Bj%C3%B6rk\">Bj\u00f6rk<\/a>,&nbsp;<a href=\"https:\/\/es.m.wikipedia.org\/wiki\/Flying_Lotus\">Flying Lotus<\/a>&nbsp;o&nbsp;<a href=\"https:\/\/es.m.wikipedia.org\/wiki\/PJ_Harvey\">PJ Harvey<\/a>. Con el artista&nbsp;<a href=\"https:\/\/es.m.wikipedia.org\/wiki\/Stanley_Donwood\">Stanley Donwood<\/a>&nbsp;crea las portadas y dem\u00e1s arte de los \u00e1lbumes de Radiohead.&nbsp;<\/p>\n\n\n\n<p>Ha sido cr\u00edtico con la industria musical y ha sido pionero en f\u00f3rmulas alternativas de publicaci\u00f3n de la m\u00fasica, como <em>pay-what-you-want<\/em>(paga-lo-que-quieras) y <a href=\"https:\/\/es.m.wikipedia.org\/wiki\/BitTorrent\">BitTorrent<\/a>, con Radiohead y en solitario. Fuera de la m\u00fasica, es un activista a favor de los derechos humanos, ambientalistas y las causas contra la guerra.<\/p>\n","protected":false},"excerpt":{"rendered":"<p>Thomas es un m\u00fasico ingl\u00e9s conocido por ser el vocalista y compositor principal del grupo de rock alternativo Radiohead. Es conocido por su voz de falsete. Los instrumentos principales de Yorke son la guitarra y el piano, pero tambi\u00e9n toca el sintetizador, el bajo y la bater\u00eda. Thom naci\u00f3 en 1968 en Northamptonshire y posteriormente&hellip;<\/p>\n","protected":false},"author":1,"featured_media":7563,"comment_status":"closed","ping_status":"open","sticky":false,"template":"","format":"standard","meta":{"_jetpack_memberships_contains_paid_content":false,"footnotes":"","jetpack_publicize_message":"","jetpack_publicize_feature_enabled":true,"jetpack_social_post_already_shared":false,"jetpack_social_options":{"image_generator_settings":{"template":"highway","default_image_id":0,"font":"","enabled":false},"version":2}},"categories":[14],"tags":[],"class_list":["post-7564","post","type-post","status-publish","format-standard","has-post-thumbnail","hentry","category-un-dia-como-hoy"],"yoast_head":"<!-- This site is optimized with the Yoast SEO plugin v26.3 - https:\/\/yoast.com\/wordpress\/plugins\/seo\/ -->\r\n<title>Un d\u00eda como hoy nace Thom Yorke, m\u00fasico brit\u00e1nico, l\u00edder de la banda Radiohead. - Difusi\u00f3n Cultural<\/title>\r\n<meta name=\"robots\" content=\"index, follow, max-snippet:-1, max-image-preview:large, max-video-preview:-1\" \/>\r\n<link rel=\"canonical\" href=\"https:\/\/blogs.uninter.edu.mx\/difusioncultural\/?p=7564\" \/>\r\n<meta property=\"og:locale\" content=\"es_MX\" \/>\r\n<meta property=\"og:type\" content=\"article\" \/>\r\n<meta property=\"og:title\" content=\"Un d\u00eda como hoy nace Thom Yorke, m\u00fasico brit\u00e1nico, l\u00edder de la banda Radiohead. - Difusi\u00f3n Cultural\" \/>\r\n<meta property=\"og:description\" content=\"Thomas es un m\u00fasico ingl\u00e9s conocido por ser el vocalista y compositor principal del grupo de rock alternativo Radiohead. Es conocido por su voz de falsete. Los instrumentos principales de Yorke son la guitarra y el piano, pero tambi\u00e9n toca el sintetizador, el bajo y la bater\u00eda. Thom naci\u00f3 en 1968 en Northamptonshire y posteriormente&hellip;\" \/>\r\n<meta property=\"og:url\" content=\"https:\/\/blogs.uninter.edu.mx\/difusioncultural\/?p=7564\" \/>\r\n<meta property=\"og:site_name\" content=\"Difusi\u00f3n Cultural\" \/>\r\n<meta property=\"article:published_time\" content=\"2020-10-08T17:19:36+00:00\" \/>\r\n<meta property=\"og:image\" content=\"https:\/\/blogs.uninter.edu.mx\/difusioncultural\/wp-content\/uploads\/2020\/10\/img_5973.jpg\" \/>\r\n\t<meta property=\"og:image:width\" content=\"660\" \/>\r\n\t<meta property=\"og:image:height\" content=\"460\" \/>\r\n\t<meta property=\"og:image:type\" content=\"image\/jpeg\" \/>\r\n<meta name=\"author\" content=\"webmaster\" \/>\r\n<meta name=\"twitter:card\" content=\"summary_large_image\" \/>\r\n<meta name=\"twitter:label1\" content=\"Escrito por\" \/>\n\t<meta name=\"twitter:data1\" content=\"webmaster\" \/>\n\t<meta name=\"twitter:label2\" content=\"Tiempo de lectura\" \/>\n\t<meta name=\"twitter:data2\" content=\"1 minuto\" \/>\r\n<script type=\"application\/ld+json\" class=\"yoast-schema-graph\">{\"@context\":\"https:\/\/schema.org\",\"@graph\":[{\"@type\":\"Article\",\"@id\":\"https:\/\/blogs.uninter.edu.mx\/difusioncultural\/?p=7564#article\",\"isPartOf\":{\"@id\":\"https:\/\/blogs.uninter.edu.mx\/difusioncultural\/?p=7564\"},\"author\":{\"name\":\"webmaster\",\"@id\":\"https:\/\/blogs.uninter.edu.mx\/difusioncultural\/#\/schema\/person\/37a0926f4dd300a814993fd595abdc4a\"},\"headline\":\"Un d\u00eda como hoy nace Thom Yorke, m\u00fasico brit\u00e1nico, l\u00edder de la banda Radiohead.\",\"datePublished\":\"2020-10-08T17:19:36+00:00\",\"mainEntityOfPage\":{\"@id\":\"https:\/\/blogs.uninter.edu.mx\/difusioncultural\/?p=7564\"},\"wordCount\":305,\"publisher\":{\"@id\":\"https:\/\/blogs.uninter.edu.mx\/difusioncultural\/#organization\"},\"image\":{\"@id\":\"https:\/\/blogs.uninter.edu.mx\/difusioncultural\/?p=7564#primaryimage\"},\"thumbnailUrl\":\"https:\/\/blogs.uninter.edu.mx\/difusioncultural\/wp-content\/uploads\/2020\/10\/img_5973.jpg\",\"articleSection\":[\"un dia como hoy\"],\"inLanguage\":\"es\"},{\"@type\":\"WebPage\",\"@id\":\"https:\/\/blogs.uninter.edu.mx\/difusioncultural\/?p=7564\",\"url\":\"https:\/\/blogs.uninter.edu.mx\/difusioncultural\/?p=7564\",\"name\":\"Un d\u00eda como hoy nace Thom Yorke, m\u00fasico brit\u00e1nico, l\u00edder de la banda Radiohead. - Difusi\u00f3n Cultural\",\"isPartOf\":{\"@id\":\"https:\/\/blogs.uninter.edu.mx\/difusioncultural\/#website\"},\"primaryImageOfPage\":{\"@id\":\"https:\/\/blogs.uninter.edu.mx\/difusioncultural\/?p=7564#primaryimage\"},\"image\":{\"@id\":\"https:\/\/blogs.uninter.edu.mx\/difusioncultural\/?p=7564#primaryimage\"},\"thumbnailUrl\":\"https:\/\/blogs.uninter.edu.mx\/difusioncultural\/wp-content\/uploads\/2020\/10\/img_5973.jpg\",\"datePublished\":\"2020-10-08T17:19:36+00:00\",\"breadcrumb\":{\"@id\":\"https:\/\/blogs.uninter.edu.mx\/difusioncultural\/?p=7564#breadcrumb\"},\"inLanguage\":\"es\",\"potentialAction\":[{\"@type\":\"ReadAction\",\"target\":[\"https:\/\/blogs.uninter.edu.mx\/difusioncultural\/?p=7564\"]}]},{\"@type\":\"ImageObject\",\"inLanguage\":\"es\",\"@id\":\"https:\/\/blogs.uninter.edu.mx\/difusioncultural\/?p=7564#primaryimage\",\"url\":\"https:\/\/blogs.uninter.edu.mx\/difusioncultural\/wp-content\/uploads\/2020\/10\/img_5973.jpg\",\"contentUrl\":\"https:\/\/blogs.uninter.edu.mx\/difusioncultural\/wp-content\/uploads\/2020\/10\/img_5973.jpg\",\"width\":660,\"height\":460},{\"@type\":\"BreadcrumbList\",\"@id\":\"https:\/\/blogs.uninter.edu.mx\/difusioncultural\/?p=7564#breadcrumb\",\"itemListElement\":[{\"@type\":\"ListItem\",\"position\":1,\"name\":\"Inicio\",\"item\":\"https:\/\/blogs.uninter.edu.mx\/difusioncultural\/\"},{\"@type\":\"ListItem\",\"position\":2,\"name\":\"Un d\u00eda como hoy nace Thom Yorke, m\u00fasico brit\u00e1nico, l\u00edder de la banda Radiohead.\"}]},{\"@type\":\"WebSite\",\"@id\":\"https:\/\/blogs.uninter.edu.mx\/difusioncultural\/#website\",\"url\":\"https:\/\/blogs.uninter.edu.mx\/difusioncultural\/\",\"name\":\"Difusi\u00f3n Cultural\",\"description\":\"UNINTER\",\"publisher\":{\"@id\":\"https:\/\/blogs.uninter.edu.mx\/difusioncultural\/#organization\"},\"potentialAction\":[{\"@type\":\"SearchAction\",\"target\":{\"@type\":\"EntryPoint\",\"urlTemplate\":\"https:\/\/blogs.uninter.edu.mx\/difusioncultural\/?s={search_term_string}\"},\"query-input\":{\"@type\":\"PropertyValueSpecification\",\"valueRequired\":true,\"valueName\":\"search_term_string\"}}],\"inLanguage\":\"es\"},{\"@type\":\"Organization\",\"@id\":\"https:\/\/blogs.uninter.edu.mx\/difusioncultural\/#organization\",\"name\":\"Difusi\u00f3n Cultural\",\"url\":\"https:\/\/blogs.uninter.edu.mx\/difusioncultural\/\",\"logo\":{\"@type\":\"ImageObject\",\"inLanguage\":\"es\",\"@id\":\"https:\/\/blogs.uninter.edu.mx\/difusioncultural\/#\/schema\/logo\/image\/\",\"url\":\"https:\/\/blogs.uninter.edu.mx\/difusioncultural\/wp-content\/uploads\/2022\/09\/uninter.jpg\",\"contentUrl\":\"https:\/\/blogs.uninter.edu.mx\/difusioncultural\/wp-content\/uploads\/2022\/09\/uninter.jpg\",\"width\":2048,\"height\":2048,\"caption\":\"Difusi\u00f3n Cultural\"},\"image\":{\"@id\":\"https:\/\/blogs.uninter.edu.mx\/difusioncultural\/#\/schema\/logo\/image\/\"}},{\"@type\":\"Person\",\"@id\":\"https:\/\/blogs.uninter.edu.mx\/difusioncultural\/#\/schema\/person\/37a0926f4dd300a814993fd595abdc4a\",\"name\":\"webmaster\",\"image\":{\"@type\":\"ImageObject\",\"inLanguage\":\"es\",\"@id\":\"https:\/\/blogs.uninter.edu.mx\/difusioncultural\/#\/schema\/person\/image\/\",\"url\":\"https:\/\/secure.gravatar.com\/avatar\/a59c276b01147463ef3aab4118e3137ebc5e1ad6700deb39ccdf8b89e517f7dc?s=96&d=mm&r=g\",\"contentUrl\":\"https:\/\/secure.gravatar.com\/avatar\/a59c276b01147463ef3aab4118e3137ebc5e1ad6700deb39ccdf8b89e517f7dc?s=96&d=mm&r=g\",\"caption\":\"webmaster\"},\"sameAs\":[\"https:\/\/blogs.uninter.edu.mx\/difusioncultural\"],\"url\":\"https:\/\/blogs.uninter.edu.mx\/difusioncultural\/?author=1\"}]}<\/script>\r\n<!-- \/ Yoast SEO plugin. -->","yoast_head_json":{"title":"Un d\u00eda como hoy nace Thom Yorke, m\u00fasico brit\u00e1nico, l\u00edder de la banda Radiohead. - Difusi\u00f3n Cultural","robots":{"index":"index","follow":"follow","max-snippet":"max-snippet:-1","max-image-preview":"max-image-preview:large","max-video-preview":"max-video-preview:-1"},"canonical":"https:\/\/blogs.uninter.edu.mx\/difusioncultural\/?p=7564","og_locale":"es_MX","og_type":"article","og_title":"Un d\u00eda como hoy nace Thom Yorke, m\u00fasico brit\u00e1nico, l\u00edder de la banda Radiohead. - Difusi\u00f3n Cultural","og_description":"Thomas es un m\u00fasico ingl\u00e9s conocido por ser el vocalista y compositor principal del grupo de rock alternativo Radiohead. Es conocido por su voz de falsete. Los instrumentos principales de Yorke son la guitarra y el piano, pero tambi\u00e9n toca el sintetizador, el bajo y la bater\u00eda. Thom naci\u00f3 en 1968 en Northamptonshire y posteriormente&hellip;","og_url":"https:\/\/blogs.uninter.edu.mx\/difusioncultural\/?p=7564","og_site_name":"Difusi\u00f3n Cultural","article_published_time":"2020-10-08T17:19:36+00:00","og_image":[{"width":660,"height":460,"url":"https:\/\/blogs.uninter.edu.mx\/difusioncultural\/wp-content\/uploads\/2020\/10\/img_5973.jpg","type":"image\/jpeg"}],"author":"webmaster","twitter_card":"summary_large_image","twitter_misc":{"Escrito por":"webmaster","Tiempo de lectura":"1 minuto"},"schema":{"@context":"https:\/\/schema.org","@graph":[{"@type":"Article","@id":"https:\/\/blogs.uninter.edu.mx\/difusioncultural\/?p=7564#article","isPartOf":{"@id":"https:\/\/blogs.uninter.edu.mx\/difusioncultural\/?p=7564"},"author":{"name":"webmaster","@id":"https:\/\/blogs.uninter.edu.mx\/difusioncultural\/#\/schema\/person\/37a0926f4dd300a814993fd595abdc4a"},"headline":"Un d\u00eda como hoy nace Thom Yorke, m\u00fasico brit\u00e1nico, l\u00edder de la banda Radiohead.","datePublished":"2020-10-08T17:19:36+00:00","mainEntityOfPage":{"@id":"https:\/\/blogs.uninter.edu.mx\/difusioncultural\/?p=7564"},"wordCount":305,"publisher":{"@id":"https:\/\/blogs.uninter.edu.mx\/difusioncultural\/#organization"},"image":{"@id":"https:\/\/blogs.uninter.edu.mx\/difusioncultural\/?p=7564#primaryimage"},"thumbnailUrl":"https:\/\/blogs.uninter.edu.mx\/difusioncultural\/wp-content\/uploads\/2020\/10\/img_5973.jpg","articleSection":["un dia como hoy"],"inLanguage":"es"},{"@type":"WebPage","@id":"https:\/\/blogs.uninter.edu.mx\/difusioncultural\/?p=7564","url":"https:\/\/blogs.uninter.edu.mx\/difusioncultural\/?p=7564","name":"Un d\u00eda como hoy nace Thom Yorke, m\u00fasico brit\u00e1nico, l\u00edder de la banda Radiohead. - Difusi\u00f3n Cultural","isPartOf":{"@id":"https:\/\/blogs.uninter.edu.mx\/difusioncultural\/#website"},"primaryImageOfPage":{"@id":"https:\/\/blogs.uninter.edu.mx\/difusioncultural\/?p=7564#primaryimage"},"image":{"@id":"https:\/\/blogs.uninter.edu.mx\/difusioncultural\/?p=7564#primaryimage"},"thumbnailUrl":"https:\/\/blogs.uninter.edu.mx\/difusioncultural\/wp-content\/uploads\/2020\/10\/img_5973.jpg","datePublished":"2020-10-08T17:19:36+00:00","breadcrumb":{"@id":"https:\/\/blogs.uninter.edu.mx\/difusioncultural\/?p=7564#breadcrumb"},"inLanguage":"es","potentialAction":[{"@type":"ReadAction","target":["https:\/\/blogs.uninter.edu.mx\/difusioncultural\/?p=7564"]}]},{"@type":"ImageObject","inLanguage":"es","@id":"https:\/\/blogs.uninter.edu.mx\/difusioncultural\/?p=7564#primaryimage","url":"https:\/\/blogs.uninter.edu.mx\/difusioncultural\/wp-content\/uploads\/2020\/10\/img_5973.jpg","contentUrl":"https:\/\/blogs.uninter.edu.mx\/difusioncultural\/wp-content\/uploads\/2020\/10\/img_5973.jpg","width":660,"height":460},{"@type":"BreadcrumbList","@id":"https:\/\/blogs.uninter.edu.mx\/difusioncultural\/?p=7564#breadcrumb","itemListElement":[{"@type":"ListItem","position":1,"name":"Inicio","item":"https:\/\/blogs.uninter.edu.mx\/difusioncultural\/"},{"@type":"ListItem","position":2,"name":"Un d\u00eda como hoy nace Thom Yorke, m\u00fasico brit\u00e1nico, l\u00edder de la banda Radiohead."}]},{"@type":"WebSite","@id":"https:\/\/blogs.uninter.edu.mx\/difusioncultural\/#website","url":"https:\/\/blogs.uninter.edu.mx\/difusioncultural\/","name":"Difusi\u00f3n Cultural","description":"UNINTER","publisher":{"@id":"https:\/\/blogs.uninter.edu.mx\/difusioncultural\/#organization"},"potentialAction":[{"@type":"SearchAction","target":{"@type":"EntryPoint","urlTemplate":"https:\/\/blogs.uninter.edu.mx\/difusioncultural\/?s={search_term_string}"},"query-input":{"@type":"PropertyValueSpecification","valueRequired":true,"valueName":"search_term_string"}}],"inLanguage":"es"},{"@type":"Organization","@id":"https:\/\/blogs.uninter.edu.mx\/difusioncultural\/#organization","name":"Difusi\u00f3n Cultural","url":"https:\/\/blogs.uninter.edu.mx\/difusioncultural\/","logo":{"@type":"ImageObject","inLanguage":"es","@id":"https:\/\/blogs.uninter.edu.mx\/difusioncultural\/#\/schema\/logo\/image\/","url":"https:\/\/blogs.uninter.edu.mx\/difusioncultural\/wp-content\/uploads\/2022\/09\/uninter.jpg","contentUrl":"https:\/\/blogs.uninter.edu.mx\/difusioncultural\/wp-content\/uploads\/2022\/09\/uninter.jpg","width":2048,"height":2048,"caption":"Difusi\u00f3n Cultural"},"image":{"@id":"https:\/\/blogs.uninter.edu.mx\/difusioncultural\/#\/schema\/logo\/image\/"}},{"@type":"Person","@id":"https:\/\/blogs.uninter.edu.mx\/difusioncultural\/#\/schema\/person\/37a0926f4dd300a814993fd595abdc4a","name":"webmaster","image":{"@type":"ImageObject","inLanguage":"es","@id":"https:\/\/blogs.uninter.edu.mx\/difusioncultural\/#\/schema\/person\/image\/","url":"https:\/\/secure.gravatar.com\/avatar\/a59c276b01147463ef3aab4118e3137ebc5e1ad6700deb39ccdf8b89e517f7dc?s=96&d=mm&r=g","contentUrl":"https:\/\/secure.gravatar.com\/avatar\/a59c276b01147463ef3aab4118e3137ebc5e1ad6700deb39ccdf8b89e517f7dc?s=96&d=mm&r=g","caption":"webmaster"},"sameAs":["https:\/\/blogs.uninter.edu.mx\/difusioncultural"],"url":"https:\/\/blogs.uninter.edu.mx\/difusioncultural\/?author=1"}]}},"jetpack_publicize_connections":[],"jetpack_featured_media_url":"https:\/\/blogs.uninter.edu.mx\/difusioncultural\/wp-content\/uploads\/2020\/10\/img_5973.jpg","jetpack_sharing_enabled":true,"_links":{"self":[{"href":"https:\/\/blogs.uninter.edu.mx\/difusioncultural\/index.php?rest_route=\/wp\/v2\/posts\/7564","targetHints":{"allow":["GET"]}}],"collection":[{"href":"https:\/\/blogs.uninter.edu.mx\/difusioncultural\/index.php?rest_route=\/wp\/v2\/posts"}],"about":[{"href":"https:\/\/blogs.uninter.edu.mx\/difusioncultural\/index.php?rest_route=\/wp\/v2\/types\/post"}],"author":[{"embeddable":true,"href":"https:\/\/blogs.uninter.edu.mx\/difusioncultural\/index.php?rest_route=\/wp\/v2\/users\/1"}],"replies":[{"embeddable":true,"href":"https:\/\/blogs.uninter.edu.mx\/difusioncultural\/index.php?rest_route=%2Fwp%2Fv2%2Fcomments&post=7564"}],"version-history":[{"count":0,"href":"https:\/\/blogs.uninter.edu.mx\/difusioncultural\/index.php?rest_route=\/wp\/v2\/posts\/7564\/revisions"}],"wp:featuredmedia":[{"embeddable":true,"href":"https:\/\/blogs.uninter.edu.mx\/difusioncultural\/index.php?rest_route=\/wp\/v2\/media\/7563"}],"wp:attachment":[{"href":"https:\/\/blogs.uninter.edu.mx\/difusioncultural\/index.php?rest_route=%2Fwp%2Fv2%2Fmedia&parent=7564"}],"wp:term":[{"taxonomy":"category","embeddable":true,"href":"https:\/\/blogs.uninter.edu.mx\/difusioncultural\/index.php?rest_route=%2Fwp%2Fv2%2Fcategories&post=7564"},{"taxonomy":"post_tag","embeddable":true,"href":"https:\/\/blogs.uninter.edu.mx\/difusioncultural\/index.php?rest_route=%2Fwp%2Fv2%2Ftags&post=7564"}],"curies":[{"name":"wp","href":"https:\/\/api.w.org\/{rel}","templated":true}]}}