{"id":757,"date":"2012-10-19T16:35:40","date_gmt":"2012-10-19T16:35:40","guid":{"rendered":"http:\/\/difusionculturaluninter.wordpress.com\/2012\/10\/19\/cancer-de-mama\/"},"modified":"2012-10-19T16:35:40","modified_gmt":"2012-10-19T16:35:40","slug":"cancer-de-mama","status":"publish","type":"post","link":"https:\/\/blogs.uninter.edu.mx\/difusioncultural\/?p=757","title":{"rendered":"C\u00e1ncer de mama"},"content":{"rendered":"<p><a href=\"http:\/\/saraceron.files.wordpress.com\/2012\/10\/diapositiva21.jpg\"><img decoding=\"async\" id=\"i-32\" class=\" wp-image\" alt=\"Imagen\" src=\"http:\/\/saraceron.files.wordpress.com\/2012\/10\/diapositiva21.jpg?w=487\" \/><\/a><\/p>\n<p>\u00a0<\/p>\n<p>Enfermedad de gran magnitud, considerada como una de los principales problemas de salud p\u00fablica en el mundo. La Organizaci\u00f3n Mundial de la Salud (OMS)considera que es una de las causas principales de muerte en la poblaci\u00f3n.<\/p>\n<p>S\u00edntomas<br \/>El c\u00e1ncer de mama precoz generalmente no causa s\u00edntomas; raz\u00f3n por la cual los ex\u00e1menes regulares de las mamas son importantes<br \/>Tumores mamarios o tumoraciones en las axilas que son duras, tienen bordes irregulares y generalmente no duelen.<br \/>\u2022 Cambio en el tama\u00f1o, forma o textura de las mamas o el pez\u00f3n. <br \/>\u2022 Secreci\u00f3n de l\u00edquido proveniente del pez\u00f3n, que puede ser sanguinolento, de claro a amarillento o verdoso, y lucir como pus.<br \/>Los hombres tambi\u00e9n pueden padecer c\u00e1ncer de mama y los s\u00edntomas abarcan tumoraci\u00f3n mamaria, as\u00ed como dolor y sensibilidad en las mamas.<br \/>Los s\u00edntomas del c\u00e1ncer de mama avanzado pueden abarcar:<br \/>\u2022 Dolor \u00f3seo<br \/>\u2022 Dolor o molestia en las mamas<br \/>\u2022 \u00dalceras cut\u00e1neas<br \/>\u2022 Hinchaz\u00f3n de un brazo (pr\u00f3ximo a la mama con c\u00e1ncer)<br \/>\u2022 P\u00e9rdida de peso<\/p>\n<p>Pruebas y ex\u00e1menes<br \/>Los ex\u00e1menes utilizados para diagnosticar y vigilar a los pacientes con c\u00e1ncer de mama abarcan:<br \/>\u2022 Resonancia magn\u00e9tica de las mamas para ayudar a identificar mejor la tumoraci\u00f3n mamaria o evaluar un cambio anormal en una mamograf\u00eda<br \/>\u2022 Ecograf\u00eda de las mamas para mostrar si la tumoraci\u00f3n es s\u00f3lida o llena de l\u00edquido<br \/>\u2022 Biopsia de mama: usar m\u00e9todos como biopsia aspirativa, guiada por ecograf\u00eda, estereot\u00e1ctica o abierta<br \/>\u2022 Tomograf\u00eda computarizada para ver si el c\u00e1ncer se ha diseminado<br \/>\u2022 Mamograf\u00eda para detectar c\u00e1ncer de mama o ayudar a identificar la tumoraci\u00f3n o protuberancia mamaria<br \/>\u2022 Tomograf\u00eda por emisi\u00f3n de positrones (TEP)<br \/>\u2022 Biopsia de ganglio linf\u00e1tico centinela para ver si el c\u00e1ncer se ha diseminado<\/p>\n","protected":false},"excerpt":{"rendered":"<p>\u00a0 Enfermedad de gran magnitud, considerada como una de los principales problemas de salud p\u00fablica en el mundo. La Organizaci\u00f3n Mundial de la Salud (OMS)considera que es una de las causas principales de muerte en la poblaci\u00f3n. S\u00edntomasEl c\u00e1ncer de mama precoz generalmente no causa s\u00edntomas; raz\u00f3n por la cual los ex\u00e1menes regulares de las&hellip;<\/p>\n","protected":false},"author":24,"featured_media":0,"comment_status":"open","ping_status":"open","sticky":false,"template":"","format":"aside","meta":{"_jetpack_memberships_contains_paid_content":false,"footnotes":"","jetpack_publicize_message":"","jetpack_publicize_feature_enabled":true,"jetpack_social_post_already_shared":false,"jetpack_social_options":{"image_generator_settings":{"template":"highway","default_image_id":0,"font":"","enabled":false},"version":2}},"categories":[1],"tags":[],"class_list":["post-757","post","type-post","status-publish","format-aside","hentry","category-sin-categoria","post_format-post-format-aside"],"yoast_head":"<!-- This site is optimized with the Yoast SEO plugin v26.3 - https:\/\/yoast.com\/wordpress\/plugins\/seo\/ -->\r\n<title>C\u00e1ncer de mama - Difusi\u00f3n Cultural<\/title>\r\n<meta name=\"robots\" content=\"index, follow, max-snippet:-1, max-image-preview:large, max-video-preview:-1\" \/>\r\n<link rel=\"canonical\" href=\"https:\/\/blogs.uninter.edu.mx\/difusioncultural\/?p=757\" \/>\r\n<meta property=\"og:locale\" content=\"es_MX\" \/>\r\n<meta property=\"og:type\" content=\"article\" \/>\r\n<meta property=\"og:title\" content=\"C\u00e1ncer de mama - Difusi\u00f3n Cultural\" \/>\r\n<meta property=\"og:description\" content=\"\u00a0 Enfermedad de gran magnitud, considerada como una de los principales problemas de salud p\u00fablica en el mundo. La Organizaci\u00f3n Mundial de la Salud (OMS)considera que es una de las causas principales de muerte en la poblaci\u00f3n. S\u00edntomasEl c\u00e1ncer de mama precoz generalmente no causa s\u00edntomas; raz\u00f3n por la cual los ex\u00e1menes regulares de las&hellip;\" \/>\r\n<meta property=\"og:url\" content=\"https:\/\/blogs.uninter.edu.mx\/difusioncultural\/?p=757\" \/>\r\n<meta property=\"og:site_name\" content=\"Difusi\u00f3n Cultural\" \/>\r\n<meta property=\"article:published_time\" content=\"2012-10-19T16:35:40+00:00\" \/>\r\n<meta property=\"og:image\" content=\"http:\/\/saraceron.files.wordpress.com\/2012\/10\/diapositiva21.jpg?w=487\" \/>\r\n<meta name=\"author\" content=\"Aslhey Alejandra Gonz\u00e1lez Castro\" \/>\r\n<meta name=\"twitter:card\" content=\"summary_large_image\" \/>\r\n<meta name=\"twitter:label1\" content=\"Escrito por\" \/>\n\t<meta name=\"twitter:data1\" content=\"Aslhey Alejandra Gonz\u00e1lez Castro\" \/>\n\t<meta name=\"twitter:label2\" content=\"Tiempo de lectura\" \/>\n\t<meta name=\"twitter:data2\" content=\"2 minutos\" \/>\r\n<script type=\"application\/ld+json\" class=\"yoast-schema-graph\">{\"@context\":\"https:\/\/schema.org\",\"@graph\":[{\"@type\":\"Article\",\"@id\":\"https:\/\/blogs.uninter.edu.mx\/difusioncultural\/?p=757#article\",\"isPartOf\":{\"@id\":\"https:\/\/blogs.uninter.edu.mx\/difusioncultural\/?p=757\"},\"author\":{\"name\":\"Aslhey Alejandra Gonz\u00e1lez Castro\",\"@id\":\"https:\/\/blogs.uninter.edu.mx\/difusioncultural\/#\/schema\/person\/c710e37686022500827405824a08a18c\"},\"headline\":\"C\u00e1ncer de mama\",\"datePublished\":\"2012-10-19T16:35:40+00:00\",\"mainEntityOfPage\":{\"@id\":\"https:\/\/blogs.uninter.edu.mx\/difusioncultural\/?p=757\"},\"wordCount\":322,\"commentCount\":0,\"publisher\":{\"@id\":\"https:\/\/blogs.uninter.edu.mx\/difusioncultural\/#organization\"},\"image\":{\"@id\":\"https:\/\/blogs.uninter.edu.mx\/difusioncultural\/?p=757#primaryimage\"},\"thumbnailUrl\":\"http:\/\/saraceron.files.wordpress.com\/2012\/10\/diapositiva21.jpg?w=487\",\"inLanguage\":\"es\",\"potentialAction\":[{\"@type\":\"CommentAction\",\"name\":\"Comment\",\"target\":[\"https:\/\/blogs.uninter.edu.mx\/difusioncultural\/?p=757#respond\"]}]},{\"@type\":\"WebPage\",\"@id\":\"https:\/\/blogs.uninter.edu.mx\/difusioncultural\/?p=757\",\"url\":\"https:\/\/blogs.uninter.edu.mx\/difusioncultural\/?p=757\",\"name\":\"C\u00e1ncer de mama - Difusi\u00f3n Cultural\",\"isPartOf\":{\"@id\":\"https:\/\/blogs.uninter.edu.mx\/difusioncultural\/#website\"},\"primaryImageOfPage\":{\"@id\":\"https:\/\/blogs.uninter.edu.mx\/difusioncultural\/?p=757#primaryimage\"},\"image\":{\"@id\":\"https:\/\/blogs.uninter.edu.mx\/difusioncultural\/?p=757#primaryimage\"},\"thumbnailUrl\":\"http:\/\/saraceron.files.wordpress.com\/2012\/10\/diapositiva21.jpg?w=487\",\"datePublished\":\"2012-10-19T16:35:40+00:00\",\"breadcrumb\":{\"@id\":\"https:\/\/blogs.uninter.edu.mx\/difusioncultural\/?p=757#breadcrumb\"},\"inLanguage\":\"es\",\"potentialAction\":[{\"@type\":\"ReadAction\",\"target\":[\"https:\/\/blogs.uninter.edu.mx\/difusioncultural\/?p=757\"]}]},{\"@type\":\"ImageObject\",\"inLanguage\":\"es\",\"@id\":\"https:\/\/blogs.uninter.edu.mx\/difusioncultural\/?p=757#primaryimage\",\"url\":\"http:\/\/saraceron.files.wordpress.com\/2012\/10\/diapositiva21.jpg?w=487\",\"contentUrl\":\"http:\/\/saraceron.files.wordpress.com\/2012\/10\/diapositiva21.jpg?w=487\"},{\"@type\":\"BreadcrumbList\",\"@id\":\"https:\/\/blogs.uninter.edu.mx\/difusioncultural\/?p=757#breadcrumb\",\"itemListElement\":[{\"@type\":\"ListItem\",\"position\":1,\"name\":\"Inicio\",\"item\":\"https:\/\/blogs.uninter.edu.mx\/difusioncultural\/\"},{\"@type\":\"ListItem\",\"position\":2,\"name\":\"C\u00e1ncer de mama\"}]},{\"@type\":\"WebSite\",\"@id\":\"https:\/\/blogs.uninter.edu.mx\/difusioncultural\/#website\",\"url\":\"https:\/\/blogs.uninter.edu.mx\/difusioncultural\/\",\"name\":\"Difusi\u00f3n Cultural\",\"description\":\"UNINTER\",\"publisher\":{\"@id\":\"https:\/\/blogs.uninter.edu.mx\/difusioncultural\/#organization\"},\"potentialAction\":[{\"@type\":\"SearchAction\",\"target\":{\"@type\":\"EntryPoint\",\"urlTemplate\":\"https:\/\/blogs.uninter.edu.mx\/difusioncultural\/?s={search_term_string}\"},\"query-input\":{\"@type\":\"PropertyValueSpecification\",\"valueRequired\":true,\"valueName\":\"search_term_string\"}}],\"inLanguage\":\"es\"},{\"@type\":\"Organization\",\"@id\":\"https:\/\/blogs.uninter.edu.mx\/difusioncultural\/#organization\",\"name\":\"Difusi\u00f3n Cultural\",\"url\":\"https:\/\/blogs.uninter.edu.mx\/difusioncultural\/\",\"logo\":{\"@type\":\"ImageObject\",\"inLanguage\":\"es\",\"@id\":\"https:\/\/blogs.uninter.edu.mx\/difusioncultural\/#\/schema\/logo\/image\/\",\"url\":\"https:\/\/blogs.uninter.edu.mx\/difusioncultural\/wp-content\/uploads\/2022\/09\/uninter.jpg\",\"contentUrl\":\"https:\/\/blogs.uninter.edu.mx\/difusioncultural\/wp-content\/uploads\/2022\/09\/uninter.jpg\",\"width\":2048,\"height\":2048,\"caption\":\"Difusi\u00f3n Cultural\"},\"image\":{\"@id\":\"https:\/\/blogs.uninter.edu.mx\/difusioncultural\/#\/schema\/logo\/image\/\"}},{\"@type\":\"Person\",\"@id\":\"https:\/\/blogs.uninter.edu.mx\/difusioncultural\/#\/schema\/person\/c710e37686022500827405824a08a18c\",\"name\":\"Aslhey Alejandra Gonz\u00e1lez Castro\",\"image\":{\"@type\":\"ImageObject\",\"inLanguage\":\"es\",\"@id\":\"https:\/\/blogs.uninter.edu.mx\/difusioncultural\/#\/schema\/person\/image\/\",\"url\":\"https:\/\/secure.gravatar.com\/avatar\/1905d6ed47b47ccbfb53e4b64f72f2017309e25d96ef418088d4f998ecf6552e?s=96&d=mm&r=g\",\"contentUrl\":\"https:\/\/secure.gravatar.com\/avatar\/1905d6ed47b47ccbfb53e4b64f72f2017309e25d96ef418088d4f998ecf6552e?s=96&d=mm&r=g\",\"caption\":\"Aslhey Alejandra Gonz\u00e1lez Castro\"},\"url\":\"https:\/\/blogs.uninter.edu.mx\/difusioncultural\/?author=24\"}]}<\/script>\r\n<!-- \/ Yoast SEO plugin. -->","yoast_head_json":{"title":"C\u00e1ncer de mama - Difusi\u00f3n Cultural","robots":{"index":"index","follow":"follow","max-snippet":"max-snippet:-1","max-image-preview":"max-image-preview:large","max-video-preview":"max-video-preview:-1"},"canonical":"https:\/\/blogs.uninter.edu.mx\/difusioncultural\/?p=757","og_locale":"es_MX","og_type":"article","og_title":"C\u00e1ncer de mama - Difusi\u00f3n Cultural","og_description":"\u00a0 Enfermedad de gran magnitud, considerada como una de los principales problemas de salud p\u00fablica en el mundo. La Organizaci\u00f3n Mundial de la Salud (OMS)considera que es una de las causas principales de muerte en la poblaci\u00f3n. S\u00edntomasEl c\u00e1ncer de mama precoz generalmente no causa s\u00edntomas; raz\u00f3n por la cual los ex\u00e1menes regulares de las&hellip;","og_url":"https:\/\/blogs.uninter.edu.mx\/difusioncultural\/?p=757","og_site_name":"Difusi\u00f3n Cultural","article_published_time":"2012-10-19T16:35:40+00:00","og_image":[{"url":"http:\/\/saraceron.files.wordpress.com\/2012\/10\/diapositiva21.jpg?w=487","type":"","width":"","height":""}],"author":"Aslhey Alejandra Gonz\u00e1lez Castro","twitter_card":"summary_large_image","twitter_misc":{"Escrito por":"Aslhey Alejandra Gonz\u00e1lez Castro","Tiempo de lectura":"2 minutos"},"schema":{"@context":"https:\/\/schema.org","@graph":[{"@type":"Article","@id":"https:\/\/blogs.uninter.edu.mx\/difusioncultural\/?p=757#article","isPartOf":{"@id":"https:\/\/blogs.uninter.edu.mx\/difusioncultural\/?p=757"},"author":{"name":"Aslhey Alejandra Gonz\u00e1lez Castro","@id":"https:\/\/blogs.uninter.edu.mx\/difusioncultural\/#\/schema\/person\/c710e37686022500827405824a08a18c"},"headline":"C\u00e1ncer de mama","datePublished":"2012-10-19T16:35:40+00:00","mainEntityOfPage":{"@id":"https:\/\/blogs.uninter.edu.mx\/difusioncultural\/?p=757"},"wordCount":322,"commentCount":0,"publisher":{"@id":"https:\/\/blogs.uninter.edu.mx\/difusioncultural\/#organization"},"image":{"@id":"https:\/\/blogs.uninter.edu.mx\/difusioncultural\/?p=757#primaryimage"},"thumbnailUrl":"http:\/\/saraceron.files.wordpress.com\/2012\/10\/diapositiva21.jpg?w=487","inLanguage":"es","potentialAction":[{"@type":"CommentAction","name":"Comment","target":["https:\/\/blogs.uninter.edu.mx\/difusioncultural\/?p=757#respond"]}]},{"@type":"WebPage","@id":"https:\/\/blogs.uninter.edu.mx\/difusioncultural\/?p=757","url":"https:\/\/blogs.uninter.edu.mx\/difusioncultural\/?p=757","name":"C\u00e1ncer de mama - Difusi\u00f3n Cultural","isPartOf":{"@id":"https:\/\/blogs.uninter.edu.mx\/difusioncultural\/#website"},"primaryImageOfPage":{"@id":"https:\/\/blogs.uninter.edu.mx\/difusioncultural\/?p=757#primaryimage"},"image":{"@id":"https:\/\/blogs.uninter.edu.mx\/difusioncultural\/?p=757#primaryimage"},"thumbnailUrl":"http:\/\/saraceron.files.wordpress.com\/2012\/10\/diapositiva21.jpg?w=487","datePublished":"2012-10-19T16:35:40+00:00","breadcrumb":{"@id":"https:\/\/blogs.uninter.edu.mx\/difusioncultural\/?p=757#breadcrumb"},"inLanguage":"es","potentialAction":[{"@type":"ReadAction","target":["https:\/\/blogs.uninter.edu.mx\/difusioncultural\/?p=757"]}]},{"@type":"ImageObject","inLanguage":"es","@id":"https:\/\/blogs.uninter.edu.mx\/difusioncultural\/?p=757#primaryimage","url":"http:\/\/saraceron.files.wordpress.com\/2012\/10\/diapositiva21.jpg?w=487","contentUrl":"http:\/\/saraceron.files.wordpress.com\/2012\/10\/diapositiva21.jpg?w=487"},{"@type":"BreadcrumbList","@id":"https:\/\/blogs.uninter.edu.mx\/difusioncultural\/?p=757#breadcrumb","itemListElement":[{"@type":"ListItem","position":1,"name":"Inicio","item":"https:\/\/blogs.uninter.edu.mx\/difusioncultural\/"},{"@type":"ListItem","position":2,"name":"C\u00e1ncer de mama"}]},{"@type":"WebSite","@id":"https:\/\/blogs.uninter.edu.mx\/difusioncultural\/#website","url":"https:\/\/blogs.uninter.edu.mx\/difusioncultural\/","name":"Difusi\u00f3n Cultural","description":"UNINTER","publisher":{"@id":"https:\/\/blogs.uninter.edu.mx\/difusioncultural\/#organization"},"potentialAction":[{"@type":"SearchAction","target":{"@type":"EntryPoint","urlTemplate":"https:\/\/blogs.uninter.edu.mx\/difusioncultural\/?s={search_term_string}"},"query-input":{"@type":"PropertyValueSpecification","valueRequired":true,"valueName":"search_term_string"}}],"inLanguage":"es"},{"@type":"Organization","@id":"https:\/\/blogs.uninter.edu.mx\/difusioncultural\/#organization","name":"Difusi\u00f3n Cultural","url":"https:\/\/blogs.uninter.edu.mx\/difusioncultural\/","logo":{"@type":"ImageObject","inLanguage":"es","@id":"https:\/\/blogs.uninter.edu.mx\/difusioncultural\/#\/schema\/logo\/image\/","url":"https:\/\/blogs.uninter.edu.mx\/difusioncultural\/wp-content\/uploads\/2022\/09\/uninter.jpg","contentUrl":"https:\/\/blogs.uninter.edu.mx\/difusioncultural\/wp-content\/uploads\/2022\/09\/uninter.jpg","width":2048,"height":2048,"caption":"Difusi\u00f3n Cultural"},"image":{"@id":"https:\/\/blogs.uninter.edu.mx\/difusioncultural\/#\/schema\/logo\/image\/"}},{"@type":"Person","@id":"https:\/\/blogs.uninter.edu.mx\/difusioncultural\/#\/schema\/person\/c710e37686022500827405824a08a18c","name":"Aslhey Alejandra Gonz\u00e1lez Castro","image":{"@type":"ImageObject","inLanguage":"es","@id":"https:\/\/blogs.uninter.edu.mx\/difusioncultural\/#\/schema\/person\/image\/","url":"https:\/\/secure.gravatar.com\/avatar\/1905d6ed47b47ccbfb53e4b64f72f2017309e25d96ef418088d4f998ecf6552e?s=96&d=mm&r=g","contentUrl":"https:\/\/secure.gravatar.com\/avatar\/1905d6ed47b47ccbfb53e4b64f72f2017309e25d96ef418088d4f998ecf6552e?s=96&d=mm&r=g","caption":"Aslhey Alejandra Gonz\u00e1lez Castro"},"url":"https:\/\/blogs.uninter.edu.mx\/difusioncultural\/?author=24"}]}},"jetpack_publicize_connections":[],"jetpack_featured_media_url":"","jetpack_sharing_enabled":true,"_links":{"self":[{"href":"https:\/\/blogs.uninter.edu.mx\/difusioncultural\/index.php?rest_route=\/wp\/v2\/posts\/757","targetHints":{"allow":["GET"]}}],"collection":[{"href":"https:\/\/blogs.uninter.edu.mx\/difusioncultural\/index.php?rest_route=\/wp\/v2\/posts"}],"about":[{"href":"https:\/\/blogs.uninter.edu.mx\/difusioncultural\/index.php?rest_route=\/wp\/v2\/types\/post"}],"author":[{"embeddable":true,"href":"https:\/\/blogs.uninter.edu.mx\/difusioncultural\/index.php?rest_route=\/wp\/v2\/users\/24"}],"replies":[{"embeddable":true,"href":"https:\/\/blogs.uninter.edu.mx\/difusioncultural\/index.php?rest_route=%2Fwp%2Fv2%2Fcomments&post=757"}],"version-history":[{"count":0,"href":"https:\/\/blogs.uninter.edu.mx\/difusioncultural\/index.php?rest_route=\/wp\/v2\/posts\/757\/revisions"}],"wp:attachment":[{"href":"https:\/\/blogs.uninter.edu.mx\/difusioncultural\/index.php?rest_route=%2Fwp%2Fv2%2Fmedia&parent=757"}],"wp:term":[{"taxonomy":"category","embeddable":true,"href":"https:\/\/blogs.uninter.edu.mx\/difusioncultural\/index.php?rest_route=%2Fwp%2Fv2%2Fcategories&post=757"},{"taxonomy":"post_tag","embeddable":true,"href":"https:\/\/blogs.uninter.edu.mx\/difusioncultural\/index.php?rest_route=%2Fwp%2Fv2%2Ftags&post=757"}],"curies":[{"name":"wp","href":"https:\/\/api.w.org\/{rel}","templated":true}]}}