{"id":7610,"date":"2020-10-29T13:06:31","date_gmt":"2020-10-29T19:06:31","guid":{"rendered":"https:\/\/difusionculturaluninter.wordpress.com\/2020\/10\/29\/preocupa-a-escritores-desaparicion-de-la-literatura-indigena\/"},"modified":"2020-10-29T13:06:31","modified_gmt":"2020-10-29T19:06:31","slug":"preocupa-a-escritores-desaparicion-de-la-literatura-indigena","status":"publish","type":"post","link":"https:\/\/blogs.uninter.edu.mx\/difusioncultural\/?p=7610","title":{"rendered":"Preocupa a escritores desaparici\u00f3n de la literatura ind\u00edgena"},"content":{"rendered":"\n<figure class=\"wp-block-image size-large\"><img fetchpriority=\"high\" decoding=\"async\" width=\"765\" height=\"462\" src=\"https:\/\/difusionculturaluninter.files.wordpress.com\/2020\/10\/img_6151.jpg?w=765\" alt=\"\" class=\"wp-image-7609\" \/><\/figure>\n\n\n\n<p>Las nuevas generaciones de escritores ind\u00edgenas no s\u00f3lo est\u00e1n m\u00e1s despolitizadas, sino que muchos de sus integrantes han olvidado sus or\u00edgenes y tienen como inter\u00e9s principal las pasarelas y la fama.<\/p>\n\n\n\n<p>En ello coincidieron los poetas nahuas Mardonio Carballo y Mart\u00edn Tonalmeyotl en la charla virtual Creaci\u00f3n literaria en dos lenguas, efectuada la noche de este s\u00e1bado como parte del ciclo Escrituras para reinventar el presente, de la 40 Feria Internacional del Libro Oaxaca (FILO).<\/p>\n\n\n\n<p>Moderados por la escritora y activista en derechos ling\u00fc\u00edsticos mixe Y\u00e1snaya Agu\u00edlar, ambos autores repararon en la complejidad de ser escritor en lenguas ind\u00edgenas en un pa\u00eds como M\u00e9xico donde los hablantes de \u00e9stas disminuyendo y el n\u00famero de lectores es de por s\u00ed limitado.<\/p>\n\n\n\n<p>Consideraron un deber trabajar en la preservaci\u00f3n y la ense\u00f1anza de los idiomas originarios entre las nuevas generaciones de ni\u00f1os, con el prop\u00f3sito de que ese patrimonio y el pensamiento y la cultura que encierran puedan mantenerse por largos siglos.<\/p>\n\n\n\n<p>Mardonio Carballo agreg\u00f3 que las nuevas generaciones de escritores en lenguas originarias deben replantear su situaci\u00f3n y ser conscientes de la urgencia de retomar su terreno de origen y sembrarlo de los \u00e1rboles que corresponden a su alma.<\/p>\n\n\n\n<p>\u201cEs algo muy importante, porque veo que ahora hay gente que solo quiere cosechar frutos de \u00e1rboles aunque no sean de aqu\u00ed, y eso se llama pasarela o fama. Seg\u00fan nosotros estamos peleando por otra cosa\u201d, destac\u00f3<\/p>\n\n\n\n<p>\u201cYo comenc\u00e9 a escribir porque quer\u00eda que mi lengua se escuchara y no acabara sepultada por el olvido, pero veo que ahora hay mucha gente que est\u00e1 muy c\u00f3moda sembrando arboles que no son de aqu\u00ed y le encantan las flores que da. Aqu\u00ed hay flores antiguas y que tienen la misma belleza, pero fueron suplantadas en el discurso y la narrativa donde nos dijeron que esa belleza no importaba\u201d.<\/p>\n\n\n\n<p>Seg\u00fan el tambi\u00e9n titular de la Direcci\u00f3n de Culturas Populares, Ind\u00edgenas y Urbanas de la Secretar\u00eda de Cultura federal, otro aspecto esencial es trabajar contra la romantizaci\u00f3n prevaleciente sobre la literatura ind\u00edgena e invit\u00f3 a sus hacedores a huir del apapacho institucional, por considerarlo pernicioso y susceptible de aprovechamiento de los otros.<\/p>\n\n\n\n<p>\u201cAl final de cuentas, uno siempre debe desconfiar y huir no s\u00f3lo del apapacho, sino de la moda\u201d, asent\u00f3 y asegur\u00f3 que muchos escritores ind\u00edgenas en M\u00e9xico han cedido y concedido mucho con la pretensi\u00f3n de ingresar al mainstream, sobre todo en la relaci\u00f3n con el \u00e1mbito acad\u00e9mico, donde son utilizados por investigadores y especialistas con fines de reconocimiento personal.<\/p>\n","protected":false},"excerpt":{"rendered":"<p>Las nuevas generaciones de escritores ind\u00edgenas no s\u00f3lo est\u00e1n m\u00e1s despolitizadas, sino que muchos de sus integrantes han olvidado sus or\u00edgenes y tienen como inter\u00e9s principal las pasarelas y la fama. En ello coincidieron los poetas nahuas Mardonio Carballo y Mart\u00edn Tonalmeyotl en la charla virtual Creaci\u00f3n literaria en dos lenguas, efectuada la noche de&hellip;<\/p>\n","protected":false},"author":1,"featured_media":7609,"comment_status":"closed","ping_status":"open","sticky":false,"template":"","format":"standard","meta":{"_jetpack_memberships_contains_paid_content":false,"footnotes":"","jetpack_publicize_message":"","jetpack_publicize_feature_enabled":true,"jetpack_social_post_already_shared":false,"jetpack_social_options":{"image_generator_settings":{"template":"highway","default_image_id":0,"font":"","enabled":false},"version":2}},"categories":[12],"tags":[],"class_list":["post-7610","post","type-post","status-publish","format-standard","has-post-thumbnail","hentry","category-noticias"],"yoast_head":"<!-- This site is optimized with the Yoast SEO plugin v26.3 - https:\/\/yoast.com\/wordpress\/plugins\/seo\/ -->\r\n<title>Preocupa a escritores desaparici\u00f3n de la literatura ind\u00edgena - Difusi\u00f3n Cultural<\/title>\r\n<meta name=\"robots\" content=\"index, follow, max-snippet:-1, max-image-preview:large, max-video-preview:-1\" \/>\r\n<link rel=\"canonical\" href=\"https:\/\/blogs.uninter.edu.mx\/difusioncultural\/?p=7610\" \/>\r\n<meta property=\"og:locale\" content=\"es_MX\" \/>\r\n<meta property=\"og:type\" content=\"article\" \/>\r\n<meta property=\"og:title\" content=\"Preocupa a escritores desaparici\u00f3n de la literatura ind\u00edgena - Difusi\u00f3n Cultural\" \/>\r\n<meta property=\"og:description\" content=\"Las nuevas generaciones de escritores ind\u00edgenas no s\u00f3lo est\u00e1n m\u00e1s despolitizadas, sino que muchos de sus integrantes han olvidado sus or\u00edgenes y tienen como inter\u00e9s principal las pasarelas y la fama. En ello coincidieron los poetas nahuas Mardonio Carballo y Mart\u00edn Tonalmeyotl en la charla virtual Creaci\u00f3n literaria en dos lenguas, efectuada la noche de&hellip;\" \/>\r\n<meta property=\"og:url\" content=\"https:\/\/blogs.uninter.edu.mx\/difusioncultural\/?p=7610\" \/>\r\n<meta property=\"og:site_name\" content=\"Difusi\u00f3n Cultural\" \/>\r\n<meta property=\"article:published_time\" content=\"2020-10-29T19:06:31+00:00\" \/>\r\n<meta property=\"og:image\" content=\"https:\/\/blogs.uninter.edu.mx\/difusioncultural\/wp-content\/uploads\/2020\/10\/img_6151.jpg\" \/>\r\n\t<meta property=\"og:image:width\" content=\"765\" \/>\r\n\t<meta property=\"og:image:height\" content=\"462\" \/>\r\n\t<meta property=\"og:image:type\" content=\"image\/jpeg\" \/>\r\n<meta name=\"author\" content=\"webmaster\" \/>\r\n<meta name=\"twitter:card\" content=\"summary_large_image\" \/>\r\n<meta name=\"twitter:label1\" content=\"Escrito por\" \/>\n\t<meta name=\"twitter:data1\" content=\"webmaster\" \/>\n\t<meta name=\"twitter:label2\" content=\"Tiempo de lectura\" \/>\n\t<meta name=\"twitter:data2\" content=\"2 minutos\" \/>\r\n<script type=\"application\/ld+json\" class=\"yoast-schema-graph\">{\"@context\":\"https:\/\/schema.org\",\"@graph\":[{\"@type\":\"Article\",\"@id\":\"https:\/\/blogs.uninter.edu.mx\/difusioncultural\/?p=7610#article\",\"isPartOf\":{\"@id\":\"https:\/\/blogs.uninter.edu.mx\/difusioncultural\/?p=7610\"},\"author\":{\"name\":\"webmaster\",\"@id\":\"https:\/\/blogs.uninter.edu.mx\/difusioncultural\/#\/schema\/person\/37a0926f4dd300a814993fd595abdc4a\"},\"headline\":\"Preocupa a escritores desaparici\u00f3n de la literatura ind\u00edgena\",\"datePublished\":\"2020-10-29T19:06:31+00:00\",\"mainEntityOfPage\":{\"@id\":\"https:\/\/blogs.uninter.edu.mx\/difusioncultural\/?p=7610\"},\"wordCount\":463,\"publisher\":{\"@id\":\"https:\/\/blogs.uninter.edu.mx\/difusioncultural\/#organization\"},\"image\":{\"@id\":\"https:\/\/blogs.uninter.edu.mx\/difusioncultural\/?p=7610#primaryimage\"},\"thumbnailUrl\":\"https:\/\/blogs.uninter.edu.mx\/difusioncultural\/wp-content\/uploads\/2020\/10\/img_6151.jpg\",\"articleSection\":[\"noticias\"],\"inLanguage\":\"es\"},{\"@type\":\"WebPage\",\"@id\":\"https:\/\/blogs.uninter.edu.mx\/difusioncultural\/?p=7610\",\"url\":\"https:\/\/blogs.uninter.edu.mx\/difusioncultural\/?p=7610\",\"name\":\"Preocupa a escritores desaparici\u00f3n de la literatura ind\u00edgena - Difusi\u00f3n Cultural\",\"isPartOf\":{\"@id\":\"https:\/\/blogs.uninter.edu.mx\/difusioncultural\/#website\"},\"primaryImageOfPage\":{\"@id\":\"https:\/\/blogs.uninter.edu.mx\/difusioncultural\/?p=7610#primaryimage\"},\"image\":{\"@id\":\"https:\/\/blogs.uninter.edu.mx\/difusioncultural\/?p=7610#primaryimage\"},\"thumbnailUrl\":\"https:\/\/blogs.uninter.edu.mx\/difusioncultural\/wp-content\/uploads\/2020\/10\/img_6151.jpg\",\"datePublished\":\"2020-10-29T19:06:31+00:00\",\"breadcrumb\":{\"@id\":\"https:\/\/blogs.uninter.edu.mx\/difusioncultural\/?p=7610#breadcrumb\"},\"inLanguage\":\"es\",\"potentialAction\":[{\"@type\":\"ReadAction\",\"target\":[\"https:\/\/blogs.uninter.edu.mx\/difusioncultural\/?p=7610\"]}]},{\"@type\":\"ImageObject\",\"inLanguage\":\"es\",\"@id\":\"https:\/\/blogs.uninter.edu.mx\/difusioncultural\/?p=7610#primaryimage\",\"url\":\"https:\/\/blogs.uninter.edu.mx\/difusioncultural\/wp-content\/uploads\/2020\/10\/img_6151.jpg\",\"contentUrl\":\"https:\/\/blogs.uninter.edu.mx\/difusioncultural\/wp-content\/uploads\/2020\/10\/img_6151.jpg\",\"width\":765,\"height\":462},{\"@type\":\"BreadcrumbList\",\"@id\":\"https:\/\/blogs.uninter.edu.mx\/difusioncultural\/?p=7610#breadcrumb\",\"itemListElement\":[{\"@type\":\"ListItem\",\"position\":1,\"name\":\"Inicio\",\"item\":\"https:\/\/blogs.uninter.edu.mx\/difusioncultural\/\"},{\"@type\":\"ListItem\",\"position\":2,\"name\":\"Preocupa a escritores desaparici\u00f3n de la literatura ind\u00edgena\"}]},{\"@type\":\"WebSite\",\"@id\":\"https:\/\/blogs.uninter.edu.mx\/difusioncultural\/#website\",\"url\":\"https:\/\/blogs.uninter.edu.mx\/difusioncultural\/\",\"name\":\"Difusi\u00f3n Cultural\",\"description\":\"UNINTER\",\"publisher\":{\"@id\":\"https:\/\/blogs.uninter.edu.mx\/difusioncultural\/#organization\"},\"potentialAction\":[{\"@type\":\"SearchAction\",\"target\":{\"@type\":\"EntryPoint\",\"urlTemplate\":\"https:\/\/blogs.uninter.edu.mx\/difusioncultural\/?s={search_term_string}\"},\"query-input\":{\"@type\":\"PropertyValueSpecification\",\"valueRequired\":true,\"valueName\":\"search_term_string\"}}],\"inLanguage\":\"es\"},{\"@type\":\"Organization\",\"@id\":\"https:\/\/blogs.uninter.edu.mx\/difusioncultural\/#organization\",\"name\":\"Difusi\u00f3n Cultural\",\"url\":\"https:\/\/blogs.uninter.edu.mx\/difusioncultural\/\",\"logo\":{\"@type\":\"ImageObject\",\"inLanguage\":\"es\",\"@id\":\"https:\/\/blogs.uninter.edu.mx\/difusioncultural\/#\/schema\/logo\/image\/\",\"url\":\"https:\/\/blogs.uninter.edu.mx\/difusioncultural\/wp-content\/uploads\/2022\/09\/uninter.jpg\",\"contentUrl\":\"https:\/\/blogs.uninter.edu.mx\/difusioncultural\/wp-content\/uploads\/2022\/09\/uninter.jpg\",\"width\":2048,\"height\":2048,\"caption\":\"Difusi\u00f3n Cultural\"},\"image\":{\"@id\":\"https:\/\/blogs.uninter.edu.mx\/difusioncultural\/#\/schema\/logo\/image\/\"}},{\"@type\":\"Person\",\"@id\":\"https:\/\/blogs.uninter.edu.mx\/difusioncultural\/#\/schema\/person\/37a0926f4dd300a814993fd595abdc4a\",\"name\":\"webmaster\",\"image\":{\"@type\":\"ImageObject\",\"inLanguage\":\"es\",\"@id\":\"https:\/\/blogs.uninter.edu.mx\/difusioncultural\/#\/schema\/person\/image\/\",\"url\":\"https:\/\/secure.gravatar.com\/avatar\/a59c276b01147463ef3aab4118e3137ebc5e1ad6700deb39ccdf8b89e517f7dc?s=96&d=mm&r=g\",\"contentUrl\":\"https:\/\/secure.gravatar.com\/avatar\/a59c276b01147463ef3aab4118e3137ebc5e1ad6700deb39ccdf8b89e517f7dc?s=96&d=mm&r=g\",\"caption\":\"webmaster\"},\"sameAs\":[\"https:\/\/blogs.uninter.edu.mx\/difusioncultural\"],\"url\":\"https:\/\/blogs.uninter.edu.mx\/difusioncultural\/?author=1\"}]}<\/script>\r\n<!-- \/ Yoast SEO plugin. -->","yoast_head_json":{"title":"Preocupa a escritores desaparici\u00f3n de la literatura ind\u00edgena - Difusi\u00f3n Cultural","robots":{"index":"index","follow":"follow","max-snippet":"max-snippet:-1","max-image-preview":"max-image-preview:large","max-video-preview":"max-video-preview:-1"},"canonical":"https:\/\/blogs.uninter.edu.mx\/difusioncultural\/?p=7610","og_locale":"es_MX","og_type":"article","og_title":"Preocupa a escritores desaparici\u00f3n de la literatura ind\u00edgena - Difusi\u00f3n Cultural","og_description":"Las nuevas generaciones de escritores ind\u00edgenas no s\u00f3lo est\u00e1n m\u00e1s despolitizadas, sino que muchos de sus integrantes han olvidado sus or\u00edgenes y tienen como inter\u00e9s principal las pasarelas y la fama. En ello coincidieron los poetas nahuas Mardonio Carballo y Mart\u00edn Tonalmeyotl en la charla virtual Creaci\u00f3n literaria en dos lenguas, efectuada la noche de&hellip;","og_url":"https:\/\/blogs.uninter.edu.mx\/difusioncultural\/?p=7610","og_site_name":"Difusi\u00f3n Cultural","article_published_time":"2020-10-29T19:06:31+00:00","og_image":[{"width":765,"height":462,"url":"https:\/\/blogs.uninter.edu.mx\/difusioncultural\/wp-content\/uploads\/2020\/10\/img_6151.jpg","type":"image\/jpeg"}],"author":"webmaster","twitter_card":"summary_large_image","twitter_misc":{"Escrito por":"webmaster","Tiempo de lectura":"2 minutos"},"schema":{"@context":"https:\/\/schema.org","@graph":[{"@type":"Article","@id":"https:\/\/blogs.uninter.edu.mx\/difusioncultural\/?p=7610#article","isPartOf":{"@id":"https:\/\/blogs.uninter.edu.mx\/difusioncultural\/?p=7610"},"author":{"name":"webmaster","@id":"https:\/\/blogs.uninter.edu.mx\/difusioncultural\/#\/schema\/person\/37a0926f4dd300a814993fd595abdc4a"},"headline":"Preocupa a escritores desaparici\u00f3n de la literatura ind\u00edgena","datePublished":"2020-10-29T19:06:31+00:00","mainEntityOfPage":{"@id":"https:\/\/blogs.uninter.edu.mx\/difusioncultural\/?p=7610"},"wordCount":463,"publisher":{"@id":"https:\/\/blogs.uninter.edu.mx\/difusioncultural\/#organization"},"image":{"@id":"https:\/\/blogs.uninter.edu.mx\/difusioncultural\/?p=7610#primaryimage"},"thumbnailUrl":"https:\/\/blogs.uninter.edu.mx\/difusioncultural\/wp-content\/uploads\/2020\/10\/img_6151.jpg","articleSection":["noticias"],"inLanguage":"es"},{"@type":"WebPage","@id":"https:\/\/blogs.uninter.edu.mx\/difusioncultural\/?p=7610","url":"https:\/\/blogs.uninter.edu.mx\/difusioncultural\/?p=7610","name":"Preocupa a escritores desaparici\u00f3n de la literatura ind\u00edgena - Difusi\u00f3n Cultural","isPartOf":{"@id":"https:\/\/blogs.uninter.edu.mx\/difusioncultural\/#website"},"primaryImageOfPage":{"@id":"https:\/\/blogs.uninter.edu.mx\/difusioncultural\/?p=7610#primaryimage"},"image":{"@id":"https:\/\/blogs.uninter.edu.mx\/difusioncultural\/?p=7610#primaryimage"},"thumbnailUrl":"https:\/\/blogs.uninter.edu.mx\/difusioncultural\/wp-content\/uploads\/2020\/10\/img_6151.jpg","datePublished":"2020-10-29T19:06:31+00:00","breadcrumb":{"@id":"https:\/\/blogs.uninter.edu.mx\/difusioncultural\/?p=7610#breadcrumb"},"inLanguage":"es","potentialAction":[{"@type":"ReadAction","target":["https:\/\/blogs.uninter.edu.mx\/difusioncultural\/?p=7610"]}]},{"@type":"ImageObject","inLanguage":"es","@id":"https:\/\/blogs.uninter.edu.mx\/difusioncultural\/?p=7610#primaryimage","url":"https:\/\/blogs.uninter.edu.mx\/difusioncultural\/wp-content\/uploads\/2020\/10\/img_6151.jpg","contentUrl":"https:\/\/blogs.uninter.edu.mx\/difusioncultural\/wp-content\/uploads\/2020\/10\/img_6151.jpg","width":765,"height":462},{"@type":"BreadcrumbList","@id":"https:\/\/blogs.uninter.edu.mx\/difusioncultural\/?p=7610#breadcrumb","itemListElement":[{"@type":"ListItem","position":1,"name":"Inicio","item":"https:\/\/blogs.uninter.edu.mx\/difusioncultural\/"},{"@type":"ListItem","position":2,"name":"Preocupa a escritores desaparici\u00f3n de la literatura ind\u00edgena"}]},{"@type":"WebSite","@id":"https:\/\/blogs.uninter.edu.mx\/difusioncultural\/#website","url":"https:\/\/blogs.uninter.edu.mx\/difusioncultural\/","name":"Difusi\u00f3n Cultural","description":"UNINTER","publisher":{"@id":"https:\/\/blogs.uninter.edu.mx\/difusioncultural\/#organization"},"potentialAction":[{"@type":"SearchAction","target":{"@type":"EntryPoint","urlTemplate":"https:\/\/blogs.uninter.edu.mx\/difusioncultural\/?s={search_term_string}"},"query-input":{"@type":"PropertyValueSpecification","valueRequired":true,"valueName":"search_term_string"}}],"inLanguage":"es"},{"@type":"Organization","@id":"https:\/\/blogs.uninter.edu.mx\/difusioncultural\/#organization","name":"Difusi\u00f3n Cultural","url":"https:\/\/blogs.uninter.edu.mx\/difusioncultural\/","logo":{"@type":"ImageObject","inLanguage":"es","@id":"https:\/\/blogs.uninter.edu.mx\/difusioncultural\/#\/schema\/logo\/image\/","url":"https:\/\/blogs.uninter.edu.mx\/difusioncultural\/wp-content\/uploads\/2022\/09\/uninter.jpg","contentUrl":"https:\/\/blogs.uninter.edu.mx\/difusioncultural\/wp-content\/uploads\/2022\/09\/uninter.jpg","width":2048,"height":2048,"caption":"Difusi\u00f3n Cultural"},"image":{"@id":"https:\/\/blogs.uninter.edu.mx\/difusioncultural\/#\/schema\/logo\/image\/"}},{"@type":"Person","@id":"https:\/\/blogs.uninter.edu.mx\/difusioncultural\/#\/schema\/person\/37a0926f4dd300a814993fd595abdc4a","name":"webmaster","image":{"@type":"ImageObject","inLanguage":"es","@id":"https:\/\/blogs.uninter.edu.mx\/difusioncultural\/#\/schema\/person\/image\/","url":"https:\/\/secure.gravatar.com\/avatar\/a59c276b01147463ef3aab4118e3137ebc5e1ad6700deb39ccdf8b89e517f7dc?s=96&d=mm&r=g","contentUrl":"https:\/\/secure.gravatar.com\/avatar\/a59c276b01147463ef3aab4118e3137ebc5e1ad6700deb39ccdf8b89e517f7dc?s=96&d=mm&r=g","caption":"webmaster"},"sameAs":["https:\/\/blogs.uninter.edu.mx\/difusioncultural"],"url":"https:\/\/blogs.uninter.edu.mx\/difusioncultural\/?author=1"}]}},"jetpack_publicize_connections":[],"jetpack_featured_media_url":"https:\/\/blogs.uninter.edu.mx\/difusioncultural\/wp-content\/uploads\/2020\/10\/img_6151.jpg","jetpack_sharing_enabled":true,"_links":{"self":[{"href":"https:\/\/blogs.uninter.edu.mx\/difusioncultural\/index.php?rest_route=\/wp\/v2\/posts\/7610","targetHints":{"allow":["GET"]}}],"collection":[{"href":"https:\/\/blogs.uninter.edu.mx\/difusioncultural\/index.php?rest_route=\/wp\/v2\/posts"}],"about":[{"href":"https:\/\/blogs.uninter.edu.mx\/difusioncultural\/index.php?rest_route=\/wp\/v2\/types\/post"}],"author":[{"embeddable":true,"href":"https:\/\/blogs.uninter.edu.mx\/difusioncultural\/index.php?rest_route=\/wp\/v2\/users\/1"}],"replies":[{"embeddable":true,"href":"https:\/\/blogs.uninter.edu.mx\/difusioncultural\/index.php?rest_route=%2Fwp%2Fv2%2Fcomments&post=7610"}],"version-history":[{"count":0,"href":"https:\/\/blogs.uninter.edu.mx\/difusioncultural\/index.php?rest_route=\/wp\/v2\/posts\/7610\/revisions"}],"wp:featuredmedia":[{"embeddable":true,"href":"https:\/\/blogs.uninter.edu.mx\/difusioncultural\/index.php?rest_route=\/wp\/v2\/media\/7609"}],"wp:attachment":[{"href":"https:\/\/blogs.uninter.edu.mx\/difusioncultural\/index.php?rest_route=%2Fwp%2Fv2%2Fmedia&parent=7610"}],"wp:term":[{"taxonomy":"category","embeddable":true,"href":"https:\/\/blogs.uninter.edu.mx\/difusioncultural\/index.php?rest_route=%2Fwp%2Fv2%2Fcategories&post=7610"},{"taxonomy":"post_tag","embeddable":true,"href":"https:\/\/blogs.uninter.edu.mx\/difusioncultural\/index.php?rest_route=%2Fwp%2Fv2%2Ftags&post=7610"}],"curies":[{"name":"wp","href":"https:\/\/api.w.org\/{rel}","templated":true}]}}