{"id":7625,"date":"2020-11-09T10:59:09","date_gmt":"2020-11-09T16:59:09","guid":{"rendered":"https:\/\/difusionculturaluninter.wordpress.com\/2020\/11\/09\/invita-patricia-duran-a-disfrutar-los-conciertos-virtuales-de-la-sijun\/"},"modified":"2020-11-09T10:59:09","modified_gmt":"2020-11-09T16:59:09","slug":"invita-patricia-duran-a-disfrutar-los-conciertos-virtuales-de-la-sijun","status":"publish","type":"post","link":"https:\/\/blogs.uninter.edu.mx\/difusioncultural\/?p=7625","title":{"rendered":"Invita Patricia Dur\u00e1n a disfrutar los conciertos virtuales de la SIJUN"},"content":{"rendered":"\n<figure class=\"wp-block-image size-large\"><img decoding=\"async\" src=\"\/\/\/var\/mobile\/Containers\/Data\/Application\/7DFC5B96-DB06-4117-A0E0-16864A9EE300\/Library\/Caches\/Media\/thumbnail-p2453-1136x1136.jpeg\" alt=\"\" class=\"wp-image--417854888\" \/><\/figure>\n\n\n\n<p class=\"western\">En el marco del 250 aniversario del natalicio del compositor Ludwig Van Beethoven, la alcaldesa Patricia Dur\u00e1n anunci\u00f3 el inicio de temporada de conciertos de la segunda generaci\u00f3n de la Sinf\u00f3nica Juvenil Naucalpense (SIJUN), que comenzar\u00e1 a partir del domingo 8 de noviembre.&nbsp;<\/p>\n\n\n\n<p class=\"western\">La edil destac\u00f3 que su gobierno favorece las actividades art\u00edsticas, ya que estas expresiones generan uni\u00f3n en la comunidad. \u201cTodos sabemos que la cultura es fundamental en la formaci\u00f3n de identidad de las sociedades, pues es gracias a ella que los pueblos expresan su visi\u00f3n del mundo\u201d, coment\u00f3.<\/p>\n\n\n\n<p class=\"western\">Asimismo, inform\u00f3 que las presentaciones de los recitales se llevar\u00e1n a cabo en dos modalidades: presencial, en el Foro Felipe Villanueva del Parque Naucalli, con capacidad m\u00e1xima del 30 por ciento, y v\u00eda streaming, a trav\u00e9s del Centro Cultural Virtual Naucalpan.&nbsp;<\/p>\n\n\n\n<p class=\"western\">Los 48 m\u00fasicos que conforman la segunda generaci\u00f3n de la SIJUN rendir\u00e1n homenaje al ic\u00f3nico compositor alem\u00e1n, no obstante, se contempla que durante la temporada tambi\u00e9n interpretan los cl\u00e1sicos villancicos navide\u00f1os, con la participaci\u00f3n del Coro Sinf\u00f3nico Naucalpense.&nbsp;<\/p>\n\n\n\n<p class=\"western\">\u201cLa Sinf\u00f3nica participar\u00e1 en el marco del 250 aniversario de Beethoven, con toda una tem\u00e1tica durante los conciertos, donde incluiremos obras del m\u00fasico alem\u00e1n. Paralelamente, tambi\u00e9n vamos a presentar ensambles donde presentaremos otro tipo de m\u00fasica\u201d, indic\u00f3 el director titular de la SIJUN, Rodolfo Esteban Gallegos.&nbsp;<\/p>\n\n\n\n<p class=\"western\">La segunda generaci\u00f3n de la Sinf\u00f3nica Juvenil Naucalpense fue conformada el pasado 12 de octubre. Con la participaci\u00f3n de la Mun\u00edcipe, se eligi\u00f3 a los integrantes de la agrupaci\u00f3n luego de evaluar las aptitudes musicales, presencia esc\u00e9nica y calidad art\u00edstica de cada elemento.<\/p>\n\n\n\n<p class=\"western\">Los conciertos de la Sinf\u00f3nica Juvenil Naucalpense podr\u00e1n apreciarse desde el 8 de noviembre a trav\u00e9s de la plataforma virtual del CCVN https:\/\/ccvn.naucalpan.gob.mx\/<\/p>\n","protected":false},"excerpt":{"rendered":"<p>En el marco del 250 aniversario del natalicio del compositor Ludwig Van Beethoven, la alcaldesa Patricia Dur\u00e1n anunci\u00f3 el inicio de temporada de conciertos de la segunda generaci\u00f3n de la Sinf\u00f3nica Juvenil Naucalpense (SIJUN), que comenzar\u00e1 a partir del domingo 8 de noviembre.&nbsp; La edil destac\u00f3 que su gobierno favorece las actividades art\u00edsticas, ya que&hellip;<\/p>\n","protected":false},"author":1,"featured_media":0,"comment_status":"closed","ping_status":"open","sticky":false,"template":"","format":"standard","meta":{"_jetpack_memberships_contains_paid_content":false,"footnotes":"","jetpack_publicize_message":"","jetpack_publicize_feature_enabled":true,"jetpack_social_post_already_shared":false,"jetpack_social_options":{"image_generator_settings":{"template":"highway","default_image_id":0,"font":"","enabled":false},"version":2}},"categories":[12],"tags":[],"class_list":["post-7625","post","type-post","status-publish","format-standard","hentry","category-noticias"],"yoast_head":"<!-- This site is optimized with the Yoast SEO plugin v26.3 - https:\/\/yoast.com\/wordpress\/plugins\/seo\/ -->\r\n<title>Invita Patricia Dur\u00e1n a disfrutar los conciertos virtuales de la SIJUN - Difusi\u00f3n Cultural<\/title>\r\n<meta name=\"robots\" content=\"index, follow, max-snippet:-1, max-image-preview:large, max-video-preview:-1\" \/>\r\n<link rel=\"canonical\" href=\"https:\/\/blogs.uninter.edu.mx\/difusioncultural\/?p=7625\" \/>\r\n<meta property=\"og:locale\" content=\"es_MX\" \/>\r\n<meta property=\"og:type\" content=\"article\" \/>\r\n<meta property=\"og:title\" content=\"Invita Patricia Dur\u00e1n a disfrutar los conciertos virtuales de la SIJUN - Difusi\u00f3n Cultural\" \/>\r\n<meta property=\"og:description\" content=\"En el marco del 250 aniversario del natalicio del compositor Ludwig Van Beethoven, la alcaldesa Patricia Dur\u00e1n anunci\u00f3 el inicio de temporada de conciertos de la segunda generaci\u00f3n de la Sinf\u00f3nica Juvenil Naucalpense (SIJUN), que comenzar\u00e1 a partir del domingo 8 de noviembre.&nbsp; La edil destac\u00f3 que su gobierno favorece las actividades art\u00edsticas, ya que&hellip;\" \/>\r\n<meta property=\"og:url\" content=\"https:\/\/blogs.uninter.edu.mx\/difusioncultural\/?p=7625\" \/>\r\n<meta property=\"og:site_name\" content=\"Difusi\u00f3n Cultural\" \/>\r\n<meta property=\"article:published_time\" content=\"2020-11-09T16:59:09+00:00\" \/>\r\n<meta name=\"author\" content=\"webmaster\" \/>\r\n<meta name=\"twitter:card\" content=\"summary_large_image\" \/>\r\n<meta name=\"twitter:label1\" content=\"Escrito por\" \/>\n\t<meta name=\"twitter:data1\" content=\"webmaster\" \/>\n\t<meta name=\"twitter:label2\" content=\"Tiempo de lectura\" \/>\n\t<meta name=\"twitter:data2\" content=\"2 minutos\" \/>\r\n<script type=\"application\/ld+json\" class=\"yoast-schema-graph\">{\"@context\":\"https:\/\/schema.org\",\"@graph\":[{\"@type\":\"Article\",\"@id\":\"https:\/\/blogs.uninter.edu.mx\/difusioncultural\/?p=7625#article\",\"isPartOf\":{\"@id\":\"https:\/\/blogs.uninter.edu.mx\/difusioncultural\/?p=7625\"},\"author\":{\"name\":\"webmaster\",\"@id\":\"https:\/\/blogs.uninter.edu.mx\/difusioncultural\/#\/schema\/person\/37a0926f4dd300a814993fd595abdc4a\"},\"headline\":\"Invita Patricia Dur\u00e1n a disfrutar los conciertos virtuales de la SIJUN\",\"datePublished\":\"2020-11-09T16:59:09+00:00\",\"mainEntityOfPage\":{\"@id\":\"https:\/\/blogs.uninter.edu.mx\/difusioncultural\/?p=7625\"},\"wordCount\":332,\"publisher\":{\"@id\":\"https:\/\/blogs.uninter.edu.mx\/difusioncultural\/#organization\"},\"articleSection\":[\"noticias\"],\"inLanguage\":\"es\"},{\"@type\":\"WebPage\",\"@id\":\"https:\/\/blogs.uninter.edu.mx\/difusioncultural\/?p=7625\",\"url\":\"https:\/\/blogs.uninter.edu.mx\/difusioncultural\/?p=7625\",\"name\":\"Invita Patricia Dur\u00e1n a disfrutar los conciertos virtuales de la SIJUN - Difusi\u00f3n Cultural\",\"isPartOf\":{\"@id\":\"https:\/\/blogs.uninter.edu.mx\/difusioncultural\/#website\"},\"datePublished\":\"2020-11-09T16:59:09+00:00\",\"breadcrumb\":{\"@id\":\"https:\/\/blogs.uninter.edu.mx\/difusioncultural\/?p=7625#breadcrumb\"},\"inLanguage\":\"es\",\"potentialAction\":[{\"@type\":\"ReadAction\",\"target\":[\"https:\/\/blogs.uninter.edu.mx\/difusioncultural\/?p=7625\"]}]},{\"@type\":\"BreadcrumbList\",\"@id\":\"https:\/\/blogs.uninter.edu.mx\/difusioncultural\/?p=7625#breadcrumb\",\"itemListElement\":[{\"@type\":\"ListItem\",\"position\":1,\"name\":\"Inicio\",\"item\":\"https:\/\/blogs.uninter.edu.mx\/difusioncultural\/\"},{\"@type\":\"ListItem\",\"position\":2,\"name\":\"Invita Patricia Dur\u00e1n a disfrutar los conciertos virtuales de la SIJUN\"}]},{\"@type\":\"WebSite\",\"@id\":\"https:\/\/blogs.uninter.edu.mx\/difusioncultural\/#website\",\"url\":\"https:\/\/blogs.uninter.edu.mx\/difusioncultural\/\",\"name\":\"Difusi\u00f3n Cultural\",\"description\":\"UNINTER\",\"publisher\":{\"@id\":\"https:\/\/blogs.uninter.edu.mx\/difusioncultural\/#organization\"},\"potentialAction\":[{\"@type\":\"SearchAction\",\"target\":{\"@type\":\"EntryPoint\",\"urlTemplate\":\"https:\/\/blogs.uninter.edu.mx\/difusioncultural\/?s={search_term_string}\"},\"query-input\":{\"@type\":\"PropertyValueSpecification\",\"valueRequired\":true,\"valueName\":\"search_term_string\"}}],\"inLanguage\":\"es\"},{\"@type\":\"Organization\",\"@id\":\"https:\/\/blogs.uninter.edu.mx\/difusioncultural\/#organization\",\"name\":\"Difusi\u00f3n Cultural\",\"url\":\"https:\/\/blogs.uninter.edu.mx\/difusioncultural\/\",\"logo\":{\"@type\":\"ImageObject\",\"inLanguage\":\"es\",\"@id\":\"https:\/\/blogs.uninter.edu.mx\/difusioncultural\/#\/schema\/logo\/image\/\",\"url\":\"https:\/\/blogs.uninter.edu.mx\/difusioncultural\/wp-content\/uploads\/2022\/09\/uninter.jpg\",\"contentUrl\":\"https:\/\/blogs.uninter.edu.mx\/difusioncultural\/wp-content\/uploads\/2022\/09\/uninter.jpg\",\"width\":2048,\"height\":2048,\"caption\":\"Difusi\u00f3n Cultural\"},\"image\":{\"@id\":\"https:\/\/blogs.uninter.edu.mx\/difusioncultural\/#\/schema\/logo\/image\/\"}},{\"@type\":\"Person\",\"@id\":\"https:\/\/blogs.uninter.edu.mx\/difusioncultural\/#\/schema\/person\/37a0926f4dd300a814993fd595abdc4a\",\"name\":\"webmaster\",\"image\":{\"@type\":\"ImageObject\",\"inLanguage\":\"es\",\"@id\":\"https:\/\/blogs.uninter.edu.mx\/difusioncultural\/#\/schema\/person\/image\/\",\"url\":\"https:\/\/secure.gravatar.com\/avatar\/a59c276b01147463ef3aab4118e3137ebc5e1ad6700deb39ccdf8b89e517f7dc?s=96&d=mm&r=g\",\"contentUrl\":\"https:\/\/secure.gravatar.com\/avatar\/a59c276b01147463ef3aab4118e3137ebc5e1ad6700deb39ccdf8b89e517f7dc?s=96&d=mm&r=g\",\"caption\":\"webmaster\"},\"sameAs\":[\"https:\/\/blogs.uninter.edu.mx\/difusioncultural\"],\"url\":\"https:\/\/blogs.uninter.edu.mx\/difusioncultural\/?author=1\"}]}<\/script>\r\n<!-- \/ Yoast SEO plugin. -->","yoast_head_json":{"title":"Invita Patricia Dur\u00e1n a disfrutar los conciertos virtuales de la SIJUN - Difusi\u00f3n Cultural","robots":{"index":"index","follow":"follow","max-snippet":"max-snippet:-1","max-image-preview":"max-image-preview:large","max-video-preview":"max-video-preview:-1"},"canonical":"https:\/\/blogs.uninter.edu.mx\/difusioncultural\/?p=7625","og_locale":"es_MX","og_type":"article","og_title":"Invita Patricia Dur\u00e1n a disfrutar los conciertos virtuales de la SIJUN - Difusi\u00f3n Cultural","og_description":"En el marco del 250 aniversario del natalicio del compositor Ludwig Van Beethoven, la alcaldesa Patricia Dur\u00e1n anunci\u00f3 el inicio de temporada de conciertos de la segunda generaci\u00f3n de la Sinf\u00f3nica Juvenil Naucalpense (SIJUN), que comenzar\u00e1 a partir del domingo 8 de noviembre.&nbsp; La edil destac\u00f3 que su gobierno favorece las actividades art\u00edsticas, ya que&hellip;","og_url":"https:\/\/blogs.uninter.edu.mx\/difusioncultural\/?p=7625","og_site_name":"Difusi\u00f3n Cultural","article_published_time":"2020-11-09T16:59:09+00:00","author":"webmaster","twitter_card":"summary_large_image","twitter_misc":{"Escrito por":"webmaster","Tiempo de lectura":"2 minutos"},"schema":{"@context":"https:\/\/schema.org","@graph":[{"@type":"Article","@id":"https:\/\/blogs.uninter.edu.mx\/difusioncultural\/?p=7625#article","isPartOf":{"@id":"https:\/\/blogs.uninter.edu.mx\/difusioncultural\/?p=7625"},"author":{"name":"webmaster","@id":"https:\/\/blogs.uninter.edu.mx\/difusioncultural\/#\/schema\/person\/37a0926f4dd300a814993fd595abdc4a"},"headline":"Invita Patricia Dur\u00e1n a disfrutar los conciertos virtuales de la SIJUN","datePublished":"2020-11-09T16:59:09+00:00","mainEntityOfPage":{"@id":"https:\/\/blogs.uninter.edu.mx\/difusioncultural\/?p=7625"},"wordCount":332,"publisher":{"@id":"https:\/\/blogs.uninter.edu.mx\/difusioncultural\/#organization"},"articleSection":["noticias"],"inLanguage":"es"},{"@type":"WebPage","@id":"https:\/\/blogs.uninter.edu.mx\/difusioncultural\/?p=7625","url":"https:\/\/blogs.uninter.edu.mx\/difusioncultural\/?p=7625","name":"Invita Patricia Dur\u00e1n a disfrutar los conciertos virtuales de la SIJUN - Difusi\u00f3n Cultural","isPartOf":{"@id":"https:\/\/blogs.uninter.edu.mx\/difusioncultural\/#website"},"datePublished":"2020-11-09T16:59:09+00:00","breadcrumb":{"@id":"https:\/\/blogs.uninter.edu.mx\/difusioncultural\/?p=7625#breadcrumb"},"inLanguage":"es","potentialAction":[{"@type":"ReadAction","target":["https:\/\/blogs.uninter.edu.mx\/difusioncultural\/?p=7625"]}]},{"@type":"BreadcrumbList","@id":"https:\/\/blogs.uninter.edu.mx\/difusioncultural\/?p=7625#breadcrumb","itemListElement":[{"@type":"ListItem","position":1,"name":"Inicio","item":"https:\/\/blogs.uninter.edu.mx\/difusioncultural\/"},{"@type":"ListItem","position":2,"name":"Invita Patricia Dur\u00e1n a disfrutar los conciertos virtuales de la SIJUN"}]},{"@type":"WebSite","@id":"https:\/\/blogs.uninter.edu.mx\/difusioncultural\/#website","url":"https:\/\/blogs.uninter.edu.mx\/difusioncultural\/","name":"Difusi\u00f3n Cultural","description":"UNINTER","publisher":{"@id":"https:\/\/blogs.uninter.edu.mx\/difusioncultural\/#organization"},"potentialAction":[{"@type":"SearchAction","target":{"@type":"EntryPoint","urlTemplate":"https:\/\/blogs.uninter.edu.mx\/difusioncultural\/?s={search_term_string}"},"query-input":{"@type":"PropertyValueSpecification","valueRequired":true,"valueName":"search_term_string"}}],"inLanguage":"es"},{"@type":"Organization","@id":"https:\/\/blogs.uninter.edu.mx\/difusioncultural\/#organization","name":"Difusi\u00f3n Cultural","url":"https:\/\/blogs.uninter.edu.mx\/difusioncultural\/","logo":{"@type":"ImageObject","inLanguage":"es","@id":"https:\/\/blogs.uninter.edu.mx\/difusioncultural\/#\/schema\/logo\/image\/","url":"https:\/\/blogs.uninter.edu.mx\/difusioncultural\/wp-content\/uploads\/2022\/09\/uninter.jpg","contentUrl":"https:\/\/blogs.uninter.edu.mx\/difusioncultural\/wp-content\/uploads\/2022\/09\/uninter.jpg","width":2048,"height":2048,"caption":"Difusi\u00f3n Cultural"},"image":{"@id":"https:\/\/blogs.uninter.edu.mx\/difusioncultural\/#\/schema\/logo\/image\/"}},{"@type":"Person","@id":"https:\/\/blogs.uninter.edu.mx\/difusioncultural\/#\/schema\/person\/37a0926f4dd300a814993fd595abdc4a","name":"webmaster","image":{"@type":"ImageObject","inLanguage":"es","@id":"https:\/\/blogs.uninter.edu.mx\/difusioncultural\/#\/schema\/person\/image\/","url":"https:\/\/secure.gravatar.com\/avatar\/a59c276b01147463ef3aab4118e3137ebc5e1ad6700deb39ccdf8b89e517f7dc?s=96&d=mm&r=g","contentUrl":"https:\/\/secure.gravatar.com\/avatar\/a59c276b01147463ef3aab4118e3137ebc5e1ad6700deb39ccdf8b89e517f7dc?s=96&d=mm&r=g","caption":"webmaster"},"sameAs":["https:\/\/blogs.uninter.edu.mx\/difusioncultural"],"url":"https:\/\/blogs.uninter.edu.mx\/difusioncultural\/?author=1"}]}},"jetpack_publicize_connections":[],"jetpack_featured_media_url":"","jetpack_sharing_enabled":true,"_links":{"self":[{"href":"https:\/\/blogs.uninter.edu.mx\/difusioncultural\/index.php?rest_route=\/wp\/v2\/posts\/7625","targetHints":{"allow":["GET"]}}],"collection":[{"href":"https:\/\/blogs.uninter.edu.mx\/difusioncultural\/index.php?rest_route=\/wp\/v2\/posts"}],"about":[{"href":"https:\/\/blogs.uninter.edu.mx\/difusioncultural\/index.php?rest_route=\/wp\/v2\/types\/post"}],"author":[{"embeddable":true,"href":"https:\/\/blogs.uninter.edu.mx\/difusioncultural\/index.php?rest_route=\/wp\/v2\/users\/1"}],"replies":[{"embeddable":true,"href":"https:\/\/blogs.uninter.edu.mx\/difusioncultural\/index.php?rest_route=%2Fwp%2Fv2%2Fcomments&post=7625"}],"version-history":[{"count":0,"href":"https:\/\/blogs.uninter.edu.mx\/difusioncultural\/index.php?rest_route=\/wp\/v2\/posts\/7625\/revisions"}],"wp:attachment":[{"href":"https:\/\/blogs.uninter.edu.mx\/difusioncultural\/index.php?rest_route=%2Fwp%2Fv2%2Fmedia&parent=7625"}],"wp:term":[{"taxonomy":"category","embeddable":true,"href":"https:\/\/blogs.uninter.edu.mx\/difusioncultural\/index.php?rest_route=%2Fwp%2Fv2%2Fcategories&post=7625"},{"taxonomy":"post_tag","embeddable":true,"href":"https:\/\/blogs.uninter.edu.mx\/difusioncultural\/index.php?rest_route=%2Fwp%2Fv2%2Ftags&post=7625"}],"curies":[{"name":"wp","href":"https:\/\/api.w.org\/{rel}","templated":true}]}}