{"id":7635,"date":"2020-11-11T14:11:57","date_gmt":"2020-11-11T20:11:57","guid":{"rendered":"https:\/\/difusionculturaluninter.wordpress.com\/2020\/11\/11\/conmemora-colegio-nacional-el-250-aniversario-de-beethoven\/"},"modified":"2020-11-11T14:11:57","modified_gmt":"2020-11-11T20:11:57","slug":"conmemora-colegio-nacional-el-250-aniversario-de-beethoven","status":"publish","type":"post","link":"https:\/\/blogs.uninter.edu.mx\/difusioncultural\/?p=7635","title":{"rendered":"Conmemora Colegio Nacional el 250 aniversario de Beethoven"},"content":{"rendered":"\n<figure class=\"wp-block-image size-large\"><img fetchpriority=\"high\" decoding=\"async\" width=\"630\" height=\"351\" src=\"https:\/\/difusionculturaluninter.files.wordpress.com\/2020\/11\/img_6218.jpg?w=630\" alt=\"\" class=\"wp-image-7634\" \/><\/figure>\n\n\n\n<p>Con el t\u00edtulo&nbsp;<em>Ludwig van Beethoven: la creaci\u00f3n en el silencio<\/em>, dio inicio este lunes la primera de tres conferencias, las cuales se complementan con igual n\u00famero de recitales, en el marco de las actividades por el 250 aniversario del natalicio del c\u00e9lebre m\u00fasico alem\u00e1n, organizadas por El Colegio Nacional.&nbsp;<\/p>\n\n\n\n<p>La primera de las charlas estuvo a cargo del m\u00e9dico, investigador y acad\u00e9mico Adolfo Mart\u00ednez Palomo, coordinador de la colecci\u00f3n M\u00fasica y medicina, serie de libros editados por El Colegio Nacional; y quien como especialista escribi\u00f3 una especie de \u201cbiograf\u00eda m\u00e9dica\u201d del llamado genio de Bonn.<\/p>\n\n\n\n<p>Transmitida por las plataformas digitales de El Colegio Nacional, Mart\u00ednez Palomo se refiri\u00f3 a la infancia y adolescencia de joven Ludwig, as\u00ed como a las dificultades que vivi\u00f3 durante sus estudios musicales.&nbsp;<\/p>\n\n\n\n<p>De igual manera habl\u00f3 sobre el aspecto f\u00edsico de Beethoven, su temperamento, su gusto por las mujeres y las enfermedades que minaron su salud emocional y f\u00edsica.&nbsp;<\/p>\n\n\n\n<p>Se refiri\u00f3 a una de las enfermedades que min\u00f3 la salud de Beethoven, mucho antes de su sordera y que muy poco se toma en cuenta en su biograf\u00eda, enfermedad que al final acabar\u00eda con su vida.&nbsp;<\/p>\n\n\n\n<p>\u201cEs bien sabido que Beethoven alcanz\u00f3 las cimas m\u00e1s excelsas del arte de la m\u00fasica enfrentando el espectro de una sordera progresiva. A pesar de ello nunca dej\u00f3 de crear; por el contrario, encontr\u00f3 nuevas formas de expresi\u00f3n musical cada vez m\u00e1s innovadoras\u201d, apunt\u00f3 el investigador m\u00e9dico.&nbsp;<\/p>\n\n\n\n<p>Sin embargo, \u201cmenos conocido es que haya realizado esa labor tit\u00e1nica con su organismo arruinado desde los veinticinco a\u00f1os por una implacable enfermedad intestinal, atormentado por los efectos de un padecimiento del h\u00edgado, que al final acab\u00f3 con su vida\u201d, expres\u00f3 Mart\u00ednez Palomo, en referencia al vino que Beethoven inger\u00eda desde esa edad.  <\/p>\n\n\n\n<p>De acuerdo con sus bi\u00f3grafos, apunt\u00f3 Mart\u00ednez Palomo, el compositor es descrito de la siguiente manera: \u201cBeethoven era corto de estatura, con una gran cabeza y pelo grueso, intensamente negro, que rodeaba un rostro rudo, marcado por la viruela. Su frente era amplia y estaba delineada por cejas muy pobladas. Su constituci\u00f3n era recia, con hombros amplios y manos fuertes, cubiertas en los dorsos por abundante pelo, con dedos cortos y robustos. Sus movimientos eran tan torpes que constantemente tiraba o romp\u00eda cosas y ten\u00eda una marcada tendencia a tirar sobre el piano el contenido de los tinteros\u201d.&nbsp;<\/p>\n\n\n\n<p>Beethoven, \u201cadem\u00e1s de los encuentros femeninos ocasionales, intent\u00f3 tener relaciones amorosas serias con distintas mujeres, todas j\u00f3venes, todas de clase social alta, algunas alumnas de \u00e9l, otras comprometidas o casadas\u201d.&nbsp;<\/p>\n\n\n\n<p>Entre las vicisitudes y an\u00e9cdotas que vivi\u00f3 Beethoven, fue un encuentro con Mozart, dijo el tambi\u00e9n acad\u00e9mico. \u201cSeg\u00fan cuenta la historia, Beethoven estando en Viena, interpret\u00f3 una de sus obras, que fue recibida con frialdad por Mozart, a lo que el alumno reaccion\u00f3 solicitando a \u00e9ste un tema de su invenci\u00f3n, para hacer sobre \u00e9ste una improvisaci\u00f3n. El resultado fue un cambio radical de Mozart que dijo a unos amigos ah\u00ed presentes: \u00b4Mantengan sus ojos en \u00e9l, alg\u00fan d\u00eda dar\u00e1 al mundo algo de qu\u00e9 hablar\u2019\u201d.<\/p>\n\n\n\n<p>Como especialista, Mart\u00ednez Palomo destac\u00f3: \u201cDe los antecedentes m\u00e9dicos de la infancia s\u00f3lo se sabe que Beethoven padeci\u00f3 viruela, tal como qued\u00f3 registrado en las numerosas huellas de la infecci\u00f3n que marcaron su rostro por el resto de su vida.&nbsp;<\/p>\n\n\n\n<p>\u201cA los diecisiete a\u00f1os, \u00e9l mismo menciona en la primera carta personal que se conserva de \u00e9l: \u2018Todo el tiempo he estado afectado por asma (tal vez bronquitis). Me preocupa que se convierta en tuberculosis; adem\u00e1s, est\u00e1 la melancol\u00eda, que es una calamidad tan grande para m\u00ed como mi enfermedad\u2019\u2019.<\/p>\n","protected":false},"excerpt":{"rendered":"<p>Con el t\u00edtulo&nbsp;Ludwig van Beethoven: la creaci\u00f3n en el silencio, dio inicio este lunes la primera de tres conferencias, las cuales se complementan con igual n\u00famero de recitales, en el marco de las actividades por el 250 aniversario del natalicio del c\u00e9lebre m\u00fasico alem\u00e1n, organizadas por El Colegio Nacional.&nbsp; La primera de las charlas estuvo&hellip;<\/p>\n","protected":false},"author":1,"featured_media":7634,"comment_status":"closed","ping_status":"open","sticky":false,"template":"","format":"standard","meta":{"_jetpack_memberships_contains_paid_content":false,"footnotes":"","jetpack_publicize_message":"","jetpack_publicize_feature_enabled":true,"jetpack_social_post_already_shared":false,"jetpack_social_options":{"image_generator_settings":{"template":"highway","default_image_id":0,"font":"","enabled":false},"version":2}},"categories":[13],"tags":[],"class_list":["post-7635","post","type-post","status-publish","format-standard","has-post-thumbnail","hentry","category-personas-interesantes"],"yoast_head":"<!-- This site is optimized with the Yoast SEO plugin v26.3 - https:\/\/yoast.com\/wordpress\/plugins\/seo\/ -->\r\n<title>Conmemora Colegio Nacional el 250 aniversario de Beethoven - Difusi\u00f3n Cultural<\/title>\r\n<meta name=\"robots\" content=\"index, follow, max-snippet:-1, max-image-preview:large, max-video-preview:-1\" \/>\r\n<link rel=\"canonical\" href=\"https:\/\/blogs.uninter.edu.mx\/difusioncultural\/?p=7635\" \/>\r\n<meta property=\"og:locale\" content=\"es_MX\" \/>\r\n<meta property=\"og:type\" content=\"article\" \/>\r\n<meta property=\"og:title\" content=\"Conmemora Colegio Nacional el 250 aniversario de Beethoven - Difusi\u00f3n Cultural\" \/>\r\n<meta property=\"og:description\" content=\"Con el t\u00edtulo&nbsp;Ludwig van Beethoven: la creaci\u00f3n en el silencio, dio inicio este lunes la primera de tres conferencias, las cuales se complementan con igual n\u00famero de recitales, en el marco de las actividades por el 250 aniversario del natalicio del c\u00e9lebre m\u00fasico alem\u00e1n, organizadas por El Colegio Nacional.&nbsp; La primera de las charlas estuvo&hellip;\" \/>\r\n<meta property=\"og:url\" content=\"https:\/\/blogs.uninter.edu.mx\/difusioncultural\/?p=7635\" \/>\r\n<meta property=\"og:site_name\" content=\"Difusi\u00f3n Cultural\" \/>\r\n<meta property=\"article:published_time\" content=\"2020-11-11T20:11:57+00:00\" \/>\r\n<meta property=\"og:image\" content=\"https:\/\/blogs.uninter.edu.mx\/difusioncultural\/wp-content\/uploads\/2020\/11\/img_6218.jpg\" \/>\r\n\t<meta property=\"og:image:width\" content=\"630\" \/>\r\n\t<meta property=\"og:image:height\" content=\"351\" \/>\r\n\t<meta property=\"og:image:type\" content=\"image\/jpeg\" \/>\r\n<meta name=\"author\" content=\"webmaster\" \/>\r\n<meta name=\"twitter:card\" content=\"summary_large_image\" \/>\r\n<meta name=\"twitter:label1\" content=\"Escrito por\" \/>\n\t<meta name=\"twitter:data1\" content=\"webmaster\" \/>\n\t<meta name=\"twitter:label2\" content=\"Tiempo de lectura\" \/>\n\t<meta name=\"twitter:data2\" content=\"3 minutos\" \/>\r\n<script type=\"application\/ld+json\" class=\"yoast-schema-graph\">{\"@context\":\"https:\/\/schema.org\",\"@graph\":[{\"@type\":\"Article\",\"@id\":\"https:\/\/blogs.uninter.edu.mx\/difusioncultural\/?p=7635#article\",\"isPartOf\":{\"@id\":\"https:\/\/blogs.uninter.edu.mx\/difusioncultural\/?p=7635\"},\"author\":{\"name\":\"webmaster\",\"@id\":\"https:\/\/blogs.uninter.edu.mx\/difusioncultural\/#\/schema\/person\/37a0926f4dd300a814993fd595abdc4a\"},\"headline\":\"Conmemora Colegio Nacional el 250 aniversario de Beethoven\",\"datePublished\":\"2020-11-11T20:11:57+00:00\",\"mainEntityOfPage\":{\"@id\":\"https:\/\/blogs.uninter.edu.mx\/difusioncultural\/?p=7635\"},\"wordCount\":661,\"publisher\":{\"@id\":\"https:\/\/blogs.uninter.edu.mx\/difusioncultural\/#organization\"},\"image\":{\"@id\":\"https:\/\/blogs.uninter.edu.mx\/difusioncultural\/?p=7635#primaryimage\"},\"thumbnailUrl\":\"https:\/\/blogs.uninter.edu.mx\/difusioncultural\/wp-content\/uploads\/2020\/11\/img_6218.jpg\",\"articleSection\":[\"Personas interesantes\"],\"inLanguage\":\"es\"},{\"@type\":\"WebPage\",\"@id\":\"https:\/\/blogs.uninter.edu.mx\/difusioncultural\/?p=7635\",\"url\":\"https:\/\/blogs.uninter.edu.mx\/difusioncultural\/?p=7635\",\"name\":\"Conmemora Colegio Nacional el 250 aniversario de Beethoven - Difusi\u00f3n Cultural\",\"isPartOf\":{\"@id\":\"https:\/\/blogs.uninter.edu.mx\/difusioncultural\/#website\"},\"primaryImageOfPage\":{\"@id\":\"https:\/\/blogs.uninter.edu.mx\/difusioncultural\/?p=7635#primaryimage\"},\"image\":{\"@id\":\"https:\/\/blogs.uninter.edu.mx\/difusioncultural\/?p=7635#primaryimage\"},\"thumbnailUrl\":\"https:\/\/blogs.uninter.edu.mx\/difusioncultural\/wp-content\/uploads\/2020\/11\/img_6218.jpg\",\"datePublished\":\"2020-11-11T20:11:57+00:00\",\"breadcrumb\":{\"@id\":\"https:\/\/blogs.uninter.edu.mx\/difusioncultural\/?p=7635#breadcrumb\"},\"inLanguage\":\"es\",\"potentialAction\":[{\"@type\":\"ReadAction\",\"target\":[\"https:\/\/blogs.uninter.edu.mx\/difusioncultural\/?p=7635\"]}]},{\"@type\":\"ImageObject\",\"inLanguage\":\"es\",\"@id\":\"https:\/\/blogs.uninter.edu.mx\/difusioncultural\/?p=7635#primaryimage\",\"url\":\"https:\/\/blogs.uninter.edu.mx\/difusioncultural\/wp-content\/uploads\/2020\/11\/img_6218.jpg\",\"contentUrl\":\"https:\/\/blogs.uninter.edu.mx\/difusioncultural\/wp-content\/uploads\/2020\/11\/img_6218.jpg\",\"width\":630,\"height\":351},{\"@type\":\"BreadcrumbList\",\"@id\":\"https:\/\/blogs.uninter.edu.mx\/difusioncultural\/?p=7635#breadcrumb\",\"itemListElement\":[{\"@type\":\"ListItem\",\"position\":1,\"name\":\"Inicio\",\"item\":\"https:\/\/blogs.uninter.edu.mx\/difusioncultural\/\"},{\"@type\":\"ListItem\",\"position\":2,\"name\":\"Conmemora Colegio Nacional el 250 aniversario de Beethoven\"}]},{\"@type\":\"WebSite\",\"@id\":\"https:\/\/blogs.uninter.edu.mx\/difusioncultural\/#website\",\"url\":\"https:\/\/blogs.uninter.edu.mx\/difusioncultural\/\",\"name\":\"Difusi\u00f3n Cultural\",\"description\":\"UNINTER\",\"publisher\":{\"@id\":\"https:\/\/blogs.uninter.edu.mx\/difusioncultural\/#organization\"},\"potentialAction\":[{\"@type\":\"SearchAction\",\"target\":{\"@type\":\"EntryPoint\",\"urlTemplate\":\"https:\/\/blogs.uninter.edu.mx\/difusioncultural\/?s={search_term_string}\"},\"query-input\":{\"@type\":\"PropertyValueSpecification\",\"valueRequired\":true,\"valueName\":\"search_term_string\"}}],\"inLanguage\":\"es\"},{\"@type\":\"Organization\",\"@id\":\"https:\/\/blogs.uninter.edu.mx\/difusioncultural\/#organization\",\"name\":\"Difusi\u00f3n Cultural\",\"url\":\"https:\/\/blogs.uninter.edu.mx\/difusioncultural\/\",\"logo\":{\"@type\":\"ImageObject\",\"inLanguage\":\"es\",\"@id\":\"https:\/\/blogs.uninter.edu.mx\/difusioncultural\/#\/schema\/logo\/image\/\",\"url\":\"https:\/\/blogs.uninter.edu.mx\/difusioncultural\/wp-content\/uploads\/2022\/09\/uninter.jpg\",\"contentUrl\":\"https:\/\/blogs.uninter.edu.mx\/difusioncultural\/wp-content\/uploads\/2022\/09\/uninter.jpg\",\"width\":2048,\"height\":2048,\"caption\":\"Difusi\u00f3n Cultural\"},\"image\":{\"@id\":\"https:\/\/blogs.uninter.edu.mx\/difusioncultural\/#\/schema\/logo\/image\/\"}},{\"@type\":\"Person\",\"@id\":\"https:\/\/blogs.uninter.edu.mx\/difusioncultural\/#\/schema\/person\/37a0926f4dd300a814993fd595abdc4a\",\"name\":\"webmaster\",\"image\":{\"@type\":\"ImageObject\",\"inLanguage\":\"es\",\"@id\":\"https:\/\/blogs.uninter.edu.mx\/difusioncultural\/#\/schema\/person\/image\/\",\"url\":\"https:\/\/secure.gravatar.com\/avatar\/a59c276b01147463ef3aab4118e3137ebc5e1ad6700deb39ccdf8b89e517f7dc?s=96&d=mm&r=g\",\"contentUrl\":\"https:\/\/secure.gravatar.com\/avatar\/a59c276b01147463ef3aab4118e3137ebc5e1ad6700deb39ccdf8b89e517f7dc?s=96&d=mm&r=g\",\"caption\":\"webmaster\"},\"sameAs\":[\"https:\/\/blogs.uninter.edu.mx\/difusioncultural\"],\"url\":\"https:\/\/blogs.uninter.edu.mx\/difusioncultural\/?author=1\"}]}<\/script>\r\n<!-- \/ Yoast SEO plugin. -->","yoast_head_json":{"title":"Conmemora Colegio Nacional el 250 aniversario de Beethoven - Difusi\u00f3n Cultural","robots":{"index":"index","follow":"follow","max-snippet":"max-snippet:-1","max-image-preview":"max-image-preview:large","max-video-preview":"max-video-preview:-1"},"canonical":"https:\/\/blogs.uninter.edu.mx\/difusioncultural\/?p=7635","og_locale":"es_MX","og_type":"article","og_title":"Conmemora Colegio Nacional el 250 aniversario de Beethoven - Difusi\u00f3n Cultural","og_description":"Con el t\u00edtulo&nbsp;Ludwig van Beethoven: la creaci\u00f3n en el silencio, dio inicio este lunes la primera de tres conferencias, las cuales se complementan con igual n\u00famero de recitales, en el marco de las actividades por el 250 aniversario del natalicio del c\u00e9lebre m\u00fasico alem\u00e1n, organizadas por El Colegio Nacional.&nbsp; La primera de las charlas estuvo&hellip;","og_url":"https:\/\/blogs.uninter.edu.mx\/difusioncultural\/?p=7635","og_site_name":"Difusi\u00f3n Cultural","article_published_time":"2020-11-11T20:11:57+00:00","og_image":[{"width":630,"height":351,"url":"https:\/\/blogs.uninter.edu.mx\/difusioncultural\/wp-content\/uploads\/2020\/11\/img_6218.jpg","type":"image\/jpeg"}],"author":"webmaster","twitter_card":"summary_large_image","twitter_misc":{"Escrito por":"webmaster","Tiempo de lectura":"3 minutos"},"schema":{"@context":"https:\/\/schema.org","@graph":[{"@type":"Article","@id":"https:\/\/blogs.uninter.edu.mx\/difusioncultural\/?p=7635#article","isPartOf":{"@id":"https:\/\/blogs.uninter.edu.mx\/difusioncultural\/?p=7635"},"author":{"name":"webmaster","@id":"https:\/\/blogs.uninter.edu.mx\/difusioncultural\/#\/schema\/person\/37a0926f4dd300a814993fd595abdc4a"},"headline":"Conmemora Colegio Nacional el 250 aniversario de Beethoven","datePublished":"2020-11-11T20:11:57+00:00","mainEntityOfPage":{"@id":"https:\/\/blogs.uninter.edu.mx\/difusioncultural\/?p=7635"},"wordCount":661,"publisher":{"@id":"https:\/\/blogs.uninter.edu.mx\/difusioncultural\/#organization"},"image":{"@id":"https:\/\/blogs.uninter.edu.mx\/difusioncultural\/?p=7635#primaryimage"},"thumbnailUrl":"https:\/\/blogs.uninter.edu.mx\/difusioncultural\/wp-content\/uploads\/2020\/11\/img_6218.jpg","articleSection":["Personas interesantes"],"inLanguage":"es"},{"@type":"WebPage","@id":"https:\/\/blogs.uninter.edu.mx\/difusioncultural\/?p=7635","url":"https:\/\/blogs.uninter.edu.mx\/difusioncultural\/?p=7635","name":"Conmemora Colegio Nacional el 250 aniversario de Beethoven - Difusi\u00f3n Cultural","isPartOf":{"@id":"https:\/\/blogs.uninter.edu.mx\/difusioncultural\/#website"},"primaryImageOfPage":{"@id":"https:\/\/blogs.uninter.edu.mx\/difusioncultural\/?p=7635#primaryimage"},"image":{"@id":"https:\/\/blogs.uninter.edu.mx\/difusioncultural\/?p=7635#primaryimage"},"thumbnailUrl":"https:\/\/blogs.uninter.edu.mx\/difusioncultural\/wp-content\/uploads\/2020\/11\/img_6218.jpg","datePublished":"2020-11-11T20:11:57+00:00","breadcrumb":{"@id":"https:\/\/blogs.uninter.edu.mx\/difusioncultural\/?p=7635#breadcrumb"},"inLanguage":"es","potentialAction":[{"@type":"ReadAction","target":["https:\/\/blogs.uninter.edu.mx\/difusioncultural\/?p=7635"]}]},{"@type":"ImageObject","inLanguage":"es","@id":"https:\/\/blogs.uninter.edu.mx\/difusioncultural\/?p=7635#primaryimage","url":"https:\/\/blogs.uninter.edu.mx\/difusioncultural\/wp-content\/uploads\/2020\/11\/img_6218.jpg","contentUrl":"https:\/\/blogs.uninter.edu.mx\/difusioncultural\/wp-content\/uploads\/2020\/11\/img_6218.jpg","width":630,"height":351},{"@type":"BreadcrumbList","@id":"https:\/\/blogs.uninter.edu.mx\/difusioncultural\/?p=7635#breadcrumb","itemListElement":[{"@type":"ListItem","position":1,"name":"Inicio","item":"https:\/\/blogs.uninter.edu.mx\/difusioncultural\/"},{"@type":"ListItem","position":2,"name":"Conmemora Colegio Nacional el 250 aniversario de Beethoven"}]},{"@type":"WebSite","@id":"https:\/\/blogs.uninter.edu.mx\/difusioncultural\/#website","url":"https:\/\/blogs.uninter.edu.mx\/difusioncultural\/","name":"Difusi\u00f3n Cultural","description":"UNINTER","publisher":{"@id":"https:\/\/blogs.uninter.edu.mx\/difusioncultural\/#organization"},"potentialAction":[{"@type":"SearchAction","target":{"@type":"EntryPoint","urlTemplate":"https:\/\/blogs.uninter.edu.mx\/difusioncultural\/?s={search_term_string}"},"query-input":{"@type":"PropertyValueSpecification","valueRequired":true,"valueName":"search_term_string"}}],"inLanguage":"es"},{"@type":"Organization","@id":"https:\/\/blogs.uninter.edu.mx\/difusioncultural\/#organization","name":"Difusi\u00f3n Cultural","url":"https:\/\/blogs.uninter.edu.mx\/difusioncultural\/","logo":{"@type":"ImageObject","inLanguage":"es","@id":"https:\/\/blogs.uninter.edu.mx\/difusioncultural\/#\/schema\/logo\/image\/","url":"https:\/\/blogs.uninter.edu.mx\/difusioncultural\/wp-content\/uploads\/2022\/09\/uninter.jpg","contentUrl":"https:\/\/blogs.uninter.edu.mx\/difusioncultural\/wp-content\/uploads\/2022\/09\/uninter.jpg","width":2048,"height":2048,"caption":"Difusi\u00f3n Cultural"},"image":{"@id":"https:\/\/blogs.uninter.edu.mx\/difusioncultural\/#\/schema\/logo\/image\/"}},{"@type":"Person","@id":"https:\/\/blogs.uninter.edu.mx\/difusioncultural\/#\/schema\/person\/37a0926f4dd300a814993fd595abdc4a","name":"webmaster","image":{"@type":"ImageObject","inLanguage":"es","@id":"https:\/\/blogs.uninter.edu.mx\/difusioncultural\/#\/schema\/person\/image\/","url":"https:\/\/secure.gravatar.com\/avatar\/a59c276b01147463ef3aab4118e3137ebc5e1ad6700deb39ccdf8b89e517f7dc?s=96&d=mm&r=g","contentUrl":"https:\/\/secure.gravatar.com\/avatar\/a59c276b01147463ef3aab4118e3137ebc5e1ad6700deb39ccdf8b89e517f7dc?s=96&d=mm&r=g","caption":"webmaster"},"sameAs":["https:\/\/blogs.uninter.edu.mx\/difusioncultural"],"url":"https:\/\/blogs.uninter.edu.mx\/difusioncultural\/?author=1"}]}},"jetpack_publicize_connections":[],"jetpack_featured_media_url":"https:\/\/blogs.uninter.edu.mx\/difusioncultural\/wp-content\/uploads\/2020\/11\/img_6218.jpg","jetpack_sharing_enabled":true,"_links":{"self":[{"href":"https:\/\/blogs.uninter.edu.mx\/difusioncultural\/index.php?rest_route=\/wp\/v2\/posts\/7635","targetHints":{"allow":["GET"]}}],"collection":[{"href":"https:\/\/blogs.uninter.edu.mx\/difusioncultural\/index.php?rest_route=\/wp\/v2\/posts"}],"about":[{"href":"https:\/\/blogs.uninter.edu.mx\/difusioncultural\/index.php?rest_route=\/wp\/v2\/types\/post"}],"author":[{"embeddable":true,"href":"https:\/\/blogs.uninter.edu.mx\/difusioncultural\/index.php?rest_route=\/wp\/v2\/users\/1"}],"replies":[{"embeddable":true,"href":"https:\/\/blogs.uninter.edu.mx\/difusioncultural\/index.php?rest_route=%2Fwp%2Fv2%2Fcomments&post=7635"}],"version-history":[{"count":0,"href":"https:\/\/blogs.uninter.edu.mx\/difusioncultural\/index.php?rest_route=\/wp\/v2\/posts\/7635\/revisions"}],"wp:featuredmedia":[{"embeddable":true,"href":"https:\/\/blogs.uninter.edu.mx\/difusioncultural\/index.php?rest_route=\/wp\/v2\/media\/7634"}],"wp:attachment":[{"href":"https:\/\/blogs.uninter.edu.mx\/difusioncultural\/index.php?rest_route=%2Fwp%2Fv2%2Fmedia&parent=7635"}],"wp:term":[{"taxonomy":"category","embeddable":true,"href":"https:\/\/blogs.uninter.edu.mx\/difusioncultural\/index.php?rest_route=%2Fwp%2Fv2%2Fcategories&post=7635"},{"taxonomy":"post_tag","embeddable":true,"href":"https:\/\/blogs.uninter.edu.mx\/difusioncultural\/index.php?rest_route=%2Fwp%2Fv2%2Ftags&post=7635"}],"curies":[{"name":"wp","href":"https:\/\/api.w.org\/{rel}","templated":true}]}}