{"id":7639,"date":"2020-11-11T14:24:24","date_gmt":"2020-11-11T20:24:24","guid":{"rendered":"https:\/\/difusionculturaluninter.wordpress.com\/2020\/11\/11\/reabre-la-galeria-juan-martin-con-recuento-de-la-presencia-grafica-de-toledo\/"},"modified":"2020-11-11T14:24:24","modified_gmt":"2020-11-11T20:24:24","slug":"reabre-la-galeria-juan-martin-con-recuento-de-la-presencia-grafica-de-toledo","status":"publish","type":"post","link":"https:\/\/blogs.uninter.edu.mx\/difusioncultural\/?p=7639","title":{"rendered":"Reabre la galer\u00eda Juan Mart\u00edn con recuento de la presencia gr\u00e1fica de Toledo"},"content":{"rendered":"\n<figure class=\"wp-block-image size-large\"><img fetchpriority=\"high\" decoding=\"async\" width=\"1117\" height=\"837\" src=\"https:\/\/difusionculturaluninter.files.wordpress.com\/2020\/11\/img_6220.jpg?w=1024\" alt=\"\" class=\"wp-image-7638\" \/><\/figure>\n\n\n\n<p class=\"s-s\">Despu\u00e9s de siete meses, la galer\u00eda Juan Mart\u00edn reabri\u00f3 al p\u00fablico con&nbsp;<em>Francisco Toledo (1940-2019): gr\u00e1fica 1999-2019,&nbsp;<\/em>exposici\u00f3n que se inaugur\u00f3 el 7 de marzo pasado, pero que tuvo que ser suspendida debido a la irrupci\u00f3n de la pandemia de Covid-19.<\/p>\n\n\n\n<p>La muestra repasa las dos d\u00e9cadas en las que el artista y promotor cultural exhibi\u00f3 su producci\u00f3n en ese espacio. Son 158 grabados que el recinto ha manejado a lo largo de ese tiempo.<\/p>\n\n\n\n<p>La exhibici\u00f3n es cronol\u00f3gica y comprende una larga lista de t\u00e9cnicas que emple\u00f3 el artista fallecido en septiembre de 2019, como aguafuerte, aguatinta, punta seca, xilograf\u00eda, litograf\u00eda e intaglio.<\/p>\n\n\n\n<p>El punto de partida es la exposici\u00f3n que el tambi\u00e9n activista social abri\u00f3 all\u00ed el 22 de septiembre de 1999, con obra de ese a\u00f1o y de 1998.<\/p>\n\n\n\n<p>A la manera de los gabinetes de curiosidades del siglo XIX, los muros del recinto acogen ejemplares de las innumerables series creadas por Toledo. No obstante la cantidad de obra, a ninguna pieza se le resta visibilidad o inter\u00e9s. Todas respiran por voluntad propia. Adem\u00e1s, cada una encierra frescura, si se les viera por primera vez.<\/p>\n\n\n\n<p>Est\u00e1n representadas series relativas a los gatos de Sara, las m\u00e1quinas de coser de do\u00f1a Flor, el&nbsp;<em>Informe para la academia de Franz Kafka,&nbsp;<\/em>las de Esopo y Pinocho, y la de los sismos de 2017. Y qu\u00e9 decir de los autorretratos, algunos muy desfigurados. La gr\u00e1fica se convirti\u00f3 en la disciplina ideal para atestiguar la transformaci\u00f3n del artista con el tiempo.<\/p>\n\n\n\n<p>Se le ve con su perro xoloitzcuintle o en el proceso de crear un grabado. No se trata de la carpeta completa, sino de las obras que quedaron sueltas.<\/p>\n\n\n\n<p>No pod\u00edan faltar los changos, chapulines, conejos, cangrejos, elefantes, caimanes, pulpos y toda una mir\u00edada de insectos, adem\u00e1s de calacas y escobas.<\/p>\n","protected":false},"excerpt":{"rendered":"<p>Despu\u00e9s de siete meses, la galer\u00eda Juan Mart\u00edn reabri\u00f3 al p\u00fablico con&nbsp;Francisco Toledo (1940-2019): gr\u00e1fica 1999-2019,&nbsp;exposici\u00f3n que se inaugur\u00f3 el 7 de marzo pasado, pero que tuvo que ser suspendida debido a la irrupci\u00f3n de la pandemia de Covid-19. La muestra repasa las dos d\u00e9cadas en las que el artista y promotor cultural exhibi\u00f3 su&hellip;<\/p>\n","protected":false},"author":1,"featured_media":7638,"comment_status":"closed","ping_status":"open","sticky":false,"template":"","format":"standard","meta":{"_jetpack_memberships_contains_paid_content":false,"footnotes":"","jetpack_publicize_message":"","jetpack_publicize_feature_enabled":true,"jetpack_social_post_already_shared":false,"jetpack_social_options":{"image_generator_settings":{"template":"highway","default_image_id":0,"font":"","enabled":false},"version":2}},"categories":[9],"tags":[],"class_list":["post-7639","post","type-post","status-publish","format-standard","has-post-thumbnail","hentry","category-galeria"],"yoast_head":"<!-- This site is optimized with the Yoast SEO plugin v26.3 - https:\/\/yoast.com\/wordpress\/plugins\/seo\/ -->\r\n<title>Reabre la galer\u00eda Juan Mart\u00edn con recuento de la presencia gr\u00e1fica de Toledo - Difusi\u00f3n Cultural<\/title>\r\n<meta name=\"robots\" content=\"index, follow, max-snippet:-1, max-image-preview:large, max-video-preview:-1\" \/>\r\n<link rel=\"canonical\" href=\"https:\/\/blogs.uninter.edu.mx\/difusioncultural\/?p=7639\" \/>\r\n<meta property=\"og:locale\" content=\"es_MX\" \/>\r\n<meta property=\"og:type\" content=\"article\" \/>\r\n<meta property=\"og:title\" content=\"Reabre la galer\u00eda Juan Mart\u00edn con recuento de la presencia gr\u00e1fica de Toledo - Difusi\u00f3n Cultural\" \/>\r\n<meta property=\"og:description\" content=\"Despu\u00e9s de siete meses, la galer\u00eda Juan Mart\u00edn reabri\u00f3 al p\u00fablico con&nbsp;Francisco Toledo (1940-2019): gr\u00e1fica 1999-2019,&nbsp;exposici\u00f3n que se inaugur\u00f3 el 7 de marzo pasado, pero que tuvo que ser suspendida debido a la irrupci\u00f3n de la pandemia de Covid-19. La muestra repasa las dos d\u00e9cadas en las que el artista y promotor cultural exhibi\u00f3 su&hellip;\" \/>\r\n<meta property=\"og:url\" content=\"https:\/\/blogs.uninter.edu.mx\/difusioncultural\/?p=7639\" \/>\r\n<meta property=\"og:site_name\" content=\"Difusi\u00f3n Cultural\" \/>\r\n<meta property=\"article:published_time\" content=\"2020-11-11T20:24:24+00:00\" \/>\r\n<meta property=\"og:image\" content=\"https:\/\/blogs.uninter.edu.mx\/difusioncultural\/wp-content\/uploads\/2020\/11\/img_6220.jpg\" \/>\r\n\t<meta property=\"og:image:width\" content=\"1117\" \/>\r\n\t<meta property=\"og:image:height\" content=\"837\" \/>\r\n\t<meta property=\"og:image:type\" content=\"image\/jpeg\" \/>\r\n<meta name=\"author\" content=\"webmaster\" \/>\r\n<meta name=\"twitter:card\" content=\"summary_large_image\" \/>\r\n<meta name=\"twitter:label1\" content=\"Escrito por\" \/>\n\t<meta name=\"twitter:data1\" content=\"webmaster\" \/>\n\t<meta name=\"twitter:label2\" content=\"Tiempo de lectura\" \/>\n\t<meta name=\"twitter:data2\" content=\"2 minutos\" \/>\r\n<script type=\"application\/ld+json\" class=\"yoast-schema-graph\">{\"@context\":\"https:\/\/schema.org\",\"@graph\":[{\"@type\":\"Article\",\"@id\":\"https:\/\/blogs.uninter.edu.mx\/difusioncultural\/?p=7639#article\",\"isPartOf\":{\"@id\":\"https:\/\/blogs.uninter.edu.mx\/difusioncultural\/?p=7639\"},\"author\":{\"name\":\"webmaster\",\"@id\":\"https:\/\/blogs.uninter.edu.mx\/difusioncultural\/#\/schema\/person\/37a0926f4dd300a814993fd595abdc4a\"},\"headline\":\"Reabre la galer\u00eda Juan Mart\u00edn con recuento de la presencia gr\u00e1fica de Toledo\",\"datePublished\":\"2020-11-11T20:24:24+00:00\",\"mainEntityOfPage\":{\"@id\":\"https:\/\/blogs.uninter.edu.mx\/difusioncultural\/?p=7639\"},\"wordCount\":341,\"publisher\":{\"@id\":\"https:\/\/blogs.uninter.edu.mx\/difusioncultural\/#organization\"},\"image\":{\"@id\":\"https:\/\/blogs.uninter.edu.mx\/difusioncultural\/?p=7639#primaryimage\"},\"thumbnailUrl\":\"https:\/\/blogs.uninter.edu.mx\/difusioncultural\/wp-content\/uploads\/2020\/11\/img_6220.jpg\",\"articleSection\":[\"Galer\u00eda\"],\"inLanguage\":\"es\"},{\"@type\":\"WebPage\",\"@id\":\"https:\/\/blogs.uninter.edu.mx\/difusioncultural\/?p=7639\",\"url\":\"https:\/\/blogs.uninter.edu.mx\/difusioncultural\/?p=7639\",\"name\":\"Reabre la galer\u00eda Juan Mart\u00edn con recuento de la presencia gr\u00e1fica de Toledo - Difusi\u00f3n Cultural\",\"isPartOf\":{\"@id\":\"https:\/\/blogs.uninter.edu.mx\/difusioncultural\/#website\"},\"primaryImageOfPage\":{\"@id\":\"https:\/\/blogs.uninter.edu.mx\/difusioncultural\/?p=7639#primaryimage\"},\"image\":{\"@id\":\"https:\/\/blogs.uninter.edu.mx\/difusioncultural\/?p=7639#primaryimage\"},\"thumbnailUrl\":\"https:\/\/blogs.uninter.edu.mx\/difusioncultural\/wp-content\/uploads\/2020\/11\/img_6220.jpg\",\"datePublished\":\"2020-11-11T20:24:24+00:00\",\"breadcrumb\":{\"@id\":\"https:\/\/blogs.uninter.edu.mx\/difusioncultural\/?p=7639#breadcrumb\"},\"inLanguage\":\"es\",\"potentialAction\":[{\"@type\":\"ReadAction\",\"target\":[\"https:\/\/blogs.uninter.edu.mx\/difusioncultural\/?p=7639\"]}]},{\"@type\":\"ImageObject\",\"inLanguage\":\"es\",\"@id\":\"https:\/\/blogs.uninter.edu.mx\/difusioncultural\/?p=7639#primaryimage\",\"url\":\"https:\/\/blogs.uninter.edu.mx\/difusioncultural\/wp-content\/uploads\/2020\/11\/img_6220.jpg\",\"contentUrl\":\"https:\/\/blogs.uninter.edu.mx\/difusioncultural\/wp-content\/uploads\/2020\/11\/img_6220.jpg\",\"width\":1117,\"height\":837},{\"@type\":\"BreadcrumbList\",\"@id\":\"https:\/\/blogs.uninter.edu.mx\/difusioncultural\/?p=7639#breadcrumb\",\"itemListElement\":[{\"@type\":\"ListItem\",\"position\":1,\"name\":\"Inicio\",\"item\":\"https:\/\/blogs.uninter.edu.mx\/difusioncultural\/\"},{\"@type\":\"ListItem\",\"position\":2,\"name\":\"Reabre la galer\u00eda Juan Mart\u00edn con recuento de la presencia gr\u00e1fica de Toledo\"}]},{\"@type\":\"WebSite\",\"@id\":\"https:\/\/blogs.uninter.edu.mx\/difusioncultural\/#website\",\"url\":\"https:\/\/blogs.uninter.edu.mx\/difusioncultural\/\",\"name\":\"Difusi\u00f3n Cultural\",\"description\":\"UNINTER\",\"publisher\":{\"@id\":\"https:\/\/blogs.uninter.edu.mx\/difusioncultural\/#organization\"},\"potentialAction\":[{\"@type\":\"SearchAction\",\"target\":{\"@type\":\"EntryPoint\",\"urlTemplate\":\"https:\/\/blogs.uninter.edu.mx\/difusioncultural\/?s={search_term_string}\"},\"query-input\":{\"@type\":\"PropertyValueSpecification\",\"valueRequired\":true,\"valueName\":\"search_term_string\"}}],\"inLanguage\":\"es\"},{\"@type\":\"Organization\",\"@id\":\"https:\/\/blogs.uninter.edu.mx\/difusioncultural\/#organization\",\"name\":\"Difusi\u00f3n Cultural\",\"url\":\"https:\/\/blogs.uninter.edu.mx\/difusioncultural\/\",\"logo\":{\"@type\":\"ImageObject\",\"inLanguage\":\"es\",\"@id\":\"https:\/\/blogs.uninter.edu.mx\/difusioncultural\/#\/schema\/logo\/image\/\",\"url\":\"https:\/\/blogs.uninter.edu.mx\/difusioncultural\/wp-content\/uploads\/2022\/09\/uninter.jpg\",\"contentUrl\":\"https:\/\/blogs.uninter.edu.mx\/difusioncultural\/wp-content\/uploads\/2022\/09\/uninter.jpg\",\"width\":2048,\"height\":2048,\"caption\":\"Difusi\u00f3n Cultural\"},\"image\":{\"@id\":\"https:\/\/blogs.uninter.edu.mx\/difusioncultural\/#\/schema\/logo\/image\/\"}},{\"@type\":\"Person\",\"@id\":\"https:\/\/blogs.uninter.edu.mx\/difusioncultural\/#\/schema\/person\/37a0926f4dd300a814993fd595abdc4a\",\"name\":\"webmaster\",\"image\":{\"@type\":\"ImageObject\",\"inLanguage\":\"es\",\"@id\":\"https:\/\/blogs.uninter.edu.mx\/difusioncultural\/#\/schema\/person\/image\/\",\"url\":\"https:\/\/secure.gravatar.com\/avatar\/a59c276b01147463ef3aab4118e3137ebc5e1ad6700deb39ccdf8b89e517f7dc?s=96&d=mm&r=g\",\"contentUrl\":\"https:\/\/secure.gravatar.com\/avatar\/a59c276b01147463ef3aab4118e3137ebc5e1ad6700deb39ccdf8b89e517f7dc?s=96&d=mm&r=g\",\"caption\":\"webmaster\"},\"sameAs\":[\"https:\/\/blogs.uninter.edu.mx\/difusioncultural\"],\"url\":\"https:\/\/blogs.uninter.edu.mx\/difusioncultural\/?author=1\"}]}<\/script>\r\n<!-- \/ Yoast SEO plugin. -->","yoast_head_json":{"title":"Reabre la galer\u00eda Juan Mart\u00edn con recuento de la presencia gr\u00e1fica de Toledo - Difusi\u00f3n Cultural","robots":{"index":"index","follow":"follow","max-snippet":"max-snippet:-1","max-image-preview":"max-image-preview:large","max-video-preview":"max-video-preview:-1"},"canonical":"https:\/\/blogs.uninter.edu.mx\/difusioncultural\/?p=7639","og_locale":"es_MX","og_type":"article","og_title":"Reabre la galer\u00eda Juan Mart\u00edn con recuento de la presencia gr\u00e1fica de Toledo - Difusi\u00f3n Cultural","og_description":"Despu\u00e9s de siete meses, la galer\u00eda Juan Mart\u00edn reabri\u00f3 al p\u00fablico con&nbsp;Francisco Toledo (1940-2019): gr\u00e1fica 1999-2019,&nbsp;exposici\u00f3n que se inaugur\u00f3 el 7 de marzo pasado, pero que tuvo que ser suspendida debido a la irrupci\u00f3n de la pandemia de Covid-19. La muestra repasa las dos d\u00e9cadas en las que el artista y promotor cultural exhibi\u00f3 su&hellip;","og_url":"https:\/\/blogs.uninter.edu.mx\/difusioncultural\/?p=7639","og_site_name":"Difusi\u00f3n Cultural","article_published_time":"2020-11-11T20:24:24+00:00","og_image":[{"width":1117,"height":837,"url":"https:\/\/blogs.uninter.edu.mx\/difusioncultural\/wp-content\/uploads\/2020\/11\/img_6220.jpg","type":"image\/jpeg"}],"author":"webmaster","twitter_card":"summary_large_image","twitter_misc":{"Escrito por":"webmaster","Tiempo de lectura":"2 minutos"},"schema":{"@context":"https:\/\/schema.org","@graph":[{"@type":"Article","@id":"https:\/\/blogs.uninter.edu.mx\/difusioncultural\/?p=7639#article","isPartOf":{"@id":"https:\/\/blogs.uninter.edu.mx\/difusioncultural\/?p=7639"},"author":{"name":"webmaster","@id":"https:\/\/blogs.uninter.edu.mx\/difusioncultural\/#\/schema\/person\/37a0926f4dd300a814993fd595abdc4a"},"headline":"Reabre la galer\u00eda Juan Mart\u00edn con recuento de la presencia gr\u00e1fica de Toledo","datePublished":"2020-11-11T20:24:24+00:00","mainEntityOfPage":{"@id":"https:\/\/blogs.uninter.edu.mx\/difusioncultural\/?p=7639"},"wordCount":341,"publisher":{"@id":"https:\/\/blogs.uninter.edu.mx\/difusioncultural\/#organization"},"image":{"@id":"https:\/\/blogs.uninter.edu.mx\/difusioncultural\/?p=7639#primaryimage"},"thumbnailUrl":"https:\/\/blogs.uninter.edu.mx\/difusioncultural\/wp-content\/uploads\/2020\/11\/img_6220.jpg","articleSection":["Galer\u00eda"],"inLanguage":"es"},{"@type":"WebPage","@id":"https:\/\/blogs.uninter.edu.mx\/difusioncultural\/?p=7639","url":"https:\/\/blogs.uninter.edu.mx\/difusioncultural\/?p=7639","name":"Reabre la galer\u00eda Juan Mart\u00edn con recuento de la presencia gr\u00e1fica de Toledo - Difusi\u00f3n Cultural","isPartOf":{"@id":"https:\/\/blogs.uninter.edu.mx\/difusioncultural\/#website"},"primaryImageOfPage":{"@id":"https:\/\/blogs.uninter.edu.mx\/difusioncultural\/?p=7639#primaryimage"},"image":{"@id":"https:\/\/blogs.uninter.edu.mx\/difusioncultural\/?p=7639#primaryimage"},"thumbnailUrl":"https:\/\/blogs.uninter.edu.mx\/difusioncultural\/wp-content\/uploads\/2020\/11\/img_6220.jpg","datePublished":"2020-11-11T20:24:24+00:00","breadcrumb":{"@id":"https:\/\/blogs.uninter.edu.mx\/difusioncultural\/?p=7639#breadcrumb"},"inLanguage":"es","potentialAction":[{"@type":"ReadAction","target":["https:\/\/blogs.uninter.edu.mx\/difusioncultural\/?p=7639"]}]},{"@type":"ImageObject","inLanguage":"es","@id":"https:\/\/blogs.uninter.edu.mx\/difusioncultural\/?p=7639#primaryimage","url":"https:\/\/blogs.uninter.edu.mx\/difusioncultural\/wp-content\/uploads\/2020\/11\/img_6220.jpg","contentUrl":"https:\/\/blogs.uninter.edu.mx\/difusioncultural\/wp-content\/uploads\/2020\/11\/img_6220.jpg","width":1117,"height":837},{"@type":"BreadcrumbList","@id":"https:\/\/blogs.uninter.edu.mx\/difusioncultural\/?p=7639#breadcrumb","itemListElement":[{"@type":"ListItem","position":1,"name":"Inicio","item":"https:\/\/blogs.uninter.edu.mx\/difusioncultural\/"},{"@type":"ListItem","position":2,"name":"Reabre la galer\u00eda Juan Mart\u00edn con recuento de la presencia gr\u00e1fica de Toledo"}]},{"@type":"WebSite","@id":"https:\/\/blogs.uninter.edu.mx\/difusioncultural\/#website","url":"https:\/\/blogs.uninter.edu.mx\/difusioncultural\/","name":"Difusi\u00f3n Cultural","description":"UNINTER","publisher":{"@id":"https:\/\/blogs.uninter.edu.mx\/difusioncultural\/#organization"},"potentialAction":[{"@type":"SearchAction","target":{"@type":"EntryPoint","urlTemplate":"https:\/\/blogs.uninter.edu.mx\/difusioncultural\/?s={search_term_string}"},"query-input":{"@type":"PropertyValueSpecification","valueRequired":true,"valueName":"search_term_string"}}],"inLanguage":"es"},{"@type":"Organization","@id":"https:\/\/blogs.uninter.edu.mx\/difusioncultural\/#organization","name":"Difusi\u00f3n Cultural","url":"https:\/\/blogs.uninter.edu.mx\/difusioncultural\/","logo":{"@type":"ImageObject","inLanguage":"es","@id":"https:\/\/blogs.uninter.edu.mx\/difusioncultural\/#\/schema\/logo\/image\/","url":"https:\/\/blogs.uninter.edu.mx\/difusioncultural\/wp-content\/uploads\/2022\/09\/uninter.jpg","contentUrl":"https:\/\/blogs.uninter.edu.mx\/difusioncultural\/wp-content\/uploads\/2022\/09\/uninter.jpg","width":2048,"height":2048,"caption":"Difusi\u00f3n Cultural"},"image":{"@id":"https:\/\/blogs.uninter.edu.mx\/difusioncultural\/#\/schema\/logo\/image\/"}},{"@type":"Person","@id":"https:\/\/blogs.uninter.edu.mx\/difusioncultural\/#\/schema\/person\/37a0926f4dd300a814993fd595abdc4a","name":"webmaster","image":{"@type":"ImageObject","inLanguage":"es","@id":"https:\/\/blogs.uninter.edu.mx\/difusioncultural\/#\/schema\/person\/image\/","url":"https:\/\/secure.gravatar.com\/avatar\/a59c276b01147463ef3aab4118e3137ebc5e1ad6700deb39ccdf8b89e517f7dc?s=96&d=mm&r=g","contentUrl":"https:\/\/secure.gravatar.com\/avatar\/a59c276b01147463ef3aab4118e3137ebc5e1ad6700deb39ccdf8b89e517f7dc?s=96&d=mm&r=g","caption":"webmaster"},"sameAs":["https:\/\/blogs.uninter.edu.mx\/difusioncultural"],"url":"https:\/\/blogs.uninter.edu.mx\/difusioncultural\/?author=1"}]}},"jetpack_publicize_connections":[],"jetpack_featured_media_url":"https:\/\/blogs.uninter.edu.mx\/difusioncultural\/wp-content\/uploads\/2020\/11\/img_6220.jpg","jetpack_sharing_enabled":true,"_links":{"self":[{"href":"https:\/\/blogs.uninter.edu.mx\/difusioncultural\/index.php?rest_route=\/wp\/v2\/posts\/7639","targetHints":{"allow":["GET"]}}],"collection":[{"href":"https:\/\/blogs.uninter.edu.mx\/difusioncultural\/index.php?rest_route=\/wp\/v2\/posts"}],"about":[{"href":"https:\/\/blogs.uninter.edu.mx\/difusioncultural\/index.php?rest_route=\/wp\/v2\/types\/post"}],"author":[{"embeddable":true,"href":"https:\/\/blogs.uninter.edu.mx\/difusioncultural\/index.php?rest_route=\/wp\/v2\/users\/1"}],"replies":[{"embeddable":true,"href":"https:\/\/blogs.uninter.edu.mx\/difusioncultural\/index.php?rest_route=%2Fwp%2Fv2%2Fcomments&post=7639"}],"version-history":[{"count":0,"href":"https:\/\/blogs.uninter.edu.mx\/difusioncultural\/index.php?rest_route=\/wp\/v2\/posts\/7639\/revisions"}],"wp:featuredmedia":[{"embeddable":true,"href":"https:\/\/blogs.uninter.edu.mx\/difusioncultural\/index.php?rest_route=\/wp\/v2\/media\/7638"}],"wp:attachment":[{"href":"https:\/\/blogs.uninter.edu.mx\/difusioncultural\/index.php?rest_route=%2Fwp%2Fv2%2Fmedia&parent=7639"}],"wp:term":[{"taxonomy":"category","embeddable":true,"href":"https:\/\/blogs.uninter.edu.mx\/difusioncultural\/index.php?rest_route=%2Fwp%2Fv2%2Fcategories&post=7639"},{"taxonomy":"post_tag","embeddable":true,"href":"https:\/\/blogs.uninter.edu.mx\/difusioncultural\/index.php?rest_route=%2Fwp%2Fv2%2Ftags&post=7639"}],"curies":[{"name":"wp","href":"https:\/\/api.w.org\/{rel}","templated":true}]}}