{"id":7665,"date":"2020-11-18T12:55:39","date_gmt":"2020-11-18T18:55:39","guid":{"rendered":"https:\/\/difusionculturaluninter.wordpress.com\/2020\/11\/18\/un-dia-como-hoy-pero-de-1824-el-congreso-aprueba-la-creacion-del-distrito-federal-y-nombra-a-la-ciudad-de-mexico-capital-de-la-republica\/"},"modified":"2020-11-18T12:55:39","modified_gmt":"2020-11-18T18:55:39","slug":"un-dia-como-hoy-pero-de-1824-el-congreso-aprueba-la-creacion-del-distrito-federal-y-nombra-a-la-ciudad-de-mexico-capital-de-la-republica","status":"publish","type":"post","link":"https:\/\/blogs.uninter.edu.mx\/difusioncultural\/?p=7665","title":{"rendered":"Un d\u00eda como hoy pero de 1824, el Congreso aprueba la creaci\u00f3n del Distrito Federal y nombra a la ciudad de M\u00e9xico capital de la Rep\u00fablica."},"content":{"rendered":"\n<figure class=\"wp-block-image size-large\"><img fetchpriority=\"high\" decoding=\"async\" width=\"480\" height=\"437\" src=\"https:\/\/difusionculturaluninter.files.wordpress.com\/2020\/11\/img_6245-1.jpg?w=480\" alt=\"\" class=\"wp-image-7664\" \/><\/figure>\n\n\n\n<p>El Congreso decreta la formaci\u00f3n del Distrito Federal, lo declara residencia de los Poderes de la Federaci\u00f3n y designa a la ciudad de M\u00e9xico, capital de la Rep\u00fablica.&nbsp;<\/p>\n\n\n\n<p>En el art\u00edculo cuarto de los Tratados de C\u00f3rdova firmados el 24 de agosto de 1821, para consumar la independencia, se estableci\u00f3 que: \u201c<em>El emperador fijar\u00e1 su corte en M\u00e9xico, que ser\u00e1 la capital del Imperio\u201d.<\/em>&nbsp;As\u00ed, la Ciudad de M\u00e9xico se convirti\u00f3 en la capital del pa\u00eds. La inconformidad de los distintos sectores militares y pol\u00edticos hizo sucumbir al Imperio a menos de un a\u00f1o de haberse iniciado, ante los levantamientos que suscrib\u00edan el Plan de Veracruz y el Acta de Casa Mata, ambos de esp\u00edritu republicano\u201d.&nbsp;<\/p>\n\n\n\n<p>La Constituci\u00f3n de 1824 otorg\u00f3 facultades al Congreso para elegir un lugar que sirviera de residencia a los poderes de la federaci\u00f3n; as\u00ed, el presente decreto (Ver documento) crea el Distrito Federal \u2013con car\u00e1cter de estado y con un Congreso local- que quedar\u00e1 ubicado en un territorio federal circular cuyo centro ser\u00e1 la plaza de la ciudad de M\u00e9xico y un radio de dos leguas: tambi\u00e9n se instituye el cargo de Gobernador del Distrito Federal. Aunque el ayuntamiento ser\u00e1 elegido, a partir del decreto del 11 de abril de 1826 se har\u00e1 m\u00e1s dependiente: (ver documento) \u201c\u2026 Las rentas del Distrito federal pertenecer\u00e1n\u2026 a las generales de la federaci\u00f3n\u2026\u201d<\/p>\n\n\n\n<p>En 1836, al triunfar el centralismo, el Distrito Federal desaparecer\u00e1 junto con los Estados que se convirtieron en Departamentos. En 1843 se restaurar\u00e1 el Distrito de M\u00e9xico. Santa Anna conservar\u00e1 la autonom\u00eda de los municipios de la ciudad de M\u00e9xico. Sobre este punto, \u00c1lvarez Arredondo <em>(Historia de las Formas de Gobierno de la Ciudad de M\u00e9xico) <\/em>refiere que: <em>\u201cDurante el periodo que va desde la expedici\u00f3n de las \u201cSiete Leyes\u201d constitucionales de 1836 hasta el triunfo definitivo de la rep\u00fablica en 1867, el marco jur\u00eddico de las formas de gobierno de la Ciudad de M\u00e9xico fue tan cambiante como la historia del pa\u00eds en su conjunto\u2026 En 1843 se expidieron las Bases Org\u00e1nicas, de contenido centralista, y posteriormente, el 21 de mayo de 1847\u2026 se expidi\u00f3 el Acta Constitutiva y de Reformas, liberal, cuyo art\u00edculo 6\u00b0 otorgaba a los habitantes del Distrito Federal el voto en la elecci\u00f3n de presidente de la rep\u00fablica y el derecho a nombrar a sus representantes al Senado, como cualquier otro estado de la rep\u00fablica. Dicho documento ratificaba la vigencia de la Constituci\u00f3n de 1824\u2026 A pesar de tantos vaivenes, s\u00f3lo existieron dos proyectos de gobierno para la Ciudad de M\u00e9xico y para el pa\u00eds\u2026 uno conservador y el otro liberal\u2026 La diferencia esencial entre el ayuntamiento conservador y el liberal se hallaba en el \u00e1mbito te\u00f3rico-ideol\u00f3gico. Mientras que los conservadores se opon\u00edan a su integraci\u00f3n por v\u00eda de elecciones\u2026 los liberales cre\u00edan en las elecciones, indirectas\u2026 como fuente leg\u00edtima del poder p\u00fablico y esgrimiendo las ideas de un sistema federal, lo consideraban un instrumento importante de descentralizaci\u00f3n\u201d. <\/em><\/p>\n","protected":false},"excerpt":{"rendered":"<p>El Congreso decreta la formaci\u00f3n del Distrito Federal, lo declara residencia de los Poderes de la Federaci\u00f3n y designa a la ciudad de M\u00e9xico, capital de la Rep\u00fablica.&nbsp; En el art\u00edculo cuarto de los Tratados de C\u00f3rdova firmados el 24 de agosto de 1821, para consumar la independencia, se estableci\u00f3 que: \u201cEl emperador fijar\u00e1 su&hellip;<\/p>\n","protected":false},"author":1,"featured_media":7664,"comment_status":"closed","ping_status":"open","sticky":false,"template":"","format":"standard","meta":{"_jetpack_memberships_contains_paid_content":false,"footnotes":"","jetpack_publicize_message":"","jetpack_publicize_feature_enabled":true,"jetpack_social_post_already_shared":false,"jetpack_social_options":{"image_generator_settings":{"template":"highway","default_image_id":0,"font":"","enabled":false},"version":2}},"categories":[14],"tags":[],"class_list":["post-7665","post","type-post","status-publish","format-standard","has-post-thumbnail","hentry","category-un-dia-como-hoy"],"yoast_head":"<!-- This site is optimized with the Yoast SEO plugin v26.3 - https:\/\/yoast.com\/wordpress\/plugins\/seo\/ -->\r\n<title>Un d\u00eda como hoy pero de 1824, el Congreso aprueba la creaci\u00f3n del Distrito Federal y nombra a la ciudad de M\u00e9xico capital de la Rep\u00fablica. - Difusi\u00f3n Cultural<\/title>\r\n<meta name=\"robots\" content=\"index, follow, max-snippet:-1, max-image-preview:large, max-video-preview:-1\" \/>\r\n<link rel=\"canonical\" href=\"https:\/\/blogs.uninter.edu.mx\/difusioncultural\/?p=7665\" \/>\r\n<meta property=\"og:locale\" content=\"es_MX\" \/>\r\n<meta property=\"og:type\" content=\"article\" \/>\r\n<meta property=\"og:title\" content=\"Un d\u00eda como hoy pero de 1824, el Congreso aprueba la creaci\u00f3n del Distrito Federal y nombra a la ciudad de M\u00e9xico capital de la Rep\u00fablica. - Difusi\u00f3n Cultural\" \/>\r\n<meta property=\"og:description\" content=\"El Congreso decreta la formaci\u00f3n del Distrito Federal, lo declara residencia de los Poderes de la Federaci\u00f3n y designa a la ciudad de M\u00e9xico, capital de la Rep\u00fablica.&nbsp; En el art\u00edculo cuarto de los Tratados de C\u00f3rdova firmados el 24 de agosto de 1821, para consumar la independencia, se estableci\u00f3 que: \u201cEl emperador fijar\u00e1 su&hellip;\" \/>\r\n<meta property=\"og:url\" content=\"https:\/\/blogs.uninter.edu.mx\/difusioncultural\/?p=7665\" \/>\r\n<meta property=\"og:site_name\" content=\"Difusi\u00f3n Cultural\" \/>\r\n<meta property=\"article:published_time\" content=\"2020-11-18T18:55:39+00:00\" \/>\r\n<meta property=\"og:image\" content=\"https:\/\/blogs.uninter.edu.mx\/difusioncultural\/wp-content\/uploads\/2020\/11\/img_6245-1.jpg\" \/>\r\n\t<meta property=\"og:image:width\" content=\"480\" \/>\r\n\t<meta property=\"og:image:height\" content=\"437\" \/>\r\n\t<meta property=\"og:image:type\" content=\"image\/jpeg\" \/>\r\n<meta name=\"author\" content=\"webmaster\" \/>\r\n<meta name=\"twitter:card\" content=\"summary_large_image\" \/>\r\n<meta name=\"twitter:label1\" content=\"Escrito por\" \/>\n\t<meta name=\"twitter:data1\" content=\"webmaster\" \/>\n\t<meta name=\"twitter:label2\" content=\"Tiempo de lectura\" \/>\n\t<meta name=\"twitter:data2\" content=\"3 minutos\" \/>\r\n<script type=\"application\/ld+json\" class=\"yoast-schema-graph\">{\"@context\":\"https:\/\/schema.org\",\"@graph\":[{\"@type\":\"Article\",\"@id\":\"https:\/\/blogs.uninter.edu.mx\/difusioncultural\/?p=7665#article\",\"isPartOf\":{\"@id\":\"https:\/\/blogs.uninter.edu.mx\/difusioncultural\/?p=7665\"},\"author\":{\"name\":\"webmaster\",\"@id\":\"https:\/\/blogs.uninter.edu.mx\/difusioncultural\/#\/schema\/person\/37a0926f4dd300a814993fd595abdc4a\"},\"headline\":\"Un d\u00eda como hoy pero de 1824, el Congreso aprueba la creaci\u00f3n del Distrito Federal y nombra a la ciudad de M\u00e9xico capital de la Rep\u00fablica.\",\"datePublished\":\"2020-11-18T18:55:39+00:00\",\"mainEntityOfPage\":{\"@id\":\"https:\/\/blogs.uninter.edu.mx\/difusioncultural\/?p=7665\"},\"wordCount\":553,\"publisher\":{\"@id\":\"https:\/\/blogs.uninter.edu.mx\/difusioncultural\/#organization\"},\"image\":{\"@id\":\"https:\/\/blogs.uninter.edu.mx\/difusioncultural\/?p=7665#primaryimage\"},\"thumbnailUrl\":\"https:\/\/blogs.uninter.edu.mx\/difusioncultural\/wp-content\/uploads\/2020\/11\/img_6245-1.jpg\",\"articleSection\":[\"un dia como hoy\"],\"inLanguage\":\"es\"},{\"@type\":\"WebPage\",\"@id\":\"https:\/\/blogs.uninter.edu.mx\/difusioncultural\/?p=7665\",\"url\":\"https:\/\/blogs.uninter.edu.mx\/difusioncultural\/?p=7665\",\"name\":\"Un d\u00eda como hoy pero de 1824, el Congreso aprueba la creaci\u00f3n del Distrito Federal y nombra a la ciudad de M\u00e9xico capital de la Rep\u00fablica. - Difusi\u00f3n Cultural\",\"isPartOf\":{\"@id\":\"https:\/\/blogs.uninter.edu.mx\/difusioncultural\/#website\"},\"primaryImageOfPage\":{\"@id\":\"https:\/\/blogs.uninter.edu.mx\/difusioncultural\/?p=7665#primaryimage\"},\"image\":{\"@id\":\"https:\/\/blogs.uninter.edu.mx\/difusioncultural\/?p=7665#primaryimage\"},\"thumbnailUrl\":\"https:\/\/blogs.uninter.edu.mx\/difusioncultural\/wp-content\/uploads\/2020\/11\/img_6245-1.jpg\",\"datePublished\":\"2020-11-18T18:55:39+00:00\",\"breadcrumb\":{\"@id\":\"https:\/\/blogs.uninter.edu.mx\/difusioncultural\/?p=7665#breadcrumb\"},\"inLanguage\":\"es\",\"potentialAction\":[{\"@type\":\"ReadAction\",\"target\":[\"https:\/\/blogs.uninter.edu.mx\/difusioncultural\/?p=7665\"]}]},{\"@type\":\"ImageObject\",\"inLanguage\":\"es\",\"@id\":\"https:\/\/blogs.uninter.edu.mx\/difusioncultural\/?p=7665#primaryimage\",\"url\":\"https:\/\/blogs.uninter.edu.mx\/difusioncultural\/wp-content\/uploads\/2020\/11\/img_6245-1.jpg\",\"contentUrl\":\"https:\/\/blogs.uninter.edu.mx\/difusioncultural\/wp-content\/uploads\/2020\/11\/img_6245-1.jpg\",\"width\":480,\"height\":437},{\"@type\":\"BreadcrumbList\",\"@id\":\"https:\/\/blogs.uninter.edu.mx\/difusioncultural\/?p=7665#breadcrumb\",\"itemListElement\":[{\"@type\":\"ListItem\",\"position\":1,\"name\":\"Inicio\",\"item\":\"https:\/\/blogs.uninter.edu.mx\/difusioncultural\/\"},{\"@type\":\"ListItem\",\"position\":2,\"name\":\"Un d\u00eda como hoy pero de 1824, el Congreso aprueba la creaci\u00f3n del Distrito Federal y nombra a la ciudad de M\u00e9xico capital de la Rep\u00fablica.\"}]},{\"@type\":\"WebSite\",\"@id\":\"https:\/\/blogs.uninter.edu.mx\/difusioncultural\/#website\",\"url\":\"https:\/\/blogs.uninter.edu.mx\/difusioncultural\/\",\"name\":\"Difusi\u00f3n Cultural\",\"description\":\"UNINTER\",\"publisher\":{\"@id\":\"https:\/\/blogs.uninter.edu.mx\/difusioncultural\/#organization\"},\"potentialAction\":[{\"@type\":\"SearchAction\",\"target\":{\"@type\":\"EntryPoint\",\"urlTemplate\":\"https:\/\/blogs.uninter.edu.mx\/difusioncultural\/?s={search_term_string}\"},\"query-input\":{\"@type\":\"PropertyValueSpecification\",\"valueRequired\":true,\"valueName\":\"search_term_string\"}}],\"inLanguage\":\"es\"},{\"@type\":\"Organization\",\"@id\":\"https:\/\/blogs.uninter.edu.mx\/difusioncultural\/#organization\",\"name\":\"Difusi\u00f3n Cultural\",\"url\":\"https:\/\/blogs.uninter.edu.mx\/difusioncultural\/\",\"logo\":{\"@type\":\"ImageObject\",\"inLanguage\":\"es\",\"@id\":\"https:\/\/blogs.uninter.edu.mx\/difusioncultural\/#\/schema\/logo\/image\/\",\"url\":\"https:\/\/blogs.uninter.edu.mx\/difusioncultural\/wp-content\/uploads\/2022\/09\/uninter.jpg\",\"contentUrl\":\"https:\/\/blogs.uninter.edu.mx\/difusioncultural\/wp-content\/uploads\/2022\/09\/uninter.jpg\",\"width\":2048,\"height\":2048,\"caption\":\"Difusi\u00f3n Cultural\"},\"image\":{\"@id\":\"https:\/\/blogs.uninter.edu.mx\/difusioncultural\/#\/schema\/logo\/image\/\"}},{\"@type\":\"Person\",\"@id\":\"https:\/\/blogs.uninter.edu.mx\/difusioncultural\/#\/schema\/person\/37a0926f4dd300a814993fd595abdc4a\",\"name\":\"webmaster\",\"image\":{\"@type\":\"ImageObject\",\"inLanguage\":\"es\",\"@id\":\"https:\/\/blogs.uninter.edu.mx\/difusioncultural\/#\/schema\/person\/image\/\",\"url\":\"https:\/\/secure.gravatar.com\/avatar\/a59c276b01147463ef3aab4118e3137ebc5e1ad6700deb39ccdf8b89e517f7dc?s=96&d=mm&r=g\",\"contentUrl\":\"https:\/\/secure.gravatar.com\/avatar\/a59c276b01147463ef3aab4118e3137ebc5e1ad6700deb39ccdf8b89e517f7dc?s=96&d=mm&r=g\",\"caption\":\"webmaster\"},\"sameAs\":[\"https:\/\/blogs.uninter.edu.mx\/difusioncultural\"],\"url\":\"https:\/\/blogs.uninter.edu.mx\/difusioncultural\/?author=1\"}]}<\/script>\r\n<!-- \/ Yoast SEO plugin. -->","yoast_head_json":{"title":"Un d\u00eda como hoy pero de 1824, el Congreso aprueba la creaci\u00f3n del Distrito Federal y nombra a la ciudad de M\u00e9xico capital de la Rep\u00fablica. - Difusi\u00f3n Cultural","robots":{"index":"index","follow":"follow","max-snippet":"max-snippet:-1","max-image-preview":"max-image-preview:large","max-video-preview":"max-video-preview:-1"},"canonical":"https:\/\/blogs.uninter.edu.mx\/difusioncultural\/?p=7665","og_locale":"es_MX","og_type":"article","og_title":"Un d\u00eda como hoy pero de 1824, el Congreso aprueba la creaci\u00f3n del Distrito Federal y nombra a la ciudad de M\u00e9xico capital de la Rep\u00fablica. - Difusi\u00f3n Cultural","og_description":"El Congreso decreta la formaci\u00f3n del Distrito Federal, lo declara residencia de los Poderes de la Federaci\u00f3n y designa a la ciudad de M\u00e9xico, capital de la Rep\u00fablica.&nbsp; En el art\u00edculo cuarto de los Tratados de C\u00f3rdova firmados el 24 de agosto de 1821, para consumar la independencia, se estableci\u00f3 que: \u201cEl emperador fijar\u00e1 su&hellip;","og_url":"https:\/\/blogs.uninter.edu.mx\/difusioncultural\/?p=7665","og_site_name":"Difusi\u00f3n Cultural","article_published_time":"2020-11-18T18:55:39+00:00","og_image":[{"width":480,"height":437,"url":"https:\/\/blogs.uninter.edu.mx\/difusioncultural\/wp-content\/uploads\/2020\/11\/img_6245-1.jpg","type":"image\/jpeg"}],"author":"webmaster","twitter_card":"summary_large_image","twitter_misc":{"Escrito por":"webmaster","Tiempo de lectura":"3 minutos"},"schema":{"@context":"https:\/\/schema.org","@graph":[{"@type":"Article","@id":"https:\/\/blogs.uninter.edu.mx\/difusioncultural\/?p=7665#article","isPartOf":{"@id":"https:\/\/blogs.uninter.edu.mx\/difusioncultural\/?p=7665"},"author":{"name":"webmaster","@id":"https:\/\/blogs.uninter.edu.mx\/difusioncultural\/#\/schema\/person\/37a0926f4dd300a814993fd595abdc4a"},"headline":"Un d\u00eda como hoy pero de 1824, el Congreso aprueba la creaci\u00f3n del Distrito Federal y nombra a la ciudad de M\u00e9xico capital de la Rep\u00fablica.","datePublished":"2020-11-18T18:55:39+00:00","mainEntityOfPage":{"@id":"https:\/\/blogs.uninter.edu.mx\/difusioncultural\/?p=7665"},"wordCount":553,"publisher":{"@id":"https:\/\/blogs.uninter.edu.mx\/difusioncultural\/#organization"},"image":{"@id":"https:\/\/blogs.uninter.edu.mx\/difusioncultural\/?p=7665#primaryimage"},"thumbnailUrl":"https:\/\/blogs.uninter.edu.mx\/difusioncultural\/wp-content\/uploads\/2020\/11\/img_6245-1.jpg","articleSection":["un dia como hoy"],"inLanguage":"es"},{"@type":"WebPage","@id":"https:\/\/blogs.uninter.edu.mx\/difusioncultural\/?p=7665","url":"https:\/\/blogs.uninter.edu.mx\/difusioncultural\/?p=7665","name":"Un d\u00eda como hoy pero de 1824, el Congreso aprueba la creaci\u00f3n del Distrito Federal y nombra a la ciudad de M\u00e9xico capital de la Rep\u00fablica. - Difusi\u00f3n Cultural","isPartOf":{"@id":"https:\/\/blogs.uninter.edu.mx\/difusioncultural\/#website"},"primaryImageOfPage":{"@id":"https:\/\/blogs.uninter.edu.mx\/difusioncultural\/?p=7665#primaryimage"},"image":{"@id":"https:\/\/blogs.uninter.edu.mx\/difusioncultural\/?p=7665#primaryimage"},"thumbnailUrl":"https:\/\/blogs.uninter.edu.mx\/difusioncultural\/wp-content\/uploads\/2020\/11\/img_6245-1.jpg","datePublished":"2020-11-18T18:55:39+00:00","breadcrumb":{"@id":"https:\/\/blogs.uninter.edu.mx\/difusioncultural\/?p=7665#breadcrumb"},"inLanguage":"es","potentialAction":[{"@type":"ReadAction","target":["https:\/\/blogs.uninter.edu.mx\/difusioncultural\/?p=7665"]}]},{"@type":"ImageObject","inLanguage":"es","@id":"https:\/\/blogs.uninter.edu.mx\/difusioncultural\/?p=7665#primaryimage","url":"https:\/\/blogs.uninter.edu.mx\/difusioncultural\/wp-content\/uploads\/2020\/11\/img_6245-1.jpg","contentUrl":"https:\/\/blogs.uninter.edu.mx\/difusioncultural\/wp-content\/uploads\/2020\/11\/img_6245-1.jpg","width":480,"height":437},{"@type":"BreadcrumbList","@id":"https:\/\/blogs.uninter.edu.mx\/difusioncultural\/?p=7665#breadcrumb","itemListElement":[{"@type":"ListItem","position":1,"name":"Inicio","item":"https:\/\/blogs.uninter.edu.mx\/difusioncultural\/"},{"@type":"ListItem","position":2,"name":"Un d\u00eda como hoy pero de 1824, el Congreso aprueba la creaci\u00f3n del Distrito Federal y nombra a la ciudad de M\u00e9xico capital de la Rep\u00fablica."}]},{"@type":"WebSite","@id":"https:\/\/blogs.uninter.edu.mx\/difusioncultural\/#website","url":"https:\/\/blogs.uninter.edu.mx\/difusioncultural\/","name":"Difusi\u00f3n Cultural","description":"UNINTER","publisher":{"@id":"https:\/\/blogs.uninter.edu.mx\/difusioncultural\/#organization"},"potentialAction":[{"@type":"SearchAction","target":{"@type":"EntryPoint","urlTemplate":"https:\/\/blogs.uninter.edu.mx\/difusioncultural\/?s={search_term_string}"},"query-input":{"@type":"PropertyValueSpecification","valueRequired":true,"valueName":"search_term_string"}}],"inLanguage":"es"},{"@type":"Organization","@id":"https:\/\/blogs.uninter.edu.mx\/difusioncultural\/#organization","name":"Difusi\u00f3n Cultural","url":"https:\/\/blogs.uninter.edu.mx\/difusioncultural\/","logo":{"@type":"ImageObject","inLanguage":"es","@id":"https:\/\/blogs.uninter.edu.mx\/difusioncultural\/#\/schema\/logo\/image\/","url":"https:\/\/blogs.uninter.edu.mx\/difusioncultural\/wp-content\/uploads\/2022\/09\/uninter.jpg","contentUrl":"https:\/\/blogs.uninter.edu.mx\/difusioncultural\/wp-content\/uploads\/2022\/09\/uninter.jpg","width":2048,"height":2048,"caption":"Difusi\u00f3n Cultural"},"image":{"@id":"https:\/\/blogs.uninter.edu.mx\/difusioncultural\/#\/schema\/logo\/image\/"}},{"@type":"Person","@id":"https:\/\/blogs.uninter.edu.mx\/difusioncultural\/#\/schema\/person\/37a0926f4dd300a814993fd595abdc4a","name":"webmaster","image":{"@type":"ImageObject","inLanguage":"es","@id":"https:\/\/blogs.uninter.edu.mx\/difusioncultural\/#\/schema\/person\/image\/","url":"https:\/\/secure.gravatar.com\/avatar\/a59c276b01147463ef3aab4118e3137ebc5e1ad6700deb39ccdf8b89e517f7dc?s=96&d=mm&r=g","contentUrl":"https:\/\/secure.gravatar.com\/avatar\/a59c276b01147463ef3aab4118e3137ebc5e1ad6700deb39ccdf8b89e517f7dc?s=96&d=mm&r=g","caption":"webmaster"},"sameAs":["https:\/\/blogs.uninter.edu.mx\/difusioncultural"],"url":"https:\/\/blogs.uninter.edu.mx\/difusioncultural\/?author=1"}]}},"jetpack_publicize_connections":[],"jetpack_featured_media_url":"https:\/\/blogs.uninter.edu.mx\/difusioncultural\/wp-content\/uploads\/2020\/11\/img_6245-1.jpg","jetpack_sharing_enabled":true,"_links":{"self":[{"href":"https:\/\/blogs.uninter.edu.mx\/difusioncultural\/index.php?rest_route=\/wp\/v2\/posts\/7665","targetHints":{"allow":["GET"]}}],"collection":[{"href":"https:\/\/blogs.uninter.edu.mx\/difusioncultural\/index.php?rest_route=\/wp\/v2\/posts"}],"about":[{"href":"https:\/\/blogs.uninter.edu.mx\/difusioncultural\/index.php?rest_route=\/wp\/v2\/types\/post"}],"author":[{"embeddable":true,"href":"https:\/\/blogs.uninter.edu.mx\/difusioncultural\/index.php?rest_route=\/wp\/v2\/users\/1"}],"replies":[{"embeddable":true,"href":"https:\/\/blogs.uninter.edu.mx\/difusioncultural\/index.php?rest_route=%2Fwp%2Fv2%2Fcomments&post=7665"}],"version-history":[{"count":0,"href":"https:\/\/blogs.uninter.edu.mx\/difusioncultural\/index.php?rest_route=\/wp\/v2\/posts\/7665\/revisions"}],"wp:featuredmedia":[{"embeddable":true,"href":"https:\/\/blogs.uninter.edu.mx\/difusioncultural\/index.php?rest_route=\/wp\/v2\/media\/7664"}],"wp:attachment":[{"href":"https:\/\/blogs.uninter.edu.mx\/difusioncultural\/index.php?rest_route=%2Fwp%2Fv2%2Fmedia&parent=7665"}],"wp:term":[{"taxonomy":"category","embeddable":true,"href":"https:\/\/blogs.uninter.edu.mx\/difusioncultural\/index.php?rest_route=%2Fwp%2Fv2%2Fcategories&post=7665"},{"taxonomy":"post_tag","embeddable":true,"href":"https:\/\/blogs.uninter.edu.mx\/difusioncultural\/index.php?rest_route=%2Fwp%2Fv2%2Ftags&post=7665"}],"curies":[{"name":"wp","href":"https:\/\/api.w.org\/{rel}","templated":true}]}}