{"id":7714,"date":"2020-12-11T08:30:00","date_gmt":"2020-12-11T14:30:00","guid":{"rendered":"https:\/\/difusionculturaluninter.wordpress.com\/?p=7714"},"modified":"2020-12-11T08:30:00","modified_gmt":"2020-12-11T14:30:00","slug":"10-de-diciembre-dia-de-los-derechos-humanos","status":"publish","type":"post","link":"https:\/\/blogs.uninter.edu.mx\/difusioncultural\/?p=7714","title":{"rendered":"10 de Diciembre, D\u00eda de los Derechos Humanos"},"content":{"rendered":"\n<figure class=\"wp-block-image size-large\"><img fetchpriority=\"high\" decoding=\"async\" width=\"304\" height=\"202\" src=\"https:\/\/difusionculturaluninter.files.wordpress.com\/2020\/12\/img_6440.jpg?w=304\" alt=\"\" class=\"wp-image-7713\" \/><\/figure>\n\n\n\n<p><strong>El 10 de diciembre se celebra todos los a\u00f1os el D\u00eda de los Derechos Humanos<\/strong>, coincidiendo con el aniversario de la&nbsp;<strong>Declaraci\u00f3n Universal de Derechos Humanos<\/strong>, que se aprob\u00f3 en 1948.<\/p>\n\n\n\n<p>Fue dos a\u00f1os despu\u00e9s de la aprobaci\u00f3n, en 1950, cuando la Asamblea General proclam\u00f3 el 10 de diciembre como el <strong>D\u00eda de los Derechos Humanos<\/strong>.<\/p>\n\n\n\n<p>Actualmente existe una lista de derechos humanos creada por la <strong>Organizaci\u00f3n de las Naciones Unidas<\/strong>, donde se defiende el derecho a la vida, la libertad, a la educaci\u00f3n, al trabajo y muchos otros m\u00e1s, que deben ser respetados sin que exista discriminaci\u00f3n alguna.<\/p>\n","protected":false},"excerpt":{"rendered":"<p>El 10 de diciembre se celebra todos los a\u00f1os el D\u00eda de los Derechos Humanos, coincidiendo con el aniversario de la&nbsp;Declaraci\u00f3n Universal de Derechos Humanos, que se aprob\u00f3 en 1948. Fue dos a\u00f1os despu\u00e9s de la aprobaci\u00f3n, en 1950, cuando la Asamblea General proclam\u00f3 el 10 de diciembre como el D\u00eda de los Derechos Humanos.&hellip;<\/p>\n","protected":false},"author":1,"featured_media":7713,"comment_status":"closed","ping_status":"open","sticky":false,"template":"","format":"standard","meta":{"_jetpack_memberships_contains_paid_content":false,"footnotes":"","jetpack_publicize_message":"","jetpack_publicize_feature_enabled":true,"jetpack_social_post_already_shared":false,"jetpack_social_options":{"image_generator_settings":{"template":"highway","default_image_id":0,"font":"","enabled":false},"version":2}},"categories":[14],"tags":[],"class_list":["post-7714","post","type-post","status-publish","format-standard","has-post-thumbnail","hentry","category-un-dia-como-hoy"],"yoast_head":"<!-- This site is optimized with the Yoast SEO plugin v26.3 - https:\/\/yoast.com\/wordpress\/plugins\/seo\/ -->\r\n<title>10 de Diciembre, D\u00eda de los Derechos Humanos - Difusi\u00f3n Cultural<\/title>\r\n<meta name=\"robots\" content=\"index, follow, max-snippet:-1, max-image-preview:large, max-video-preview:-1\" \/>\r\n<link rel=\"canonical\" href=\"https:\/\/blogs.uninter.edu.mx\/difusioncultural\/?p=7714\" \/>\r\n<meta property=\"og:locale\" content=\"es_MX\" \/>\r\n<meta property=\"og:type\" content=\"article\" \/>\r\n<meta property=\"og:title\" content=\"10 de Diciembre, D\u00eda de los Derechos Humanos - Difusi\u00f3n Cultural\" \/>\r\n<meta property=\"og:description\" content=\"El 10 de diciembre se celebra todos los a\u00f1os el D\u00eda de los Derechos Humanos, coincidiendo con el aniversario de la&nbsp;Declaraci\u00f3n Universal de Derechos Humanos, que se aprob\u00f3 en 1948. Fue dos a\u00f1os despu\u00e9s de la aprobaci\u00f3n, en 1950, cuando la Asamblea General proclam\u00f3 el 10 de diciembre como el D\u00eda de los Derechos Humanos.&hellip;\" \/>\r\n<meta property=\"og:url\" content=\"https:\/\/blogs.uninter.edu.mx\/difusioncultural\/?p=7714\" \/>\r\n<meta property=\"og:site_name\" content=\"Difusi\u00f3n Cultural\" \/>\r\n<meta property=\"article:published_time\" content=\"2020-12-11T14:30:00+00:00\" \/>\r\n<meta property=\"og:image\" content=\"https:\/\/blogs.uninter.edu.mx\/difusioncultural\/wp-content\/uploads\/2020\/12\/img_6440.jpg\" \/>\r\n\t<meta property=\"og:image:width\" content=\"304\" \/>\r\n\t<meta property=\"og:image:height\" content=\"202\" \/>\r\n\t<meta property=\"og:image:type\" content=\"image\/jpeg\" \/>\r\n<meta name=\"author\" content=\"webmaster\" \/>\r\n<meta name=\"twitter:card\" content=\"summary_large_image\" \/>\r\n<meta name=\"twitter:label1\" content=\"Escrito por\" \/>\n\t<meta name=\"twitter:data1\" content=\"webmaster\" \/>\n\t<meta name=\"twitter:label2\" content=\"Tiempo de lectura\" \/>\n\t<meta name=\"twitter:data2\" content=\"1 minuto\" \/>\r\n<script type=\"application\/ld+json\" class=\"yoast-schema-graph\">{\"@context\":\"https:\/\/schema.org\",\"@graph\":[{\"@type\":\"Article\",\"@id\":\"https:\/\/blogs.uninter.edu.mx\/difusioncultural\/?p=7714#article\",\"isPartOf\":{\"@id\":\"https:\/\/blogs.uninter.edu.mx\/difusioncultural\/?p=7714\"},\"author\":{\"name\":\"webmaster\",\"@id\":\"https:\/\/blogs.uninter.edu.mx\/difusioncultural\/#\/schema\/person\/37a0926f4dd300a814993fd595abdc4a\"},\"headline\":\"10 de Diciembre, D\u00eda de los Derechos Humanos\",\"datePublished\":\"2020-12-11T14:30:00+00:00\",\"mainEntityOfPage\":{\"@id\":\"https:\/\/blogs.uninter.edu.mx\/difusioncultural\/?p=7714\"},\"wordCount\":115,\"publisher\":{\"@id\":\"https:\/\/blogs.uninter.edu.mx\/difusioncultural\/#organization\"},\"image\":{\"@id\":\"https:\/\/blogs.uninter.edu.mx\/difusioncultural\/?p=7714#primaryimage\"},\"thumbnailUrl\":\"https:\/\/blogs.uninter.edu.mx\/difusioncultural\/wp-content\/uploads\/2020\/12\/img_6440.jpg\",\"articleSection\":[\"un dia como hoy\"],\"inLanguage\":\"es\"},{\"@type\":\"WebPage\",\"@id\":\"https:\/\/blogs.uninter.edu.mx\/difusioncultural\/?p=7714\",\"url\":\"https:\/\/blogs.uninter.edu.mx\/difusioncultural\/?p=7714\",\"name\":\"10 de Diciembre, D\u00eda de los Derechos Humanos - Difusi\u00f3n Cultural\",\"isPartOf\":{\"@id\":\"https:\/\/blogs.uninter.edu.mx\/difusioncultural\/#website\"},\"primaryImageOfPage\":{\"@id\":\"https:\/\/blogs.uninter.edu.mx\/difusioncultural\/?p=7714#primaryimage\"},\"image\":{\"@id\":\"https:\/\/blogs.uninter.edu.mx\/difusioncultural\/?p=7714#primaryimage\"},\"thumbnailUrl\":\"https:\/\/blogs.uninter.edu.mx\/difusioncultural\/wp-content\/uploads\/2020\/12\/img_6440.jpg\",\"datePublished\":\"2020-12-11T14:30:00+00:00\",\"breadcrumb\":{\"@id\":\"https:\/\/blogs.uninter.edu.mx\/difusioncultural\/?p=7714#breadcrumb\"},\"inLanguage\":\"es\",\"potentialAction\":[{\"@type\":\"ReadAction\",\"target\":[\"https:\/\/blogs.uninter.edu.mx\/difusioncultural\/?p=7714\"]}]},{\"@type\":\"ImageObject\",\"inLanguage\":\"es\",\"@id\":\"https:\/\/blogs.uninter.edu.mx\/difusioncultural\/?p=7714#primaryimage\",\"url\":\"https:\/\/blogs.uninter.edu.mx\/difusioncultural\/wp-content\/uploads\/2020\/12\/img_6440.jpg\",\"contentUrl\":\"https:\/\/blogs.uninter.edu.mx\/difusioncultural\/wp-content\/uploads\/2020\/12\/img_6440.jpg\",\"width\":304,\"height\":202},{\"@type\":\"BreadcrumbList\",\"@id\":\"https:\/\/blogs.uninter.edu.mx\/difusioncultural\/?p=7714#breadcrumb\",\"itemListElement\":[{\"@type\":\"ListItem\",\"position\":1,\"name\":\"Inicio\",\"item\":\"https:\/\/blogs.uninter.edu.mx\/difusioncultural\/\"},{\"@type\":\"ListItem\",\"position\":2,\"name\":\"10 de Diciembre, D\u00eda de los Derechos Humanos\"}]},{\"@type\":\"WebSite\",\"@id\":\"https:\/\/blogs.uninter.edu.mx\/difusioncultural\/#website\",\"url\":\"https:\/\/blogs.uninter.edu.mx\/difusioncultural\/\",\"name\":\"Difusi\u00f3n Cultural\",\"description\":\"UNINTER\",\"publisher\":{\"@id\":\"https:\/\/blogs.uninter.edu.mx\/difusioncultural\/#organization\"},\"potentialAction\":[{\"@type\":\"SearchAction\",\"target\":{\"@type\":\"EntryPoint\",\"urlTemplate\":\"https:\/\/blogs.uninter.edu.mx\/difusioncultural\/?s={search_term_string}\"},\"query-input\":{\"@type\":\"PropertyValueSpecification\",\"valueRequired\":true,\"valueName\":\"search_term_string\"}}],\"inLanguage\":\"es\"},{\"@type\":\"Organization\",\"@id\":\"https:\/\/blogs.uninter.edu.mx\/difusioncultural\/#organization\",\"name\":\"Difusi\u00f3n Cultural\",\"url\":\"https:\/\/blogs.uninter.edu.mx\/difusioncultural\/\",\"logo\":{\"@type\":\"ImageObject\",\"inLanguage\":\"es\",\"@id\":\"https:\/\/blogs.uninter.edu.mx\/difusioncultural\/#\/schema\/logo\/image\/\",\"url\":\"https:\/\/blogs.uninter.edu.mx\/difusioncultural\/wp-content\/uploads\/2022\/09\/uninter.jpg\",\"contentUrl\":\"https:\/\/blogs.uninter.edu.mx\/difusioncultural\/wp-content\/uploads\/2022\/09\/uninter.jpg\",\"width\":2048,\"height\":2048,\"caption\":\"Difusi\u00f3n Cultural\"},\"image\":{\"@id\":\"https:\/\/blogs.uninter.edu.mx\/difusioncultural\/#\/schema\/logo\/image\/\"}},{\"@type\":\"Person\",\"@id\":\"https:\/\/blogs.uninter.edu.mx\/difusioncultural\/#\/schema\/person\/37a0926f4dd300a814993fd595abdc4a\",\"name\":\"webmaster\",\"image\":{\"@type\":\"ImageObject\",\"inLanguage\":\"es\",\"@id\":\"https:\/\/blogs.uninter.edu.mx\/difusioncultural\/#\/schema\/person\/image\/\",\"url\":\"https:\/\/secure.gravatar.com\/avatar\/a59c276b01147463ef3aab4118e3137ebc5e1ad6700deb39ccdf8b89e517f7dc?s=96&d=mm&r=g\",\"contentUrl\":\"https:\/\/secure.gravatar.com\/avatar\/a59c276b01147463ef3aab4118e3137ebc5e1ad6700deb39ccdf8b89e517f7dc?s=96&d=mm&r=g\",\"caption\":\"webmaster\"},\"sameAs\":[\"https:\/\/blogs.uninter.edu.mx\/difusioncultural\"],\"url\":\"https:\/\/blogs.uninter.edu.mx\/difusioncultural\/?author=1\"}]}<\/script>\r\n<!-- \/ Yoast SEO plugin. -->","yoast_head_json":{"title":"10 de Diciembre, D\u00eda de los Derechos Humanos - Difusi\u00f3n Cultural","robots":{"index":"index","follow":"follow","max-snippet":"max-snippet:-1","max-image-preview":"max-image-preview:large","max-video-preview":"max-video-preview:-1"},"canonical":"https:\/\/blogs.uninter.edu.mx\/difusioncultural\/?p=7714","og_locale":"es_MX","og_type":"article","og_title":"10 de Diciembre, D\u00eda de los Derechos Humanos - Difusi\u00f3n Cultural","og_description":"El 10 de diciembre se celebra todos los a\u00f1os el D\u00eda de los Derechos Humanos, coincidiendo con el aniversario de la&nbsp;Declaraci\u00f3n Universal de Derechos Humanos, que se aprob\u00f3 en 1948. Fue dos a\u00f1os despu\u00e9s de la aprobaci\u00f3n, en 1950, cuando la Asamblea General proclam\u00f3 el 10 de diciembre como el D\u00eda de los Derechos Humanos.&hellip;","og_url":"https:\/\/blogs.uninter.edu.mx\/difusioncultural\/?p=7714","og_site_name":"Difusi\u00f3n Cultural","article_published_time":"2020-12-11T14:30:00+00:00","og_image":[{"width":304,"height":202,"url":"https:\/\/blogs.uninter.edu.mx\/difusioncultural\/wp-content\/uploads\/2020\/12\/img_6440.jpg","type":"image\/jpeg"}],"author":"webmaster","twitter_card":"summary_large_image","twitter_misc":{"Escrito por":"webmaster","Tiempo de lectura":"1 minuto"},"schema":{"@context":"https:\/\/schema.org","@graph":[{"@type":"Article","@id":"https:\/\/blogs.uninter.edu.mx\/difusioncultural\/?p=7714#article","isPartOf":{"@id":"https:\/\/blogs.uninter.edu.mx\/difusioncultural\/?p=7714"},"author":{"name":"webmaster","@id":"https:\/\/blogs.uninter.edu.mx\/difusioncultural\/#\/schema\/person\/37a0926f4dd300a814993fd595abdc4a"},"headline":"10 de Diciembre, D\u00eda de los Derechos Humanos","datePublished":"2020-12-11T14:30:00+00:00","mainEntityOfPage":{"@id":"https:\/\/blogs.uninter.edu.mx\/difusioncultural\/?p=7714"},"wordCount":115,"publisher":{"@id":"https:\/\/blogs.uninter.edu.mx\/difusioncultural\/#organization"},"image":{"@id":"https:\/\/blogs.uninter.edu.mx\/difusioncultural\/?p=7714#primaryimage"},"thumbnailUrl":"https:\/\/blogs.uninter.edu.mx\/difusioncultural\/wp-content\/uploads\/2020\/12\/img_6440.jpg","articleSection":["un dia como hoy"],"inLanguage":"es"},{"@type":"WebPage","@id":"https:\/\/blogs.uninter.edu.mx\/difusioncultural\/?p=7714","url":"https:\/\/blogs.uninter.edu.mx\/difusioncultural\/?p=7714","name":"10 de Diciembre, D\u00eda de los Derechos Humanos - Difusi\u00f3n Cultural","isPartOf":{"@id":"https:\/\/blogs.uninter.edu.mx\/difusioncultural\/#website"},"primaryImageOfPage":{"@id":"https:\/\/blogs.uninter.edu.mx\/difusioncultural\/?p=7714#primaryimage"},"image":{"@id":"https:\/\/blogs.uninter.edu.mx\/difusioncultural\/?p=7714#primaryimage"},"thumbnailUrl":"https:\/\/blogs.uninter.edu.mx\/difusioncultural\/wp-content\/uploads\/2020\/12\/img_6440.jpg","datePublished":"2020-12-11T14:30:00+00:00","breadcrumb":{"@id":"https:\/\/blogs.uninter.edu.mx\/difusioncultural\/?p=7714#breadcrumb"},"inLanguage":"es","potentialAction":[{"@type":"ReadAction","target":["https:\/\/blogs.uninter.edu.mx\/difusioncultural\/?p=7714"]}]},{"@type":"ImageObject","inLanguage":"es","@id":"https:\/\/blogs.uninter.edu.mx\/difusioncultural\/?p=7714#primaryimage","url":"https:\/\/blogs.uninter.edu.mx\/difusioncultural\/wp-content\/uploads\/2020\/12\/img_6440.jpg","contentUrl":"https:\/\/blogs.uninter.edu.mx\/difusioncultural\/wp-content\/uploads\/2020\/12\/img_6440.jpg","width":304,"height":202},{"@type":"BreadcrumbList","@id":"https:\/\/blogs.uninter.edu.mx\/difusioncultural\/?p=7714#breadcrumb","itemListElement":[{"@type":"ListItem","position":1,"name":"Inicio","item":"https:\/\/blogs.uninter.edu.mx\/difusioncultural\/"},{"@type":"ListItem","position":2,"name":"10 de Diciembre, D\u00eda de los Derechos Humanos"}]},{"@type":"WebSite","@id":"https:\/\/blogs.uninter.edu.mx\/difusioncultural\/#website","url":"https:\/\/blogs.uninter.edu.mx\/difusioncultural\/","name":"Difusi\u00f3n Cultural","description":"UNINTER","publisher":{"@id":"https:\/\/blogs.uninter.edu.mx\/difusioncultural\/#organization"},"potentialAction":[{"@type":"SearchAction","target":{"@type":"EntryPoint","urlTemplate":"https:\/\/blogs.uninter.edu.mx\/difusioncultural\/?s={search_term_string}"},"query-input":{"@type":"PropertyValueSpecification","valueRequired":true,"valueName":"search_term_string"}}],"inLanguage":"es"},{"@type":"Organization","@id":"https:\/\/blogs.uninter.edu.mx\/difusioncultural\/#organization","name":"Difusi\u00f3n Cultural","url":"https:\/\/blogs.uninter.edu.mx\/difusioncultural\/","logo":{"@type":"ImageObject","inLanguage":"es","@id":"https:\/\/blogs.uninter.edu.mx\/difusioncultural\/#\/schema\/logo\/image\/","url":"https:\/\/blogs.uninter.edu.mx\/difusioncultural\/wp-content\/uploads\/2022\/09\/uninter.jpg","contentUrl":"https:\/\/blogs.uninter.edu.mx\/difusioncultural\/wp-content\/uploads\/2022\/09\/uninter.jpg","width":2048,"height":2048,"caption":"Difusi\u00f3n Cultural"},"image":{"@id":"https:\/\/blogs.uninter.edu.mx\/difusioncultural\/#\/schema\/logo\/image\/"}},{"@type":"Person","@id":"https:\/\/blogs.uninter.edu.mx\/difusioncultural\/#\/schema\/person\/37a0926f4dd300a814993fd595abdc4a","name":"webmaster","image":{"@type":"ImageObject","inLanguage":"es","@id":"https:\/\/blogs.uninter.edu.mx\/difusioncultural\/#\/schema\/person\/image\/","url":"https:\/\/secure.gravatar.com\/avatar\/a59c276b01147463ef3aab4118e3137ebc5e1ad6700deb39ccdf8b89e517f7dc?s=96&d=mm&r=g","contentUrl":"https:\/\/secure.gravatar.com\/avatar\/a59c276b01147463ef3aab4118e3137ebc5e1ad6700deb39ccdf8b89e517f7dc?s=96&d=mm&r=g","caption":"webmaster"},"sameAs":["https:\/\/blogs.uninter.edu.mx\/difusioncultural"],"url":"https:\/\/blogs.uninter.edu.mx\/difusioncultural\/?author=1"}]}},"jetpack_publicize_connections":[],"jetpack_featured_media_url":"https:\/\/blogs.uninter.edu.mx\/difusioncultural\/wp-content\/uploads\/2020\/12\/img_6440.jpg","jetpack_sharing_enabled":true,"_links":{"self":[{"href":"https:\/\/blogs.uninter.edu.mx\/difusioncultural\/index.php?rest_route=\/wp\/v2\/posts\/7714","targetHints":{"allow":["GET"]}}],"collection":[{"href":"https:\/\/blogs.uninter.edu.mx\/difusioncultural\/index.php?rest_route=\/wp\/v2\/posts"}],"about":[{"href":"https:\/\/blogs.uninter.edu.mx\/difusioncultural\/index.php?rest_route=\/wp\/v2\/types\/post"}],"author":[{"embeddable":true,"href":"https:\/\/blogs.uninter.edu.mx\/difusioncultural\/index.php?rest_route=\/wp\/v2\/users\/1"}],"replies":[{"embeddable":true,"href":"https:\/\/blogs.uninter.edu.mx\/difusioncultural\/index.php?rest_route=%2Fwp%2Fv2%2Fcomments&post=7714"}],"version-history":[{"count":0,"href":"https:\/\/blogs.uninter.edu.mx\/difusioncultural\/index.php?rest_route=\/wp\/v2\/posts\/7714\/revisions"}],"wp:featuredmedia":[{"embeddable":true,"href":"https:\/\/blogs.uninter.edu.mx\/difusioncultural\/index.php?rest_route=\/wp\/v2\/media\/7713"}],"wp:attachment":[{"href":"https:\/\/blogs.uninter.edu.mx\/difusioncultural\/index.php?rest_route=%2Fwp%2Fv2%2Fmedia&parent=7714"}],"wp:term":[{"taxonomy":"category","embeddable":true,"href":"https:\/\/blogs.uninter.edu.mx\/difusioncultural\/index.php?rest_route=%2Fwp%2Fv2%2Fcategories&post=7714"},{"taxonomy":"post_tag","embeddable":true,"href":"https:\/\/blogs.uninter.edu.mx\/difusioncultural\/index.php?rest_route=%2Fwp%2Fv2%2Ftags&post=7714"}],"curies":[{"name":"wp","href":"https:\/\/api.w.org\/{rel}","templated":true}]}}