{"id":7723,"date":"2020-12-15T20:15:08","date_gmt":"2020-12-16T02:15:08","guid":{"rendered":"https:\/\/difusionculturaluninter.wordpress.com\/?p=7723"},"modified":"2020-12-15T20:15:08","modified_gmt":"2020-12-16T02:15:08","slug":"palos-del-flamenco-aprende-que-son-cuales-y-como-diferenciarlos","status":"publish","type":"post","link":"https:\/\/blogs.uninter.edu.mx\/difusioncultural\/?p=7723","title":{"rendered":"Palos del flamenco: Aprende qu\u00e9 son, cu\u00e1les, y c\u00f3mo diferenciarlos"},"content":{"rendered":"\n<figure class=\"wp-block-image\"><img decoding=\"async\" src=\"https:\/\/blog.teatroscanal.com\/wp-content\/uploads\/2017\/04\/palos-del-flamenco-que-son-680x440.jpg\" alt=\"palos-del-flamenco-que-son\" \/><\/figure>\n\n\n\n<p>Los palos del flamenco son cada uno de los estilos de cante de este arte. Existen m\u00e1s de cincuenta y cada estudioso los agrupa de una forma distinta, ya sea por procedencia, seg\u00fan su m\u00e9trica, si van acompa\u00f1ados o no de guitarra o baile\u2026<\/p>\n\n\n\n<p><strong>Para entenderlos, es importante saber que cada uno de los palos del flamenco tiene una estructura, con una parte fija y con una parte variable (<a href=\"http:\/\/www.teatroscanal.com\/entradas\/flamenco-madrid\/\" target=\"_blank\" rel=\"noreferrer noopener\">porque en un tablao flamenco puede pasar de todo, y hay que dejar un espacio a la improvisaci\u00f3n<\/a>).<\/strong>&nbsp;Como todos los artistas de un cuadro flamenco conocen esta estructura, todos van \u201cal mismo comp\u00e1s\u201d (nunca mejor dicho).<a href=\"https:\/\/blog.teatroscanal.com\/wp-content\/uploads\/2017\/04\/Cafe_cantante-Sevilla-1885-Foto-EMILIO_BEAUCHY.jpg\"><\/a><\/p>\n\n\n\n<p id=\"caption-attachment-4385\">Un caf\u00e9 cantante en Sevilla, all\u00e1 por 1885.<\/p>\n\n\n\n<h2 class=\"wp-block-heading\">\u00bfCu\u00e1les son los palos del flamenco m\u00e1s comunes?<\/h2>\n\n\n\n<p>Hay tantos palos flamencos, y tan diversos, que es dif\u00edcil seleccionar solo unos pocos. Nos hemos decantado por los m\u00e1s bailados, aunque existen muchos que no van acompa\u00f1ados de baile.<\/p>\n\n\n\n<p><strong>Alegr\u00edas:<\/strong>&nbsp;Su propio nombre lo dice; este es un comp\u00e1s que indica fiesta y alborozo. Su comp\u00e1s es el mismo que el de la sole\u00e1, pero va m\u00e1s r\u00e1pido.<\/p>\n\n\n\n<p><strong>Buler\u00edas:<\/strong>&nbsp;No hay fiesta flamenca que no acabe por buler\u00edas. Es el cante y baile m\u00e1s flexible de los palos del flamenco, y parece ser que proviene de los gitanos de Jerez, en C\u00e1diz. El comp\u00e1s es (otra vez) el mismo que el de la sole\u00e1, \u00a1pero trepidante! Las buler\u00edas transmiten barullo, alboroto\u2026 En el caso de que sean buler\u00edas por sole\u00e1s, el ritmo es m\u00e1s lento.<\/p>\n\n\n\n<p><strong>Fandangos:<\/strong>&nbsp;De origen \u00e1rabe y portugu\u00e9s,&nbsp;<a href=\"http:\/\/www.teatroscanal.com\/espectaculo\/festival-de-fado-de-madrid-2017\/\" target=\"_blank\" rel=\"noreferrer noopener\">este comp\u00e1s nos recuerda al fado<\/a>&nbsp;y a la mezcla de culturas. Cada zona ha hecho suyo su propio estilo, y as\u00ed hoy tenemos los fandangos de Huelva, los fandangos de M\u00e1laga (o malague\u00f1as), etc.<\/p>\n\n\n\n<p><strong>Seguiriyas&nbsp;<\/strong>(o seguidillas, seg\u00fan con qui\u00e9n hables): Es un cante lleno de sentimiento, triste y doloroso, el que m\u00e1s nos recuerda al cante hondo. Su baile suele ser muy solemne, sin ornamentos, y muy emocionante.<\/p>\n\n\n\n<p><strong>Sevillanas:<\/strong>&nbsp;Es posiblemente el baile flamenco m\u00e1s extendido; se baila en toda Andaluc\u00eda y tiene la singularidad de que se danza en parejas.&nbsp;<em>\u2018\u00bfDu ll\u00fa anderstan?\u2019<\/em>&nbsp;es posiblemente la frase m\u00e1s escuchada en la Feria de Sevilla. A los extranjeros les encanta que les ense\u00f1en a bailar sevillanas, y hay quienes se lanzan ya incluso como profesores.<\/p>\n\n\n\n<figure class=\"wp-block-embed is-type-rich is-provider-youtube wp-block-embed-youtube wp-embed-aspect-16-9 wp-has-aspect-ratio\"><div class=\"wp-block-embed__wrapper\">\nhttps:\/\/youtube.com\/watch?v=aCJLEHX2dK0%3Frel%3D0\n<\/div><\/figure>\n\n\n\n<p><strong>Sole\u00e1s o soleares:<\/strong>&nbsp;Se discute si su nombre viene de soledad, o de solear, es decir, ponerse el sol. Tambi\u00e9n es un cante solemne, con sentimiento, y es uno de los pilares de los palos flamencos.<\/p>\n\n\n\n<p><strong>Tangos:<\/strong>&nbsp;Como las soleares, los tangos son uno de los palos del flamenco fundamentales. El baile por tangos es posiblemente el m\u00e1s antiguo, aunque despu\u00e9s este palo se haya independizado a solo cante. Aqu\u00ed es donde un flamenco puede demostrar toda su picard\u00eda, su gracia y su salero\u2026 \u00a1Como ya hicieron en C\u00e1diz con el tango de los famosos duros!<\/p>\n\n\n\n<figure class=\"wp-block-embed is-type-rich is-provider-youtube wp-block-embed-youtube wp-embed-aspect-16-9 wp-has-aspect-ratio\"><div class=\"wp-block-embed__wrapper\">\nhttps:\/\/youtube.com\/watch?v=I1GPiVQ_CM8%3Frel%3D0\n<\/div><\/figure>\n\n\n\n<p>Cuando el tango gitano se hace m\u00e1s lento, se vuelve m\u00e1s insinuante si cabe, y entonces toma el nombre de&nbsp;<strong>Tiento.<\/strong><\/p>\n\n\n\n<h2 class=\"wp-block-heading\">\u00bfC\u00f3mo diferenciar los palos del flamenco?<\/h2>\n\n\n\n<p>Ay, amigo, aqu\u00ed est\u00e1 el quid de la cuesti\u00f3n. La mayor\u00eda de los palos del flamenco se agrupan en familias, y eso quiere decir que muchos son pr\u00e1cticamente iguales\u2026 Solo que no lo son. Y casi siempre depende de d\u00f3nde se ponga el acento. \u00bfTe acuerdas del cole, cuando te dec\u00edan que no es lo mismo \u2018ej\u00e9rcito\u2019 que \u2018ejercit\u00f3\u2019?<\/p>\n\n\n\n<p><strong>Para empezar, hay que darse cuenta de la m\u00e9trica de la canci\u00f3n. \u00bfSon compases de 12 tiempos, de 4, de 3 o de 2? Ahora, f\u00edjate en el acento musical. Si el comp\u00e1s es de 12, \u00bfd\u00f3nde est\u00e1 el \u2018golpe\u2019?<\/strong>&nbsp;Seg\u00fan eso puede ser una buler\u00eda, una sole\u00e1, o incluso una buler\u00eda por soleares.<\/p>\n\n\n\n<figure class=\"wp-block-embed is-type-rich is-provider-youtube wp-block-embed-youtube wp-embed-aspect-16-9 wp-has-aspect-ratio\"><div class=\"wp-block-embed__wrapper\">\n<iframe title=\"BASE DE COMP\u00c1S  SOLE\u00c1 POR BULER\u00cdAS ENUMERADA\" width=\"700\" height=\"525\" src=\"https:\/\/www.youtube.com\/embed\/HJlYxpDML7k?feature=oembed\" frameborder=\"0\" allow=\"accelerometer; autoplay; clipboard-write; encrypted-media; gyroscope; picture-in-picture\" allowfullscreen><\/iframe>\n<\/div><\/figure>\n\n\n\n<p>Tambi\u00e9n se pueden diferenciar los palos del flamenco seg\u00fan sus letras y sus estrofas, como hacemos con una poes\u00eda.<\/p>\n\n\n\n<p>Por ejemplo, los&nbsp;<strong>romances<\/strong>&nbsp;tienen estrofas (que en el cante flamenco se llaman coplas) de tres o cuatro versos octos\u00edlabos. Las&nbsp;<strong>seguidillas<\/strong>&nbsp;son de tres o cuatro versos pero de cinco y siete s\u00edlabas, y siempre riman los versos cortos. Y en el caso de los&nbsp;<strong>fandangos<\/strong>, las coplas son de cinco versos, y riman por un lado los pares y por otro los impares.<\/p>\n\n\n\n<p><strong>Mucho nos tememos que para esto no queda otra que entrenar mucho el o\u00eddo, y poco a poco, irnos atreviendo tambi\u00e9n con las farrucas, las romeras, los caracoles, el garrot\u00edn, las serranas\u2026 \u00bfA qu\u00e9 esperas?<\/strong><\/p>\n","protected":false},"excerpt":{"rendered":"<p>Los palos del flamenco son cada uno de los estilos de cante de este arte. Existen m\u00e1s de cincuenta y cada estudioso los agrupa de una forma distinta, ya sea por procedencia, seg\u00fan su m\u00e9trica, si van acompa\u00f1ados o no de guitarra o baile\u2026 Para entenderlos, es importante saber que cada uno de los palos&hellip;<\/p>\n","protected":false},"author":1,"featured_media":7725,"comment_status":"closed","ping_status":"open","sticky":false,"template":"","format":"standard","meta":{"_jetpack_memberships_contains_paid_content":false,"footnotes":"","jetpack_publicize_message":"","jetpack_publicize_feature_enabled":true,"jetpack_social_post_already_shared":false,"jetpack_social_options":{"image_generator_settings":{"template":"highway","default_image_id":0,"font":"","enabled":false},"version":2}},"categories":[6],"tags":[],"class_list":["post-7723","post","type-post","status-publish","format-standard","has-post-thumbnail","hentry","category-compania-de-teatro"],"yoast_head":"<!-- This site is optimized with the Yoast SEO plugin v26.3 - https:\/\/yoast.com\/wordpress\/plugins\/seo\/ -->\r\n<title>Palos del flamenco: Aprende qu\u00e9 son, cu\u00e1les, y c\u00f3mo diferenciarlos - Difusi\u00f3n Cultural<\/title>\r\n<meta name=\"robots\" content=\"index, follow, max-snippet:-1, max-image-preview:large, max-video-preview:-1\" \/>\r\n<link rel=\"canonical\" href=\"https:\/\/blogs.uninter.edu.mx\/difusioncultural\/?p=7723\" \/>\r\n<meta property=\"og:locale\" content=\"es_MX\" \/>\r\n<meta property=\"og:type\" content=\"article\" \/>\r\n<meta property=\"og:title\" content=\"Palos del flamenco: Aprende qu\u00e9 son, cu\u00e1les, y c\u00f3mo diferenciarlos - Difusi\u00f3n Cultural\" \/>\r\n<meta property=\"og:description\" content=\"Los palos del flamenco son cada uno de los estilos de cante de este arte. Existen m\u00e1s de cincuenta y cada estudioso los agrupa de una forma distinta, ya sea por procedencia, seg\u00fan su m\u00e9trica, si van acompa\u00f1ados o no de guitarra o baile\u2026 Para entenderlos, es importante saber que cada uno de los palos&hellip;\" \/>\r\n<meta property=\"og:url\" content=\"https:\/\/blogs.uninter.edu.mx\/difusioncultural\/?p=7723\" \/>\r\n<meta property=\"og:site_name\" content=\"Difusi\u00f3n Cultural\" \/>\r\n<meta property=\"article:published_time\" content=\"2020-12-16T02:15:08+00:00\" \/>\r\n<meta property=\"og:image\" content=\"https:\/\/blogs.uninter.edu.mx\/difusioncultural\/wp-content\/uploads\/2020\/12\/flamenco.jpg\" \/>\r\n\t<meta property=\"og:image:width\" content=\"680\" \/>\r\n\t<meta property=\"og:image:height\" content=\"440\" \/>\r\n\t<meta property=\"og:image:type\" content=\"image\/jpeg\" \/>\r\n<meta name=\"author\" content=\"webmaster\" \/>\r\n<meta name=\"twitter:card\" content=\"summary_large_image\" \/>\r\n<meta name=\"twitter:label1\" content=\"Escrito por\" \/>\n\t<meta name=\"twitter:data1\" content=\"webmaster\" \/>\n\t<meta name=\"twitter:label2\" content=\"Tiempo de lectura\" \/>\n\t<meta name=\"twitter:data2\" content=\"4 minutos\" \/>\r\n<script type=\"application\/ld+json\" class=\"yoast-schema-graph\">{\"@context\":\"https:\/\/schema.org\",\"@graph\":[{\"@type\":\"Article\",\"@id\":\"https:\/\/blogs.uninter.edu.mx\/difusioncultural\/?p=7723#article\",\"isPartOf\":{\"@id\":\"https:\/\/blogs.uninter.edu.mx\/difusioncultural\/?p=7723\"},\"author\":{\"name\":\"webmaster\",\"@id\":\"https:\/\/blogs.uninter.edu.mx\/difusioncultural\/#\/schema\/person\/37a0926f4dd300a814993fd595abdc4a\"},\"headline\":\"Palos del flamenco: Aprende qu\u00e9 son, cu\u00e1les, y c\u00f3mo diferenciarlos\",\"datePublished\":\"2020-12-16T02:15:08+00:00\",\"mainEntityOfPage\":{\"@id\":\"https:\/\/blogs.uninter.edu.mx\/difusioncultural\/?p=7723\"},\"wordCount\":852,\"publisher\":{\"@id\":\"https:\/\/blogs.uninter.edu.mx\/difusioncultural\/#organization\"},\"image\":{\"@id\":\"https:\/\/blogs.uninter.edu.mx\/difusioncultural\/?p=7723#primaryimage\"},\"thumbnailUrl\":\"https:\/\/blogs.uninter.edu.mx\/difusioncultural\/wp-content\/uploads\/2020\/12\/flamenco.jpg\",\"articleSection\":[\"Compa\u00f1ia de Teatro\"],\"inLanguage\":\"es\"},{\"@type\":\"WebPage\",\"@id\":\"https:\/\/blogs.uninter.edu.mx\/difusioncultural\/?p=7723\",\"url\":\"https:\/\/blogs.uninter.edu.mx\/difusioncultural\/?p=7723\",\"name\":\"Palos del flamenco: Aprende qu\u00e9 son, cu\u00e1les, y c\u00f3mo diferenciarlos - Difusi\u00f3n Cultural\",\"isPartOf\":{\"@id\":\"https:\/\/blogs.uninter.edu.mx\/difusioncultural\/#website\"},\"primaryImageOfPage\":{\"@id\":\"https:\/\/blogs.uninter.edu.mx\/difusioncultural\/?p=7723#primaryimage\"},\"image\":{\"@id\":\"https:\/\/blogs.uninter.edu.mx\/difusioncultural\/?p=7723#primaryimage\"},\"thumbnailUrl\":\"https:\/\/blogs.uninter.edu.mx\/difusioncultural\/wp-content\/uploads\/2020\/12\/flamenco.jpg\",\"datePublished\":\"2020-12-16T02:15:08+00:00\",\"breadcrumb\":{\"@id\":\"https:\/\/blogs.uninter.edu.mx\/difusioncultural\/?p=7723#breadcrumb\"},\"inLanguage\":\"es\",\"potentialAction\":[{\"@type\":\"ReadAction\",\"target\":[\"https:\/\/blogs.uninter.edu.mx\/difusioncultural\/?p=7723\"]}]},{\"@type\":\"ImageObject\",\"inLanguage\":\"es\",\"@id\":\"https:\/\/blogs.uninter.edu.mx\/difusioncultural\/?p=7723#primaryimage\",\"url\":\"https:\/\/blogs.uninter.edu.mx\/difusioncultural\/wp-content\/uploads\/2020\/12\/flamenco.jpg\",\"contentUrl\":\"https:\/\/blogs.uninter.edu.mx\/difusioncultural\/wp-content\/uploads\/2020\/12\/flamenco.jpg\",\"width\":680,\"height\":440},{\"@type\":\"BreadcrumbList\",\"@id\":\"https:\/\/blogs.uninter.edu.mx\/difusioncultural\/?p=7723#breadcrumb\",\"itemListElement\":[{\"@type\":\"ListItem\",\"position\":1,\"name\":\"Inicio\",\"item\":\"https:\/\/blogs.uninter.edu.mx\/difusioncultural\/\"},{\"@type\":\"ListItem\",\"position\":2,\"name\":\"Palos del flamenco: Aprende qu\u00e9 son, cu\u00e1les, y c\u00f3mo diferenciarlos\"}]},{\"@type\":\"WebSite\",\"@id\":\"https:\/\/blogs.uninter.edu.mx\/difusioncultural\/#website\",\"url\":\"https:\/\/blogs.uninter.edu.mx\/difusioncultural\/\",\"name\":\"Difusi\u00f3n Cultural\",\"description\":\"UNINTER\",\"publisher\":{\"@id\":\"https:\/\/blogs.uninter.edu.mx\/difusioncultural\/#organization\"},\"potentialAction\":[{\"@type\":\"SearchAction\",\"target\":{\"@type\":\"EntryPoint\",\"urlTemplate\":\"https:\/\/blogs.uninter.edu.mx\/difusioncultural\/?s={search_term_string}\"},\"query-input\":{\"@type\":\"PropertyValueSpecification\",\"valueRequired\":true,\"valueName\":\"search_term_string\"}}],\"inLanguage\":\"es\"},{\"@type\":\"Organization\",\"@id\":\"https:\/\/blogs.uninter.edu.mx\/difusioncultural\/#organization\",\"name\":\"Difusi\u00f3n Cultural\",\"url\":\"https:\/\/blogs.uninter.edu.mx\/difusioncultural\/\",\"logo\":{\"@type\":\"ImageObject\",\"inLanguage\":\"es\",\"@id\":\"https:\/\/blogs.uninter.edu.mx\/difusioncultural\/#\/schema\/logo\/image\/\",\"url\":\"https:\/\/blogs.uninter.edu.mx\/difusioncultural\/wp-content\/uploads\/2022\/09\/uninter.jpg\",\"contentUrl\":\"https:\/\/blogs.uninter.edu.mx\/difusioncultural\/wp-content\/uploads\/2022\/09\/uninter.jpg\",\"width\":2048,\"height\":2048,\"caption\":\"Difusi\u00f3n Cultural\"},\"image\":{\"@id\":\"https:\/\/blogs.uninter.edu.mx\/difusioncultural\/#\/schema\/logo\/image\/\"}},{\"@type\":\"Person\",\"@id\":\"https:\/\/blogs.uninter.edu.mx\/difusioncultural\/#\/schema\/person\/37a0926f4dd300a814993fd595abdc4a\",\"name\":\"webmaster\",\"image\":{\"@type\":\"ImageObject\",\"inLanguage\":\"es\",\"@id\":\"https:\/\/blogs.uninter.edu.mx\/difusioncultural\/#\/schema\/person\/image\/\",\"url\":\"https:\/\/secure.gravatar.com\/avatar\/a59c276b01147463ef3aab4118e3137ebc5e1ad6700deb39ccdf8b89e517f7dc?s=96&d=mm&r=g\",\"contentUrl\":\"https:\/\/secure.gravatar.com\/avatar\/a59c276b01147463ef3aab4118e3137ebc5e1ad6700deb39ccdf8b89e517f7dc?s=96&d=mm&r=g\",\"caption\":\"webmaster\"},\"sameAs\":[\"https:\/\/blogs.uninter.edu.mx\/difusioncultural\"],\"url\":\"https:\/\/blogs.uninter.edu.mx\/difusioncultural\/?author=1\"}]}<\/script>\r\n<!-- \/ Yoast SEO plugin. -->","yoast_head_json":{"title":"Palos del flamenco: Aprende qu\u00e9 son, cu\u00e1les, y c\u00f3mo diferenciarlos - Difusi\u00f3n Cultural","robots":{"index":"index","follow":"follow","max-snippet":"max-snippet:-1","max-image-preview":"max-image-preview:large","max-video-preview":"max-video-preview:-1"},"canonical":"https:\/\/blogs.uninter.edu.mx\/difusioncultural\/?p=7723","og_locale":"es_MX","og_type":"article","og_title":"Palos del flamenco: Aprende qu\u00e9 son, cu\u00e1les, y c\u00f3mo diferenciarlos - Difusi\u00f3n Cultural","og_description":"Los palos del flamenco son cada uno de los estilos de cante de este arte. Existen m\u00e1s de cincuenta y cada estudioso los agrupa de una forma distinta, ya sea por procedencia, seg\u00fan su m\u00e9trica, si van acompa\u00f1ados o no de guitarra o baile\u2026 Para entenderlos, es importante saber que cada uno de los palos&hellip;","og_url":"https:\/\/blogs.uninter.edu.mx\/difusioncultural\/?p=7723","og_site_name":"Difusi\u00f3n Cultural","article_published_time":"2020-12-16T02:15:08+00:00","og_image":[{"width":680,"height":440,"url":"https:\/\/blogs.uninter.edu.mx\/difusioncultural\/wp-content\/uploads\/2020\/12\/flamenco.jpg","type":"image\/jpeg"}],"author":"webmaster","twitter_card":"summary_large_image","twitter_misc":{"Escrito por":"webmaster","Tiempo de lectura":"4 minutos"},"schema":{"@context":"https:\/\/schema.org","@graph":[{"@type":"Article","@id":"https:\/\/blogs.uninter.edu.mx\/difusioncultural\/?p=7723#article","isPartOf":{"@id":"https:\/\/blogs.uninter.edu.mx\/difusioncultural\/?p=7723"},"author":{"name":"webmaster","@id":"https:\/\/blogs.uninter.edu.mx\/difusioncultural\/#\/schema\/person\/37a0926f4dd300a814993fd595abdc4a"},"headline":"Palos del flamenco: Aprende qu\u00e9 son, cu\u00e1les, y c\u00f3mo diferenciarlos","datePublished":"2020-12-16T02:15:08+00:00","mainEntityOfPage":{"@id":"https:\/\/blogs.uninter.edu.mx\/difusioncultural\/?p=7723"},"wordCount":852,"publisher":{"@id":"https:\/\/blogs.uninter.edu.mx\/difusioncultural\/#organization"},"image":{"@id":"https:\/\/blogs.uninter.edu.mx\/difusioncultural\/?p=7723#primaryimage"},"thumbnailUrl":"https:\/\/blogs.uninter.edu.mx\/difusioncultural\/wp-content\/uploads\/2020\/12\/flamenco.jpg","articleSection":["Compa\u00f1ia de Teatro"],"inLanguage":"es"},{"@type":"WebPage","@id":"https:\/\/blogs.uninter.edu.mx\/difusioncultural\/?p=7723","url":"https:\/\/blogs.uninter.edu.mx\/difusioncultural\/?p=7723","name":"Palos del flamenco: Aprende qu\u00e9 son, cu\u00e1les, y c\u00f3mo diferenciarlos - Difusi\u00f3n Cultural","isPartOf":{"@id":"https:\/\/blogs.uninter.edu.mx\/difusioncultural\/#website"},"primaryImageOfPage":{"@id":"https:\/\/blogs.uninter.edu.mx\/difusioncultural\/?p=7723#primaryimage"},"image":{"@id":"https:\/\/blogs.uninter.edu.mx\/difusioncultural\/?p=7723#primaryimage"},"thumbnailUrl":"https:\/\/blogs.uninter.edu.mx\/difusioncultural\/wp-content\/uploads\/2020\/12\/flamenco.jpg","datePublished":"2020-12-16T02:15:08+00:00","breadcrumb":{"@id":"https:\/\/blogs.uninter.edu.mx\/difusioncultural\/?p=7723#breadcrumb"},"inLanguage":"es","potentialAction":[{"@type":"ReadAction","target":["https:\/\/blogs.uninter.edu.mx\/difusioncultural\/?p=7723"]}]},{"@type":"ImageObject","inLanguage":"es","@id":"https:\/\/blogs.uninter.edu.mx\/difusioncultural\/?p=7723#primaryimage","url":"https:\/\/blogs.uninter.edu.mx\/difusioncultural\/wp-content\/uploads\/2020\/12\/flamenco.jpg","contentUrl":"https:\/\/blogs.uninter.edu.mx\/difusioncultural\/wp-content\/uploads\/2020\/12\/flamenco.jpg","width":680,"height":440},{"@type":"BreadcrumbList","@id":"https:\/\/blogs.uninter.edu.mx\/difusioncultural\/?p=7723#breadcrumb","itemListElement":[{"@type":"ListItem","position":1,"name":"Inicio","item":"https:\/\/blogs.uninter.edu.mx\/difusioncultural\/"},{"@type":"ListItem","position":2,"name":"Palos del flamenco: Aprende qu\u00e9 son, cu\u00e1les, y c\u00f3mo diferenciarlos"}]},{"@type":"WebSite","@id":"https:\/\/blogs.uninter.edu.mx\/difusioncultural\/#website","url":"https:\/\/blogs.uninter.edu.mx\/difusioncultural\/","name":"Difusi\u00f3n Cultural","description":"UNINTER","publisher":{"@id":"https:\/\/blogs.uninter.edu.mx\/difusioncultural\/#organization"},"potentialAction":[{"@type":"SearchAction","target":{"@type":"EntryPoint","urlTemplate":"https:\/\/blogs.uninter.edu.mx\/difusioncultural\/?s={search_term_string}"},"query-input":{"@type":"PropertyValueSpecification","valueRequired":true,"valueName":"search_term_string"}}],"inLanguage":"es"},{"@type":"Organization","@id":"https:\/\/blogs.uninter.edu.mx\/difusioncultural\/#organization","name":"Difusi\u00f3n Cultural","url":"https:\/\/blogs.uninter.edu.mx\/difusioncultural\/","logo":{"@type":"ImageObject","inLanguage":"es","@id":"https:\/\/blogs.uninter.edu.mx\/difusioncultural\/#\/schema\/logo\/image\/","url":"https:\/\/blogs.uninter.edu.mx\/difusioncultural\/wp-content\/uploads\/2022\/09\/uninter.jpg","contentUrl":"https:\/\/blogs.uninter.edu.mx\/difusioncultural\/wp-content\/uploads\/2022\/09\/uninter.jpg","width":2048,"height":2048,"caption":"Difusi\u00f3n Cultural"},"image":{"@id":"https:\/\/blogs.uninter.edu.mx\/difusioncultural\/#\/schema\/logo\/image\/"}},{"@type":"Person","@id":"https:\/\/blogs.uninter.edu.mx\/difusioncultural\/#\/schema\/person\/37a0926f4dd300a814993fd595abdc4a","name":"webmaster","image":{"@type":"ImageObject","inLanguage":"es","@id":"https:\/\/blogs.uninter.edu.mx\/difusioncultural\/#\/schema\/person\/image\/","url":"https:\/\/secure.gravatar.com\/avatar\/a59c276b01147463ef3aab4118e3137ebc5e1ad6700deb39ccdf8b89e517f7dc?s=96&d=mm&r=g","contentUrl":"https:\/\/secure.gravatar.com\/avatar\/a59c276b01147463ef3aab4118e3137ebc5e1ad6700deb39ccdf8b89e517f7dc?s=96&d=mm&r=g","caption":"webmaster"},"sameAs":["https:\/\/blogs.uninter.edu.mx\/difusioncultural"],"url":"https:\/\/blogs.uninter.edu.mx\/difusioncultural\/?author=1"}]}},"jetpack_publicize_connections":[],"jetpack_featured_media_url":"https:\/\/blogs.uninter.edu.mx\/difusioncultural\/wp-content\/uploads\/2020\/12\/flamenco.jpg","jetpack_sharing_enabled":true,"_links":{"self":[{"href":"https:\/\/blogs.uninter.edu.mx\/difusioncultural\/index.php?rest_route=\/wp\/v2\/posts\/7723","targetHints":{"allow":["GET"]}}],"collection":[{"href":"https:\/\/blogs.uninter.edu.mx\/difusioncultural\/index.php?rest_route=\/wp\/v2\/posts"}],"about":[{"href":"https:\/\/blogs.uninter.edu.mx\/difusioncultural\/index.php?rest_route=\/wp\/v2\/types\/post"}],"author":[{"embeddable":true,"href":"https:\/\/blogs.uninter.edu.mx\/difusioncultural\/index.php?rest_route=\/wp\/v2\/users\/1"}],"replies":[{"embeddable":true,"href":"https:\/\/blogs.uninter.edu.mx\/difusioncultural\/index.php?rest_route=%2Fwp%2Fv2%2Fcomments&post=7723"}],"version-history":[{"count":0,"href":"https:\/\/blogs.uninter.edu.mx\/difusioncultural\/index.php?rest_route=\/wp\/v2\/posts\/7723\/revisions"}],"wp:featuredmedia":[{"embeddable":true,"href":"https:\/\/blogs.uninter.edu.mx\/difusioncultural\/index.php?rest_route=\/wp\/v2\/media\/7725"}],"wp:attachment":[{"href":"https:\/\/blogs.uninter.edu.mx\/difusioncultural\/index.php?rest_route=%2Fwp%2Fv2%2Fmedia&parent=7723"}],"wp:term":[{"taxonomy":"category","embeddable":true,"href":"https:\/\/blogs.uninter.edu.mx\/difusioncultural\/index.php?rest_route=%2Fwp%2Fv2%2Fcategories&post=7723"},{"taxonomy":"post_tag","embeddable":true,"href":"https:\/\/blogs.uninter.edu.mx\/difusioncultural\/index.php?rest_route=%2Fwp%2Fv2%2Ftags&post=7723"}],"curies":[{"name":"wp","href":"https:\/\/api.w.org\/{rel}","templated":true}]}}