{"id":7727,"date":"2020-12-15T20:21:00","date_gmt":"2020-12-16T02:21:00","guid":{"rendered":"https:\/\/difusionculturaluninter.wordpress.com\/?p=7727"},"modified":"2020-12-15T20:21:00","modified_gmt":"2020-12-16T02:21:00","slug":"15-de-diciembre-nace-el-emperador-romano-neron","status":"publish","type":"post","link":"https:\/\/blogs.uninter.edu.mx\/difusioncultural\/?p=7727","title":{"rendered":"15 de diciembre: Nace el emperador romano Ner\u00f3n"},"content":{"rendered":"\n<p>Ner\u00f3n Claudio C\u00e9sar Augusto Germ\u00e1nico (en lat\u00edn: Nero Claudius C\u00e6sar Augustus Germanicus, 15 de diciembre de 37-9 de junio de 68)n. fue emperador del Imperio romano entre el 13 de octubre de 54 y el 9 de junio de 68, \u00faltimo emperador de la dinast\u00eda Julio-Claudia. Nacido del matrimonio entre Cneo Domicio Ahenobarbo y Agripinila, accedi\u00f3 al trono tras la muerte de su t\u00edo Claudio, quien anteriormente lo hab\u00eda adoptado y nombrado como sucesor en detrimento de su propio hijo, Brit\u00e1nico.<br><br>Durante su reinado centr\u00f3 la mayor parte de su atenci\u00f3n en la diplomacia y el comercio, e intent\u00f3 aumentar el capital cultural del Imperio mediante la construcci\u00f3n de diversos teatros y la promoci\u00f3n de competiciones y pruebas atl\u00e9ticas. Diplom\u00e1tica y militarmente su reinado est\u00e1 caracterizado por el \u00e9xito contra el Imperio Parto, la represi\u00f3n de la revuelta de los brit\u00e1nicos (60\u201361) y una mejora de las relaciones con Grecia. En el a\u00f1o 68 tuvo lugar un golpe de Estado en el que estuvieron involucrados varios gobernadores, tras el cual, aparentemente, lo forzaron a suicidarse.<br><br>El reinado de Ner\u00f3n se asocia com\u00fanmente a la tiran\u00eda y la extravagancia. Se lo recuerda por una serie de ejecuciones sistem\u00e1ticas, incluyendo la de su propia madre y la de su hermanastro Brit\u00e1nico, y sobre todo por la creencia generalizada de que mientras Roma ard\u00eda \u00e9l estaba componiendo con su lira, adem\u00e1s de como un implacable perseguidor de los cristianos. Estas opiniones se basan fundamentalmente en los escritos de los historiadores T\u00e1cito, Suetonio y Dion Casio. Pocas de las fuentes antiguas que han sobrevivido lo describen de manera favorable, aunque s\u00ed hay algunas que relatan su enorme popularidad entre el pueblo romano, sobre todo en Oriente.<br><br>La verosimilitud de los documentos que relatan los tir\u00e1nicos actos de Ner\u00f3n es motivo de controversia en la actualidad. Separar la realidad de la ficci\u00f3n, en relaci\u00f3n con los escritos cl\u00e1sicos, puede resultar imposible.<br><br>Nerone (t\u00edtulo original en italiano; en espa\u00f1ol, Ner\u00f3n) es una \u00f3pera en cuatro actos, con m\u00fasica y libreto en italiano de Arrigo Boito. La obra es una serie de escenas de la Roma imperial en la \u00e9poca del emperdor Ner\u00f3n y representa las tensiones entre la religi\u00f3n imperial y el Cristianismo, y acaba con el Gran incendio de Roma. Boito falleci\u00f3 en 1918 antes de terminar la obra.<br><br>Se estren\u00f3 p\u00f3stumamente en el Teatro de La Scala el 1 de mayo de 1924, dirigida por Arturo Toscanini en una versi\u00f3n de la partitura completada por Toscanini, Vincenzo Tommasini y Antonio Smareglia. El papel de Ner\u00f3n fue estrenado por Aureliano Pertile, el de Asteria, una joven muchacha dividida entre su amor por Ner\u00f3n y sus simpat\u00edas cristianas, por Rosa Raisa.<br><br>La \u00f3pera fue muy bien recibida en su estreno, y en el Teatro de \u00d3pera de Roma recientemente reconstruido, inaugur\u00f3 su primera temporada con Nerone en 1928. Sin embargo, se ha representado rara vez desde entonces, incluso en Italia. No se estren\u00f3 en los Estados Unidos hasta el 12 de abril de 1982, cuando se interpret\u00f3 en versi\u00f3n de concierto por la Orquesta de \u00d3pera de Nueva York en el Carnegie Hall. En las estad\u00edsticas de Operabase aparece con s\u00f3lo una representaci\u00f3n en el per\u00edodo 2005-2010.<\/p>\n\n\n\n<figure class=\"wp-block-image size-large is-resized\"><a href=\"https:\/\/difusionculturaluninter.files.wordpress.com\/2020\/12\/image.jpeg\"><img fetchpriority=\"high\" decoding=\"async\" src=\"https:\/\/difusionculturaluninter.files.wordpress.com\/2020\/12\/image.jpeg?w=194\" alt=\"Ner\u00f3n - Wikipedia, la enciclopedia libre\" class=\"wp-image-7730\" width=\"238\" height=\"318\" \/><\/a><\/figure>\n\n\n\n<p><\/p>\n","protected":false},"excerpt":{"rendered":"<p>Ner\u00f3n Claudio C\u00e9sar Augusto Germ\u00e1nico (en lat\u00edn: Nero Claudius C\u00e6sar Augustus Germanicus, 15 de diciembre de 37-9 de junio de 68)n. fue emperador del Imperio romano entre el 13 de octubre de 54 y el 9 de junio de 68, \u00faltimo emperador de la dinast\u00eda Julio-Claudia. Nacido del matrimonio entre Cneo Domicio Ahenobarbo y Agripinila,&hellip;<\/p>\n","protected":false},"author":1,"featured_media":7730,"comment_status":"closed","ping_status":"open","sticky":false,"template":"","format":"standard","meta":{"_jetpack_memberships_contains_paid_content":false,"footnotes":"","jetpack_publicize_message":"","jetpack_publicize_feature_enabled":true,"jetpack_social_post_already_shared":false,"jetpack_social_options":{"image_generator_settings":{"template":"highway","default_image_id":0,"font":"","enabled":false},"version":2}},"categories":[1],"tags":[],"class_list":["post-7727","post","type-post","status-publish","format-standard","has-post-thumbnail","hentry","category-sin-categoria"],"yoast_head":"<!-- This site is optimized with the Yoast SEO plugin v26.3 - https:\/\/yoast.com\/wordpress\/plugins\/seo\/ -->\r\n<title>15 de diciembre: Nace el emperador romano Ner\u00f3n - Difusi\u00f3n Cultural<\/title>\r\n<meta name=\"robots\" content=\"index, follow, max-snippet:-1, max-image-preview:large, max-video-preview:-1\" \/>\r\n<link rel=\"canonical\" href=\"https:\/\/blogs.uninter.edu.mx\/difusioncultural\/?p=7727\" \/>\r\n<meta property=\"og:locale\" content=\"es_MX\" \/>\r\n<meta property=\"og:type\" content=\"article\" \/>\r\n<meta property=\"og:title\" content=\"15 de diciembre: Nace el emperador romano Ner\u00f3n - Difusi\u00f3n Cultural\" \/>\r\n<meta property=\"og:description\" content=\"Ner\u00f3n Claudio C\u00e9sar Augusto Germ\u00e1nico (en lat\u00edn: Nero Claudius C\u00e6sar Augustus Germanicus, 15 de diciembre de 37-9 de junio de 68)n. fue emperador del Imperio romano entre el 13 de octubre de 54 y el 9 de junio de 68, \u00faltimo emperador de la dinast\u00eda Julio-Claudia. Nacido del matrimonio entre Cneo Domicio Ahenobarbo y Agripinila,&hellip;\" \/>\r\n<meta property=\"og:url\" content=\"https:\/\/blogs.uninter.edu.mx\/difusioncultural\/?p=7727\" \/>\r\n<meta property=\"og:site_name\" content=\"Difusi\u00f3n Cultural\" \/>\r\n<meta property=\"article:published_time\" content=\"2020-12-16T02:21:00+00:00\" \/>\r\n<meta property=\"og:image\" content=\"https:\/\/blogs.uninter.edu.mx\/difusioncultural\/wp-content\/uploads\/2020\/12\/image.jpeg\" \/>\r\n\t<meta property=\"og:image:width\" content=\"194\" \/>\r\n\t<meta property=\"og:image:height\" content=\"259\" \/>\r\n\t<meta property=\"og:image:type\" content=\"image\/jpeg\" \/>\r\n<meta name=\"author\" content=\"webmaster\" \/>\r\n<meta name=\"twitter:card\" content=\"summary_large_image\" \/>\r\n<meta name=\"twitter:label1\" content=\"Escrito por\" \/>\n\t<meta name=\"twitter:data1\" content=\"webmaster\" \/>\n\t<meta name=\"twitter:label2\" content=\"Tiempo de lectura\" \/>\n\t<meta name=\"twitter:data2\" content=\"3 minutos\" \/>\r\n<script type=\"application\/ld+json\" class=\"yoast-schema-graph\">{\"@context\":\"https:\/\/schema.org\",\"@graph\":[{\"@type\":\"Article\",\"@id\":\"https:\/\/blogs.uninter.edu.mx\/difusioncultural\/?p=7727#article\",\"isPartOf\":{\"@id\":\"https:\/\/blogs.uninter.edu.mx\/difusioncultural\/?p=7727\"},\"author\":{\"name\":\"webmaster\",\"@id\":\"https:\/\/blogs.uninter.edu.mx\/difusioncultural\/#\/schema\/person\/37a0926f4dd300a814993fd595abdc4a\"},\"headline\":\"15 de diciembre: Nace el emperador romano Ner\u00f3n\",\"datePublished\":\"2020-12-16T02:21:00+00:00\",\"mainEntityOfPage\":{\"@id\":\"https:\/\/blogs.uninter.edu.mx\/difusioncultural\/?p=7727\"},\"wordCount\":572,\"publisher\":{\"@id\":\"https:\/\/blogs.uninter.edu.mx\/difusioncultural\/#organization\"},\"image\":{\"@id\":\"https:\/\/blogs.uninter.edu.mx\/difusioncultural\/?p=7727#primaryimage\"},\"thumbnailUrl\":\"https:\/\/blogs.uninter.edu.mx\/difusioncultural\/wp-content\/uploads\/2020\/12\/image.jpeg\",\"inLanguage\":\"es\"},{\"@type\":\"WebPage\",\"@id\":\"https:\/\/blogs.uninter.edu.mx\/difusioncultural\/?p=7727\",\"url\":\"https:\/\/blogs.uninter.edu.mx\/difusioncultural\/?p=7727\",\"name\":\"15 de diciembre: Nace el emperador romano Ner\u00f3n - Difusi\u00f3n Cultural\",\"isPartOf\":{\"@id\":\"https:\/\/blogs.uninter.edu.mx\/difusioncultural\/#website\"},\"primaryImageOfPage\":{\"@id\":\"https:\/\/blogs.uninter.edu.mx\/difusioncultural\/?p=7727#primaryimage\"},\"image\":{\"@id\":\"https:\/\/blogs.uninter.edu.mx\/difusioncultural\/?p=7727#primaryimage\"},\"thumbnailUrl\":\"https:\/\/blogs.uninter.edu.mx\/difusioncultural\/wp-content\/uploads\/2020\/12\/image.jpeg\",\"datePublished\":\"2020-12-16T02:21:00+00:00\",\"breadcrumb\":{\"@id\":\"https:\/\/blogs.uninter.edu.mx\/difusioncultural\/?p=7727#breadcrumb\"},\"inLanguage\":\"es\",\"potentialAction\":[{\"@type\":\"ReadAction\",\"target\":[\"https:\/\/blogs.uninter.edu.mx\/difusioncultural\/?p=7727\"]}]},{\"@type\":\"ImageObject\",\"inLanguage\":\"es\",\"@id\":\"https:\/\/blogs.uninter.edu.mx\/difusioncultural\/?p=7727#primaryimage\",\"url\":\"https:\/\/blogs.uninter.edu.mx\/difusioncultural\/wp-content\/uploads\/2020\/12\/image.jpeg\",\"contentUrl\":\"https:\/\/blogs.uninter.edu.mx\/difusioncultural\/wp-content\/uploads\/2020\/12\/image.jpeg\",\"width\":194,\"height\":259},{\"@type\":\"BreadcrumbList\",\"@id\":\"https:\/\/blogs.uninter.edu.mx\/difusioncultural\/?p=7727#breadcrumb\",\"itemListElement\":[{\"@type\":\"ListItem\",\"position\":1,\"name\":\"Inicio\",\"item\":\"https:\/\/blogs.uninter.edu.mx\/difusioncultural\/\"},{\"@type\":\"ListItem\",\"position\":2,\"name\":\"15 de diciembre: Nace el emperador romano Ner\u00f3n\"}]},{\"@type\":\"WebSite\",\"@id\":\"https:\/\/blogs.uninter.edu.mx\/difusioncultural\/#website\",\"url\":\"https:\/\/blogs.uninter.edu.mx\/difusioncultural\/\",\"name\":\"Difusi\u00f3n Cultural\",\"description\":\"UNINTER\",\"publisher\":{\"@id\":\"https:\/\/blogs.uninter.edu.mx\/difusioncultural\/#organization\"},\"potentialAction\":[{\"@type\":\"SearchAction\",\"target\":{\"@type\":\"EntryPoint\",\"urlTemplate\":\"https:\/\/blogs.uninter.edu.mx\/difusioncultural\/?s={search_term_string}\"},\"query-input\":{\"@type\":\"PropertyValueSpecification\",\"valueRequired\":true,\"valueName\":\"search_term_string\"}}],\"inLanguage\":\"es\"},{\"@type\":\"Organization\",\"@id\":\"https:\/\/blogs.uninter.edu.mx\/difusioncultural\/#organization\",\"name\":\"Difusi\u00f3n Cultural\",\"url\":\"https:\/\/blogs.uninter.edu.mx\/difusioncultural\/\",\"logo\":{\"@type\":\"ImageObject\",\"inLanguage\":\"es\",\"@id\":\"https:\/\/blogs.uninter.edu.mx\/difusioncultural\/#\/schema\/logo\/image\/\",\"url\":\"https:\/\/blogs.uninter.edu.mx\/difusioncultural\/wp-content\/uploads\/2022\/09\/uninter.jpg\",\"contentUrl\":\"https:\/\/blogs.uninter.edu.mx\/difusioncultural\/wp-content\/uploads\/2022\/09\/uninter.jpg\",\"width\":2048,\"height\":2048,\"caption\":\"Difusi\u00f3n Cultural\"},\"image\":{\"@id\":\"https:\/\/blogs.uninter.edu.mx\/difusioncultural\/#\/schema\/logo\/image\/\"}},{\"@type\":\"Person\",\"@id\":\"https:\/\/blogs.uninter.edu.mx\/difusioncultural\/#\/schema\/person\/37a0926f4dd300a814993fd595abdc4a\",\"name\":\"webmaster\",\"image\":{\"@type\":\"ImageObject\",\"inLanguage\":\"es\",\"@id\":\"https:\/\/blogs.uninter.edu.mx\/difusioncultural\/#\/schema\/person\/image\/\",\"url\":\"https:\/\/secure.gravatar.com\/avatar\/a59c276b01147463ef3aab4118e3137ebc5e1ad6700deb39ccdf8b89e517f7dc?s=96&d=mm&r=g\",\"contentUrl\":\"https:\/\/secure.gravatar.com\/avatar\/a59c276b01147463ef3aab4118e3137ebc5e1ad6700deb39ccdf8b89e517f7dc?s=96&d=mm&r=g\",\"caption\":\"webmaster\"},\"sameAs\":[\"https:\/\/blogs.uninter.edu.mx\/difusioncultural\"],\"url\":\"https:\/\/blogs.uninter.edu.mx\/difusioncultural\/?author=1\"}]}<\/script>\r\n<!-- \/ Yoast SEO plugin. -->","yoast_head_json":{"title":"15 de diciembre: Nace el emperador romano Ner\u00f3n - Difusi\u00f3n Cultural","robots":{"index":"index","follow":"follow","max-snippet":"max-snippet:-1","max-image-preview":"max-image-preview:large","max-video-preview":"max-video-preview:-1"},"canonical":"https:\/\/blogs.uninter.edu.mx\/difusioncultural\/?p=7727","og_locale":"es_MX","og_type":"article","og_title":"15 de diciembre: Nace el emperador romano Ner\u00f3n - Difusi\u00f3n Cultural","og_description":"Ner\u00f3n Claudio C\u00e9sar Augusto Germ\u00e1nico (en lat\u00edn: Nero Claudius C\u00e6sar Augustus Germanicus, 15 de diciembre de 37-9 de junio de 68)n. fue emperador del Imperio romano entre el 13 de octubre de 54 y el 9 de junio de 68, \u00faltimo emperador de la dinast\u00eda Julio-Claudia. Nacido del matrimonio entre Cneo Domicio Ahenobarbo y Agripinila,&hellip;","og_url":"https:\/\/blogs.uninter.edu.mx\/difusioncultural\/?p=7727","og_site_name":"Difusi\u00f3n Cultural","article_published_time":"2020-12-16T02:21:00+00:00","og_image":[{"width":194,"height":259,"url":"https:\/\/blogs.uninter.edu.mx\/difusioncultural\/wp-content\/uploads\/2020\/12\/image.jpeg","type":"image\/jpeg"}],"author":"webmaster","twitter_card":"summary_large_image","twitter_misc":{"Escrito por":"webmaster","Tiempo de lectura":"3 minutos"},"schema":{"@context":"https:\/\/schema.org","@graph":[{"@type":"Article","@id":"https:\/\/blogs.uninter.edu.mx\/difusioncultural\/?p=7727#article","isPartOf":{"@id":"https:\/\/blogs.uninter.edu.mx\/difusioncultural\/?p=7727"},"author":{"name":"webmaster","@id":"https:\/\/blogs.uninter.edu.mx\/difusioncultural\/#\/schema\/person\/37a0926f4dd300a814993fd595abdc4a"},"headline":"15 de diciembre: Nace el emperador romano Ner\u00f3n","datePublished":"2020-12-16T02:21:00+00:00","mainEntityOfPage":{"@id":"https:\/\/blogs.uninter.edu.mx\/difusioncultural\/?p=7727"},"wordCount":572,"publisher":{"@id":"https:\/\/blogs.uninter.edu.mx\/difusioncultural\/#organization"},"image":{"@id":"https:\/\/blogs.uninter.edu.mx\/difusioncultural\/?p=7727#primaryimage"},"thumbnailUrl":"https:\/\/blogs.uninter.edu.mx\/difusioncultural\/wp-content\/uploads\/2020\/12\/image.jpeg","inLanguage":"es"},{"@type":"WebPage","@id":"https:\/\/blogs.uninter.edu.mx\/difusioncultural\/?p=7727","url":"https:\/\/blogs.uninter.edu.mx\/difusioncultural\/?p=7727","name":"15 de diciembre: Nace el emperador romano Ner\u00f3n - Difusi\u00f3n Cultural","isPartOf":{"@id":"https:\/\/blogs.uninter.edu.mx\/difusioncultural\/#website"},"primaryImageOfPage":{"@id":"https:\/\/blogs.uninter.edu.mx\/difusioncultural\/?p=7727#primaryimage"},"image":{"@id":"https:\/\/blogs.uninter.edu.mx\/difusioncultural\/?p=7727#primaryimage"},"thumbnailUrl":"https:\/\/blogs.uninter.edu.mx\/difusioncultural\/wp-content\/uploads\/2020\/12\/image.jpeg","datePublished":"2020-12-16T02:21:00+00:00","breadcrumb":{"@id":"https:\/\/blogs.uninter.edu.mx\/difusioncultural\/?p=7727#breadcrumb"},"inLanguage":"es","potentialAction":[{"@type":"ReadAction","target":["https:\/\/blogs.uninter.edu.mx\/difusioncultural\/?p=7727"]}]},{"@type":"ImageObject","inLanguage":"es","@id":"https:\/\/blogs.uninter.edu.mx\/difusioncultural\/?p=7727#primaryimage","url":"https:\/\/blogs.uninter.edu.mx\/difusioncultural\/wp-content\/uploads\/2020\/12\/image.jpeg","contentUrl":"https:\/\/blogs.uninter.edu.mx\/difusioncultural\/wp-content\/uploads\/2020\/12\/image.jpeg","width":194,"height":259},{"@type":"BreadcrumbList","@id":"https:\/\/blogs.uninter.edu.mx\/difusioncultural\/?p=7727#breadcrumb","itemListElement":[{"@type":"ListItem","position":1,"name":"Inicio","item":"https:\/\/blogs.uninter.edu.mx\/difusioncultural\/"},{"@type":"ListItem","position":2,"name":"15 de diciembre: Nace el emperador romano Ner\u00f3n"}]},{"@type":"WebSite","@id":"https:\/\/blogs.uninter.edu.mx\/difusioncultural\/#website","url":"https:\/\/blogs.uninter.edu.mx\/difusioncultural\/","name":"Difusi\u00f3n Cultural","description":"UNINTER","publisher":{"@id":"https:\/\/blogs.uninter.edu.mx\/difusioncultural\/#organization"},"potentialAction":[{"@type":"SearchAction","target":{"@type":"EntryPoint","urlTemplate":"https:\/\/blogs.uninter.edu.mx\/difusioncultural\/?s={search_term_string}"},"query-input":{"@type":"PropertyValueSpecification","valueRequired":true,"valueName":"search_term_string"}}],"inLanguage":"es"},{"@type":"Organization","@id":"https:\/\/blogs.uninter.edu.mx\/difusioncultural\/#organization","name":"Difusi\u00f3n Cultural","url":"https:\/\/blogs.uninter.edu.mx\/difusioncultural\/","logo":{"@type":"ImageObject","inLanguage":"es","@id":"https:\/\/blogs.uninter.edu.mx\/difusioncultural\/#\/schema\/logo\/image\/","url":"https:\/\/blogs.uninter.edu.mx\/difusioncultural\/wp-content\/uploads\/2022\/09\/uninter.jpg","contentUrl":"https:\/\/blogs.uninter.edu.mx\/difusioncultural\/wp-content\/uploads\/2022\/09\/uninter.jpg","width":2048,"height":2048,"caption":"Difusi\u00f3n Cultural"},"image":{"@id":"https:\/\/blogs.uninter.edu.mx\/difusioncultural\/#\/schema\/logo\/image\/"}},{"@type":"Person","@id":"https:\/\/blogs.uninter.edu.mx\/difusioncultural\/#\/schema\/person\/37a0926f4dd300a814993fd595abdc4a","name":"webmaster","image":{"@type":"ImageObject","inLanguage":"es","@id":"https:\/\/blogs.uninter.edu.mx\/difusioncultural\/#\/schema\/person\/image\/","url":"https:\/\/secure.gravatar.com\/avatar\/a59c276b01147463ef3aab4118e3137ebc5e1ad6700deb39ccdf8b89e517f7dc?s=96&d=mm&r=g","contentUrl":"https:\/\/secure.gravatar.com\/avatar\/a59c276b01147463ef3aab4118e3137ebc5e1ad6700deb39ccdf8b89e517f7dc?s=96&d=mm&r=g","caption":"webmaster"},"sameAs":["https:\/\/blogs.uninter.edu.mx\/difusioncultural"],"url":"https:\/\/blogs.uninter.edu.mx\/difusioncultural\/?author=1"}]}},"jetpack_publicize_connections":[],"jetpack_featured_media_url":"https:\/\/blogs.uninter.edu.mx\/difusioncultural\/wp-content\/uploads\/2020\/12\/image.jpeg","jetpack_sharing_enabled":true,"_links":{"self":[{"href":"https:\/\/blogs.uninter.edu.mx\/difusioncultural\/index.php?rest_route=\/wp\/v2\/posts\/7727","targetHints":{"allow":["GET"]}}],"collection":[{"href":"https:\/\/blogs.uninter.edu.mx\/difusioncultural\/index.php?rest_route=\/wp\/v2\/posts"}],"about":[{"href":"https:\/\/blogs.uninter.edu.mx\/difusioncultural\/index.php?rest_route=\/wp\/v2\/types\/post"}],"author":[{"embeddable":true,"href":"https:\/\/blogs.uninter.edu.mx\/difusioncultural\/index.php?rest_route=\/wp\/v2\/users\/1"}],"replies":[{"embeddable":true,"href":"https:\/\/blogs.uninter.edu.mx\/difusioncultural\/index.php?rest_route=%2Fwp%2Fv2%2Fcomments&post=7727"}],"version-history":[{"count":0,"href":"https:\/\/blogs.uninter.edu.mx\/difusioncultural\/index.php?rest_route=\/wp\/v2\/posts\/7727\/revisions"}],"wp:featuredmedia":[{"embeddable":true,"href":"https:\/\/blogs.uninter.edu.mx\/difusioncultural\/index.php?rest_route=\/wp\/v2\/media\/7730"}],"wp:attachment":[{"href":"https:\/\/blogs.uninter.edu.mx\/difusioncultural\/index.php?rest_route=%2Fwp%2Fv2%2Fmedia&parent=7727"}],"wp:term":[{"taxonomy":"category","embeddable":true,"href":"https:\/\/blogs.uninter.edu.mx\/difusioncultural\/index.php?rest_route=%2Fwp%2Fv2%2Fcategories&post=7727"},{"taxonomy":"post_tag","embeddable":true,"href":"https:\/\/blogs.uninter.edu.mx\/difusioncultural\/index.php?rest_route=%2Fwp%2Fv2%2Ftags&post=7727"}],"curies":[{"name":"wp","href":"https:\/\/api.w.org\/{rel}","templated":true}]}}