{"id":7743,"date":"2020-12-17T13:35:22","date_gmt":"2020-12-17T19:35:22","guid":{"rendered":"https:\/\/difusionculturaluninter.wordpress.com\/?p=7743"},"modified":"2020-12-17T13:35:22","modified_gmt":"2020-12-17T19:35:22","slug":"17-de-diciembre-efemerides-culturales","status":"publish","type":"post","link":"https:\/\/blogs.uninter.edu.mx\/difusioncultural\/?p=7743","title":{"rendered":"17 de diciembre: Efem\u00e9rides Culturales"},"content":{"rendered":"\n<figure class=\"wp-block-image\"><img decoding=\"async\" src=\"https:\/\/portal.andina.pe\/EDPfotografia\/Thumbnail\/2014\/12\/16\/000273803W.jpg\" alt=\"Escritor Arthur Charles. Internet\/Medios\" \/><\/figure>\n\n\n\n<p>Un 16 de diciembre nacieron personajes de la Cultura como el poeta Rafael Alberti y los escritores Arthur Charles Clarke y Jane Austen; murieron los autores Alphonse Daude y Stefan Heym, as\u00ed como el compositor Camille Saint-S\u00e4ens.<br>1587.- Derivado de la bula emitida por el papa Sixto V a Fray Diego de Soria, a partir de esta fecha y hasta el 24 de diciembre son celebradas en la Nueva Espa\u00f1a misas y aguinaldos, que se convierten en las populares posadas.<br>1775.- Nace la novelista brit\u00e1nica&nbsp;<strong>Jane Austen<\/strong>, autora de &#8220;Amor y amistad&#8221;, &#8220;Juicio y sentimiento&#8221; (1811), &#8220;Orgullo y prejuicio&#8221; (1813), &#8220;La abad de Northanger&#8221; (1818) y &#8220;Mansfield Park&#8221; (1814). Muere el 18 de julio de 1817.<br>1859.- Muere el escritor alem\u00e1n Wilhelm Grimm, quien junto con su hermano Jacob se encarga de recopilar cuentos tradicionales de su pa\u00eds, ahora universales, adem\u00e1s de ser autor de &#8220;Gram\u00e1tica alemana&#8221;, &#8220;Sobre los antiguos Meistergesang alemanes&#8221; e &#8220;Historia de la lengua alemana&#8221;, entre otras. Nace el 24 de febrero de 1786.<br>1897.- Muere el novelista franc\u00e9s Alphonse Daudet. Algunas de sus obras son &#8220;Cartas desde mi molino&#8221; (1886), &#8220;Tartar\u00f3n de Tarasc\u00f3n&#8221; (1872), &#8220;Tartar\u00f3n en los Alpes&#8221; (1885) y &#8220;Cuentos del lunes&#8221; (1873). Nace el 13 de mayo de 1840.<br>1902.- Nace el poeta espa\u00f1ol Rafael Alberti, \u00faltimo representante de la Generaci\u00f3n del 27 en su pa\u00eds. Escribe &#8220;De un momento a otro&#8221; (1937), &#8220;El hombre deshabitado&#8221; (1930) y &#8220;Marinero en tierra&#8221; (1925). Muere el 28 de octubre de 1999.<br>1909.- Nace la periodista mexicana Adelina Zendejas, quien destaca como defensora de los derechos de las mujeres. Autora de &#8220;La mujer en la Intervenci\u00f3n Francesa&#8221; (1962) y &#8220;Frida Kahlo en la preparatoria&#8221;. Muere el 4 de marzo de 1993.<br>1917.- Nace el escritor brit\u00e1nico&nbsp;<strong>Arthur Charles Clarke<\/strong>, entre cuyas obras se encuentran &#8220;Expedici\u00f3n a la Tierra&#8221; (1953), &#8220;Fuentes del para\u00edso&#8221; (1979), &#8220;Cuentos del planeta Tierra&#8221; (1991) y &#8220;2001. Una odisea del espacio&#8221; (1968). Muere el 19 de marzo de 2008 en Colombo (Sri Lanka).<br>1921.- Muere el compositor, pianista y organista franc\u00e9s Camille Saint-Sa\u00ebns, autor de varias obras, sinfon\u00edas y \u00f3peras como &#8220;El carnaval de los animales&#8221; (1886), &#8220;La juventud de H\u00e9rcules&#8221; (1873) y &#8220;Sans\u00f3n y Dalila&#8221; (1887), entre otras. Nace el 9 de octubre de 1835.<br>1928 &#8211; Nace el escritor estadounidense de ciencia ficci\u00f3n Philip Dick, autor de &#8220;El hombre en el castillo&#8221; (1962), &#8220;Fluyan las l\u00e1grimas&#8221; (1974), &#8220;Dijo el polic\u00eda&#8221; (1974), &#8220;Loter\u00eda solar&#8221; (1955) y &#8220;Una mirada a la oscuridad&#8221; (1977). Muere el 2 de marzo de 1982.<br>1965.- Muere el novelista brit\u00e1nico&nbsp;<strong>William Somerset Maugham,<\/strong>&nbsp;autor de las novelas &#8220;Liza de Lambert&#8221; (1897), &#8220;La Luna y seis peniques&#8221; (1919), &#8220;El velo pintado&#8221; (1925) y &#8220;Pasteles y cerveza&#8221; (1930). Nace el 25 de enero de 1874.<br>1981.- Muere el fil\u00f3logo e historiador espa\u00f1ol Manuel Sanch\u00eds Guarner, autor de una vasta obra que comprende estudios de ling\u00fc\u00edstica, literatura, historia, etnograf\u00eda y cultura popular. Nace el 9 de septiembre de 1911.<br>1991.- Muere el escritor italiano&nbsp;<strong>Pier Vittorio Tondelli<\/strong>, uno de los m\u00e1s prestigiados y pol\u00e9micos de la nueva generaci\u00f3n narrativa de su pa\u00eds en la d\u00e9cada de 1980, en especial por su tratamiento abierto y nada pudoroso de la homosexualidad. Nace el 14 de septiembre de 1955.<br>2001.- Muere el escritor estadounidense de origen alem\u00e1n Stefan Heym, autor de &#8220;Los cruzados&#8221; (1948), &#8220;Cinco d\u00edas de junio&#8221; (1977), &#8220;El informe Rey David&#8221; (1973), &#8220;Collin&#8221; (1979) y &#8220;Ashaver&#8221; (1981), entre otras obras. Nace el 10 de abril de 1913.<br>2004.- Tras permanecer 18 a\u00f1os cerrado, el Museo Nacional de Arte de Catalu\u00f1a, que concentra 10 siglos de historia catalana, es inaugurado por los reyes de Espa\u00f1a.<br>2005.- La revista &#8220;Science&#8221; publica que investigadores de la Universidad Estatal de Pennsylvania descubren el gen que determina el color en la piel de las personas.<br>2006.- Desde Wallops Island, en Estados Unidos, la NASA lanza su primer nanosat\u00e9lite &#8220;Genesat 1&#8221;, al espacio. Es b\u00e1sicamente una misi\u00f3n de demostraci\u00f3n tecnol\u00f3gica, pero tambi\u00e9n un sat\u00e9lite de experimentaci\u00f3n biol\u00f3gica.<br>2008.- Muere el m\u00fasico y compositor cubano Harold Gramatges, Premio Iberoamericano de la m\u00fasica en 1996 y creador del departamento de m\u00fasica de la Casa de las Am\u00e9ricas. Su cat\u00e1logo comprende m\u00fasica de c\u00e1mara, sinf\u00f3nica y coral. Nace el 26 de septiembre de 1918.<br>2010.- Astr\u00f3nomos de la UNAM descubren un exoplaneta que \u00f3rbita alrededor de la estrella Upsilon, en la constelaci\u00f3n de Andr\u00f3meda, a una distancia de 44 a\u00f1os luz de la Tierra.<br>2011.- Muere el poeta nicarag\u00fcense Jos\u00e9 Cuadra Vega conocido como el \u201cpoeta del buen amor\u201d, entre su producci\u00f3n resalta \u201cPoemas para Do\u00f1a Julia\u201d y \u201cCanto a la Virgen P\u00e1jara Mar\u00eda\u201d. Naci\u00f3 el 21 de febrero de 1914.<\/p>\n","protected":false},"excerpt":{"rendered":"<p>Un 16 de diciembre nacieron personajes de la Cultura como el poeta Rafael Alberti y los escritores Arthur Charles Clarke y Jane Austen; murieron los autores Alphonse Daude y Stefan Heym, as\u00ed como el compositor Camille Saint-S\u00e4ens.1587.- Derivado de la bula emitida por el papa Sixto V a Fray Diego de Soria, a partir de&hellip;<\/p>\n","protected":false},"author":1,"featured_media":7745,"comment_status":"closed","ping_status":"open","sticky":false,"template":"","format":"standard","meta":{"_jetpack_memberships_contains_paid_content":false,"footnotes":"","jetpack_publicize_message":"","jetpack_publicize_feature_enabled":true,"jetpack_social_post_already_shared":false,"jetpack_social_options":{"image_generator_settings":{"template":"highway","default_image_id":0,"font":"","enabled":false},"version":2}},"categories":[1],"tags":[],"class_list":["post-7743","post","type-post","status-publish","format-standard","has-post-thumbnail","hentry","category-sin-categoria"],"yoast_head":"<!-- This site is optimized with the Yoast SEO plugin v26.3 - https:\/\/yoast.com\/wordpress\/plugins\/seo\/ -->\r\n<title>17 de diciembre: Efem\u00e9rides Culturales - Difusi\u00f3n Cultural<\/title>\r\n<meta name=\"robots\" content=\"index, follow, max-snippet:-1, max-image-preview:large, max-video-preview:-1\" \/>\r\n<link rel=\"canonical\" href=\"https:\/\/blogs.uninter.edu.mx\/difusioncultural\/?p=7743\" \/>\r\n<meta property=\"og:locale\" content=\"es_MX\" \/>\r\n<meta property=\"og:type\" content=\"article\" \/>\r\n<meta property=\"og:title\" content=\"17 de diciembre: Efem\u00e9rides Culturales - Difusi\u00f3n Cultural\" \/>\r\n<meta property=\"og:description\" content=\"Un 16 de diciembre nacieron personajes de la Cultura como el poeta Rafael Alberti y los escritores Arthur Charles Clarke y Jane Austen; murieron los autores Alphonse Daude y Stefan Heym, as\u00ed como el compositor Camille Saint-S\u00e4ens.1587.- Derivado de la bula emitida por el papa Sixto V a Fray Diego de Soria, a partir de&hellip;\" \/>\r\n<meta property=\"og:url\" content=\"https:\/\/blogs.uninter.edu.mx\/difusioncultural\/?p=7743\" \/>\r\n<meta property=\"og:site_name\" content=\"Difusi\u00f3n Cultural\" \/>\r\n<meta property=\"article:published_time\" content=\"2020-12-17T19:35:22+00:00\" \/>\r\n<meta property=\"og:image\" content=\"https:\/\/blogs.uninter.edu.mx\/difusioncultural\/wp-content\/uploads\/2020\/12\/escritor.jpg\" \/>\r\n\t<meta property=\"og:image:width\" content=\"1800\" \/>\r\n\t<meta property=\"og:image:height\" content=\"1212\" \/>\r\n\t<meta property=\"og:image:type\" content=\"image\/jpeg\" \/>\r\n<meta name=\"author\" content=\"webmaster\" \/>\r\n<meta name=\"twitter:card\" content=\"summary_large_image\" \/>\r\n<meta name=\"twitter:label1\" content=\"Escrito por\" \/>\n\t<meta name=\"twitter:data1\" content=\"webmaster\" \/>\n\t<meta name=\"twitter:label2\" content=\"Tiempo de lectura\" \/>\n\t<meta name=\"twitter:data2\" content=\"4 minutos\" \/>\r\n<script type=\"application\/ld+json\" class=\"yoast-schema-graph\">{\"@context\":\"https:\/\/schema.org\",\"@graph\":[{\"@type\":\"Article\",\"@id\":\"https:\/\/blogs.uninter.edu.mx\/difusioncultural\/?p=7743#article\",\"isPartOf\":{\"@id\":\"https:\/\/blogs.uninter.edu.mx\/difusioncultural\/?p=7743\"},\"author\":{\"name\":\"webmaster\",\"@id\":\"https:\/\/blogs.uninter.edu.mx\/difusioncultural\/#\/schema\/person\/37a0926f4dd300a814993fd595abdc4a\"},\"headline\":\"17 de diciembre: Efem\u00e9rides Culturales\",\"datePublished\":\"2020-12-17T19:35:22+00:00\",\"mainEntityOfPage\":{\"@id\":\"https:\/\/blogs.uninter.edu.mx\/difusioncultural\/?p=7743\"},\"wordCount\":776,\"publisher\":{\"@id\":\"https:\/\/blogs.uninter.edu.mx\/difusioncultural\/#organization\"},\"image\":{\"@id\":\"https:\/\/blogs.uninter.edu.mx\/difusioncultural\/?p=7743#primaryimage\"},\"thumbnailUrl\":\"https:\/\/blogs.uninter.edu.mx\/difusioncultural\/wp-content\/uploads\/2020\/12\/escritor.jpg\",\"inLanguage\":\"es\"},{\"@type\":\"WebPage\",\"@id\":\"https:\/\/blogs.uninter.edu.mx\/difusioncultural\/?p=7743\",\"url\":\"https:\/\/blogs.uninter.edu.mx\/difusioncultural\/?p=7743\",\"name\":\"17 de diciembre: Efem\u00e9rides Culturales - Difusi\u00f3n Cultural\",\"isPartOf\":{\"@id\":\"https:\/\/blogs.uninter.edu.mx\/difusioncultural\/#website\"},\"primaryImageOfPage\":{\"@id\":\"https:\/\/blogs.uninter.edu.mx\/difusioncultural\/?p=7743#primaryimage\"},\"image\":{\"@id\":\"https:\/\/blogs.uninter.edu.mx\/difusioncultural\/?p=7743#primaryimage\"},\"thumbnailUrl\":\"https:\/\/blogs.uninter.edu.mx\/difusioncultural\/wp-content\/uploads\/2020\/12\/escritor.jpg\",\"datePublished\":\"2020-12-17T19:35:22+00:00\",\"breadcrumb\":{\"@id\":\"https:\/\/blogs.uninter.edu.mx\/difusioncultural\/?p=7743#breadcrumb\"},\"inLanguage\":\"es\",\"potentialAction\":[{\"@type\":\"ReadAction\",\"target\":[\"https:\/\/blogs.uninter.edu.mx\/difusioncultural\/?p=7743\"]}]},{\"@type\":\"ImageObject\",\"inLanguage\":\"es\",\"@id\":\"https:\/\/blogs.uninter.edu.mx\/difusioncultural\/?p=7743#primaryimage\",\"url\":\"https:\/\/blogs.uninter.edu.mx\/difusioncultural\/wp-content\/uploads\/2020\/12\/escritor.jpg\",\"contentUrl\":\"https:\/\/blogs.uninter.edu.mx\/difusioncultural\/wp-content\/uploads\/2020\/12\/escritor.jpg\",\"width\":1800,\"height\":1212},{\"@type\":\"BreadcrumbList\",\"@id\":\"https:\/\/blogs.uninter.edu.mx\/difusioncultural\/?p=7743#breadcrumb\",\"itemListElement\":[{\"@type\":\"ListItem\",\"position\":1,\"name\":\"Inicio\",\"item\":\"https:\/\/blogs.uninter.edu.mx\/difusioncultural\/\"},{\"@type\":\"ListItem\",\"position\":2,\"name\":\"17 de diciembre: Efem\u00e9rides Culturales\"}]},{\"@type\":\"WebSite\",\"@id\":\"https:\/\/blogs.uninter.edu.mx\/difusioncultural\/#website\",\"url\":\"https:\/\/blogs.uninter.edu.mx\/difusioncultural\/\",\"name\":\"Difusi\u00f3n Cultural\",\"description\":\"UNINTER\",\"publisher\":{\"@id\":\"https:\/\/blogs.uninter.edu.mx\/difusioncultural\/#organization\"},\"potentialAction\":[{\"@type\":\"SearchAction\",\"target\":{\"@type\":\"EntryPoint\",\"urlTemplate\":\"https:\/\/blogs.uninter.edu.mx\/difusioncultural\/?s={search_term_string}\"},\"query-input\":{\"@type\":\"PropertyValueSpecification\",\"valueRequired\":true,\"valueName\":\"search_term_string\"}}],\"inLanguage\":\"es\"},{\"@type\":\"Organization\",\"@id\":\"https:\/\/blogs.uninter.edu.mx\/difusioncultural\/#organization\",\"name\":\"Difusi\u00f3n Cultural\",\"url\":\"https:\/\/blogs.uninter.edu.mx\/difusioncultural\/\",\"logo\":{\"@type\":\"ImageObject\",\"inLanguage\":\"es\",\"@id\":\"https:\/\/blogs.uninter.edu.mx\/difusioncultural\/#\/schema\/logo\/image\/\",\"url\":\"https:\/\/blogs.uninter.edu.mx\/difusioncultural\/wp-content\/uploads\/2022\/09\/uninter.jpg\",\"contentUrl\":\"https:\/\/blogs.uninter.edu.mx\/difusioncultural\/wp-content\/uploads\/2022\/09\/uninter.jpg\",\"width\":2048,\"height\":2048,\"caption\":\"Difusi\u00f3n Cultural\"},\"image\":{\"@id\":\"https:\/\/blogs.uninter.edu.mx\/difusioncultural\/#\/schema\/logo\/image\/\"}},{\"@type\":\"Person\",\"@id\":\"https:\/\/blogs.uninter.edu.mx\/difusioncultural\/#\/schema\/person\/37a0926f4dd300a814993fd595abdc4a\",\"name\":\"webmaster\",\"image\":{\"@type\":\"ImageObject\",\"inLanguage\":\"es\",\"@id\":\"https:\/\/blogs.uninter.edu.mx\/difusioncultural\/#\/schema\/person\/image\/\",\"url\":\"https:\/\/secure.gravatar.com\/avatar\/a59c276b01147463ef3aab4118e3137ebc5e1ad6700deb39ccdf8b89e517f7dc?s=96&d=mm&r=g\",\"contentUrl\":\"https:\/\/secure.gravatar.com\/avatar\/a59c276b01147463ef3aab4118e3137ebc5e1ad6700deb39ccdf8b89e517f7dc?s=96&d=mm&r=g\",\"caption\":\"webmaster\"},\"sameAs\":[\"https:\/\/blogs.uninter.edu.mx\/difusioncultural\"],\"url\":\"https:\/\/blogs.uninter.edu.mx\/difusioncultural\/?author=1\"}]}<\/script>\r\n<!-- \/ Yoast SEO plugin. -->","yoast_head_json":{"title":"17 de diciembre: Efem\u00e9rides Culturales - Difusi\u00f3n Cultural","robots":{"index":"index","follow":"follow","max-snippet":"max-snippet:-1","max-image-preview":"max-image-preview:large","max-video-preview":"max-video-preview:-1"},"canonical":"https:\/\/blogs.uninter.edu.mx\/difusioncultural\/?p=7743","og_locale":"es_MX","og_type":"article","og_title":"17 de diciembre: Efem\u00e9rides Culturales - Difusi\u00f3n Cultural","og_description":"Un 16 de diciembre nacieron personajes de la Cultura como el poeta Rafael Alberti y los escritores Arthur Charles Clarke y Jane Austen; murieron los autores Alphonse Daude y Stefan Heym, as\u00ed como el compositor Camille Saint-S\u00e4ens.1587.- Derivado de la bula emitida por el papa Sixto V a Fray Diego de Soria, a partir de&hellip;","og_url":"https:\/\/blogs.uninter.edu.mx\/difusioncultural\/?p=7743","og_site_name":"Difusi\u00f3n Cultural","article_published_time":"2020-12-17T19:35:22+00:00","og_image":[{"width":1800,"height":1212,"url":"https:\/\/blogs.uninter.edu.mx\/difusioncultural\/wp-content\/uploads\/2020\/12\/escritor.jpg","type":"image\/jpeg"}],"author":"webmaster","twitter_card":"summary_large_image","twitter_misc":{"Escrito por":"webmaster","Tiempo de lectura":"4 minutos"},"schema":{"@context":"https:\/\/schema.org","@graph":[{"@type":"Article","@id":"https:\/\/blogs.uninter.edu.mx\/difusioncultural\/?p=7743#article","isPartOf":{"@id":"https:\/\/blogs.uninter.edu.mx\/difusioncultural\/?p=7743"},"author":{"name":"webmaster","@id":"https:\/\/blogs.uninter.edu.mx\/difusioncultural\/#\/schema\/person\/37a0926f4dd300a814993fd595abdc4a"},"headline":"17 de diciembre: Efem\u00e9rides Culturales","datePublished":"2020-12-17T19:35:22+00:00","mainEntityOfPage":{"@id":"https:\/\/blogs.uninter.edu.mx\/difusioncultural\/?p=7743"},"wordCount":776,"publisher":{"@id":"https:\/\/blogs.uninter.edu.mx\/difusioncultural\/#organization"},"image":{"@id":"https:\/\/blogs.uninter.edu.mx\/difusioncultural\/?p=7743#primaryimage"},"thumbnailUrl":"https:\/\/blogs.uninter.edu.mx\/difusioncultural\/wp-content\/uploads\/2020\/12\/escritor.jpg","inLanguage":"es"},{"@type":"WebPage","@id":"https:\/\/blogs.uninter.edu.mx\/difusioncultural\/?p=7743","url":"https:\/\/blogs.uninter.edu.mx\/difusioncultural\/?p=7743","name":"17 de diciembre: Efem\u00e9rides Culturales - Difusi\u00f3n Cultural","isPartOf":{"@id":"https:\/\/blogs.uninter.edu.mx\/difusioncultural\/#website"},"primaryImageOfPage":{"@id":"https:\/\/blogs.uninter.edu.mx\/difusioncultural\/?p=7743#primaryimage"},"image":{"@id":"https:\/\/blogs.uninter.edu.mx\/difusioncultural\/?p=7743#primaryimage"},"thumbnailUrl":"https:\/\/blogs.uninter.edu.mx\/difusioncultural\/wp-content\/uploads\/2020\/12\/escritor.jpg","datePublished":"2020-12-17T19:35:22+00:00","breadcrumb":{"@id":"https:\/\/blogs.uninter.edu.mx\/difusioncultural\/?p=7743#breadcrumb"},"inLanguage":"es","potentialAction":[{"@type":"ReadAction","target":["https:\/\/blogs.uninter.edu.mx\/difusioncultural\/?p=7743"]}]},{"@type":"ImageObject","inLanguage":"es","@id":"https:\/\/blogs.uninter.edu.mx\/difusioncultural\/?p=7743#primaryimage","url":"https:\/\/blogs.uninter.edu.mx\/difusioncultural\/wp-content\/uploads\/2020\/12\/escritor.jpg","contentUrl":"https:\/\/blogs.uninter.edu.mx\/difusioncultural\/wp-content\/uploads\/2020\/12\/escritor.jpg","width":1800,"height":1212},{"@type":"BreadcrumbList","@id":"https:\/\/blogs.uninter.edu.mx\/difusioncultural\/?p=7743#breadcrumb","itemListElement":[{"@type":"ListItem","position":1,"name":"Inicio","item":"https:\/\/blogs.uninter.edu.mx\/difusioncultural\/"},{"@type":"ListItem","position":2,"name":"17 de diciembre: Efem\u00e9rides Culturales"}]},{"@type":"WebSite","@id":"https:\/\/blogs.uninter.edu.mx\/difusioncultural\/#website","url":"https:\/\/blogs.uninter.edu.mx\/difusioncultural\/","name":"Difusi\u00f3n Cultural","description":"UNINTER","publisher":{"@id":"https:\/\/blogs.uninter.edu.mx\/difusioncultural\/#organization"},"potentialAction":[{"@type":"SearchAction","target":{"@type":"EntryPoint","urlTemplate":"https:\/\/blogs.uninter.edu.mx\/difusioncultural\/?s={search_term_string}"},"query-input":{"@type":"PropertyValueSpecification","valueRequired":true,"valueName":"search_term_string"}}],"inLanguage":"es"},{"@type":"Organization","@id":"https:\/\/blogs.uninter.edu.mx\/difusioncultural\/#organization","name":"Difusi\u00f3n Cultural","url":"https:\/\/blogs.uninter.edu.mx\/difusioncultural\/","logo":{"@type":"ImageObject","inLanguage":"es","@id":"https:\/\/blogs.uninter.edu.mx\/difusioncultural\/#\/schema\/logo\/image\/","url":"https:\/\/blogs.uninter.edu.mx\/difusioncultural\/wp-content\/uploads\/2022\/09\/uninter.jpg","contentUrl":"https:\/\/blogs.uninter.edu.mx\/difusioncultural\/wp-content\/uploads\/2022\/09\/uninter.jpg","width":2048,"height":2048,"caption":"Difusi\u00f3n Cultural"},"image":{"@id":"https:\/\/blogs.uninter.edu.mx\/difusioncultural\/#\/schema\/logo\/image\/"}},{"@type":"Person","@id":"https:\/\/blogs.uninter.edu.mx\/difusioncultural\/#\/schema\/person\/37a0926f4dd300a814993fd595abdc4a","name":"webmaster","image":{"@type":"ImageObject","inLanguage":"es","@id":"https:\/\/blogs.uninter.edu.mx\/difusioncultural\/#\/schema\/person\/image\/","url":"https:\/\/secure.gravatar.com\/avatar\/a59c276b01147463ef3aab4118e3137ebc5e1ad6700deb39ccdf8b89e517f7dc?s=96&d=mm&r=g","contentUrl":"https:\/\/secure.gravatar.com\/avatar\/a59c276b01147463ef3aab4118e3137ebc5e1ad6700deb39ccdf8b89e517f7dc?s=96&d=mm&r=g","caption":"webmaster"},"sameAs":["https:\/\/blogs.uninter.edu.mx\/difusioncultural"],"url":"https:\/\/blogs.uninter.edu.mx\/difusioncultural\/?author=1"}]}},"jetpack_publicize_connections":[],"jetpack_featured_media_url":"https:\/\/blogs.uninter.edu.mx\/difusioncultural\/wp-content\/uploads\/2020\/12\/escritor.jpg","jetpack_sharing_enabled":true,"_links":{"self":[{"href":"https:\/\/blogs.uninter.edu.mx\/difusioncultural\/index.php?rest_route=\/wp\/v2\/posts\/7743","targetHints":{"allow":["GET"]}}],"collection":[{"href":"https:\/\/blogs.uninter.edu.mx\/difusioncultural\/index.php?rest_route=\/wp\/v2\/posts"}],"about":[{"href":"https:\/\/blogs.uninter.edu.mx\/difusioncultural\/index.php?rest_route=\/wp\/v2\/types\/post"}],"author":[{"embeddable":true,"href":"https:\/\/blogs.uninter.edu.mx\/difusioncultural\/index.php?rest_route=\/wp\/v2\/users\/1"}],"replies":[{"embeddable":true,"href":"https:\/\/blogs.uninter.edu.mx\/difusioncultural\/index.php?rest_route=%2Fwp%2Fv2%2Fcomments&post=7743"}],"version-history":[{"count":0,"href":"https:\/\/blogs.uninter.edu.mx\/difusioncultural\/index.php?rest_route=\/wp\/v2\/posts\/7743\/revisions"}],"wp:featuredmedia":[{"embeddable":true,"href":"https:\/\/blogs.uninter.edu.mx\/difusioncultural\/index.php?rest_route=\/wp\/v2\/media\/7745"}],"wp:attachment":[{"href":"https:\/\/blogs.uninter.edu.mx\/difusioncultural\/index.php?rest_route=%2Fwp%2Fv2%2Fmedia&parent=7743"}],"wp:term":[{"taxonomy":"category","embeddable":true,"href":"https:\/\/blogs.uninter.edu.mx\/difusioncultural\/index.php?rest_route=%2Fwp%2Fv2%2Fcategories&post=7743"},{"taxonomy":"post_tag","embeddable":true,"href":"https:\/\/blogs.uninter.edu.mx\/difusioncultural\/index.php?rest_route=%2Fwp%2Fv2%2Ftags&post=7743"}],"curies":[{"name":"wp","href":"https:\/\/api.w.org\/{rel}","templated":true}]}}