{"id":7758,"date":"2020-12-18T20:39:14","date_gmt":"2020-12-19T02:39:14","guid":{"rendered":"https:\/\/difusionculturaluninter.wordpress.com\/?p=7758"},"modified":"2020-12-18T20:39:14","modified_gmt":"2020-12-19T02:39:14","slug":"18-de-diciembre-dia-internacional-del-migrante","status":"publish","type":"post","link":"https:\/\/blogs.uninter.edu.mx\/difusioncultural\/?p=7758","title":{"rendered":"18 de diciembre: d\u00eda internacional del migrante"},"content":{"rendered":"\n<figure class=\"wp-block-image size-large\"><a href=\"https:\/\/difusionculturaluninter.files.wordpress.com\/2020\/12\/migrante.jpg\"><img fetchpriority=\"high\" decoding=\"async\" width=\"1350\" height=\"500\" src=\"https:\/\/difusionculturaluninter.files.wordpress.com\/2020\/12\/migrante.jpg?w=1024\" alt=\"\" class=\"wp-image-7759\" \/><\/a><\/figure>\n\n\n\n<p>A lo largo de la historia de la humanidad, la migraci\u00f3n ha sido una expresi\u00f3n valiente de la determinaci\u00f3n individual de superar la adversidad y buscar una vida mejor.<\/p>\n\n\n\n<p>En la actualidad, la globalizaci\u00f3n, junto con los avances en las comunicaciones y el transporte, ha incrementado en gran medida el n\u00famero de personas que tienen el deseo y la capacidad de mudarse a otros lugares.<\/p>\n\n\n\n<p>Esta nueva era ha creado retos y oportunidades para sociedades en todo el mundo. Tambi\u00e9n ha servido para subrayar el v\u00ednculo que hay entre migraci\u00f3n y desarrollo, as\u00ed como las oportunidades que ofrece para el codesarrollo, es decir, para la mejora concertada de las condiciones econ\u00f3micas y sociales tanto en el lugar de origen como en el de destino.<\/p>\n\n\n\n<p>La migraci\u00f3n atrae en la actualidad cada vez m\u00e1s atenci\u00f3n. Mezclados con factores de incertidumbre, urgencia y complejidad, los retos y dificultades de la migraci\u00f3n internacional requieren una mayor cooperaci\u00f3n y una acci\u00f3n colectiva. Las Naciones Unidas est\u00e1n jugando de forma activa un rol catalizador en este tema, para crear m\u00e1s di\u00e1logos e interacciones entre pa\u00edses y regiones, as\u00ed como para impulsar el intercambio de experiencias y oportunidades de colaboraci\u00f3n.<\/p>\n\n\n\n<h3 class=\"wp-block-heading\">Reimaginar la movilidad humana<\/h3>\n\n\n\n<p>Los migrantes contribuyen con su conocimiento, con las redes que conforman y con sus capacidades al desarrollo de comunidades m\u00e1s fuertes y resilientes. En los \u00faltimos meses, los migrantes han estado en primera l\u00ednea en la lucha contra la pandemia de COVID-19. Las contribuciones de los migrantes en los \u00e1mbitos de la salud, el transporte y los servicios de alimentaci\u00f3n han hecho que nuestras vidas durante el confinamiento se hicieran m\u00e1s llevaderas.<\/p>\n\n\n\n<p>Al igual que las personas que se encuentran viviendo al margen de la sociedad, los migrantes se ven desproporcionadamente afectados por el COVID-19 ya que han perdido sus puestos de trabajo, han sido desalojados y sufren discriminaci\u00f3n. Millones de migrantes est\u00e1n varados, en muchos casos sin ning\u00fan ingreso y sin un lugar donde vivir, sin posibilidad alguna de regresar a sus hogares debido a las restricciones a la movilidad impuestas por la pandemia. Adem\u00e1s, la pandemia ha provocado tambi\u00e9n que corran cada vez mayores riesgos de ser v\u00edct\u00edmas de trata y explotaci\u00f3n<\/p>\n\n\n\n<p>La pandemia de COVID-19 no puede utilizarse como una excusa para volver atr\u00e1s con los compromisos asumidos respecto de la promoci\u00f3n y la protecci\u00f3n de los derechos de los migrantes con independencia de su condici\u00f3n legal. No puede ser tampoco un pretexto para el uso cada vez mayor de la detenci\u00f3n, a menudo en condiciones de hacinamiento, adem\u00e1s del retorno forzoso de los migrantes a sus pa\u00edses de origen sin el debido proceso, en muchos casos en violaci\u00f3n del derecho internacional.<\/p>\n\n\n\n<p>Las personas en movimiento esperan un futuro m\u00e1s prometedor. Es nuestra responsabilidad colectiva crear un mundo m\u00e1s seguro y resilente.<\/p>\n\n\n\n<p>La migraci\u00f3n deber\u00eda ser una elecci\u00f3n, no una necesidad. En el #D\u00edaDelMigrante,reafirmemos nuestro compromiso con una migraci\u00f3n segura, ordenada y regular; digna para todos.<\/p>\n","protected":false},"excerpt":{"rendered":"<p>A lo largo de la historia de la humanidad, la migraci\u00f3n ha sido una expresi\u00f3n valiente de la determinaci\u00f3n individual de superar la adversidad y buscar una vida mejor. En la actualidad, la globalizaci\u00f3n, junto con los avances en las comunicaciones y el transporte, ha incrementado en gran medida el n\u00famero de personas que tienen&hellip;<\/p>\n","protected":false},"author":1,"featured_media":7759,"comment_status":"closed","ping_status":"open","sticky":false,"template":"","format":"standard","meta":{"_jetpack_memberships_contains_paid_content":false,"footnotes":"","jetpack_publicize_message":"","jetpack_publicize_feature_enabled":true,"jetpack_social_post_already_shared":false,"jetpack_social_options":{"image_generator_settings":{"template":"highway","default_image_id":0,"font":"","enabled":false},"version":2}},"categories":[1],"tags":[],"class_list":["post-7758","post","type-post","status-publish","format-standard","has-post-thumbnail","hentry","category-sin-categoria"],"yoast_head":"<!-- This site is optimized with the Yoast SEO plugin v26.3 - https:\/\/yoast.com\/wordpress\/plugins\/seo\/ -->\r\n<title>18 de diciembre: d\u00eda internacional del migrante - Difusi\u00f3n Cultural<\/title>\r\n<meta name=\"robots\" content=\"index, follow, max-snippet:-1, max-image-preview:large, max-video-preview:-1\" \/>\r\n<link rel=\"canonical\" href=\"https:\/\/blogs.uninter.edu.mx\/difusioncultural\/?p=7758\" \/>\r\n<meta property=\"og:locale\" content=\"es_MX\" \/>\r\n<meta property=\"og:type\" content=\"article\" \/>\r\n<meta property=\"og:title\" content=\"18 de diciembre: d\u00eda internacional del migrante - Difusi\u00f3n Cultural\" \/>\r\n<meta property=\"og:description\" content=\"A lo largo de la historia de la humanidad, la migraci\u00f3n ha sido una expresi\u00f3n valiente de la determinaci\u00f3n individual de superar la adversidad y buscar una vida mejor. En la actualidad, la globalizaci\u00f3n, junto con los avances en las comunicaciones y el transporte, ha incrementado en gran medida el n\u00famero de personas que tienen&hellip;\" \/>\r\n<meta property=\"og:url\" content=\"https:\/\/blogs.uninter.edu.mx\/difusioncultural\/?p=7758\" \/>\r\n<meta property=\"og:site_name\" content=\"Difusi\u00f3n Cultural\" \/>\r\n<meta property=\"article:published_time\" content=\"2020-12-19T02:39:14+00:00\" \/>\r\n<meta property=\"og:image\" content=\"https:\/\/blogs.uninter.edu.mx\/difusioncultural\/wp-content\/uploads\/2020\/12\/migrante.jpg\" \/>\r\n\t<meta property=\"og:image:width\" content=\"1350\" \/>\r\n\t<meta property=\"og:image:height\" content=\"500\" \/>\r\n\t<meta property=\"og:image:type\" content=\"image\/jpeg\" \/>\r\n<meta name=\"author\" content=\"webmaster\" \/>\r\n<meta name=\"twitter:card\" content=\"summary_large_image\" \/>\r\n<meta name=\"twitter:label1\" content=\"Escrito por\" \/>\n\t<meta name=\"twitter:data1\" content=\"webmaster\" \/>\n\t<meta name=\"twitter:label2\" content=\"Tiempo de lectura\" \/>\n\t<meta name=\"twitter:data2\" content=\"3 minutos\" \/>\r\n<script type=\"application\/ld+json\" class=\"yoast-schema-graph\">{\"@context\":\"https:\/\/schema.org\",\"@graph\":[{\"@type\":\"Article\",\"@id\":\"https:\/\/blogs.uninter.edu.mx\/difusioncultural\/?p=7758#article\",\"isPartOf\":{\"@id\":\"https:\/\/blogs.uninter.edu.mx\/difusioncultural\/?p=7758\"},\"author\":{\"name\":\"webmaster\",\"@id\":\"https:\/\/blogs.uninter.edu.mx\/difusioncultural\/#\/schema\/person\/37a0926f4dd300a814993fd595abdc4a\"},\"headline\":\"18 de diciembre: d\u00eda internacional del migrante\",\"datePublished\":\"2020-12-19T02:39:14+00:00\",\"mainEntityOfPage\":{\"@id\":\"https:\/\/blogs.uninter.edu.mx\/difusioncultural\/?p=7758\"},\"wordCount\":542,\"publisher\":{\"@id\":\"https:\/\/blogs.uninter.edu.mx\/difusioncultural\/#organization\"},\"image\":{\"@id\":\"https:\/\/blogs.uninter.edu.mx\/difusioncultural\/?p=7758#primaryimage\"},\"thumbnailUrl\":\"https:\/\/blogs.uninter.edu.mx\/difusioncultural\/wp-content\/uploads\/2020\/12\/migrante.jpg\",\"inLanguage\":\"es\"},{\"@type\":\"WebPage\",\"@id\":\"https:\/\/blogs.uninter.edu.mx\/difusioncultural\/?p=7758\",\"url\":\"https:\/\/blogs.uninter.edu.mx\/difusioncultural\/?p=7758\",\"name\":\"18 de diciembre: d\u00eda internacional del migrante - Difusi\u00f3n Cultural\",\"isPartOf\":{\"@id\":\"https:\/\/blogs.uninter.edu.mx\/difusioncultural\/#website\"},\"primaryImageOfPage\":{\"@id\":\"https:\/\/blogs.uninter.edu.mx\/difusioncultural\/?p=7758#primaryimage\"},\"image\":{\"@id\":\"https:\/\/blogs.uninter.edu.mx\/difusioncultural\/?p=7758#primaryimage\"},\"thumbnailUrl\":\"https:\/\/blogs.uninter.edu.mx\/difusioncultural\/wp-content\/uploads\/2020\/12\/migrante.jpg\",\"datePublished\":\"2020-12-19T02:39:14+00:00\",\"breadcrumb\":{\"@id\":\"https:\/\/blogs.uninter.edu.mx\/difusioncultural\/?p=7758#breadcrumb\"},\"inLanguage\":\"es\",\"potentialAction\":[{\"@type\":\"ReadAction\",\"target\":[\"https:\/\/blogs.uninter.edu.mx\/difusioncultural\/?p=7758\"]}]},{\"@type\":\"ImageObject\",\"inLanguage\":\"es\",\"@id\":\"https:\/\/blogs.uninter.edu.mx\/difusioncultural\/?p=7758#primaryimage\",\"url\":\"https:\/\/blogs.uninter.edu.mx\/difusioncultural\/wp-content\/uploads\/2020\/12\/migrante.jpg\",\"contentUrl\":\"https:\/\/blogs.uninter.edu.mx\/difusioncultural\/wp-content\/uploads\/2020\/12\/migrante.jpg\",\"width\":1350,\"height\":500},{\"@type\":\"BreadcrumbList\",\"@id\":\"https:\/\/blogs.uninter.edu.mx\/difusioncultural\/?p=7758#breadcrumb\",\"itemListElement\":[{\"@type\":\"ListItem\",\"position\":1,\"name\":\"Inicio\",\"item\":\"https:\/\/blogs.uninter.edu.mx\/difusioncultural\/\"},{\"@type\":\"ListItem\",\"position\":2,\"name\":\"18 de diciembre: d\u00eda internacional del migrante\"}]},{\"@type\":\"WebSite\",\"@id\":\"https:\/\/blogs.uninter.edu.mx\/difusioncultural\/#website\",\"url\":\"https:\/\/blogs.uninter.edu.mx\/difusioncultural\/\",\"name\":\"Difusi\u00f3n Cultural\",\"description\":\"UNINTER\",\"publisher\":{\"@id\":\"https:\/\/blogs.uninter.edu.mx\/difusioncultural\/#organization\"},\"potentialAction\":[{\"@type\":\"SearchAction\",\"target\":{\"@type\":\"EntryPoint\",\"urlTemplate\":\"https:\/\/blogs.uninter.edu.mx\/difusioncultural\/?s={search_term_string}\"},\"query-input\":{\"@type\":\"PropertyValueSpecification\",\"valueRequired\":true,\"valueName\":\"search_term_string\"}}],\"inLanguage\":\"es\"},{\"@type\":\"Organization\",\"@id\":\"https:\/\/blogs.uninter.edu.mx\/difusioncultural\/#organization\",\"name\":\"Difusi\u00f3n Cultural\",\"url\":\"https:\/\/blogs.uninter.edu.mx\/difusioncultural\/\",\"logo\":{\"@type\":\"ImageObject\",\"inLanguage\":\"es\",\"@id\":\"https:\/\/blogs.uninter.edu.mx\/difusioncultural\/#\/schema\/logo\/image\/\",\"url\":\"https:\/\/blogs.uninter.edu.mx\/difusioncultural\/wp-content\/uploads\/2022\/09\/uninter.jpg\",\"contentUrl\":\"https:\/\/blogs.uninter.edu.mx\/difusioncultural\/wp-content\/uploads\/2022\/09\/uninter.jpg\",\"width\":2048,\"height\":2048,\"caption\":\"Difusi\u00f3n Cultural\"},\"image\":{\"@id\":\"https:\/\/blogs.uninter.edu.mx\/difusioncultural\/#\/schema\/logo\/image\/\"}},{\"@type\":\"Person\",\"@id\":\"https:\/\/blogs.uninter.edu.mx\/difusioncultural\/#\/schema\/person\/37a0926f4dd300a814993fd595abdc4a\",\"name\":\"webmaster\",\"image\":{\"@type\":\"ImageObject\",\"inLanguage\":\"es\",\"@id\":\"https:\/\/blogs.uninter.edu.mx\/difusioncultural\/#\/schema\/person\/image\/\",\"url\":\"https:\/\/secure.gravatar.com\/avatar\/a59c276b01147463ef3aab4118e3137ebc5e1ad6700deb39ccdf8b89e517f7dc?s=96&d=mm&r=g\",\"contentUrl\":\"https:\/\/secure.gravatar.com\/avatar\/a59c276b01147463ef3aab4118e3137ebc5e1ad6700deb39ccdf8b89e517f7dc?s=96&d=mm&r=g\",\"caption\":\"webmaster\"},\"sameAs\":[\"https:\/\/blogs.uninter.edu.mx\/difusioncultural\"],\"url\":\"https:\/\/blogs.uninter.edu.mx\/difusioncultural\/?author=1\"}]}<\/script>\r\n<!-- \/ Yoast SEO plugin. -->","yoast_head_json":{"title":"18 de diciembre: d\u00eda internacional del migrante - Difusi\u00f3n Cultural","robots":{"index":"index","follow":"follow","max-snippet":"max-snippet:-1","max-image-preview":"max-image-preview:large","max-video-preview":"max-video-preview:-1"},"canonical":"https:\/\/blogs.uninter.edu.mx\/difusioncultural\/?p=7758","og_locale":"es_MX","og_type":"article","og_title":"18 de diciembre: d\u00eda internacional del migrante - Difusi\u00f3n Cultural","og_description":"A lo largo de la historia de la humanidad, la migraci\u00f3n ha sido una expresi\u00f3n valiente de la determinaci\u00f3n individual de superar la adversidad y buscar una vida mejor. En la actualidad, la globalizaci\u00f3n, junto con los avances en las comunicaciones y el transporte, ha incrementado en gran medida el n\u00famero de personas que tienen&hellip;","og_url":"https:\/\/blogs.uninter.edu.mx\/difusioncultural\/?p=7758","og_site_name":"Difusi\u00f3n Cultural","article_published_time":"2020-12-19T02:39:14+00:00","og_image":[{"width":1350,"height":500,"url":"https:\/\/blogs.uninter.edu.mx\/difusioncultural\/wp-content\/uploads\/2020\/12\/migrante.jpg","type":"image\/jpeg"}],"author":"webmaster","twitter_card":"summary_large_image","twitter_misc":{"Escrito por":"webmaster","Tiempo de lectura":"3 minutos"},"schema":{"@context":"https:\/\/schema.org","@graph":[{"@type":"Article","@id":"https:\/\/blogs.uninter.edu.mx\/difusioncultural\/?p=7758#article","isPartOf":{"@id":"https:\/\/blogs.uninter.edu.mx\/difusioncultural\/?p=7758"},"author":{"name":"webmaster","@id":"https:\/\/blogs.uninter.edu.mx\/difusioncultural\/#\/schema\/person\/37a0926f4dd300a814993fd595abdc4a"},"headline":"18 de diciembre: d\u00eda internacional del migrante","datePublished":"2020-12-19T02:39:14+00:00","mainEntityOfPage":{"@id":"https:\/\/blogs.uninter.edu.mx\/difusioncultural\/?p=7758"},"wordCount":542,"publisher":{"@id":"https:\/\/blogs.uninter.edu.mx\/difusioncultural\/#organization"},"image":{"@id":"https:\/\/blogs.uninter.edu.mx\/difusioncultural\/?p=7758#primaryimage"},"thumbnailUrl":"https:\/\/blogs.uninter.edu.mx\/difusioncultural\/wp-content\/uploads\/2020\/12\/migrante.jpg","inLanguage":"es"},{"@type":"WebPage","@id":"https:\/\/blogs.uninter.edu.mx\/difusioncultural\/?p=7758","url":"https:\/\/blogs.uninter.edu.mx\/difusioncultural\/?p=7758","name":"18 de diciembre: d\u00eda internacional del migrante - Difusi\u00f3n Cultural","isPartOf":{"@id":"https:\/\/blogs.uninter.edu.mx\/difusioncultural\/#website"},"primaryImageOfPage":{"@id":"https:\/\/blogs.uninter.edu.mx\/difusioncultural\/?p=7758#primaryimage"},"image":{"@id":"https:\/\/blogs.uninter.edu.mx\/difusioncultural\/?p=7758#primaryimage"},"thumbnailUrl":"https:\/\/blogs.uninter.edu.mx\/difusioncultural\/wp-content\/uploads\/2020\/12\/migrante.jpg","datePublished":"2020-12-19T02:39:14+00:00","breadcrumb":{"@id":"https:\/\/blogs.uninter.edu.mx\/difusioncultural\/?p=7758#breadcrumb"},"inLanguage":"es","potentialAction":[{"@type":"ReadAction","target":["https:\/\/blogs.uninter.edu.mx\/difusioncultural\/?p=7758"]}]},{"@type":"ImageObject","inLanguage":"es","@id":"https:\/\/blogs.uninter.edu.mx\/difusioncultural\/?p=7758#primaryimage","url":"https:\/\/blogs.uninter.edu.mx\/difusioncultural\/wp-content\/uploads\/2020\/12\/migrante.jpg","contentUrl":"https:\/\/blogs.uninter.edu.mx\/difusioncultural\/wp-content\/uploads\/2020\/12\/migrante.jpg","width":1350,"height":500},{"@type":"BreadcrumbList","@id":"https:\/\/blogs.uninter.edu.mx\/difusioncultural\/?p=7758#breadcrumb","itemListElement":[{"@type":"ListItem","position":1,"name":"Inicio","item":"https:\/\/blogs.uninter.edu.mx\/difusioncultural\/"},{"@type":"ListItem","position":2,"name":"18 de diciembre: d\u00eda internacional del migrante"}]},{"@type":"WebSite","@id":"https:\/\/blogs.uninter.edu.mx\/difusioncultural\/#website","url":"https:\/\/blogs.uninter.edu.mx\/difusioncultural\/","name":"Difusi\u00f3n Cultural","description":"UNINTER","publisher":{"@id":"https:\/\/blogs.uninter.edu.mx\/difusioncultural\/#organization"},"potentialAction":[{"@type":"SearchAction","target":{"@type":"EntryPoint","urlTemplate":"https:\/\/blogs.uninter.edu.mx\/difusioncultural\/?s={search_term_string}"},"query-input":{"@type":"PropertyValueSpecification","valueRequired":true,"valueName":"search_term_string"}}],"inLanguage":"es"},{"@type":"Organization","@id":"https:\/\/blogs.uninter.edu.mx\/difusioncultural\/#organization","name":"Difusi\u00f3n Cultural","url":"https:\/\/blogs.uninter.edu.mx\/difusioncultural\/","logo":{"@type":"ImageObject","inLanguage":"es","@id":"https:\/\/blogs.uninter.edu.mx\/difusioncultural\/#\/schema\/logo\/image\/","url":"https:\/\/blogs.uninter.edu.mx\/difusioncultural\/wp-content\/uploads\/2022\/09\/uninter.jpg","contentUrl":"https:\/\/blogs.uninter.edu.mx\/difusioncultural\/wp-content\/uploads\/2022\/09\/uninter.jpg","width":2048,"height":2048,"caption":"Difusi\u00f3n Cultural"},"image":{"@id":"https:\/\/blogs.uninter.edu.mx\/difusioncultural\/#\/schema\/logo\/image\/"}},{"@type":"Person","@id":"https:\/\/blogs.uninter.edu.mx\/difusioncultural\/#\/schema\/person\/37a0926f4dd300a814993fd595abdc4a","name":"webmaster","image":{"@type":"ImageObject","inLanguage":"es","@id":"https:\/\/blogs.uninter.edu.mx\/difusioncultural\/#\/schema\/person\/image\/","url":"https:\/\/secure.gravatar.com\/avatar\/a59c276b01147463ef3aab4118e3137ebc5e1ad6700deb39ccdf8b89e517f7dc?s=96&d=mm&r=g","contentUrl":"https:\/\/secure.gravatar.com\/avatar\/a59c276b01147463ef3aab4118e3137ebc5e1ad6700deb39ccdf8b89e517f7dc?s=96&d=mm&r=g","caption":"webmaster"},"sameAs":["https:\/\/blogs.uninter.edu.mx\/difusioncultural"],"url":"https:\/\/blogs.uninter.edu.mx\/difusioncultural\/?author=1"}]}},"jetpack_publicize_connections":[],"jetpack_featured_media_url":"https:\/\/blogs.uninter.edu.mx\/difusioncultural\/wp-content\/uploads\/2020\/12\/migrante.jpg","jetpack_sharing_enabled":true,"_links":{"self":[{"href":"https:\/\/blogs.uninter.edu.mx\/difusioncultural\/index.php?rest_route=\/wp\/v2\/posts\/7758","targetHints":{"allow":["GET"]}}],"collection":[{"href":"https:\/\/blogs.uninter.edu.mx\/difusioncultural\/index.php?rest_route=\/wp\/v2\/posts"}],"about":[{"href":"https:\/\/blogs.uninter.edu.mx\/difusioncultural\/index.php?rest_route=\/wp\/v2\/types\/post"}],"author":[{"embeddable":true,"href":"https:\/\/blogs.uninter.edu.mx\/difusioncultural\/index.php?rest_route=\/wp\/v2\/users\/1"}],"replies":[{"embeddable":true,"href":"https:\/\/blogs.uninter.edu.mx\/difusioncultural\/index.php?rest_route=%2Fwp%2Fv2%2Fcomments&post=7758"}],"version-history":[{"count":0,"href":"https:\/\/blogs.uninter.edu.mx\/difusioncultural\/index.php?rest_route=\/wp\/v2\/posts\/7758\/revisions"}],"wp:featuredmedia":[{"embeddable":true,"href":"https:\/\/blogs.uninter.edu.mx\/difusioncultural\/index.php?rest_route=\/wp\/v2\/media\/7759"}],"wp:attachment":[{"href":"https:\/\/blogs.uninter.edu.mx\/difusioncultural\/index.php?rest_route=%2Fwp%2Fv2%2Fmedia&parent=7758"}],"wp:term":[{"taxonomy":"category","embeddable":true,"href":"https:\/\/blogs.uninter.edu.mx\/difusioncultural\/index.php?rest_route=%2Fwp%2Fv2%2Fcategories&post=7758"},{"taxonomy":"post_tag","embeddable":true,"href":"https:\/\/blogs.uninter.edu.mx\/difusioncultural\/index.php?rest_route=%2Fwp%2Fv2%2Ftags&post=7758"}],"curies":[{"name":"wp","href":"https:\/\/api.w.org\/{rel}","templated":true}]}}