{"id":776,"date":"2012-10-26T16:22:16","date_gmt":"2012-10-26T16:22:16","guid":{"rendered":"http:\/\/difusionculturaluninter.wordpress.com\/?p=776"},"modified":"2012-10-26T16:22:16","modified_gmt":"2012-10-26T16:22:16","slug":"festejand-dia-de-muertos-en-ocotepec-morelos","status":"publish","type":"post","link":"https:\/\/blogs.uninter.edu.mx\/difusioncultural\/?p=776","title":{"rendered":"Festejando el D\u00eda de Muertos en Ocotepec, Morelos"},"content":{"rendered":"<p>Ocotepec es una localidad del municipio de Cuernavaca en el estado de Morelos.<br \/>\nLa palabra Ocotepec viene de n\u00e1huatl &#8220;okotepetl&#8221;; en donde &#8220;okotl&#8221; significa &#8220;ocote&#8221; y &#8220;tepetl&#8221; significa &#8220;cerro&#8221;. De modo que el nombre de esta poblaci\u00f3n ind\u00edgena significa \u201cCerro de los Ocotes\u201d.Es un poblado antiguo que se ubica a s\u00f3lo tres minutos de Cuernavaca .<\/p>\n<p>El D\u00eda de Muertos es una de las cuatro fiestas m\u00e1s importantes de Ocotepec, esta celebraci\u00f3n es la m\u00e1s concurrida de las 30 que se realizan en el estado.<br \/>\nEl cementerio es el lugar donde inician los preparativos para la celebraci\u00f3n, diez d\u00edas antes del 2 de noviembre, familias enteras comienzan a arreglar sus tumbas, las pintan y las redecoran.<\/p>\n<p>Una de las tradiciones en Ocotepec consiste en levantar ofrendas en honor a quienes fallecieron durante el a\u00f1o; a estos altares tambi\u00e9n se les conoce como \u201cOfrendas Nuevas\u201d. \u00c9stas se montan sobre una mesa y se recrea el cuerpo del difunto, el cual se viste con ropa nueva, huaraches y sombrero o rebozo; a la altura de la cabeza se colocan las tradicionales calaveras de az\u00facar. Una vez vestido, el cuerpo se rodea de las bebidas y los platillos que fueron los favoritos del difunto. En el caso de los altares de los ni\u00f1os se incluyen juguetes y golosinas.<br \/>\n<a href=\"https:\/\/blogs.uninter.edu.mx\/difusioncultural\/wp-content\/uploads\/2012\/10\/dia-de-muertos-manolita2oct2012ok.jpg\"><img fetchpriority=\"high\" decoding=\"async\" src=\"https:\/\/blogs.uninter.edu.mx\/difusioncultural\/wp-content\/uploads\/2012\/10\/dia-de-muertos-manolita2oct2012ok.jpg\" alt=\"\" title=\"dia de muertos manolita2oct2012ok\" width=\"414\" height=\"480\" class=\"aligncenter size-full wp-image-779\" \/><\/a><\/p>\n<p>Los elementos tradicionales de una ofrenda son el pan, el cual es elaborado con productos de la Tierra; el agua, considerada la fuente de la vida y por la que lucha el esp\u00edritu en contra de la muerte, adem\u00e1s de que sirve para calmar la sed durante el camino; el fuego, el cual purifica y llega a los muertos por medio de las velas del altar; y el viento, que da movimiento al papel picado del altar, alegrando as\u00ed el esp\u00edritu.<\/p>\n<p>En las ofrendas tambi\u00e9n encontramos las flores de cempas\u00fachil y el incienso, que ayudan a los difuntos a encontrar el camino a casa y a sus familiares. Algunos encienden cuatro velas y las colocan en forma de cruz, orientada hacia los cuatro puntos cardinales, que sirven para bendecir los caminos por donde llegar\u00e1 el esp\u00edritu del difunto.<br \/>\nLas casas con ofrenda nueva se reconocen por un camino de flores que se extiende desde el altar hasta la banqueta. Es una forma de avisar que ah\u00ed se espera la llegada de un difunto y que la gente puede pasar, si as\u00ed lo desea, para admirar la ofrenda. A los visitantes se les invita a pasar y son recibidos amablemente con panes, ponche, caf\u00e9 y tamales.<br \/>\n<a href=\"https:\/\/blogs.uninter.edu.mx\/difusioncultural\/wp-content\/uploads\/2012\/10\/img_039111.jpg\"><img decoding=\"async\" src=\"https:\/\/blogs.uninter.edu.mx\/difusioncultural\/wp-content\/uploads\/2012\/10\/img_039111.jpg\" alt=\"\" title=\"img_03911\" width=\"500\" height=\"666\" class=\"aligncenter size-full wp-image-781\" \/><\/a><\/p>\n<p>A cambio de esto, las personas otorgan respeto, afecto y algunas veces llevan velas o flores para el altar, en agradecimiento a las atenciones recibidas.<br \/>\nAunque algunas de las casas con Ofrendas Nuevas son muy humildes, el honor a sus difuntos es grandioso, pues se entregan a ellos por completo, tanto en el aspecto econ\u00f3mico como en el tiempo que les dedican.<\/p>\n<p>Durante dos d\u00edas, se espera con gusto y tristeza la llegada de los difuntos; mientras tanto, tambi\u00e9n los vecinos de lugar realizan visitas y van a comer a las casas donde se colocaron Ofrendas Nuevas.<\/p>\n<p>Estos d\u00edas, en las calles del pueblo se instalan puestos que ofrecen el tradicional pan de muerto, reci\u00e9n preparado y horneado.Otra de las peculiaridades del poblado de Ocotepec es la procesi\u00f3n que se realiza durante las noches del 31 octubre y 1 de noviembre. Todo el pueblo acude al pante\u00f3n, llevan ofrendas a sus difuntos y m\u00e1s tarde se sientan todos a comer a un lado de las tumbas.<\/p>\n<p>Aunque Ocotepec no es un lugar muy conocido por los turistas, su particular forma de celebrar el D\u00eda de Muertos lo convierte en un sitio muy atractivo; ya que los visitantes gozar\u00e1n de los sabores, aromas y colores de esta tradicional festividad mexicana.<\/p>\n","protected":false},"excerpt":{"rendered":"<p>Ocotepec es una localidad del municipio de Cuernavaca en el estado de Morelos. La palabra Ocotepec viene de n\u00e1huatl &#8220;okotepetl&#8221;; en donde &#8220;okotl&#8221; significa &#8220;ocote&#8221; y &#8220;tepetl&#8221; significa &#8220;cerro&#8221;. De modo que el nombre de esta poblaci\u00f3n ind\u00edgena significa \u201cCerro de los Ocotes\u201d.Es un poblado antiguo que se ubica a s\u00f3lo tres minutos de Cuernavaca&hellip;<\/p>\n","protected":false},"author":24,"featured_media":0,"comment_status":"open","ping_status":"open","sticky":false,"template":"","format":"standard","meta":{"_jetpack_memberships_contains_paid_content":false,"footnotes":"","jetpack_publicize_message":"","jetpack_publicize_feature_enabled":true,"jetpack_social_post_already_shared":false,"jetpack_social_options":{"image_generator_settings":{"template":"highway","default_image_id":0,"font":"","enabled":false},"version":2}},"categories":[1],"tags":[],"class_list":["post-776","post","type-post","status-publish","format-standard","hentry","category-sin-categoria"],"yoast_head":"<!-- This site is optimized with the Yoast SEO plugin v26.3 - https:\/\/yoast.com\/wordpress\/plugins\/seo\/ -->\r\n<title>Festejando el D\u00eda de Muertos en Ocotepec, Morelos - Difusi\u00f3n Cultural<\/title>\r\n<meta name=\"robots\" content=\"index, follow, max-snippet:-1, max-image-preview:large, max-video-preview:-1\" \/>\r\n<link rel=\"canonical\" href=\"https:\/\/blogs.uninter.edu.mx\/difusioncultural\/?p=776\" \/>\r\n<meta property=\"og:locale\" content=\"es_MX\" \/>\r\n<meta property=\"og:type\" content=\"article\" \/>\r\n<meta property=\"og:title\" content=\"Festejando el D\u00eda de Muertos en Ocotepec, Morelos - Difusi\u00f3n Cultural\" \/>\r\n<meta property=\"og:description\" content=\"Ocotepec es una localidad del municipio de Cuernavaca en el estado de Morelos. La palabra Ocotepec viene de n\u00e1huatl &#8220;okotepetl&#8221;; en donde &#8220;okotl&#8221; significa &#8220;ocote&#8221; y &#8220;tepetl&#8221; significa &#8220;cerro&#8221;. De modo que el nombre de esta poblaci\u00f3n ind\u00edgena significa \u201cCerro de los Ocotes\u201d.Es un poblado antiguo que se ubica a s\u00f3lo tres minutos de Cuernavaca&hellip;\" \/>\r\n<meta property=\"og:url\" content=\"https:\/\/blogs.uninter.edu.mx\/difusioncultural\/?p=776\" \/>\r\n<meta property=\"og:site_name\" content=\"Difusi\u00f3n Cultural\" \/>\r\n<meta property=\"article:published_time\" content=\"2012-10-26T16:22:16+00:00\" \/>\r\n<meta property=\"og:image\" content=\"https:\/\/blogs.uninter.edu.mx\/difusioncultural\/wp-content\/uploads\/2012\/10\/dia-de-muertos-manolita2oct2012ok.jpg\" \/>\r\n<meta name=\"author\" content=\"Aslhey Alejandra Gonz\u00e1lez Castro\" \/>\r\n<meta name=\"twitter:card\" content=\"summary_large_image\" \/>\r\n<meta name=\"twitter:label1\" content=\"Escrito por\" \/>\n\t<meta name=\"twitter:data1\" content=\"Aslhey Alejandra Gonz\u00e1lez Castro\" \/>\n\t<meta name=\"twitter:label2\" content=\"Tiempo de lectura\" \/>\n\t<meta name=\"twitter:data2\" content=\"3 minutos\" \/>\r\n<script type=\"application\/ld+json\" class=\"yoast-schema-graph\">{\"@context\":\"https:\/\/schema.org\",\"@graph\":[{\"@type\":\"Article\",\"@id\":\"https:\/\/blogs.uninter.edu.mx\/difusioncultural\/?p=776#article\",\"isPartOf\":{\"@id\":\"https:\/\/blogs.uninter.edu.mx\/difusioncultural\/?p=776\"},\"author\":{\"name\":\"Aslhey Alejandra Gonz\u00e1lez Castro\",\"@id\":\"https:\/\/blogs.uninter.edu.mx\/difusioncultural\/#\/schema\/person\/c710e37686022500827405824a08a18c\"},\"headline\":\"Festejando el D\u00eda de Muertos en Ocotepec, Morelos\",\"datePublished\":\"2012-10-26T16:22:16+00:00\",\"mainEntityOfPage\":{\"@id\":\"https:\/\/blogs.uninter.edu.mx\/difusioncultural\/?p=776\"},\"wordCount\":665,\"commentCount\":0,\"publisher\":{\"@id\":\"https:\/\/blogs.uninter.edu.mx\/difusioncultural\/#organization\"},\"image\":{\"@id\":\"https:\/\/blogs.uninter.edu.mx\/difusioncultural\/?p=776#primaryimage\"},\"thumbnailUrl\":\"https:\/\/blogs.uninter.edu.mx\/difusioncultural\/wp-content\/uploads\/2012\/10\/dia-de-muertos-manolita2oct2012ok.jpg\",\"inLanguage\":\"es\",\"potentialAction\":[{\"@type\":\"CommentAction\",\"name\":\"Comment\",\"target\":[\"https:\/\/blogs.uninter.edu.mx\/difusioncultural\/?p=776#respond\"]}]},{\"@type\":\"WebPage\",\"@id\":\"https:\/\/blogs.uninter.edu.mx\/difusioncultural\/?p=776\",\"url\":\"https:\/\/blogs.uninter.edu.mx\/difusioncultural\/?p=776\",\"name\":\"Festejando el D\u00eda de Muertos en Ocotepec, Morelos - Difusi\u00f3n Cultural\",\"isPartOf\":{\"@id\":\"https:\/\/blogs.uninter.edu.mx\/difusioncultural\/#website\"},\"primaryImageOfPage\":{\"@id\":\"https:\/\/blogs.uninter.edu.mx\/difusioncultural\/?p=776#primaryimage\"},\"image\":{\"@id\":\"https:\/\/blogs.uninter.edu.mx\/difusioncultural\/?p=776#primaryimage\"},\"thumbnailUrl\":\"https:\/\/blogs.uninter.edu.mx\/difusioncultural\/wp-content\/uploads\/2012\/10\/dia-de-muertos-manolita2oct2012ok.jpg\",\"datePublished\":\"2012-10-26T16:22:16+00:00\",\"breadcrumb\":{\"@id\":\"https:\/\/blogs.uninter.edu.mx\/difusioncultural\/?p=776#breadcrumb\"},\"inLanguage\":\"es\",\"potentialAction\":[{\"@type\":\"ReadAction\",\"target\":[\"https:\/\/blogs.uninter.edu.mx\/difusioncultural\/?p=776\"]}]},{\"@type\":\"ImageObject\",\"inLanguage\":\"es\",\"@id\":\"https:\/\/blogs.uninter.edu.mx\/difusioncultural\/?p=776#primaryimage\",\"url\":\"https:\/\/blogs.uninter.edu.mx\/difusioncultural\/wp-content\/uploads\/2012\/10\/dia-de-muertos-manolita2oct2012ok.jpg\",\"contentUrl\":\"https:\/\/blogs.uninter.edu.mx\/difusioncultural\/wp-content\/uploads\/2012\/10\/dia-de-muertos-manolita2oct2012ok.jpg\",\"width\":414,\"height\":480},{\"@type\":\"BreadcrumbList\",\"@id\":\"https:\/\/blogs.uninter.edu.mx\/difusioncultural\/?p=776#breadcrumb\",\"itemListElement\":[{\"@type\":\"ListItem\",\"position\":1,\"name\":\"Inicio\",\"item\":\"https:\/\/blogs.uninter.edu.mx\/difusioncultural\/\"},{\"@type\":\"ListItem\",\"position\":2,\"name\":\"Festejando el D\u00eda de Muertos en Ocotepec, Morelos\"}]},{\"@type\":\"WebSite\",\"@id\":\"https:\/\/blogs.uninter.edu.mx\/difusioncultural\/#website\",\"url\":\"https:\/\/blogs.uninter.edu.mx\/difusioncultural\/\",\"name\":\"Difusi\u00f3n Cultural\",\"description\":\"UNINTER\",\"publisher\":{\"@id\":\"https:\/\/blogs.uninter.edu.mx\/difusioncultural\/#organization\"},\"potentialAction\":[{\"@type\":\"SearchAction\",\"target\":{\"@type\":\"EntryPoint\",\"urlTemplate\":\"https:\/\/blogs.uninter.edu.mx\/difusioncultural\/?s={search_term_string}\"},\"query-input\":{\"@type\":\"PropertyValueSpecification\",\"valueRequired\":true,\"valueName\":\"search_term_string\"}}],\"inLanguage\":\"es\"},{\"@type\":\"Organization\",\"@id\":\"https:\/\/blogs.uninter.edu.mx\/difusioncultural\/#organization\",\"name\":\"Difusi\u00f3n Cultural\",\"url\":\"https:\/\/blogs.uninter.edu.mx\/difusioncultural\/\",\"logo\":{\"@type\":\"ImageObject\",\"inLanguage\":\"es\",\"@id\":\"https:\/\/blogs.uninter.edu.mx\/difusioncultural\/#\/schema\/logo\/image\/\",\"url\":\"https:\/\/blogs.uninter.edu.mx\/difusioncultural\/wp-content\/uploads\/2022\/09\/uninter.jpg\",\"contentUrl\":\"https:\/\/blogs.uninter.edu.mx\/difusioncultural\/wp-content\/uploads\/2022\/09\/uninter.jpg\",\"width\":2048,\"height\":2048,\"caption\":\"Difusi\u00f3n Cultural\"},\"image\":{\"@id\":\"https:\/\/blogs.uninter.edu.mx\/difusioncultural\/#\/schema\/logo\/image\/\"}},{\"@type\":\"Person\",\"@id\":\"https:\/\/blogs.uninter.edu.mx\/difusioncultural\/#\/schema\/person\/c710e37686022500827405824a08a18c\",\"name\":\"Aslhey Alejandra Gonz\u00e1lez Castro\",\"image\":{\"@type\":\"ImageObject\",\"inLanguage\":\"es\",\"@id\":\"https:\/\/blogs.uninter.edu.mx\/difusioncultural\/#\/schema\/person\/image\/\",\"url\":\"https:\/\/secure.gravatar.com\/avatar\/1905d6ed47b47ccbfb53e4b64f72f2017309e25d96ef418088d4f998ecf6552e?s=96&d=mm&r=g\",\"contentUrl\":\"https:\/\/secure.gravatar.com\/avatar\/1905d6ed47b47ccbfb53e4b64f72f2017309e25d96ef418088d4f998ecf6552e?s=96&d=mm&r=g\",\"caption\":\"Aslhey Alejandra Gonz\u00e1lez Castro\"},\"url\":\"https:\/\/blogs.uninter.edu.mx\/difusioncultural\/?author=24\"}]}<\/script>\r\n<!-- \/ Yoast SEO plugin. -->","yoast_head_json":{"title":"Festejando el D\u00eda de Muertos en Ocotepec, Morelos - Difusi\u00f3n Cultural","robots":{"index":"index","follow":"follow","max-snippet":"max-snippet:-1","max-image-preview":"max-image-preview:large","max-video-preview":"max-video-preview:-1"},"canonical":"https:\/\/blogs.uninter.edu.mx\/difusioncultural\/?p=776","og_locale":"es_MX","og_type":"article","og_title":"Festejando el D\u00eda de Muertos en Ocotepec, Morelos - Difusi\u00f3n Cultural","og_description":"Ocotepec es una localidad del municipio de Cuernavaca en el estado de Morelos. La palabra Ocotepec viene de n\u00e1huatl &#8220;okotepetl&#8221;; en donde &#8220;okotl&#8221; significa &#8220;ocote&#8221; y &#8220;tepetl&#8221; significa &#8220;cerro&#8221;. De modo que el nombre de esta poblaci\u00f3n ind\u00edgena significa \u201cCerro de los Ocotes\u201d.Es un poblado antiguo que se ubica a s\u00f3lo tres minutos de Cuernavaca&hellip;","og_url":"https:\/\/blogs.uninter.edu.mx\/difusioncultural\/?p=776","og_site_name":"Difusi\u00f3n Cultural","article_published_time":"2012-10-26T16:22:16+00:00","og_image":[{"url":"https:\/\/blogs.uninter.edu.mx\/difusioncultural\/wp-content\/uploads\/2012\/10\/dia-de-muertos-manolita2oct2012ok.jpg","type":"","width":"","height":""}],"author":"Aslhey Alejandra Gonz\u00e1lez Castro","twitter_card":"summary_large_image","twitter_misc":{"Escrito por":"Aslhey Alejandra Gonz\u00e1lez Castro","Tiempo de lectura":"3 minutos"},"schema":{"@context":"https:\/\/schema.org","@graph":[{"@type":"Article","@id":"https:\/\/blogs.uninter.edu.mx\/difusioncultural\/?p=776#article","isPartOf":{"@id":"https:\/\/blogs.uninter.edu.mx\/difusioncultural\/?p=776"},"author":{"name":"Aslhey Alejandra Gonz\u00e1lez Castro","@id":"https:\/\/blogs.uninter.edu.mx\/difusioncultural\/#\/schema\/person\/c710e37686022500827405824a08a18c"},"headline":"Festejando el D\u00eda de Muertos en Ocotepec, Morelos","datePublished":"2012-10-26T16:22:16+00:00","mainEntityOfPage":{"@id":"https:\/\/blogs.uninter.edu.mx\/difusioncultural\/?p=776"},"wordCount":665,"commentCount":0,"publisher":{"@id":"https:\/\/blogs.uninter.edu.mx\/difusioncultural\/#organization"},"image":{"@id":"https:\/\/blogs.uninter.edu.mx\/difusioncultural\/?p=776#primaryimage"},"thumbnailUrl":"https:\/\/blogs.uninter.edu.mx\/difusioncultural\/wp-content\/uploads\/2012\/10\/dia-de-muertos-manolita2oct2012ok.jpg","inLanguage":"es","potentialAction":[{"@type":"CommentAction","name":"Comment","target":["https:\/\/blogs.uninter.edu.mx\/difusioncultural\/?p=776#respond"]}]},{"@type":"WebPage","@id":"https:\/\/blogs.uninter.edu.mx\/difusioncultural\/?p=776","url":"https:\/\/blogs.uninter.edu.mx\/difusioncultural\/?p=776","name":"Festejando el D\u00eda de Muertos en Ocotepec, Morelos - Difusi\u00f3n Cultural","isPartOf":{"@id":"https:\/\/blogs.uninter.edu.mx\/difusioncultural\/#website"},"primaryImageOfPage":{"@id":"https:\/\/blogs.uninter.edu.mx\/difusioncultural\/?p=776#primaryimage"},"image":{"@id":"https:\/\/blogs.uninter.edu.mx\/difusioncultural\/?p=776#primaryimage"},"thumbnailUrl":"https:\/\/blogs.uninter.edu.mx\/difusioncultural\/wp-content\/uploads\/2012\/10\/dia-de-muertos-manolita2oct2012ok.jpg","datePublished":"2012-10-26T16:22:16+00:00","breadcrumb":{"@id":"https:\/\/blogs.uninter.edu.mx\/difusioncultural\/?p=776#breadcrumb"},"inLanguage":"es","potentialAction":[{"@type":"ReadAction","target":["https:\/\/blogs.uninter.edu.mx\/difusioncultural\/?p=776"]}]},{"@type":"ImageObject","inLanguage":"es","@id":"https:\/\/blogs.uninter.edu.mx\/difusioncultural\/?p=776#primaryimage","url":"https:\/\/blogs.uninter.edu.mx\/difusioncultural\/wp-content\/uploads\/2012\/10\/dia-de-muertos-manolita2oct2012ok.jpg","contentUrl":"https:\/\/blogs.uninter.edu.mx\/difusioncultural\/wp-content\/uploads\/2012\/10\/dia-de-muertos-manolita2oct2012ok.jpg","width":414,"height":480},{"@type":"BreadcrumbList","@id":"https:\/\/blogs.uninter.edu.mx\/difusioncultural\/?p=776#breadcrumb","itemListElement":[{"@type":"ListItem","position":1,"name":"Inicio","item":"https:\/\/blogs.uninter.edu.mx\/difusioncultural\/"},{"@type":"ListItem","position":2,"name":"Festejando el D\u00eda de Muertos en Ocotepec, Morelos"}]},{"@type":"WebSite","@id":"https:\/\/blogs.uninter.edu.mx\/difusioncultural\/#website","url":"https:\/\/blogs.uninter.edu.mx\/difusioncultural\/","name":"Difusi\u00f3n Cultural","description":"UNINTER","publisher":{"@id":"https:\/\/blogs.uninter.edu.mx\/difusioncultural\/#organization"},"potentialAction":[{"@type":"SearchAction","target":{"@type":"EntryPoint","urlTemplate":"https:\/\/blogs.uninter.edu.mx\/difusioncultural\/?s={search_term_string}"},"query-input":{"@type":"PropertyValueSpecification","valueRequired":true,"valueName":"search_term_string"}}],"inLanguage":"es"},{"@type":"Organization","@id":"https:\/\/blogs.uninter.edu.mx\/difusioncultural\/#organization","name":"Difusi\u00f3n Cultural","url":"https:\/\/blogs.uninter.edu.mx\/difusioncultural\/","logo":{"@type":"ImageObject","inLanguage":"es","@id":"https:\/\/blogs.uninter.edu.mx\/difusioncultural\/#\/schema\/logo\/image\/","url":"https:\/\/blogs.uninter.edu.mx\/difusioncultural\/wp-content\/uploads\/2022\/09\/uninter.jpg","contentUrl":"https:\/\/blogs.uninter.edu.mx\/difusioncultural\/wp-content\/uploads\/2022\/09\/uninter.jpg","width":2048,"height":2048,"caption":"Difusi\u00f3n Cultural"},"image":{"@id":"https:\/\/blogs.uninter.edu.mx\/difusioncultural\/#\/schema\/logo\/image\/"}},{"@type":"Person","@id":"https:\/\/blogs.uninter.edu.mx\/difusioncultural\/#\/schema\/person\/c710e37686022500827405824a08a18c","name":"Aslhey Alejandra Gonz\u00e1lez Castro","image":{"@type":"ImageObject","inLanguage":"es","@id":"https:\/\/blogs.uninter.edu.mx\/difusioncultural\/#\/schema\/person\/image\/","url":"https:\/\/secure.gravatar.com\/avatar\/1905d6ed47b47ccbfb53e4b64f72f2017309e25d96ef418088d4f998ecf6552e?s=96&d=mm&r=g","contentUrl":"https:\/\/secure.gravatar.com\/avatar\/1905d6ed47b47ccbfb53e4b64f72f2017309e25d96ef418088d4f998ecf6552e?s=96&d=mm&r=g","caption":"Aslhey Alejandra Gonz\u00e1lez Castro"},"url":"https:\/\/blogs.uninter.edu.mx\/difusioncultural\/?author=24"}]}},"jetpack_publicize_connections":[],"jetpack_featured_media_url":"","jetpack_sharing_enabled":true,"_links":{"self":[{"href":"https:\/\/blogs.uninter.edu.mx\/difusioncultural\/index.php?rest_route=\/wp\/v2\/posts\/776","targetHints":{"allow":["GET"]}}],"collection":[{"href":"https:\/\/blogs.uninter.edu.mx\/difusioncultural\/index.php?rest_route=\/wp\/v2\/posts"}],"about":[{"href":"https:\/\/blogs.uninter.edu.mx\/difusioncultural\/index.php?rest_route=\/wp\/v2\/types\/post"}],"author":[{"embeddable":true,"href":"https:\/\/blogs.uninter.edu.mx\/difusioncultural\/index.php?rest_route=\/wp\/v2\/users\/24"}],"replies":[{"embeddable":true,"href":"https:\/\/blogs.uninter.edu.mx\/difusioncultural\/index.php?rest_route=%2Fwp%2Fv2%2Fcomments&post=776"}],"version-history":[{"count":0,"href":"https:\/\/blogs.uninter.edu.mx\/difusioncultural\/index.php?rest_route=\/wp\/v2\/posts\/776\/revisions"}],"wp:attachment":[{"href":"https:\/\/blogs.uninter.edu.mx\/difusioncultural\/index.php?rest_route=%2Fwp%2Fv2%2Fmedia&parent=776"}],"wp:term":[{"taxonomy":"category","embeddable":true,"href":"https:\/\/blogs.uninter.edu.mx\/difusioncultural\/index.php?rest_route=%2Fwp%2Fv2%2Fcategories&post=776"},{"taxonomy":"post_tag","embeddable":true,"href":"https:\/\/blogs.uninter.edu.mx\/difusioncultural\/index.php?rest_route=%2Fwp%2Fv2%2Ftags&post=776"}],"curies":[{"name":"wp","href":"https:\/\/api.w.org\/{rel}","templated":true}]}}