{"id":7770,"date":"2020-12-19T19:53:36","date_gmt":"2020-12-20T01:53:36","guid":{"rendered":"https:\/\/difusionculturaluninter.wordpress.com\/?p=7770"},"modified":"2020-12-19T19:53:36","modified_gmt":"2020-12-20T01:53:36","slug":"19-de-diciembre-de-1883-nace-antonio-caso","status":"publish","type":"post","link":"https:\/\/blogs.uninter.edu.mx\/difusioncultural\/?p=7770","title":{"rendered":"19 de diciembre de 1883, nace Antonio Caso"},"content":{"rendered":"\n<h3 class=\"wp-block-heading\"><q>La existencia puede considerarse desde diversos puntos de vista. El ensayo de s\u00edntesis de estos diversos puntos de vista, es lo que constituye la Filosof\u00eda<\/q><\/h3>\n\n\n\n<figure class=\"wp-block-image\"><img decoding=\"async\" src=\"https:\/\/colnal.mx\/wp-content\/uploads\/2019\/08\/Antonio-Caso-por-Jose%CC%81-Clemente-Orozco_Archivo-Colegio-Nacional_foto-de-Francisco-Kochen.jpg\" alt=\"\" \/><\/figure>\n\n\n\n<h5 class=\"wp-block-heading\">Fil\u00f3sofo. Cofundador en 1906 de la revista\u00a0<em>Savia Moderna<\/em>, a la que poco despu\u00e9s se unieron Alfonso Reyes y Jos\u00e9 Vasconcelos. Un a\u00f1o despu\u00e9s fundaron el\u00a0<em>Ateneo de la Juventud<\/em>. Puso a sus disc\u00edpulos al corriente de todas las doctrinas, sin imponerles un sistema filos\u00f3fico. Fue rector de la Universidad Nacional (1921-1923) y entre sus obras destaca\u00a0<em>La existencia como econom\u00eda, como desinter\u00e9s y como caridad<\/em>\u00a0(1916). Sus restos descansan en la Rotonda de las Personas Ilustres del Pante\u00f3n Civil de Dolores. Miembro fundador de El Colegio Nacional el 15 de mayo de 1943.<\/h5>\n\n\n\n<p>Antonio Caso Andrade, abogado, profesor, escritor y fil\u00f3sofo, naci\u00f3 en la Ciudad de M\u00e9xico el 19 de diciembre de 1883. Realiz\u00f3 sus estudios en las escuelas Nacional Preparatoria y Nacional de Jurisprudencia, obtuvo el t\u00edtulo de licenciado en derecho, aunque su vocaci\u00f3n lo llev\u00f3 a consagrarse al cultivo de la filosof\u00eda, la sociolog\u00eda, las letras y la est\u00e9tica.<\/p>\n\n\n\n<p>En 1906 fund\u00f3 la revista&nbsp;<em>Savia Moderna<\/em>, junto con Pedro y Max Henr\u00edquez Ure\u00f1a, Jes\u00fas T. Acevedo, Ricardo G\u00f3mez Robelo, Roberto Arg\u00fcelles Bringas, Rafael L\u00f3pez, Carlos Gonz\u00e1lez Pe\u00f1a y Manuel Bringas, bajo la direcci\u00f3n de Alfonso Cravioto y Luis Castillo Led\u00f3n; poco despu\u00e9s se unieron presencias decisivas: Alfonso Reyes y Jos\u00e9 Vasconcelos. La revista se disolvi\u00f3 al a\u00f1o siguiente, y alentados por Pedro Henr\u00edquez Ure\u00f1a, fundaron el&nbsp;<em>Ateneo de la Juventud<\/em>, cuya labor cultural se dirigi\u00f3 a combatir las limitaciones de la corriente positivista en M\u00e9xico. Esta lucha de los atene\u00edstas llev\u00f3 a Reyes, Caso y Henr\u00edquez Ure\u00f1a a fundar, en 1912, la Universidad Popular con el fin de fomentar la cultura en el proletariado.<\/p>\n\n\n\n<p>El&nbsp;<em>Ateneo<\/em>&nbsp;se desintegr\u00f3 en 1914, pero su labor no fue en vano: la Escuela Nacional Preparatoria adopto, poco despu\u00e9s, un plan de estudios con las humanidades como materias obligatorias. En 1915 Caso ocup\u00f3 la direcci\u00f3n de dicha instituci\u00f3n y comenz\u00f3 una serie de conferencias sobre el cristianismo en la Universidad Popular.<\/p>\n\n\n\n<p>Desde joven y hasta poco antes de su muerte se dedic\u00f3 al magisterio, explic\u00f3 las c\u00e1tedras de filosof\u00eda, \u00e9tica, l\u00f3gica, est\u00e9tica, filosof\u00eda de la historia y sociolog\u00eda en las escuelas Preparatoria, de Jurisprudencia y de Altos Estudios (hoy Facultad de Filosof\u00eda y Letras de la Universidad Nacional Aut\u00f3noma de M\u00e9xico). \u2028Su influencia en las aulas por m\u00e1s de 30 a\u00f1os fue muy saludable: puso a sus disc\u00edpulos al corriente de todas las doctrinas, sin imponerles un sistema filos\u00f3fico. Fue el primero en dar a conocer el intuicionismo filos\u00f3fico de Bergson, las tesis de Spengler, la fenomenolog\u00eda de Husserl, el neotomismo de Maritain, el existencialismo y el historicismo de Dilthey.<\/p>\n\n\n\n<p>Fue secretario de la Universidad Nacional en 1910, director de la Escuela Nacional Preparatoria en 1915, rector de la propia Universidad Nacional (1920-1923) y director de la Facultad de Filosof\u00eda y Letras en varias ocasiones.<\/p>\n\n\n\n<p>Defendi\u00f3 la autonom\u00eda universitaria y la libertad de c\u00e1tedra. Fue miembro de la Academia Mexicana de la Lengua y, en 1943, fue miembro fundador de El Colegio Nacional.<\/p>\n\n\n\n<p>En 1920 viaj\u00f3 como embajador extraordinario a Per\u00fa, Chile, Argentina, Uruguay y Brasil. Las universidades de La Habana, Lima, Guatemala, Buenos Aires y R\u00edo de Janeiro le otorgaron el t\u00edtulo de doctor<em>&nbsp;honoris causa<\/em>. Se hizo acreedor a distintas condecoraciones: Caballero de la Legi\u00f3n de Honor, en Francia; Gran Cruz de la Orden del Sol, en el Per\u00fa; Cruz de la Orden al M\u00e9rito, de Primera Clase, en Chile; Oficial de las Palmas Acad\u00e9micas, en Francia; Medalla Goethe f\u00fcr Kunst und Wissenschaft, en Alemania; Medalla del Centenario, del Per\u00fa, y Medalla de Hostos. A lo largo de su vida recibi\u00f3 numerosos nombramientos honor\u00edficos y se asoci\u00f3 a altas corporaciones intelectuales: profesor em\u00e9rito de la UNAM; director honorario de la Facultad de Filosof\u00eda y Letras; socio del Instituto Internacional de Sociolog\u00eda de Par\u00eds; miembro honorario de la Academia de la Historia de Buenos Aires, del Ateneo de Santiago de Chile, de la Sociedad de Geograf\u00eda de Lima, de la Sociedad Nacional de Abogados de M\u00e9xico y de la Sociedad de Geograf\u00eda y Estad\u00edstica de M\u00e9xico; miembro de la Academia Hispanoamericana de C\u00e1diz; miembro correspondiente de las Academias de Historia de Colombia, de Letras de La Habana y de la Sociedad de Geograf\u00eda e Historia de Costa Rica; socio fundador de la Academia Mexicana de Jurisprudencia y Legislaci\u00f3n; presidente del Conservatorio Nacional de M\u00fasica y Declamaci\u00f3n y presidente del Consejo de la Universidad Femenina de M\u00e9xico.<\/p>\n\n\n\n<p>Su obra es abundante, y entre ella podemos mencionar&nbsp;<em>La existencia como econom\u00eda, como desinter\u00e9s y como caridad<\/em>&nbsp;(1916; 2a. ed. 1919; 3a. ed. 1943),&nbsp;<em>Discurso a la naci\u00f3n mexicana<\/em>&nbsp;(1922),&nbsp;<em>El concepto de la historia universal en la filosof\u00eda de los valores<\/em>&nbsp;(1923),&nbsp;<em>El problema de M\u00e9xico y la ideolog\u00eda nacional<\/em>&nbsp;(1924),&nbsp;<em>Positivismo, neopositivismo y fenomenolog\u00eda<\/em>&nbsp;(1941), y&nbsp;<em>La persona humana y el Estado totalitario<\/em>&nbsp;(1941). Dej\u00f3, adem\u00e1s, dos obras de versos:&nbsp;<em>Crispopeya<\/em>&nbsp;(1931) y&nbsp;<em>El pol\u00edptico de los d\u00edas del mar<\/em>&nbsp;(1935).<\/p>\n\n\n\n<p>Antonio Caso Andrade tom\u00f3 posesi\u00f3n como miembro fundador de El Colegio Nacional el 15 de mayo de 1943.<\/p>\n\n\n\n<p>Muri\u00f3 el 6 de marzo de 1946 en su ciudad natal. Sus restos descansan en la Rotonda de las Personas Ilustres del Pante\u00f3n Civil de Dolores.<\/p>\n","protected":false},"excerpt":{"rendered":"<p>La existencia puede considerarse desde diversos puntos de vista. El ensayo de s\u00edntesis de estos diversos puntos de vista, es lo que constituye la Filosof\u00eda Fil\u00f3sofo. Cofundador en 1906 de la revista\u00a0Savia Moderna, a la que poco despu\u00e9s se unieron Alfonso Reyes y Jos\u00e9 Vasconcelos. Un a\u00f1o despu\u00e9s fundaron el\u00a0Ateneo de la Juventud. Puso a&hellip;<\/p>\n","protected":false},"author":1,"featured_media":7772,"comment_status":"closed","ping_status":"open","sticky":false,"template":"","format":"standard","meta":{"_jetpack_memberships_contains_paid_content":false,"footnotes":"","jetpack_publicize_message":"","jetpack_publicize_feature_enabled":true,"jetpack_social_post_already_shared":false,"jetpack_social_options":{"image_generator_settings":{"template":"highway","default_image_id":0,"font":"","enabled":false},"version":2}},"categories":[1],"tags":[],"class_list":["post-7770","post","type-post","status-publish","format-standard","has-post-thumbnail","hentry","category-sin-categoria"],"yoast_head":"<!-- This site is optimized with the Yoast SEO plugin v26.3 - https:\/\/yoast.com\/wordpress\/plugins\/seo\/ -->\r\n<title>19 de diciembre de 1883, nace Antonio Caso - Difusi\u00f3n Cultural<\/title>\r\n<meta name=\"robots\" content=\"index, follow, max-snippet:-1, max-image-preview:large, max-video-preview:-1\" \/>\r\n<link rel=\"canonical\" href=\"https:\/\/blogs.uninter.edu.mx\/difusioncultural\/?p=7770\" \/>\r\n<meta property=\"og:locale\" content=\"es_MX\" \/>\r\n<meta property=\"og:type\" content=\"article\" \/>\r\n<meta property=\"og:title\" content=\"19 de diciembre de 1883, nace Antonio Caso - Difusi\u00f3n Cultural\" \/>\r\n<meta property=\"og:description\" content=\"La existencia puede considerarse desde diversos puntos de vista. El ensayo de s\u00edntesis de estos diversos puntos de vista, es lo que constituye la Filosof\u00eda Fil\u00f3sofo. Cofundador en 1906 de la revista\u00a0Savia Moderna, a la que poco despu\u00e9s se unieron Alfonso Reyes y Jos\u00e9 Vasconcelos. Un a\u00f1o despu\u00e9s fundaron el\u00a0Ateneo de la Juventud. Puso a&hellip;\" \/>\r\n<meta property=\"og:url\" content=\"https:\/\/blogs.uninter.edu.mx\/difusioncultural\/?p=7770\" \/>\r\n<meta property=\"og:site_name\" content=\"Difusi\u00f3n Cultural\" \/>\r\n<meta property=\"article:published_time\" content=\"2020-12-20T01:53:36+00:00\" \/>\r\n<meta property=\"og:image\" content=\"https:\/\/blogs.uninter.edu.mx\/difusioncultural\/wp-content\/uploads\/2020\/12\/antonio.jpg\" \/>\r\n\t<meta property=\"og:image:width\" content=\"340\" \/>\r\n\t<meta property=\"og:image:height\" content=\"510\" \/>\r\n\t<meta property=\"og:image:type\" content=\"image\/jpeg\" \/>\r\n<meta name=\"author\" content=\"webmaster\" \/>\r\n<meta name=\"twitter:card\" content=\"summary_large_image\" \/>\r\n<meta name=\"twitter:label1\" content=\"Escrito por\" \/>\n\t<meta name=\"twitter:data1\" content=\"webmaster\" \/>\n\t<meta name=\"twitter:label2\" content=\"Tiempo de lectura\" \/>\n\t<meta name=\"twitter:data2\" content=\"5 minutos\" \/>\r\n<script type=\"application\/ld+json\" class=\"yoast-schema-graph\">{\"@context\":\"https:\/\/schema.org\",\"@graph\":[{\"@type\":\"Article\",\"@id\":\"https:\/\/blogs.uninter.edu.mx\/difusioncultural\/?p=7770#article\",\"isPartOf\":{\"@id\":\"https:\/\/blogs.uninter.edu.mx\/difusioncultural\/?p=7770\"},\"author\":{\"name\":\"webmaster\",\"@id\":\"https:\/\/blogs.uninter.edu.mx\/difusioncultural\/#\/schema\/person\/37a0926f4dd300a814993fd595abdc4a\"},\"headline\":\"19 de diciembre de 1883, nace Antonio Caso\",\"datePublished\":\"2020-12-20T01:53:36+00:00\",\"mainEntityOfPage\":{\"@id\":\"https:\/\/blogs.uninter.edu.mx\/difusioncultural\/?p=7770\"},\"wordCount\":967,\"publisher\":{\"@id\":\"https:\/\/blogs.uninter.edu.mx\/difusioncultural\/#organization\"},\"image\":{\"@id\":\"https:\/\/blogs.uninter.edu.mx\/difusioncultural\/?p=7770#primaryimage\"},\"thumbnailUrl\":\"https:\/\/blogs.uninter.edu.mx\/difusioncultural\/wp-content\/uploads\/2020\/12\/antonio.jpg\",\"inLanguage\":\"es\"},{\"@type\":\"WebPage\",\"@id\":\"https:\/\/blogs.uninter.edu.mx\/difusioncultural\/?p=7770\",\"url\":\"https:\/\/blogs.uninter.edu.mx\/difusioncultural\/?p=7770\",\"name\":\"19 de diciembre de 1883, nace Antonio Caso - Difusi\u00f3n Cultural\",\"isPartOf\":{\"@id\":\"https:\/\/blogs.uninter.edu.mx\/difusioncultural\/#website\"},\"primaryImageOfPage\":{\"@id\":\"https:\/\/blogs.uninter.edu.mx\/difusioncultural\/?p=7770#primaryimage\"},\"image\":{\"@id\":\"https:\/\/blogs.uninter.edu.mx\/difusioncultural\/?p=7770#primaryimage\"},\"thumbnailUrl\":\"https:\/\/blogs.uninter.edu.mx\/difusioncultural\/wp-content\/uploads\/2020\/12\/antonio.jpg\",\"datePublished\":\"2020-12-20T01:53:36+00:00\",\"breadcrumb\":{\"@id\":\"https:\/\/blogs.uninter.edu.mx\/difusioncultural\/?p=7770#breadcrumb\"},\"inLanguage\":\"es\",\"potentialAction\":[{\"@type\":\"ReadAction\",\"target\":[\"https:\/\/blogs.uninter.edu.mx\/difusioncultural\/?p=7770\"]}]},{\"@type\":\"ImageObject\",\"inLanguage\":\"es\",\"@id\":\"https:\/\/blogs.uninter.edu.mx\/difusioncultural\/?p=7770#primaryimage\",\"url\":\"https:\/\/blogs.uninter.edu.mx\/difusioncultural\/wp-content\/uploads\/2020\/12\/antonio.jpg\",\"contentUrl\":\"https:\/\/blogs.uninter.edu.mx\/difusioncultural\/wp-content\/uploads\/2020\/12\/antonio.jpg\",\"width\":340,\"height\":510},{\"@type\":\"BreadcrumbList\",\"@id\":\"https:\/\/blogs.uninter.edu.mx\/difusioncultural\/?p=7770#breadcrumb\",\"itemListElement\":[{\"@type\":\"ListItem\",\"position\":1,\"name\":\"Inicio\",\"item\":\"https:\/\/blogs.uninter.edu.mx\/difusioncultural\/\"},{\"@type\":\"ListItem\",\"position\":2,\"name\":\"19 de diciembre de 1883, nace Antonio Caso\"}]},{\"@type\":\"WebSite\",\"@id\":\"https:\/\/blogs.uninter.edu.mx\/difusioncultural\/#website\",\"url\":\"https:\/\/blogs.uninter.edu.mx\/difusioncultural\/\",\"name\":\"Difusi\u00f3n Cultural\",\"description\":\"UNINTER\",\"publisher\":{\"@id\":\"https:\/\/blogs.uninter.edu.mx\/difusioncultural\/#organization\"},\"potentialAction\":[{\"@type\":\"SearchAction\",\"target\":{\"@type\":\"EntryPoint\",\"urlTemplate\":\"https:\/\/blogs.uninter.edu.mx\/difusioncultural\/?s={search_term_string}\"},\"query-input\":{\"@type\":\"PropertyValueSpecification\",\"valueRequired\":true,\"valueName\":\"search_term_string\"}}],\"inLanguage\":\"es\"},{\"@type\":\"Organization\",\"@id\":\"https:\/\/blogs.uninter.edu.mx\/difusioncultural\/#organization\",\"name\":\"Difusi\u00f3n Cultural\",\"url\":\"https:\/\/blogs.uninter.edu.mx\/difusioncultural\/\",\"logo\":{\"@type\":\"ImageObject\",\"inLanguage\":\"es\",\"@id\":\"https:\/\/blogs.uninter.edu.mx\/difusioncultural\/#\/schema\/logo\/image\/\",\"url\":\"https:\/\/blogs.uninter.edu.mx\/difusioncultural\/wp-content\/uploads\/2022\/09\/uninter.jpg\",\"contentUrl\":\"https:\/\/blogs.uninter.edu.mx\/difusioncultural\/wp-content\/uploads\/2022\/09\/uninter.jpg\",\"width\":2048,\"height\":2048,\"caption\":\"Difusi\u00f3n Cultural\"},\"image\":{\"@id\":\"https:\/\/blogs.uninter.edu.mx\/difusioncultural\/#\/schema\/logo\/image\/\"}},{\"@type\":\"Person\",\"@id\":\"https:\/\/blogs.uninter.edu.mx\/difusioncultural\/#\/schema\/person\/37a0926f4dd300a814993fd595abdc4a\",\"name\":\"webmaster\",\"image\":{\"@type\":\"ImageObject\",\"inLanguage\":\"es\",\"@id\":\"https:\/\/blogs.uninter.edu.mx\/difusioncultural\/#\/schema\/person\/image\/\",\"url\":\"https:\/\/secure.gravatar.com\/avatar\/a59c276b01147463ef3aab4118e3137ebc5e1ad6700deb39ccdf8b89e517f7dc?s=96&d=mm&r=g\",\"contentUrl\":\"https:\/\/secure.gravatar.com\/avatar\/a59c276b01147463ef3aab4118e3137ebc5e1ad6700deb39ccdf8b89e517f7dc?s=96&d=mm&r=g\",\"caption\":\"webmaster\"},\"sameAs\":[\"https:\/\/blogs.uninter.edu.mx\/difusioncultural\"],\"url\":\"https:\/\/blogs.uninter.edu.mx\/difusioncultural\/?author=1\"}]}<\/script>\r\n<!-- \/ Yoast SEO plugin. -->","yoast_head_json":{"title":"19 de diciembre de 1883, nace Antonio Caso - Difusi\u00f3n Cultural","robots":{"index":"index","follow":"follow","max-snippet":"max-snippet:-1","max-image-preview":"max-image-preview:large","max-video-preview":"max-video-preview:-1"},"canonical":"https:\/\/blogs.uninter.edu.mx\/difusioncultural\/?p=7770","og_locale":"es_MX","og_type":"article","og_title":"19 de diciembre de 1883, nace Antonio Caso - Difusi\u00f3n Cultural","og_description":"La existencia puede considerarse desde diversos puntos de vista. El ensayo de s\u00edntesis de estos diversos puntos de vista, es lo que constituye la Filosof\u00eda Fil\u00f3sofo. Cofundador en 1906 de la revista\u00a0Savia Moderna, a la que poco despu\u00e9s se unieron Alfonso Reyes y Jos\u00e9 Vasconcelos. Un a\u00f1o despu\u00e9s fundaron el\u00a0Ateneo de la Juventud. Puso a&hellip;","og_url":"https:\/\/blogs.uninter.edu.mx\/difusioncultural\/?p=7770","og_site_name":"Difusi\u00f3n Cultural","article_published_time":"2020-12-20T01:53:36+00:00","og_image":[{"width":340,"height":510,"url":"https:\/\/blogs.uninter.edu.mx\/difusioncultural\/wp-content\/uploads\/2020\/12\/antonio.jpg","type":"image\/jpeg"}],"author":"webmaster","twitter_card":"summary_large_image","twitter_misc":{"Escrito por":"webmaster","Tiempo de lectura":"5 minutos"},"schema":{"@context":"https:\/\/schema.org","@graph":[{"@type":"Article","@id":"https:\/\/blogs.uninter.edu.mx\/difusioncultural\/?p=7770#article","isPartOf":{"@id":"https:\/\/blogs.uninter.edu.mx\/difusioncultural\/?p=7770"},"author":{"name":"webmaster","@id":"https:\/\/blogs.uninter.edu.mx\/difusioncultural\/#\/schema\/person\/37a0926f4dd300a814993fd595abdc4a"},"headline":"19 de diciembre de 1883, nace Antonio Caso","datePublished":"2020-12-20T01:53:36+00:00","mainEntityOfPage":{"@id":"https:\/\/blogs.uninter.edu.mx\/difusioncultural\/?p=7770"},"wordCount":967,"publisher":{"@id":"https:\/\/blogs.uninter.edu.mx\/difusioncultural\/#organization"},"image":{"@id":"https:\/\/blogs.uninter.edu.mx\/difusioncultural\/?p=7770#primaryimage"},"thumbnailUrl":"https:\/\/blogs.uninter.edu.mx\/difusioncultural\/wp-content\/uploads\/2020\/12\/antonio.jpg","inLanguage":"es"},{"@type":"WebPage","@id":"https:\/\/blogs.uninter.edu.mx\/difusioncultural\/?p=7770","url":"https:\/\/blogs.uninter.edu.mx\/difusioncultural\/?p=7770","name":"19 de diciembre de 1883, nace Antonio Caso - Difusi\u00f3n Cultural","isPartOf":{"@id":"https:\/\/blogs.uninter.edu.mx\/difusioncultural\/#website"},"primaryImageOfPage":{"@id":"https:\/\/blogs.uninter.edu.mx\/difusioncultural\/?p=7770#primaryimage"},"image":{"@id":"https:\/\/blogs.uninter.edu.mx\/difusioncultural\/?p=7770#primaryimage"},"thumbnailUrl":"https:\/\/blogs.uninter.edu.mx\/difusioncultural\/wp-content\/uploads\/2020\/12\/antonio.jpg","datePublished":"2020-12-20T01:53:36+00:00","breadcrumb":{"@id":"https:\/\/blogs.uninter.edu.mx\/difusioncultural\/?p=7770#breadcrumb"},"inLanguage":"es","potentialAction":[{"@type":"ReadAction","target":["https:\/\/blogs.uninter.edu.mx\/difusioncultural\/?p=7770"]}]},{"@type":"ImageObject","inLanguage":"es","@id":"https:\/\/blogs.uninter.edu.mx\/difusioncultural\/?p=7770#primaryimage","url":"https:\/\/blogs.uninter.edu.mx\/difusioncultural\/wp-content\/uploads\/2020\/12\/antonio.jpg","contentUrl":"https:\/\/blogs.uninter.edu.mx\/difusioncultural\/wp-content\/uploads\/2020\/12\/antonio.jpg","width":340,"height":510},{"@type":"BreadcrumbList","@id":"https:\/\/blogs.uninter.edu.mx\/difusioncultural\/?p=7770#breadcrumb","itemListElement":[{"@type":"ListItem","position":1,"name":"Inicio","item":"https:\/\/blogs.uninter.edu.mx\/difusioncultural\/"},{"@type":"ListItem","position":2,"name":"19 de diciembre de 1883, nace Antonio Caso"}]},{"@type":"WebSite","@id":"https:\/\/blogs.uninter.edu.mx\/difusioncultural\/#website","url":"https:\/\/blogs.uninter.edu.mx\/difusioncultural\/","name":"Difusi\u00f3n Cultural","description":"UNINTER","publisher":{"@id":"https:\/\/blogs.uninter.edu.mx\/difusioncultural\/#organization"},"potentialAction":[{"@type":"SearchAction","target":{"@type":"EntryPoint","urlTemplate":"https:\/\/blogs.uninter.edu.mx\/difusioncultural\/?s={search_term_string}"},"query-input":{"@type":"PropertyValueSpecification","valueRequired":true,"valueName":"search_term_string"}}],"inLanguage":"es"},{"@type":"Organization","@id":"https:\/\/blogs.uninter.edu.mx\/difusioncultural\/#organization","name":"Difusi\u00f3n Cultural","url":"https:\/\/blogs.uninter.edu.mx\/difusioncultural\/","logo":{"@type":"ImageObject","inLanguage":"es","@id":"https:\/\/blogs.uninter.edu.mx\/difusioncultural\/#\/schema\/logo\/image\/","url":"https:\/\/blogs.uninter.edu.mx\/difusioncultural\/wp-content\/uploads\/2022\/09\/uninter.jpg","contentUrl":"https:\/\/blogs.uninter.edu.mx\/difusioncultural\/wp-content\/uploads\/2022\/09\/uninter.jpg","width":2048,"height":2048,"caption":"Difusi\u00f3n Cultural"},"image":{"@id":"https:\/\/blogs.uninter.edu.mx\/difusioncultural\/#\/schema\/logo\/image\/"}},{"@type":"Person","@id":"https:\/\/blogs.uninter.edu.mx\/difusioncultural\/#\/schema\/person\/37a0926f4dd300a814993fd595abdc4a","name":"webmaster","image":{"@type":"ImageObject","inLanguage":"es","@id":"https:\/\/blogs.uninter.edu.mx\/difusioncultural\/#\/schema\/person\/image\/","url":"https:\/\/secure.gravatar.com\/avatar\/a59c276b01147463ef3aab4118e3137ebc5e1ad6700deb39ccdf8b89e517f7dc?s=96&d=mm&r=g","contentUrl":"https:\/\/secure.gravatar.com\/avatar\/a59c276b01147463ef3aab4118e3137ebc5e1ad6700deb39ccdf8b89e517f7dc?s=96&d=mm&r=g","caption":"webmaster"},"sameAs":["https:\/\/blogs.uninter.edu.mx\/difusioncultural"],"url":"https:\/\/blogs.uninter.edu.mx\/difusioncultural\/?author=1"}]}},"jetpack_publicize_connections":[],"jetpack_featured_media_url":"https:\/\/blogs.uninter.edu.mx\/difusioncultural\/wp-content\/uploads\/2020\/12\/antonio.jpg","jetpack_sharing_enabled":true,"_links":{"self":[{"href":"https:\/\/blogs.uninter.edu.mx\/difusioncultural\/index.php?rest_route=\/wp\/v2\/posts\/7770","targetHints":{"allow":["GET"]}}],"collection":[{"href":"https:\/\/blogs.uninter.edu.mx\/difusioncultural\/index.php?rest_route=\/wp\/v2\/posts"}],"about":[{"href":"https:\/\/blogs.uninter.edu.mx\/difusioncultural\/index.php?rest_route=\/wp\/v2\/types\/post"}],"author":[{"embeddable":true,"href":"https:\/\/blogs.uninter.edu.mx\/difusioncultural\/index.php?rest_route=\/wp\/v2\/users\/1"}],"replies":[{"embeddable":true,"href":"https:\/\/blogs.uninter.edu.mx\/difusioncultural\/index.php?rest_route=%2Fwp%2Fv2%2Fcomments&post=7770"}],"version-history":[{"count":0,"href":"https:\/\/blogs.uninter.edu.mx\/difusioncultural\/index.php?rest_route=\/wp\/v2\/posts\/7770\/revisions"}],"wp:featuredmedia":[{"embeddable":true,"href":"https:\/\/blogs.uninter.edu.mx\/difusioncultural\/index.php?rest_route=\/wp\/v2\/media\/7772"}],"wp:attachment":[{"href":"https:\/\/blogs.uninter.edu.mx\/difusioncultural\/index.php?rest_route=%2Fwp%2Fv2%2Fmedia&parent=7770"}],"wp:term":[{"taxonomy":"category","embeddable":true,"href":"https:\/\/blogs.uninter.edu.mx\/difusioncultural\/index.php?rest_route=%2Fwp%2Fv2%2Fcategories&post=7770"},{"taxonomy":"post_tag","embeddable":true,"href":"https:\/\/blogs.uninter.edu.mx\/difusioncultural\/index.php?rest_route=%2Fwp%2Fv2%2Ftags&post=7770"}],"curies":[{"name":"wp","href":"https:\/\/api.w.org\/{rel}","templated":true}]}}