{"id":7799,"date":"2021-02-03T14:00:19","date_gmt":"2021-02-03T20:00:19","guid":{"rendered":"https:\/\/difusionculturaluninter.wordpress.com\/?p=7799"},"modified":"2021-02-03T14:00:19","modified_gmt":"2021-02-03T20:00:19","slug":"este-es-el-verdadero-origen-detras-de-la-celebracion-del-dia-de-la-candelaria","status":"publish","type":"post","link":"https:\/\/blogs.uninter.edu.mx\/difusioncultural\/?p=7799","title":{"rendered":"Este es el verdadero origen detr\u00e1s de la celebraci\u00f3n del D\u00eda de la Candelaria"},"content":{"rendered":"\n<figure class=\"wp-block-image size-large\"><img fetchpriority=\"high\" decoding=\"async\" width=\"936\" height=\"566\" src=\"https:\/\/difusionculturaluninter.files.wordpress.com\/2021\/02\/este-es-el-origen-del-2_0_0_1200_747.jpg?w=936\" alt=\"\" class=\"wp-image-7797\" \/><\/figure>\n\n\n\n<p><br>Este es el verdadero origen detr\u00e1s de la celebraci\u00f3n del D\u00eda de la Candelaria<br>A\u00f1o con a\u00f1o, el 2 de febrero es un d\u00eda de fiesta para la religi\u00f3n cat\u00f3lica que se celebra con tamales, y aqu\u00ed te decimos por qu\u00e9.<br>   <br><br>Este es el origen del D\u00eda de la Candelaria (Especial)<br>GRACIELA OLVERA<br>Ciudad de M\u00e9xico \/ 02.02.2021 09:11:37<br>Para el colectivo mexicano, el d\u00eda de la Candelaria es sin\u00f3nimo de tamales, que son pago por sacar la imagen del Ni\u00f1o Dios (o Baby Yoda) de la Rosca de Reyes el 6 de enero. Pero la celebraci\u00f3n de la Candelaria va un poco m\u00e1s all\u00e1 de comer tamales y bendecir a las im\u00e1genes del Ni\u00f1o Dios vestido con vistosos ropones.<br><br>De acuerdo con historiadores, la celebraci\u00f3n de La Candelaria se comenz\u00f3 a llevar a cabo en Occidente en el siglo VI. Aunque hay otros especialistas que aseguran que esta fiesta lit\u00fargica inicio con los primeros cristianos en Roma y tantos m\u00e1s que comenzaron a registrar esta celebraci\u00f3n desde el siglo XV en las Islas Canarias en Espa\u00f1a, donde se cerraba con broche de oro las fiestas decembrinas y las posadas.<\/p>\n\n\n\n<p>De acuerdo con la tradici\u00f3n, la Candelaria se celebra exactamente 40 d\u00edas despu\u00e9s del nacimiento de Jes\u00fas, la Navidad; es decir, el 2 de febrero. <br><br>En la Biblia hay dos pasajes donde se habla de esta celebraci\u00f3n, una de ellas es La Purificaci\u00f3n del Mar\u00eda y la otra es la Presentaci\u00f3n del Ni\u00f1o Jes\u00fas al Templo.<br><br>En el primer pasaje, la Virgen Mar\u00eda se purific\u00f3 despu\u00e9s del nacimiento del ni\u00f1o Dios y llev\u00f3 candelas a la Iglesia para que estas fueran bendecidas. Seg\u00fan la tradici\u00f3n jud\u00eda, despu\u00e9s de 40 d\u00edas de haber dado a luz, las mujeres deb\u00edan acudir a templo y ofrecer en sacrificio un cordero, palomas o t\u00f3rtolas. Asimismo ten\u00edan que ba\u00f1arse en la mikve, donde deben de sumergirse rodeadas de flores y candelas (veladoras), de ah\u00ed el nombre de Candelaria.<\/p>\n","protected":false},"excerpt":{"rendered":"<p>Este es el verdadero origen detr\u00e1s de la celebraci\u00f3n del D\u00eda de la CandelariaA\u00f1o con a\u00f1o, el 2 de febrero es un d\u00eda de fiesta para la religi\u00f3n cat\u00f3lica que se celebra con tamales, y aqu\u00ed te decimos por qu\u00e9. Este es el origen del D\u00eda de la Candelaria (Especial)GRACIELA OLVERACiudad de M\u00e9xico \/ 02.02.2021&hellip;<\/p>\n","protected":false},"author":1,"featured_media":7798,"comment_status":"closed","ping_status":"open","sticky":false,"template":"","format":"standard","meta":{"_jetpack_memberships_contains_paid_content":false,"footnotes":"","jetpack_publicize_message":"","jetpack_publicize_feature_enabled":true,"jetpack_social_post_already_shared":false,"jetpack_social_options":{"image_generator_settings":{"template":"highway","default_image_id":0,"font":"","enabled":false},"version":2}},"categories":[14],"tags":[],"class_list":["post-7799","post","type-post","status-publish","format-standard","has-post-thumbnail","hentry","category-un-dia-como-hoy"],"yoast_head":"<!-- This site is optimized with the Yoast SEO plugin v26.3 - https:\/\/yoast.com\/wordpress\/plugins\/seo\/ -->\r\n<title>Este es el verdadero origen detr\u00e1s de la celebraci\u00f3n del D\u00eda de la Candelaria - Difusi\u00f3n Cultural<\/title>\r\n<meta name=\"robots\" content=\"index, follow, max-snippet:-1, max-image-preview:large, max-video-preview:-1\" \/>\r\n<link rel=\"canonical\" href=\"https:\/\/blogs.uninter.edu.mx\/difusioncultural\/?p=7799\" \/>\r\n<meta property=\"og:locale\" content=\"es_MX\" \/>\r\n<meta property=\"og:type\" content=\"article\" \/>\r\n<meta property=\"og:title\" content=\"Este es el verdadero origen detr\u00e1s de la celebraci\u00f3n del D\u00eda de la Candelaria - Difusi\u00f3n Cultural\" \/>\r\n<meta property=\"og:description\" content=\"Este es el verdadero origen detr\u00e1s de la celebraci\u00f3n del D\u00eda de la CandelariaA\u00f1o con a\u00f1o, el 2 de febrero es un d\u00eda de fiesta para la religi\u00f3n cat\u00f3lica que se celebra con tamales, y aqu\u00ed te decimos por qu\u00e9. Este es el origen del D\u00eda de la Candelaria (Especial)GRACIELA OLVERACiudad de M\u00e9xico \/ 02.02.2021&hellip;\" \/>\r\n<meta property=\"og:url\" content=\"https:\/\/blogs.uninter.edu.mx\/difusioncultural\/?p=7799\" \/>\r\n<meta property=\"og:site_name\" content=\"Difusi\u00f3n Cultural\" \/>\r\n<meta property=\"article:published_time\" content=\"2021-02-03T20:00:19+00:00\" \/>\r\n<meta property=\"og:image\" content=\"https:\/\/blogs.uninter.edu.mx\/difusioncultural\/wp-content\/uploads\/2021\/02\/este-es-el-origen-del-2_0_0_1200_747-1.jpg\" \/>\r\n\t<meta property=\"og:image:width\" content=\"936\" \/>\r\n\t<meta property=\"og:image:height\" content=\"566\" \/>\r\n\t<meta property=\"og:image:type\" content=\"image\/jpeg\" \/>\r\n<meta name=\"author\" content=\"webmaster\" \/>\r\n<meta name=\"twitter:card\" content=\"summary_large_image\" \/>\r\n<meta name=\"twitter:label1\" content=\"Escrito por\" \/>\n\t<meta name=\"twitter:data1\" content=\"webmaster\" \/>\n\t<meta name=\"twitter:label2\" content=\"Tiempo de lectura\" \/>\n\t<meta name=\"twitter:data2\" content=\"2 minutos\" \/>\r\n<script type=\"application\/ld+json\" class=\"yoast-schema-graph\">{\"@context\":\"https:\/\/schema.org\",\"@graph\":[{\"@type\":\"Article\",\"@id\":\"https:\/\/blogs.uninter.edu.mx\/difusioncultural\/?p=7799#article\",\"isPartOf\":{\"@id\":\"https:\/\/blogs.uninter.edu.mx\/difusioncultural\/?p=7799\"},\"author\":{\"name\":\"webmaster\",\"@id\":\"https:\/\/blogs.uninter.edu.mx\/difusioncultural\/#\/schema\/person\/37a0926f4dd300a814993fd595abdc4a\"},\"headline\":\"Este es el verdadero origen detr\u00e1s de la celebraci\u00f3n del D\u00eda de la Candelaria\",\"datePublished\":\"2021-02-03T20:00:19+00:00\",\"mainEntityOfPage\":{\"@id\":\"https:\/\/blogs.uninter.edu.mx\/difusioncultural\/?p=7799\"},\"wordCount\":374,\"publisher\":{\"@id\":\"https:\/\/blogs.uninter.edu.mx\/difusioncultural\/#organization\"},\"image\":{\"@id\":\"https:\/\/blogs.uninter.edu.mx\/difusioncultural\/?p=7799#primaryimage\"},\"thumbnailUrl\":\"https:\/\/blogs.uninter.edu.mx\/difusioncultural\/wp-content\/uploads\/2021\/02\/este-es-el-origen-del-2_0_0_1200_747-1.jpg\",\"articleSection\":[\"un dia como hoy\"],\"inLanguage\":\"es\"},{\"@type\":\"WebPage\",\"@id\":\"https:\/\/blogs.uninter.edu.mx\/difusioncultural\/?p=7799\",\"url\":\"https:\/\/blogs.uninter.edu.mx\/difusioncultural\/?p=7799\",\"name\":\"Este es el verdadero origen detr\u00e1s de la celebraci\u00f3n del D\u00eda de la Candelaria - Difusi\u00f3n Cultural\",\"isPartOf\":{\"@id\":\"https:\/\/blogs.uninter.edu.mx\/difusioncultural\/#website\"},\"primaryImageOfPage\":{\"@id\":\"https:\/\/blogs.uninter.edu.mx\/difusioncultural\/?p=7799#primaryimage\"},\"image\":{\"@id\":\"https:\/\/blogs.uninter.edu.mx\/difusioncultural\/?p=7799#primaryimage\"},\"thumbnailUrl\":\"https:\/\/blogs.uninter.edu.mx\/difusioncultural\/wp-content\/uploads\/2021\/02\/este-es-el-origen-del-2_0_0_1200_747-1.jpg\",\"datePublished\":\"2021-02-03T20:00:19+00:00\",\"breadcrumb\":{\"@id\":\"https:\/\/blogs.uninter.edu.mx\/difusioncultural\/?p=7799#breadcrumb\"},\"inLanguage\":\"es\",\"potentialAction\":[{\"@type\":\"ReadAction\",\"target\":[\"https:\/\/blogs.uninter.edu.mx\/difusioncultural\/?p=7799\"]}]},{\"@type\":\"ImageObject\",\"inLanguage\":\"es\",\"@id\":\"https:\/\/blogs.uninter.edu.mx\/difusioncultural\/?p=7799#primaryimage\",\"url\":\"https:\/\/blogs.uninter.edu.mx\/difusioncultural\/wp-content\/uploads\/2021\/02\/este-es-el-origen-del-2_0_0_1200_747-1.jpg\",\"contentUrl\":\"https:\/\/blogs.uninter.edu.mx\/difusioncultural\/wp-content\/uploads\/2021\/02\/este-es-el-origen-del-2_0_0_1200_747-1.jpg\",\"width\":936,\"height\":566},{\"@type\":\"BreadcrumbList\",\"@id\":\"https:\/\/blogs.uninter.edu.mx\/difusioncultural\/?p=7799#breadcrumb\",\"itemListElement\":[{\"@type\":\"ListItem\",\"position\":1,\"name\":\"Inicio\",\"item\":\"https:\/\/blogs.uninter.edu.mx\/difusioncultural\/\"},{\"@type\":\"ListItem\",\"position\":2,\"name\":\"Este es el verdadero origen detr\u00e1s de la celebraci\u00f3n del D\u00eda de la Candelaria\"}]},{\"@type\":\"WebSite\",\"@id\":\"https:\/\/blogs.uninter.edu.mx\/difusioncultural\/#website\",\"url\":\"https:\/\/blogs.uninter.edu.mx\/difusioncultural\/\",\"name\":\"Difusi\u00f3n Cultural\",\"description\":\"UNINTER\",\"publisher\":{\"@id\":\"https:\/\/blogs.uninter.edu.mx\/difusioncultural\/#organization\"},\"potentialAction\":[{\"@type\":\"SearchAction\",\"target\":{\"@type\":\"EntryPoint\",\"urlTemplate\":\"https:\/\/blogs.uninter.edu.mx\/difusioncultural\/?s={search_term_string}\"},\"query-input\":{\"@type\":\"PropertyValueSpecification\",\"valueRequired\":true,\"valueName\":\"search_term_string\"}}],\"inLanguage\":\"es\"},{\"@type\":\"Organization\",\"@id\":\"https:\/\/blogs.uninter.edu.mx\/difusioncultural\/#organization\",\"name\":\"Difusi\u00f3n Cultural\",\"url\":\"https:\/\/blogs.uninter.edu.mx\/difusioncultural\/\",\"logo\":{\"@type\":\"ImageObject\",\"inLanguage\":\"es\",\"@id\":\"https:\/\/blogs.uninter.edu.mx\/difusioncultural\/#\/schema\/logo\/image\/\",\"url\":\"https:\/\/blogs.uninter.edu.mx\/difusioncultural\/wp-content\/uploads\/2022\/09\/uninter.jpg\",\"contentUrl\":\"https:\/\/blogs.uninter.edu.mx\/difusioncultural\/wp-content\/uploads\/2022\/09\/uninter.jpg\",\"width\":2048,\"height\":2048,\"caption\":\"Difusi\u00f3n Cultural\"},\"image\":{\"@id\":\"https:\/\/blogs.uninter.edu.mx\/difusioncultural\/#\/schema\/logo\/image\/\"}},{\"@type\":\"Person\",\"@id\":\"https:\/\/blogs.uninter.edu.mx\/difusioncultural\/#\/schema\/person\/37a0926f4dd300a814993fd595abdc4a\",\"name\":\"webmaster\",\"image\":{\"@type\":\"ImageObject\",\"inLanguage\":\"es\",\"@id\":\"https:\/\/blogs.uninter.edu.mx\/difusioncultural\/#\/schema\/person\/image\/\",\"url\":\"https:\/\/secure.gravatar.com\/avatar\/a59c276b01147463ef3aab4118e3137ebc5e1ad6700deb39ccdf8b89e517f7dc?s=96&d=mm&r=g\",\"contentUrl\":\"https:\/\/secure.gravatar.com\/avatar\/a59c276b01147463ef3aab4118e3137ebc5e1ad6700deb39ccdf8b89e517f7dc?s=96&d=mm&r=g\",\"caption\":\"webmaster\"},\"sameAs\":[\"https:\/\/blogs.uninter.edu.mx\/difusioncultural\"],\"url\":\"https:\/\/blogs.uninter.edu.mx\/difusioncultural\/?author=1\"}]}<\/script>\r\n<!-- \/ Yoast SEO plugin. -->","yoast_head_json":{"title":"Este es el verdadero origen detr\u00e1s de la celebraci\u00f3n del D\u00eda de la Candelaria - Difusi\u00f3n Cultural","robots":{"index":"index","follow":"follow","max-snippet":"max-snippet:-1","max-image-preview":"max-image-preview:large","max-video-preview":"max-video-preview:-1"},"canonical":"https:\/\/blogs.uninter.edu.mx\/difusioncultural\/?p=7799","og_locale":"es_MX","og_type":"article","og_title":"Este es el verdadero origen detr\u00e1s de la celebraci\u00f3n del D\u00eda de la Candelaria - Difusi\u00f3n Cultural","og_description":"Este es el verdadero origen detr\u00e1s de la celebraci\u00f3n del D\u00eda de la CandelariaA\u00f1o con a\u00f1o, el 2 de febrero es un d\u00eda de fiesta para la religi\u00f3n cat\u00f3lica que se celebra con tamales, y aqu\u00ed te decimos por qu\u00e9. Este es el origen del D\u00eda de la Candelaria (Especial)GRACIELA OLVERACiudad de M\u00e9xico \/ 02.02.2021&hellip;","og_url":"https:\/\/blogs.uninter.edu.mx\/difusioncultural\/?p=7799","og_site_name":"Difusi\u00f3n Cultural","article_published_time":"2021-02-03T20:00:19+00:00","og_image":[{"width":936,"height":566,"url":"https:\/\/blogs.uninter.edu.mx\/difusioncultural\/wp-content\/uploads\/2021\/02\/este-es-el-origen-del-2_0_0_1200_747-1.jpg","type":"image\/jpeg"}],"author":"webmaster","twitter_card":"summary_large_image","twitter_misc":{"Escrito por":"webmaster","Tiempo de lectura":"2 minutos"},"schema":{"@context":"https:\/\/schema.org","@graph":[{"@type":"Article","@id":"https:\/\/blogs.uninter.edu.mx\/difusioncultural\/?p=7799#article","isPartOf":{"@id":"https:\/\/blogs.uninter.edu.mx\/difusioncultural\/?p=7799"},"author":{"name":"webmaster","@id":"https:\/\/blogs.uninter.edu.mx\/difusioncultural\/#\/schema\/person\/37a0926f4dd300a814993fd595abdc4a"},"headline":"Este es el verdadero origen detr\u00e1s de la celebraci\u00f3n del D\u00eda de la Candelaria","datePublished":"2021-02-03T20:00:19+00:00","mainEntityOfPage":{"@id":"https:\/\/blogs.uninter.edu.mx\/difusioncultural\/?p=7799"},"wordCount":374,"publisher":{"@id":"https:\/\/blogs.uninter.edu.mx\/difusioncultural\/#organization"},"image":{"@id":"https:\/\/blogs.uninter.edu.mx\/difusioncultural\/?p=7799#primaryimage"},"thumbnailUrl":"https:\/\/blogs.uninter.edu.mx\/difusioncultural\/wp-content\/uploads\/2021\/02\/este-es-el-origen-del-2_0_0_1200_747-1.jpg","articleSection":["un dia como hoy"],"inLanguage":"es"},{"@type":"WebPage","@id":"https:\/\/blogs.uninter.edu.mx\/difusioncultural\/?p=7799","url":"https:\/\/blogs.uninter.edu.mx\/difusioncultural\/?p=7799","name":"Este es el verdadero origen detr\u00e1s de la celebraci\u00f3n del D\u00eda de la Candelaria - Difusi\u00f3n Cultural","isPartOf":{"@id":"https:\/\/blogs.uninter.edu.mx\/difusioncultural\/#website"},"primaryImageOfPage":{"@id":"https:\/\/blogs.uninter.edu.mx\/difusioncultural\/?p=7799#primaryimage"},"image":{"@id":"https:\/\/blogs.uninter.edu.mx\/difusioncultural\/?p=7799#primaryimage"},"thumbnailUrl":"https:\/\/blogs.uninter.edu.mx\/difusioncultural\/wp-content\/uploads\/2021\/02\/este-es-el-origen-del-2_0_0_1200_747-1.jpg","datePublished":"2021-02-03T20:00:19+00:00","breadcrumb":{"@id":"https:\/\/blogs.uninter.edu.mx\/difusioncultural\/?p=7799#breadcrumb"},"inLanguage":"es","potentialAction":[{"@type":"ReadAction","target":["https:\/\/blogs.uninter.edu.mx\/difusioncultural\/?p=7799"]}]},{"@type":"ImageObject","inLanguage":"es","@id":"https:\/\/blogs.uninter.edu.mx\/difusioncultural\/?p=7799#primaryimage","url":"https:\/\/blogs.uninter.edu.mx\/difusioncultural\/wp-content\/uploads\/2021\/02\/este-es-el-origen-del-2_0_0_1200_747-1.jpg","contentUrl":"https:\/\/blogs.uninter.edu.mx\/difusioncultural\/wp-content\/uploads\/2021\/02\/este-es-el-origen-del-2_0_0_1200_747-1.jpg","width":936,"height":566},{"@type":"BreadcrumbList","@id":"https:\/\/blogs.uninter.edu.mx\/difusioncultural\/?p=7799#breadcrumb","itemListElement":[{"@type":"ListItem","position":1,"name":"Inicio","item":"https:\/\/blogs.uninter.edu.mx\/difusioncultural\/"},{"@type":"ListItem","position":2,"name":"Este es el verdadero origen detr\u00e1s de la celebraci\u00f3n del D\u00eda de la Candelaria"}]},{"@type":"WebSite","@id":"https:\/\/blogs.uninter.edu.mx\/difusioncultural\/#website","url":"https:\/\/blogs.uninter.edu.mx\/difusioncultural\/","name":"Difusi\u00f3n Cultural","description":"UNINTER","publisher":{"@id":"https:\/\/blogs.uninter.edu.mx\/difusioncultural\/#organization"},"potentialAction":[{"@type":"SearchAction","target":{"@type":"EntryPoint","urlTemplate":"https:\/\/blogs.uninter.edu.mx\/difusioncultural\/?s={search_term_string}"},"query-input":{"@type":"PropertyValueSpecification","valueRequired":true,"valueName":"search_term_string"}}],"inLanguage":"es"},{"@type":"Organization","@id":"https:\/\/blogs.uninter.edu.mx\/difusioncultural\/#organization","name":"Difusi\u00f3n Cultural","url":"https:\/\/blogs.uninter.edu.mx\/difusioncultural\/","logo":{"@type":"ImageObject","inLanguage":"es","@id":"https:\/\/blogs.uninter.edu.mx\/difusioncultural\/#\/schema\/logo\/image\/","url":"https:\/\/blogs.uninter.edu.mx\/difusioncultural\/wp-content\/uploads\/2022\/09\/uninter.jpg","contentUrl":"https:\/\/blogs.uninter.edu.mx\/difusioncultural\/wp-content\/uploads\/2022\/09\/uninter.jpg","width":2048,"height":2048,"caption":"Difusi\u00f3n Cultural"},"image":{"@id":"https:\/\/blogs.uninter.edu.mx\/difusioncultural\/#\/schema\/logo\/image\/"}},{"@type":"Person","@id":"https:\/\/blogs.uninter.edu.mx\/difusioncultural\/#\/schema\/person\/37a0926f4dd300a814993fd595abdc4a","name":"webmaster","image":{"@type":"ImageObject","inLanguage":"es","@id":"https:\/\/blogs.uninter.edu.mx\/difusioncultural\/#\/schema\/person\/image\/","url":"https:\/\/secure.gravatar.com\/avatar\/a59c276b01147463ef3aab4118e3137ebc5e1ad6700deb39ccdf8b89e517f7dc?s=96&d=mm&r=g","contentUrl":"https:\/\/secure.gravatar.com\/avatar\/a59c276b01147463ef3aab4118e3137ebc5e1ad6700deb39ccdf8b89e517f7dc?s=96&d=mm&r=g","caption":"webmaster"},"sameAs":["https:\/\/blogs.uninter.edu.mx\/difusioncultural"],"url":"https:\/\/blogs.uninter.edu.mx\/difusioncultural\/?author=1"}]}},"jetpack_publicize_connections":[],"jetpack_featured_media_url":"https:\/\/blogs.uninter.edu.mx\/difusioncultural\/wp-content\/uploads\/2021\/02\/este-es-el-origen-del-2_0_0_1200_747-1.jpg","jetpack_sharing_enabled":true,"_links":{"self":[{"href":"https:\/\/blogs.uninter.edu.mx\/difusioncultural\/index.php?rest_route=\/wp\/v2\/posts\/7799","targetHints":{"allow":["GET"]}}],"collection":[{"href":"https:\/\/blogs.uninter.edu.mx\/difusioncultural\/index.php?rest_route=\/wp\/v2\/posts"}],"about":[{"href":"https:\/\/blogs.uninter.edu.mx\/difusioncultural\/index.php?rest_route=\/wp\/v2\/types\/post"}],"author":[{"embeddable":true,"href":"https:\/\/blogs.uninter.edu.mx\/difusioncultural\/index.php?rest_route=\/wp\/v2\/users\/1"}],"replies":[{"embeddable":true,"href":"https:\/\/blogs.uninter.edu.mx\/difusioncultural\/index.php?rest_route=%2Fwp%2Fv2%2Fcomments&post=7799"}],"version-history":[{"count":0,"href":"https:\/\/blogs.uninter.edu.mx\/difusioncultural\/index.php?rest_route=\/wp\/v2\/posts\/7799\/revisions"}],"wp:featuredmedia":[{"embeddable":true,"href":"https:\/\/blogs.uninter.edu.mx\/difusioncultural\/index.php?rest_route=\/wp\/v2\/media\/7798"}],"wp:attachment":[{"href":"https:\/\/blogs.uninter.edu.mx\/difusioncultural\/index.php?rest_route=%2Fwp%2Fv2%2Fmedia&parent=7799"}],"wp:term":[{"taxonomy":"category","embeddable":true,"href":"https:\/\/blogs.uninter.edu.mx\/difusioncultural\/index.php?rest_route=%2Fwp%2Fv2%2Fcategories&post=7799"},{"taxonomy":"post_tag","embeddable":true,"href":"https:\/\/blogs.uninter.edu.mx\/difusioncultural\/index.php?rest_route=%2Fwp%2Fv2%2Ftags&post=7799"}],"curies":[{"name":"wp","href":"https:\/\/api.w.org\/{rel}","templated":true}]}}