{"id":7870,"date":"2021-03-02T10:30:00","date_gmt":"2021-03-02T16:30:00","guid":{"rendered":"https:\/\/difusionculturaluninter.wordpress.com\/?p=7870"},"modified":"2021-03-02T10:30:00","modified_gmt":"2021-03-02T16:30:00","slug":"mujeres-que-tejen-una-poderosa-cooperativa-femenina","status":"publish","type":"post","link":"https:\/\/blogs.uninter.edu.mx\/difusioncultural\/?p=7870","title":{"rendered":"Mujeres que tejen, una poderosa cooperativa femenina"},"content":{"rendered":"\n<figure class=\"wp-block-image size-large\"><img fetchpriority=\"high\" decoding=\"async\" width=\"1080\" height=\"2340\" src=\"https:\/\/difusionculturaluninter.files.wordpress.com\/2021\/03\/screenshot_2021-03-02-08-27-58-212_com.facebook.katana.jpg?w=473\" alt=\"\" class=\"wp-image-7868\" \/><\/figure>\n\n\n\n<p>Mujeres que tejen naci\u00f3 en 1992 en Teotitl\u00e1n del Valle, Oaxaca. Do\u00f1a Josefina Jim\u00e9nez, una de sus fundadores, nos cuenta c\u00f3mo se cre\u00f3 esta cooperativa.<\/p>\n\n\n\n<p>Corr\u00eda la d\u00e9cada de 1990 y la migraci\u00f3n hacia Estados Unidos dejaba los pueblos de diversos estados con alta poblaci\u00f3n de mujeres. Teotitl\u00e1n del Valle, cerca de Oaxaca, no fue la excepci\u00f3n. Ah\u00ed viv\u00eda Josefina Jim\u00e9nez, que entonces era una joven que rondaba los 40 a\u00f1os, quien se uni\u00f3 con otras 49 mujeres para crear una cooperativa. Ese proyecto naci\u00f3, se transform\u00f3 y continua: se llama Mujeres que tejen y mandan sus piezas a todo M\u00e9xico y al extranjero con pedidos online.<\/p>\n\n\n\n<p>Mujeres que tejen naci\u00f3 en 1992 a ra\u00edz de que muchas mujeres cabezas de familia ten\u00edamos trabajo pero con intermediarios, que eran due\u00f1os de los telares y nos daban materia prima. Nosotras sab\u00edamos cardar la lana, hilarla, tejerla pero rent\u00e1bamos los telares. Quer\u00edamos tener nuestro propio trabajo, para poder salir y vender nuestros productos. Entonces, decidimos formar una cooperativa.<\/p>\n\n\n\n<p>Nos juntamos varias mujeres para buscar de qu\u00e9 manera pudi\u00e9ramos trabajar con nuestros propios telares. Fue dif\u00edcil porque nos enfrentamos a nuestras propias familias, a nuestras autoridades. O sea, las mujeres en ese tiempo no sal\u00edan, siempre ten\u00edan que estar en casa; salir no era bien visto por las mismas mujeres adultas ni por los hombres.<\/p>\n\n\n\n<p>Nosotras s\u00f3lo habl\u00e1bamos zapoteco y se nos dificultaba el espa\u00f1ol; a veces lo entend\u00edamos pero no lo habl\u00e1bamos, entonces ten\u00edamos muchas barreras.<\/p>\n\n\n\n<p>\u00cdbamos a buscar ayuda y nos dec\u00edan, \u2018pues es que ustedes, si se organizan\u2026\u2019.<\/p>\n\n\n\n<p>Una cooperativa, un acta, registrar acuerdos\u2026 \u00a1una odisea y en otro idioma!<\/p>\n\n\n\n<p>Nosotras no ten\u00edamos nada: ni caja de ahorro ni nada. Hasta el tiempo que nos reun\u00edamos, nos costaba mucho. Entonces, dec\u00edamos: \u201c\u00bfc\u00f3mo hacer para tener un acta constitutiva?\u201d. Empezamos a ahorrar, y as\u00ed pudimos obtener nuestra acta.<\/p>\n\n\n\n<p>Con el acta pudieron solicitar el cr\u00e9dito en Sedesol. Los papeles requer\u00edan la firma de la autoridad de Teotitl\u00e1n y eso cost\u00f3 mucho: reuniones comunitarias en las que hab\u00eda puros hombres, que comenzaban a las 10 de la noche y acababan de madrugada, mujeres que no pod\u00edan ir, dudas. Y no lo logramos. Tuvimos que ir a Sedesol a pedir que no pusieran como aval a la autoridad porque no nos estaban apoyando.<\/p>\n\n\n\n<p>Accedieron: \u201cbueno, va a salir un cheque a nombre de ustedes; ustedes ser\u00e1n las responsables\u201d. Y ya, tuvimos nuestro primer cr\u00e9dito para poder comprar materia prima. Y ah\u00ed conocimos a Semillas Pro Derechos de la Mujer, de la Ciudad de M\u00e9xico. Semillas nos financiaron los telares y a ra\u00edz de eso empezamos a trabajar.<\/p>\n","protected":false},"excerpt":{"rendered":"<p>Mujeres que tejen naci\u00f3 en 1992 en Teotitl\u00e1n del Valle, Oaxaca. Do\u00f1a Josefina Jim\u00e9nez, una de sus fundadores, nos cuenta c\u00f3mo se cre\u00f3 esta cooperativa. Corr\u00eda la d\u00e9cada de 1990 y la migraci\u00f3n hacia Estados Unidos dejaba los pueblos de diversos estados con alta poblaci\u00f3n de mujeres. Teotitl\u00e1n del Valle, cerca de Oaxaca, no fue&hellip;<\/p>\n","protected":false},"author":1,"featured_media":7869,"comment_status":"closed","ping_status":"open","sticky":false,"template":"","format":"standard","meta":{"_jetpack_memberships_contains_paid_content":false,"footnotes":"","jetpack_publicize_message":"","jetpack_publicize_feature_enabled":true,"jetpack_social_post_already_shared":false,"jetpack_social_options":{"image_generator_settings":{"template":"highway","default_image_id":0,"font":"","enabled":false},"version":2}},"categories":[1],"tags":[],"class_list":["post-7870","post","type-post","status-publish","format-standard","has-post-thumbnail","hentry","category-sin-categoria"],"yoast_head":"<!-- This site is optimized with the Yoast SEO plugin v26.3 - https:\/\/yoast.com\/wordpress\/plugins\/seo\/ -->\r\n<title>Mujeres que tejen, una poderosa cooperativa femenina - Difusi\u00f3n Cultural<\/title>\r\n<meta name=\"robots\" content=\"index, follow, max-snippet:-1, max-image-preview:large, max-video-preview:-1\" \/>\r\n<link rel=\"canonical\" href=\"https:\/\/blogs.uninter.edu.mx\/difusioncultural\/?p=7870\" \/>\r\n<meta property=\"og:locale\" content=\"es_MX\" \/>\r\n<meta property=\"og:type\" content=\"article\" \/>\r\n<meta property=\"og:title\" content=\"Mujeres que tejen, una poderosa cooperativa femenina - Difusi\u00f3n Cultural\" \/>\r\n<meta property=\"og:description\" content=\"Mujeres que tejen naci\u00f3 en 1992 en Teotitl\u00e1n del Valle, Oaxaca. Do\u00f1a Josefina Jim\u00e9nez, una de sus fundadores, nos cuenta c\u00f3mo se cre\u00f3 esta cooperativa. Corr\u00eda la d\u00e9cada de 1990 y la migraci\u00f3n hacia Estados Unidos dejaba los pueblos de diversos estados con alta poblaci\u00f3n de mujeres. Teotitl\u00e1n del Valle, cerca de Oaxaca, no fue&hellip;\" \/>\r\n<meta property=\"og:url\" content=\"https:\/\/blogs.uninter.edu.mx\/difusioncultural\/?p=7870\" \/>\r\n<meta property=\"og:site_name\" content=\"Difusi\u00f3n Cultural\" \/>\r\n<meta property=\"article:published_time\" content=\"2021-03-02T16:30:00+00:00\" \/>\r\n<meta property=\"og:image\" content=\"https:\/\/blogs.uninter.edu.mx\/difusioncultural\/wp-content\/uploads\/2021\/03\/screenshot_2021-03-02-08-27-58-212_com.facebook.katana-1.jpg\" \/>\r\n\t<meta property=\"og:image:width\" content=\"1080\" \/>\r\n\t<meta property=\"og:image:height\" content=\"2340\" \/>\r\n\t<meta property=\"og:image:type\" content=\"image\/jpeg\" \/>\r\n<meta name=\"author\" content=\"webmaster\" \/>\r\n<meta name=\"twitter:card\" content=\"summary_large_image\" \/>\r\n<meta name=\"twitter:label1\" content=\"Escrito por\" \/>\n\t<meta name=\"twitter:data1\" content=\"webmaster\" \/>\n\t<meta name=\"twitter:label2\" content=\"Tiempo de lectura\" \/>\n\t<meta name=\"twitter:data2\" content=\"2 minutos\" \/>\r\n<script type=\"application\/ld+json\" class=\"yoast-schema-graph\">{\"@context\":\"https:\/\/schema.org\",\"@graph\":[{\"@type\":\"Article\",\"@id\":\"https:\/\/blogs.uninter.edu.mx\/difusioncultural\/?p=7870#article\",\"isPartOf\":{\"@id\":\"https:\/\/blogs.uninter.edu.mx\/difusioncultural\/?p=7870\"},\"author\":{\"name\":\"webmaster\",\"@id\":\"https:\/\/blogs.uninter.edu.mx\/difusioncultural\/#\/schema\/person\/37a0926f4dd300a814993fd595abdc4a\"},\"headline\":\"Mujeres que tejen, una poderosa cooperativa femenina\",\"datePublished\":\"2021-03-02T16:30:00+00:00\",\"mainEntityOfPage\":{\"@id\":\"https:\/\/blogs.uninter.edu.mx\/difusioncultural\/?p=7870\"},\"wordCount\":479,\"publisher\":{\"@id\":\"https:\/\/blogs.uninter.edu.mx\/difusioncultural\/#organization\"},\"image\":{\"@id\":\"https:\/\/blogs.uninter.edu.mx\/difusioncultural\/?p=7870#primaryimage\"},\"thumbnailUrl\":\"https:\/\/blogs.uninter.edu.mx\/difusioncultural\/wp-content\/uploads\/2021\/03\/screenshot_2021-03-02-08-27-58-212_com.facebook.katana-1.jpg\",\"inLanguage\":\"es\"},{\"@type\":\"WebPage\",\"@id\":\"https:\/\/blogs.uninter.edu.mx\/difusioncultural\/?p=7870\",\"url\":\"https:\/\/blogs.uninter.edu.mx\/difusioncultural\/?p=7870\",\"name\":\"Mujeres que tejen, una poderosa cooperativa femenina - Difusi\u00f3n Cultural\",\"isPartOf\":{\"@id\":\"https:\/\/blogs.uninter.edu.mx\/difusioncultural\/#website\"},\"primaryImageOfPage\":{\"@id\":\"https:\/\/blogs.uninter.edu.mx\/difusioncultural\/?p=7870#primaryimage\"},\"image\":{\"@id\":\"https:\/\/blogs.uninter.edu.mx\/difusioncultural\/?p=7870#primaryimage\"},\"thumbnailUrl\":\"https:\/\/blogs.uninter.edu.mx\/difusioncultural\/wp-content\/uploads\/2021\/03\/screenshot_2021-03-02-08-27-58-212_com.facebook.katana-1.jpg\",\"datePublished\":\"2021-03-02T16:30:00+00:00\",\"breadcrumb\":{\"@id\":\"https:\/\/blogs.uninter.edu.mx\/difusioncultural\/?p=7870#breadcrumb\"},\"inLanguage\":\"es\",\"potentialAction\":[{\"@type\":\"ReadAction\",\"target\":[\"https:\/\/blogs.uninter.edu.mx\/difusioncultural\/?p=7870\"]}]},{\"@type\":\"ImageObject\",\"inLanguage\":\"es\",\"@id\":\"https:\/\/blogs.uninter.edu.mx\/difusioncultural\/?p=7870#primaryimage\",\"url\":\"https:\/\/blogs.uninter.edu.mx\/difusioncultural\/wp-content\/uploads\/2021\/03\/screenshot_2021-03-02-08-27-58-212_com.facebook.katana-1.jpg\",\"contentUrl\":\"https:\/\/blogs.uninter.edu.mx\/difusioncultural\/wp-content\/uploads\/2021\/03\/screenshot_2021-03-02-08-27-58-212_com.facebook.katana-1.jpg\",\"width\":1080,\"height\":2340},{\"@type\":\"BreadcrumbList\",\"@id\":\"https:\/\/blogs.uninter.edu.mx\/difusioncultural\/?p=7870#breadcrumb\",\"itemListElement\":[{\"@type\":\"ListItem\",\"position\":1,\"name\":\"Inicio\",\"item\":\"https:\/\/blogs.uninter.edu.mx\/difusioncultural\/\"},{\"@type\":\"ListItem\",\"position\":2,\"name\":\"Mujeres que tejen, una poderosa cooperativa femenina\"}]},{\"@type\":\"WebSite\",\"@id\":\"https:\/\/blogs.uninter.edu.mx\/difusioncultural\/#website\",\"url\":\"https:\/\/blogs.uninter.edu.mx\/difusioncultural\/\",\"name\":\"Difusi\u00f3n Cultural\",\"description\":\"UNINTER\",\"publisher\":{\"@id\":\"https:\/\/blogs.uninter.edu.mx\/difusioncultural\/#organization\"},\"potentialAction\":[{\"@type\":\"SearchAction\",\"target\":{\"@type\":\"EntryPoint\",\"urlTemplate\":\"https:\/\/blogs.uninter.edu.mx\/difusioncultural\/?s={search_term_string}\"},\"query-input\":{\"@type\":\"PropertyValueSpecification\",\"valueRequired\":true,\"valueName\":\"search_term_string\"}}],\"inLanguage\":\"es\"},{\"@type\":\"Organization\",\"@id\":\"https:\/\/blogs.uninter.edu.mx\/difusioncultural\/#organization\",\"name\":\"Difusi\u00f3n Cultural\",\"url\":\"https:\/\/blogs.uninter.edu.mx\/difusioncultural\/\",\"logo\":{\"@type\":\"ImageObject\",\"inLanguage\":\"es\",\"@id\":\"https:\/\/blogs.uninter.edu.mx\/difusioncultural\/#\/schema\/logo\/image\/\",\"url\":\"https:\/\/blogs.uninter.edu.mx\/difusioncultural\/wp-content\/uploads\/2022\/09\/uninter.jpg\",\"contentUrl\":\"https:\/\/blogs.uninter.edu.mx\/difusioncultural\/wp-content\/uploads\/2022\/09\/uninter.jpg\",\"width\":2048,\"height\":2048,\"caption\":\"Difusi\u00f3n Cultural\"},\"image\":{\"@id\":\"https:\/\/blogs.uninter.edu.mx\/difusioncultural\/#\/schema\/logo\/image\/\"}},{\"@type\":\"Person\",\"@id\":\"https:\/\/blogs.uninter.edu.mx\/difusioncultural\/#\/schema\/person\/37a0926f4dd300a814993fd595abdc4a\",\"name\":\"webmaster\",\"image\":{\"@type\":\"ImageObject\",\"inLanguage\":\"es\",\"@id\":\"https:\/\/blogs.uninter.edu.mx\/difusioncultural\/#\/schema\/person\/image\/\",\"url\":\"https:\/\/secure.gravatar.com\/avatar\/a59c276b01147463ef3aab4118e3137ebc5e1ad6700deb39ccdf8b89e517f7dc?s=96&d=mm&r=g\",\"contentUrl\":\"https:\/\/secure.gravatar.com\/avatar\/a59c276b01147463ef3aab4118e3137ebc5e1ad6700deb39ccdf8b89e517f7dc?s=96&d=mm&r=g\",\"caption\":\"webmaster\"},\"sameAs\":[\"https:\/\/blogs.uninter.edu.mx\/difusioncultural\"],\"url\":\"https:\/\/blogs.uninter.edu.mx\/difusioncultural\/?author=1\"}]}<\/script>\r\n<!-- \/ Yoast SEO plugin. -->","yoast_head_json":{"title":"Mujeres que tejen, una poderosa cooperativa femenina - Difusi\u00f3n Cultural","robots":{"index":"index","follow":"follow","max-snippet":"max-snippet:-1","max-image-preview":"max-image-preview:large","max-video-preview":"max-video-preview:-1"},"canonical":"https:\/\/blogs.uninter.edu.mx\/difusioncultural\/?p=7870","og_locale":"es_MX","og_type":"article","og_title":"Mujeres que tejen, una poderosa cooperativa femenina - Difusi\u00f3n Cultural","og_description":"Mujeres que tejen naci\u00f3 en 1992 en Teotitl\u00e1n del Valle, Oaxaca. Do\u00f1a Josefina Jim\u00e9nez, una de sus fundadores, nos cuenta c\u00f3mo se cre\u00f3 esta cooperativa. Corr\u00eda la d\u00e9cada de 1990 y la migraci\u00f3n hacia Estados Unidos dejaba los pueblos de diversos estados con alta poblaci\u00f3n de mujeres. Teotitl\u00e1n del Valle, cerca de Oaxaca, no fue&hellip;","og_url":"https:\/\/blogs.uninter.edu.mx\/difusioncultural\/?p=7870","og_site_name":"Difusi\u00f3n Cultural","article_published_time":"2021-03-02T16:30:00+00:00","og_image":[{"width":1080,"height":2340,"url":"https:\/\/blogs.uninter.edu.mx\/difusioncultural\/wp-content\/uploads\/2021\/03\/screenshot_2021-03-02-08-27-58-212_com.facebook.katana-1.jpg","type":"image\/jpeg"}],"author":"webmaster","twitter_card":"summary_large_image","twitter_misc":{"Escrito por":"webmaster","Tiempo de lectura":"2 minutos"},"schema":{"@context":"https:\/\/schema.org","@graph":[{"@type":"Article","@id":"https:\/\/blogs.uninter.edu.mx\/difusioncultural\/?p=7870#article","isPartOf":{"@id":"https:\/\/blogs.uninter.edu.mx\/difusioncultural\/?p=7870"},"author":{"name":"webmaster","@id":"https:\/\/blogs.uninter.edu.mx\/difusioncultural\/#\/schema\/person\/37a0926f4dd300a814993fd595abdc4a"},"headline":"Mujeres que tejen, una poderosa cooperativa femenina","datePublished":"2021-03-02T16:30:00+00:00","mainEntityOfPage":{"@id":"https:\/\/blogs.uninter.edu.mx\/difusioncultural\/?p=7870"},"wordCount":479,"publisher":{"@id":"https:\/\/blogs.uninter.edu.mx\/difusioncultural\/#organization"},"image":{"@id":"https:\/\/blogs.uninter.edu.mx\/difusioncultural\/?p=7870#primaryimage"},"thumbnailUrl":"https:\/\/blogs.uninter.edu.mx\/difusioncultural\/wp-content\/uploads\/2021\/03\/screenshot_2021-03-02-08-27-58-212_com.facebook.katana-1.jpg","inLanguage":"es"},{"@type":"WebPage","@id":"https:\/\/blogs.uninter.edu.mx\/difusioncultural\/?p=7870","url":"https:\/\/blogs.uninter.edu.mx\/difusioncultural\/?p=7870","name":"Mujeres que tejen, una poderosa cooperativa femenina - Difusi\u00f3n Cultural","isPartOf":{"@id":"https:\/\/blogs.uninter.edu.mx\/difusioncultural\/#website"},"primaryImageOfPage":{"@id":"https:\/\/blogs.uninter.edu.mx\/difusioncultural\/?p=7870#primaryimage"},"image":{"@id":"https:\/\/blogs.uninter.edu.mx\/difusioncultural\/?p=7870#primaryimage"},"thumbnailUrl":"https:\/\/blogs.uninter.edu.mx\/difusioncultural\/wp-content\/uploads\/2021\/03\/screenshot_2021-03-02-08-27-58-212_com.facebook.katana-1.jpg","datePublished":"2021-03-02T16:30:00+00:00","breadcrumb":{"@id":"https:\/\/blogs.uninter.edu.mx\/difusioncultural\/?p=7870#breadcrumb"},"inLanguage":"es","potentialAction":[{"@type":"ReadAction","target":["https:\/\/blogs.uninter.edu.mx\/difusioncultural\/?p=7870"]}]},{"@type":"ImageObject","inLanguage":"es","@id":"https:\/\/blogs.uninter.edu.mx\/difusioncultural\/?p=7870#primaryimage","url":"https:\/\/blogs.uninter.edu.mx\/difusioncultural\/wp-content\/uploads\/2021\/03\/screenshot_2021-03-02-08-27-58-212_com.facebook.katana-1.jpg","contentUrl":"https:\/\/blogs.uninter.edu.mx\/difusioncultural\/wp-content\/uploads\/2021\/03\/screenshot_2021-03-02-08-27-58-212_com.facebook.katana-1.jpg","width":1080,"height":2340},{"@type":"BreadcrumbList","@id":"https:\/\/blogs.uninter.edu.mx\/difusioncultural\/?p=7870#breadcrumb","itemListElement":[{"@type":"ListItem","position":1,"name":"Inicio","item":"https:\/\/blogs.uninter.edu.mx\/difusioncultural\/"},{"@type":"ListItem","position":2,"name":"Mujeres que tejen, una poderosa cooperativa femenina"}]},{"@type":"WebSite","@id":"https:\/\/blogs.uninter.edu.mx\/difusioncultural\/#website","url":"https:\/\/blogs.uninter.edu.mx\/difusioncultural\/","name":"Difusi\u00f3n Cultural","description":"UNINTER","publisher":{"@id":"https:\/\/blogs.uninter.edu.mx\/difusioncultural\/#organization"},"potentialAction":[{"@type":"SearchAction","target":{"@type":"EntryPoint","urlTemplate":"https:\/\/blogs.uninter.edu.mx\/difusioncultural\/?s={search_term_string}"},"query-input":{"@type":"PropertyValueSpecification","valueRequired":true,"valueName":"search_term_string"}}],"inLanguage":"es"},{"@type":"Organization","@id":"https:\/\/blogs.uninter.edu.mx\/difusioncultural\/#organization","name":"Difusi\u00f3n Cultural","url":"https:\/\/blogs.uninter.edu.mx\/difusioncultural\/","logo":{"@type":"ImageObject","inLanguage":"es","@id":"https:\/\/blogs.uninter.edu.mx\/difusioncultural\/#\/schema\/logo\/image\/","url":"https:\/\/blogs.uninter.edu.mx\/difusioncultural\/wp-content\/uploads\/2022\/09\/uninter.jpg","contentUrl":"https:\/\/blogs.uninter.edu.mx\/difusioncultural\/wp-content\/uploads\/2022\/09\/uninter.jpg","width":2048,"height":2048,"caption":"Difusi\u00f3n Cultural"},"image":{"@id":"https:\/\/blogs.uninter.edu.mx\/difusioncultural\/#\/schema\/logo\/image\/"}},{"@type":"Person","@id":"https:\/\/blogs.uninter.edu.mx\/difusioncultural\/#\/schema\/person\/37a0926f4dd300a814993fd595abdc4a","name":"webmaster","image":{"@type":"ImageObject","inLanguage":"es","@id":"https:\/\/blogs.uninter.edu.mx\/difusioncultural\/#\/schema\/person\/image\/","url":"https:\/\/secure.gravatar.com\/avatar\/a59c276b01147463ef3aab4118e3137ebc5e1ad6700deb39ccdf8b89e517f7dc?s=96&d=mm&r=g","contentUrl":"https:\/\/secure.gravatar.com\/avatar\/a59c276b01147463ef3aab4118e3137ebc5e1ad6700deb39ccdf8b89e517f7dc?s=96&d=mm&r=g","caption":"webmaster"},"sameAs":["https:\/\/blogs.uninter.edu.mx\/difusioncultural"],"url":"https:\/\/blogs.uninter.edu.mx\/difusioncultural\/?author=1"}]}},"jetpack_publicize_connections":[],"jetpack_featured_media_url":"https:\/\/blogs.uninter.edu.mx\/difusioncultural\/wp-content\/uploads\/2021\/03\/screenshot_2021-03-02-08-27-58-212_com.facebook.katana-1.jpg","jetpack_sharing_enabled":true,"_links":{"self":[{"href":"https:\/\/blogs.uninter.edu.mx\/difusioncultural\/index.php?rest_route=\/wp\/v2\/posts\/7870","targetHints":{"allow":["GET"]}}],"collection":[{"href":"https:\/\/blogs.uninter.edu.mx\/difusioncultural\/index.php?rest_route=\/wp\/v2\/posts"}],"about":[{"href":"https:\/\/blogs.uninter.edu.mx\/difusioncultural\/index.php?rest_route=\/wp\/v2\/types\/post"}],"author":[{"embeddable":true,"href":"https:\/\/blogs.uninter.edu.mx\/difusioncultural\/index.php?rest_route=\/wp\/v2\/users\/1"}],"replies":[{"embeddable":true,"href":"https:\/\/blogs.uninter.edu.mx\/difusioncultural\/index.php?rest_route=%2Fwp%2Fv2%2Fcomments&post=7870"}],"version-history":[{"count":0,"href":"https:\/\/blogs.uninter.edu.mx\/difusioncultural\/index.php?rest_route=\/wp\/v2\/posts\/7870\/revisions"}],"wp:featuredmedia":[{"embeddable":true,"href":"https:\/\/blogs.uninter.edu.mx\/difusioncultural\/index.php?rest_route=\/wp\/v2\/media\/7869"}],"wp:attachment":[{"href":"https:\/\/blogs.uninter.edu.mx\/difusioncultural\/index.php?rest_route=%2Fwp%2Fv2%2Fmedia&parent=7870"}],"wp:term":[{"taxonomy":"category","embeddable":true,"href":"https:\/\/blogs.uninter.edu.mx\/difusioncultural\/index.php?rest_route=%2Fwp%2Fv2%2Fcategories&post=7870"},{"taxonomy":"post_tag","embeddable":true,"href":"https:\/\/blogs.uninter.edu.mx\/difusioncultural\/index.php?rest_route=%2Fwp%2Fv2%2Ftags&post=7870"}],"curies":[{"name":"wp","href":"https:\/\/api.w.org\/{rel}","templated":true}]}}