{"id":7899,"date":"2021-03-08T10:03:08","date_gmt":"2021-03-08T16:03:08","guid":{"rendered":"https:\/\/difusionculturaluninter.wordpress.com\/2021\/03\/08\/7899\/"},"modified":"2021-03-08T10:03:08","modified_gmt":"2021-03-08T16:03:08","slug":"7899","status":"publish","type":"post","link":"https:\/\/blogs.uninter.edu.mx\/difusioncultural\/?p=7899","title":{"rendered":""},"content":{"rendered":"\n<figure class=\"wp-block-image size-large\"><img fetchpriority=\"high\" decoding=\"async\" width=\"1080\" height=\"1440\" src=\"https:\/\/difusionculturaluninter.files.wordpress.com\/2021\/03\/img_20210308_095552.jpg?w=768\" alt=\"\" class=\"wp-image-7897\" \/><\/figure>\n\n\n\n<p>Hola comunidad uninter, la secretaria de cultura del estado de Morelos lanza la siguiente convocatoria y nosotros te damos a conocer las bases para participar.<\/p>\n\n\n\n<p>La Secretar\u00eda de Cultura, a trav\u00e9s de la Coordinaci\u00f3n Nacional de Desarrollo Cultural Infantil,<br \/>invita a promotoras, promotores, talleristas, creadoras y creadores de las distintas disciplinas<br \/>art\u00edsticas y tradiciones populares de todo el pa\u00eds, a formar parte de la oferta cultural de<br \/>Alas y Ra\u00edces 2021, con el objetivo de garantizar el acceso, participaci\u00f3n y contribuci\u00f3n de<br \/>beb\u00e9s, ni\u00f1as, ni\u00f1os y j\u00f3venes en la vida cultural de la comunidad, en sus siguientes \u00e1reas de<br \/>trabajo: Laboratorios creativos, Narraciones y tradici\u00f3n oral y Presentaciones art\u00edsticas.<br \/>Bases generales<\/p>\n\n\n\n<ol class=\"wp-block-list\"><li>Podr\u00e1n participar profesionales de nacionalidad mexicana y extranjera mayores de 18<br>a\u00f1os, con residencia en la Rep\u00fablica mexicana, con propuestas en cualquiera de las<br>69 lenguas mexicanas.<\/li><li>Quienes participen deber\u00e1n contar con al menos dos a\u00f1os de experiencia<br>comprobable en el trabajo cultural con beb\u00e9s, ni\u00f1as, ni\u00f1os y j\u00f3venes.<\/li><li>Cada participante deber\u00e1 enviar v\u00eda correo electr\u00f3nico una propuesta apegada a los<br>lineamientos y formato de cada \u00e1rea de trabajo, considerando su instrumentaci\u00f3n<br>presencial o virtual (para la que deber\u00e1 contar con las herramientas necesarias).<\/li><li>Se aceptar\u00e1 s\u00f3lo una postulaci\u00f3n por participante.<\/li><\/ol>\n\n\n\n<p>5. Tendr\u00e1n prioridad las propuestas que consideren el trabajo con infancias y  <br>juventudes en contextos vulnerables, a partir del reconocimiento de la diversidad cultural y social:<\/p>\n\n\n\n<p> <br>\u2022 V\u00edctimas de violencia (f\u00edsica, simb\u00f3lica, psicol\u00f3gica, de g\u00e9nero y sexual) <br>\u2022 Contextos adversos (hospitales, reclusi\u00f3n, casas hogar, en  <br> situaci\u00f3n de calle, infancias trabajadoras) <br>\u2022 Condici\u00f3n de discapacidad <br>\u2022 Condici\u00f3n de movilidad (migrantes, desplazados, jornaleros) <br>6. Se seleccionar\u00e1n un m\u00e1ximo de 270 propuestas divididas de la siguiente manera: <br>\u2022 Laboratorios creativos <br> \u2022 Brotes: 30 propuestas <br> \u2022 Identidades y reconstrucci\u00f3n de las memorias: 70 propuestas <br> \u2022 Tiempo para Juglar: 30 propuestas <br>\u2022 Narraciones y tradici\u00f3n oral: 80 propuestas <br>\u2022 Presentaciones art\u00edsticas: 60 propuestas<br> <br>7. Las propuestas seleccionadas ser\u00e1n remuneradas bajo el concepto de Servicios profesionales, de acuerdo al monto establecido en cada \u00e1rea de trabajo. <br>8. Quienes resulten seleccionad deber\u00e1n contar con la siguiente documentaci\u00f3n: <br>\u2022 Constancia de Situaci\u00f3n Fiscal bajo el R\u00e9gimen de las Personas F\u00edsicas con  <br> Actividades Empresariales y profesionales.  <br>\u2022 En el caso de Personas Morales, se deber\u00e1 presentar Acta Constitutiva con  <br> objeto cultural o art\u00edstico y poder notarial, especificando que es una sociedad con fines de lucro. <br>\u2022 Copia de identificaci\u00f3n oficial vigente (INE, Pasaporte o C\u00e9dula Profesional) <br>\u2022 CURP <br>\u2022 Comprobante de domicilio vigente <br>\u2022 Comprobante de estudios (certificado, diploma, constancia) <br>\u2022 Cuenta bancaria vigente a su nombre  <br>NOTA. No podr\u00e1n participar aquellas personas trabajadoras de la Secretar\u00eda de Cultura y las secretar\u00edas, consejos e institutos de cultura de los Estados.<\/p>\n","protected":false},"excerpt":{"rendered":"<p>Hola comunidad uninter, la secretaria de cultura del estado de Morelos lanza la siguiente convocatoria y nosotros te damos a conocer las bases para participar. La Secretar\u00eda de Cultura, a trav\u00e9s de la Coordinaci\u00f3n Nacional de Desarrollo Cultural Infantil,invita a promotoras, promotores, talleristas, creadoras y creadores de las distintas disciplinasart\u00edsticas y tradiciones populares de todo&hellip;<\/p>\n","protected":false},"author":1,"featured_media":7898,"comment_status":"closed","ping_status":"open","sticky":false,"template":"","format":"standard","meta":{"_jetpack_memberships_contains_paid_content":false,"footnotes":"","jetpack_publicize_message":"","jetpack_publicize_feature_enabled":true,"jetpack_social_post_already_shared":false,"jetpack_social_options":{"image_generator_settings":{"template":"highway","default_image_id":0,"font":"","enabled":false},"version":2}},"categories":[11],"tags":[],"class_list":["post-7899","post","type-post","status-publish","format-standard","has-post-thumbnail","hentry","category-estudiantiles-culturales"],"yoast_head":"<!-- This site is optimized with the Yoast SEO plugin v26.3 - https:\/\/yoast.com\/wordpress\/plugins\/seo\/ -->\r\n<title>- Difusi\u00f3n Cultural<\/title>\r\n<meta name=\"robots\" content=\"index, follow, max-snippet:-1, max-image-preview:large, max-video-preview:-1\" \/>\r\n<link rel=\"canonical\" href=\"https:\/\/blogs.uninter.edu.mx\/difusioncultural\/?p=7899\" \/>\r\n<meta property=\"og:locale\" content=\"es_MX\" \/>\r\n<meta property=\"og:type\" content=\"article\" \/>\r\n<meta property=\"og:title\" content=\"- Difusi\u00f3n Cultural\" \/>\r\n<meta property=\"og:description\" content=\"Hola comunidad uninter, la secretaria de cultura del estado de Morelos lanza la siguiente convocatoria y nosotros te damos a conocer las bases para participar. La Secretar\u00eda de Cultura, a trav\u00e9s de la Coordinaci\u00f3n Nacional de Desarrollo Cultural Infantil,invita a promotoras, promotores, talleristas, creadoras y creadores de las distintas disciplinasart\u00edsticas y tradiciones populares de todo&hellip;\" \/>\r\n<meta property=\"og:url\" content=\"https:\/\/blogs.uninter.edu.mx\/difusioncultural\/?p=7899\" \/>\r\n<meta property=\"og:site_name\" content=\"Difusi\u00f3n Cultural\" \/>\r\n<meta property=\"article:published_time\" content=\"2021-03-08T16:03:08+00:00\" \/>\r\n<meta property=\"og:image\" content=\"https:\/\/blogs.uninter.edu.mx\/difusioncultural\/wp-content\/uploads\/2021\/03\/img_20210308_095552-1.jpg\" \/>\r\n\t<meta property=\"og:image:width\" content=\"1080\" \/>\r\n\t<meta property=\"og:image:height\" content=\"1440\" \/>\r\n\t<meta property=\"og:image:type\" content=\"image\/jpeg\" \/>\r\n<meta name=\"author\" content=\"webmaster\" \/>\r\n<meta name=\"twitter:card\" content=\"summary_large_image\" \/>\r\n<meta name=\"twitter:label1\" content=\"Escrito por\" \/>\n\t<meta name=\"twitter:data1\" content=\"webmaster\" \/>\n\t<meta name=\"twitter:label2\" content=\"Tiempo de lectura\" \/>\n\t<meta name=\"twitter:data2\" content=\"2 minutos\" \/>\r\n<script type=\"application\/ld+json\" class=\"yoast-schema-graph\">{\"@context\":\"https:\/\/schema.org\",\"@graph\":[{\"@type\":\"Article\",\"@id\":\"https:\/\/blogs.uninter.edu.mx\/difusioncultural\/?p=7899#article\",\"isPartOf\":{\"@id\":\"https:\/\/blogs.uninter.edu.mx\/difusioncultural\/?p=7899\"},\"author\":{\"name\":\"webmaster\",\"@id\":\"https:\/\/blogs.uninter.edu.mx\/difusioncultural\/#\/schema\/person\/37a0926f4dd300a814993fd595abdc4a\"},\"headline\":\"Sin t\u00edtulo\",\"datePublished\":\"2021-03-08T16:03:08+00:00\",\"mainEntityOfPage\":{\"@id\":\"https:\/\/blogs.uninter.edu.mx\/difusioncultural\/?p=7899\"},\"wordCount\":461,\"publisher\":{\"@id\":\"https:\/\/blogs.uninter.edu.mx\/difusioncultural\/#organization\"},\"image\":{\"@id\":\"https:\/\/blogs.uninter.edu.mx\/difusioncultural\/?p=7899#primaryimage\"},\"thumbnailUrl\":\"https:\/\/blogs.uninter.edu.mx\/difusioncultural\/wp-content\/uploads\/2021\/03\/img_20210308_095552-1.jpg\",\"articleSection\":[\"Talleres Culturales\"],\"inLanguage\":\"es\"},{\"@type\":\"WebPage\",\"@id\":\"https:\/\/blogs.uninter.edu.mx\/difusioncultural\/?p=7899\",\"url\":\"https:\/\/blogs.uninter.edu.mx\/difusioncultural\/?p=7899\",\"name\":\"- Difusi\u00f3n Cultural\",\"isPartOf\":{\"@id\":\"https:\/\/blogs.uninter.edu.mx\/difusioncultural\/#website\"},\"primaryImageOfPage\":{\"@id\":\"https:\/\/blogs.uninter.edu.mx\/difusioncultural\/?p=7899#primaryimage\"},\"image\":{\"@id\":\"https:\/\/blogs.uninter.edu.mx\/difusioncultural\/?p=7899#primaryimage\"},\"thumbnailUrl\":\"https:\/\/blogs.uninter.edu.mx\/difusioncultural\/wp-content\/uploads\/2021\/03\/img_20210308_095552-1.jpg\",\"datePublished\":\"2021-03-08T16:03:08+00:00\",\"inLanguage\":\"es\",\"potentialAction\":[{\"@type\":\"ReadAction\",\"target\":[\"https:\/\/blogs.uninter.edu.mx\/difusioncultural\/?p=7899\"]}]},{\"@type\":\"ImageObject\",\"inLanguage\":\"es\",\"@id\":\"https:\/\/blogs.uninter.edu.mx\/difusioncultural\/?p=7899#primaryimage\",\"url\":\"https:\/\/blogs.uninter.edu.mx\/difusioncultural\/wp-content\/uploads\/2021\/03\/img_20210308_095552-1.jpg\",\"contentUrl\":\"https:\/\/blogs.uninter.edu.mx\/difusioncultural\/wp-content\/uploads\/2021\/03\/img_20210308_095552-1.jpg\",\"width\":1080,\"height\":1440},{\"@type\":\"WebSite\",\"@id\":\"https:\/\/blogs.uninter.edu.mx\/difusioncultural\/#website\",\"url\":\"https:\/\/blogs.uninter.edu.mx\/difusioncultural\/\",\"name\":\"Difusi\u00f3n Cultural\",\"description\":\"UNINTER\",\"publisher\":{\"@id\":\"https:\/\/blogs.uninter.edu.mx\/difusioncultural\/#organization\"},\"potentialAction\":[{\"@type\":\"SearchAction\",\"target\":{\"@type\":\"EntryPoint\",\"urlTemplate\":\"https:\/\/blogs.uninter.edu.mx\/difusioncultural\/?s={search_term_string}\"},\"query-input\":{\"@type\":\"PropertyValueSpecification\",\"valueRequired\":true,\"valueName\":\"search_term_string\"}}],\"inLanguage\":\"es\"},{\"@type\":\"Organization\",\"@id\":\"https:\/\/blogs.uninter.edu.mx\/difusioncultural\/#organization\",\"name\":\"Difusi\u00f3n Cultural\",\"url\":\"https:\/\/blogs.uninter.edu.mx\/difusioncultural\/\",\"logo\":{\"@type\":\"ImageObject\",\"inLanguage\":\"es\",\"@id\":\"https:\/\/blogs.uninter.edu.mx\/difusioncultural\/#\/schema\/logo\/image\/\",\"url\":\"https:\/\/blogs.uninter.edu.mx\/difusioncultural\/wp-content\/uploads\/2022\/09\/uninter.jpg\",\"contentUrl\":\"https:\/\/blogs.uninter.edu.mx\/difusioncultural\/wp-content\/uploads\/2022\/09\/uninter.jpg\",\"width\":2048,\"height\":2048,\"caption\":\"Difusi\u00f3n Cultural\"},\"image\":{\"@id\":\"https:\/\/blogs.uninter.edu.mx\/difusioncultural\/#\/schema\/logo\/image\/\"}},{\"@type\":\"Person\",\"@id\":\"https:\/\/blogs.uninter.edu.mx\/difusioncultural\/#\/schema\/person\/37a0926f4dd300a814993fd595abdc4a\",\"name\":\"webmaster\",\"image\":{\"@type\":\"ImageObject\",\"inLanguage\":\"es\",\"@id\":\"https:\/\/blogs.uninter.edu.mx\/difusioncultural\/#\/schema\/person\/image\/\",\"url\":\"https:\/\/secure.gravatar.com\/avatar\/a59c276b01147463ef3aab4118e3137ebc5e1ad6700deb39ccdf8b89e517f7dc?s=96&d=mm&r=g\",\"contentUrl\":\"https:\/\/secure.gravatar.com\/avatar\/a59c276b01147463ef3aab4118e3137ebc5e1ad6700deb39ccdf8b89e517f7dc?s=96&d=mm&r=g\",\"caption\":\"webmaster\"},\"sameAs\":[\"https:\/\/blogs.uninter.edu.mx\/difusioncultural\"],\"url\":\"https:\/\/blogs.uninter.edu.mx\/difusioncultural\/?author=1\"}]}<\/script>\r\n<!-- \/ Yoast SEO plugin. -->","yoast_head_json":{"title":"- Difusi\u00f3n Cultural","robots":{"index":"index","follow":"follow","max-snippet":"max-snippet:-1","max-image-preview":"max-image-preview:large","max-video-preview":"max-video-preview:-1"},"canonical":"https:\/\/blogs.uninter.edu.mx\/difusioncultural\/?p=7899","og_locale":"es_MX","og_type":"article","og_title":"- Difusi\u00f3n Cultural","og_description":"Hola comunidad uninter, la secretaria de cultura del estado de Morelos lanza la siguiente convocatoria y nosotros te damos a conocer las bases para participar. La Secretar\u00eda de Cultura, a trav\u00e9s de la Coordinaci\u00f3n Nacional de Desarrollo Cultural Infantil,invita a promotoras, promotores, talleristas, creadoras y creadores de las distintas disciplinasart\u00edsticas y tradiciones populares de todo&hellip;","og_url":"https:\/\/blogs.uninter.edu.mx\/difusioncultural\/?p=7899","og_site_name":"Difusi\u00f3n Cultural","article_published_time":"2021-03-08T16:03:08+00:00","og_image":[{"width":1080,"height":1440,"url":"https:\/\/blogs.uninter.edu.mx\/difusioncultural\/wp-content\/uploads\/2021\/03\/img_20210308_095552-1.jpg","type":"image\/jpeg"}],"author":"webmaster","twitter_card":"summary_large_image","twitter_misc":{"Escrito por":"webmaster","Tiempo de lectura":"2 minutos"},"schema":{"@context":"https:\/\/schema.org","@graph":[{"@type":"Article","@id":"https:\/\/blogs.uninter.edu.mx\/difusioncultural\/?p=7899#article","isPartOf":{"@id":"https:\/\/blogs.uninter.edu.mx\/difusioncultural\/?p=7899"},"author":{"name":"webmaster","@id":"https:\/\/blogs.uninter.edu.mx\/difusioncultural\/#\/schema\/person\/37a0926f4dd300a814993fd595abdc4a"},"headline":"Sin t\u00edtulo","datePublished":"2021-03-08T16:03:08+00:00","mainEntityOfPage":{"@id":"https:\/\/blogs.uninter.edu.mx\/difusioncultural\/?p=7899"},"wordCount":461,"publisher":{"@id":"https:\/\/blogs.uninter.edu.mx\/difusioncultural\/#organization"},"image":{"@id":"https:\/\/blogs.uninter.edu.mx\/difusioncultural\/?p=7899#primaryimage"},"thumbnailUrl":"https:\/\/blogs.uninter.edu.mx\/difusioncultural\/wp-content\/uploads\/2021\/03\/img_20210308_095552-1.jpg","articleSection":["Talleres Culturales"],"inLanguage":"es"},{"@type":"WebPage","@id":"https:\/\/blogs.uninter.edu.mx\/difusioncultural\/?p=7899","url":"https:\/\/blogs.uninter.edu.mx\/difusioncultural\/?p=7899","name":"- Difusi\u00f3n Cultural","isPartOf":{"@id":"https:\/\/blogs.uninter.edu.mx\/difusioncultural\/#website"},"primaryImageOfPage":{"@id":"https:\/\/blogs.uninter.edu.mx\/difusioncultural\/?p=7899#primaryimage"},"image":{"@id":"https:\/\/blogs.uninter.edu.mx\/difusioncultural\/?p=7899#primaryimage"},"thumbnailUrl":"https:\/\/blogs.uninter.edu.mx\/difusioncultural\/wp-content\/uploads\/2021\/03\/img_20210308_095552-1.jpg","datePublished":"2021-03-08T16:03:08+00:00","inLanguage":"es","potentialAction":[{"@type":"ReadAction","target":["https:\/\/blogs.uninter.edu.mx\/difusioncultural\/?p=7899"]}]},{"@type":"ImageObject","inLanguage":"es","@id":"https:\/\/blogs.uninter.edu.mx\/difusioncultural\/?p=7899#primaryimage","url":"https:\/\/blogs.uninter.edu.mx\/difusioncultural\/wp-content\/uploads\/2021\/03\/img_20210308_095552-1.jpg","contentUrl":"https:\/\/blogs.uninter.edu.mx\/difusioncultural\/wp-content\/uploads\/2021\/03\/img_20210308_095552-1.jpg","width":1080,"height":1440},{"@type":"WebSite","@id":"https:\/\/blogs.uninter.edu.mx\/difusioncultural\/#website","url":"https:\/\/blogs.uninter.edu.mx\/difusioncultural\/","name":"Difusi\u00f3n Cultural","description":"UNINTER","publisher":{"@id":"https:\/\/blogs.uninter.edu.mx\/difusioncultural\/#organization"},"potentialAction":[{"@type":"SearchAction","target":{"@type":"EntryPoint","urlTemplate":"https:\/\/blogs.uninter.edu.mx\/difusioncultural\/?s={search_term_string}"},"query-input":{"@type":"PropertyValueSpecification","valueRequired":true,"valueName":"search_term_string"}}],"inLanguage":"es"},{"@type":"Organization","@id":"https:\/\/blogs.uninter.edu.mx\/difusioncultural\/#organization","name":"Difusi\u00f3n Cultural","url":"https:\/\/blogs.uninter.edu.mx\/difusioncultural\/","logo":{"@type":"ImageObject","inLanguage":"es","@id":"https:\/\/blogs.uninter.edu.mx\/difusioncultural\/#\/schema\/logo\/image\/","url":"https:\/\/blogs.uninter.edu.mx\/difusioncultural\/wp-content\/uploads\/2022\/09\/uninter.jpg","contentUrl":"https:\/\/blogs.uninter.edu.mx\/difusioncultural\/wp-content\/uploads\/2022\/09\/uninter.jpg","width":2048,"height":2048,"caption":"Difusi\u00f3n Cultural"},"image":{"@id":"https:\/\/blogs.uninter.edu.mx\/difusioncultural\/#\/schema\/logo\/image\/"}},{"@type":"Person","@id":"https:\/\/blogs.uninter.edu.mx\/difusioncultural\/#\/schema\/person\/37a0926f4dd300a814993fd595abdc4a","name":"webmaster","image":{"@type":"ImageObject","inLanguage":"es","@id":"https:\/\/blogs.uninter.edu.mx\/difusioncultural\/#\/schema\/person\/image\/","url":"https:\/\/secure.gravatar.com\/avatar\/a59c276b01147463ef3aab4118e3137ebc5e1ad6700deb39ccdf8b89e517f7dc?s=96&d=mm&r=g","contentUrl":"https:\/\/secure.gravatar.com\/avatar\/a59c276b01147463ef3aab4118e3137ebc5e1ad6700deb39ccdf8b89e517f7dc?s=96&d=mm&r=g","caption":"webmaster"},"sameAs":["https:\/\/blogs.uninter.edu.mx\/difusioncultural"],"url":"https:\/\/blogs.uninter.edu.mx\/difusioncultural\/?author=1"}]}},"jetpack_publicize_connections":[],"jetpack_featured_media_url":"https:\/\/blogs.uninter.edu.mx\/difusioncultural\/wp-content\/uploads\/2021\/03\/img_20210308_095552-1.jpg","jetpack_sharing_enabled":true,"_links":{"self":[{"href":"https:\/\/blogs.uninter.edu.mx\/difusioncultural\/index.php?rest_route=\/wp\/v2\/posts\/7899","targetHints":{"allow":["GET"]}}],"collection":[{"href":"https:\/\/blogs.uninter.edu.mx\/difusioncultural\/index.php?rest_route=\/wp\/v2\/posts"}],"about":[{"href":"https:\/\/blogs.uninter.edu.mx\/difusioncultural\/index.php?rest_route=\/wp\/v2\/types\/post"}],"author":[{"embeddable":true,"href":"https:\/\/blogs.uninter.edu.mx\/difusioncultural\/index.php?rest_route=\/wp\/v2\/users\/1"}],"replies":[{"embeddable":true,"href":"https:\/\/blogs.uninter.edu.mx\/difusioncultural\/index.php?rest_route=%2Fwp%2Fv2%2Fcomments&post=7899"}],"version-history":[{"count":0,"href":"https:\/\/blogs.uninter.edu.mx\/difusioncultural\/index.php?rest_route=\/wp\/v2\/posts\/7899\/revisions"}],"wp:featuredmedia":[{"embeddable":true,"href":"https:\/\/blogs.uninter.edu.mx\/difusioncultural\/index.php?rest_route=\/wp\/v2\/media\/7898"}],"wp:attachment":[{"href":"https:\/\/blogs.uninter.edu.mx\/difusioncultural\/index.php?rest_route=%2Fwp%2Fv2%2Fmedia&parent=7899"}],"wp:term":[{"taxonomy":"category","embeddable":true,"href":"https:\/\/blogs.uninter.edu.mx\/difusioncultural\/index.php?rest_route=%2Fwp%2Fv2%2Fcategories&post=7899"},{"taxonomy":"post_tag","embeddable":true,"href":"https:\/\/blogs.uninter.edu.mx\/difusioncultural\/index.php?rest_route=%2Fwp%2Fv2%2Ftags&post=7899"}],"curies":[{"name":"wp","href":"https:\/\/api.w.org\/{rel}","templated":true}]}}