{"id":7964,"date":"2021-03-16T08:21:17","date_gmt":"2021-03-16T14:21:17","guid":{"rendered":"https:\/\/difusionculturaluninter.wordpress.com\/2021\/03\/16\/german-valdes-tin-tan-el-pachuco-de-oro\/"},"modified":"2021-03-16T08:21:17","modified_gmt":"2021-03-16T14:21:17","slug":"german-valdes-tin-tan-el-pachuco-de-oro","status":"publish","type":"post","link":"https:\/\/blogs.uninter.edu.mx\/difusioncultural\/?p=7964","title":{"rendered":"Germ\u00e1n Vald\u00e9s \u2018Tin Tan\u2019, el pachuco de oro"},"content":{"rendered":"\n<figure class=\"wp-block-image size-large\"><img fetchpriority=\"high\" decoding=\"async\" width=\"1080\" height=\"1443\" src=\"https:\/\/difusionculturaluninter.files.wordpress.com\/2021\/03\/img_20210316_081133.jpg?w=766\" alt=\"\" class=\"wp-image-7962\" \/><\/figure>\n\n\n\n<p>Comunidad uninter uando escuchamos la palabra \u2018pachuco\u2019 es imposible no pensar en Tin Tan, uno de los personajes m\u00e1s queridos y admirados del cine mexicanoo, pero \u00bfqui\u00e9n fue Tin Tan?<\/p>\n\n\n\n<p>Germ\u00e1n Genaro Cipriano G\u00f3mez Vald\u00e9s de Castillo, mejor conocido como \u201cTin Tan\u201d naci\u00f3 un 19 de septiembre de 1915 en la Ciudad de M\u00e9xico. Fue el segundo hijo de los nueve que concibi\u00f3 el matrimonio formado por sus padres, Rafael G\u00f3mez Vald\u00e9s y Guadalupe Castillo.<\/p>\n\n\n\n<p>De sus hermanos, tres de ellos tambi\u00e9n de dedicaron al mundo del espect\u00e1culo: Ram\u00f3n Vald\u00e9s, conocido por interpretar a don Ram\u00f3n en el programa\u00a0El Chavo del Ocho, Antonio Vald\u00e9s Castillo, tambi\u00e9n c\u00f3mico del programa\u00a0Puro Loco, y Manuel \u201cEl Loco\u201d Vald\u00e9s.<\/p>\n\n\n\n<p>Debido al trabajo de su padre, Germ\u00e1n vivi\u00f3 en Veracruz y en Ciudad Ju\u00e1rez, Chihuahua. En esta \u00faltima ciudad encontr\u00f3 la inspiraci\u00f3n para crear a ese personaje que lo inmortalizar\u00eda.<\/p>\n\n\n\n<p>Durante su juventud trabaj\u00f3 en la radiodifusora local XEJ. fue justo ah\u00ed donde fue descubierto por su sentido del humor.<\/p>\n\n\n\n<p>Cuentan que un d\u00eda, Germ\u00e1n Vald\u00e9s, a quien el aquel tiempo le apodaban \u2018La Chiva\u2019, mientras reparaba unos cables en la cabina, empez\u00f3 a bromear y a imitar la voz de Agust\u00edn Lara. Lo que no sab\u00eda es que el micr\u00f3fono estaba abierto y al aire, y cuando hizo la imitaci\u00f3n lo escuch\u00f3 Pedro Mesenes -due\u00f1o de la emisora-, quien sorprendido por el ingenio de Vald\u00e9s decidi\u00f3 darle la oportunidad como locutor. As\u00ed fue como naci\u00f3 el personaje de Pachuco Topillo Tapas en el programa El Barco de la ilusi\u00f3n, donde cantaba y hac\u00eda imitaciones mezclando el ingl\u00e9s y el espa\u00f1ol \u2013spanglish, que le llamamos-.<\/p>\n\n\n\n<p>Tin Tan conquist\u00f3 la radio, el teatro, el cine y la televisi\u00f3n. Pero su personalidad tambi\u00e9n lo llev\u00f3 a desarrollarse en otras facetas, tanto como director como cantante. De hecho, su grabaci\u00f3n de la canci\u00f3n Bonita, de Luis Alcaraz, es considerada como una de las mejores.<\/p>\n","protected":false},"excerpt":{"rendered":"<p>Comunidad uninter uando escuchamos la palabra \u2018pachuco\u2019 es imposible no pensar en Tin Tan, uno de los personajes m\u00e1s queridos y admirados del cine mexicanoo, pero \u00bfqui\u00e9n fue Tin Tan? Germ\u00e1n Genaro Cipriano G\u00f3mez Vald\u00e9s de Castillo, mejor conocido como \u201cTin Tan\u201d naci\u00f3 un 19 de septiembre de 1915 en la Ciudad de M\u00e9xico. Fue&hellip;<\/p>\n","protected":false},"author":1,"featured_media":7963,"comment_status":"closed","ping_status":"open","sticky":false,"template":"","format":"standard","meta":{"_jetpack_memberships_contains_paid_content":false,"footnotes":"","jetpack_publicize_message":"","jetpack_publicize_feature_enabled":true,"jetpack_social_post_already_shared":false,"jetpack_social_options":{"image_generator_settings":{"template":"highway","default_image_id":0,"font":"","enabled":false},"version":2}},"categories":[6],"tags":[],"class_list":["post-7964","post","type-post","status-publish","format-standard","has-post-thumbnail","hentry","category-compania-de-teatro"],"yoast_head":"<!-- This site is optimized with the Yoast SEO plugin v26.3 - https:\/\/yoast.com\/wordpress\/plugins\/seo\/ -->\r\n<title>Germ\u00e1n Vald\u00e9s \u2018Tin Tan\u2019, el pachuco de oro - Difusi\u00f3n Cultural<\/title>\r\n<meta name=\"robots\" content=\"index, follow, max-snippet:-1, max-image-preview:large, max-video-preview:-1\" \/>\r\n<link rel=\"canonical\" href=\"https:\/\/blogs.uninter.edu.mx\/difusioncultural\/?p=7964\" \/>\r\n<meta property=\"og:locale\" content=\"es_MX\" \/>\r\n<meta property=\"og:type\" content=\"article\" \/>\r\n<meta property=\"og:title\" content=\"Germ\u00e1n Vald\u00e9s \u2018Tin Tan\u2019, el pachuco de oro - Difusi\u00f3n Cultural\" \/>\r\n<meta property=\"og:description\" content=\"Comunidad uninter uando escuchamos la palabra \u2018pachuco\u2019 es imposible no pensar en Tin Tan, uno de los personajes m\u00e1s queridos y admirados del cine mexicanoo, pero \u00bfqui\u00e9n fue Tin Tan? Germ\u00e1n Genaro Cipriano G\u00f3mez Vald\u00e9s de Castillo, mejor conocido como \u201cTin Tan\u201d naci\u00f3 un 19 de septiembre de 1915 en la Ciudad de M\u00e9xico. Fue&hellip;\" \/>\r\n<meta property=\"og:url\" content=\"https:\/\/blogs.uninter.edu.mx\/difusioncultural\/?p=7964\" \/>\r\n<meta property=\"og:site_name\" content=\"Difusi\u00f3n Cultural\" \/>\r\n<meta property=\"article:published_time\" content=\"2021-03-16T14:21:17+00:00\" \/>\r\n<meta property=\"og:image\" content=\"https:\/\/blogs.uninter.edu.mx\/difusioncultural\/wp-content\/uploads\/2021\/03\/img_20210316_081133-1.jpg\" \/>\r\n\t<meta property=\"og:image:width\" content=\"1080\" \/>\r\n\t<meta property=\"og:image:height\" content=\"1443\" \/>\r\n\t<meta property=\"og:image:type\" content=\"image\/jpeg\" \/>\r\n<meta name=\"author\" content=\"webmaster\" \/>\r\n<meta name=\"twitter:card\" content=\"summary_large_image\" \/>\r\n<meta name=\"twitter:label1\" content=\"Escrito por\" \/>\n\t<meta name=\"twitter:data1\" content=\"webmaster\" \/>\n\t<meta name=\"twitter:label2\" content=\"Tiempo de lectura\" \/>\n\t<meta name=\"twitter:data2\" content=\"2 minutos\" \/>\r\n<script type=\"application\/ld+json\" class=\"yoast-schema-graph\">{\"@context\":\"https:\/\/schema.org\",\"@graph\":[{\"@type\":\"Article\",\"@id\":\"https:\/\/blogs.uninter.edu.mx\/difusioncultural\/?p=7964#article\",\"isPartOf\":{\"@id\":\"https:\/\/blogs.uninter.edu.mx\/difusioncultural\/?p=7964\"},\"author\":{\"name\":\"webmaster\",\"@id\":\"https:\/\/blogs.uninter.edu.mx\/difusioncultural\/#\/schema\/person\/37a0926f4dd300a814993fd595abdc4a\"},\"headline\":\"Germ\u00e1n Vald\u00e9s \u2018Tin Tan\u2019, el pachuco de oro\",\"datePublished\":\"2021-03-16T14:21:17+00:00\",\"mainEntityOfPage\":{\"@id\":\"https:\/\/blogs.uninter.edu.mx\/difusioncultural\/?p=7964\"},\"wordCount\":364,\"publisher\":{\"@id\":\"https:\/\/blogs.uninter.edu.mx\/difusioncultural\/#organization\"},\"image\":{\"@id\":\"https:\/\/blogs.uninter.edu.mx\/difusioncultural\/?p=7964#primaryimage\"},\"thumbnailUrl\":\"https:\/\/blogs.uninter.edu.mx\/difusioncultural\/wp-content\/uploads\/2021\/03\/img_20210316_081133-1.jpg\",\"articleSection\":[\"Compa\u00f1ia de Teatro\"],\"inLanguage\":\"es\"},{\"@type\":\"WebPage\",\"@id\":\"https:\/\/blogs.uninter.edu.mx\/difusioncultural\/?p=7964\",\"url\":\"https:\/\/blogs.uninter.edu.mx\/difusioncultural\/?p=7964\",\"name\":\"Germ\u00e1n Vald\u00e9s \u2018Tin Tan\u2019, el pachuco de oro - Difusi\u00f3n Cultural\",\"isPartOf\":{\"@id\":\"https:\/\/blogs.uninter.edu.mx\/difusioncultural\/#website\"},\"primaryImageOfPage\":{\"@id\":\"https:\/\/blogs.uninter.edu.mx\/difusioncultural\/?p=7964#primaryimage\"},\"image\":{\"@id\":\"https:\/\/blogs.uninter.edu.mx\/difusioncultural\/?p=7964#primaryimage\"},\"thumbnailUrl\":\"https:\/\/blogs.uninter.edu.mx\/difusioncultural\/wp-content\/uploads\/2021\/03\/img_20210316_081133-1.jpg\",\"datePublished\":\"2021-03-16T14:21:17+00:00\",\"breadcrumb\":{\"@id\":\"https:\/\/blogs.uninter.edu.mx\/difusioncultural\/?p=7964#breadcrumb\"},\"inLanguage\":\"es\",\"potentialAction\":[{\"@type\":\"ReadAction\",\"target\":[\"https:\/\/blogs.uninter.edu.mx\/difusioncultural\/?p=7964\"]}]},{\"@type\":\"ImageObject\",\"inLanguage\":\"es\",\"@id\":\"https:\/\/blogs.uninter.edu.mx\/difusioncultural\/?p=7964#primaryimage\",\"url\":\"https:\/\/blogs.uninter.edu.mx\/difusioncultural\/wp-content\/uploads\/2021\/03\/img_20210316_081133-1.jpg\",\"contentUrl\":\"https:\/\/blogs.uninter.edu.mx\/difusioncultural\/wp-content\/uploads\/2021\/03\/img_20210316_081133-1.jpg\",\"width\":1080,\"height\":1443},{\"@type\":\"BreadcrumbList\",\"@id\":\"https:\/\/blogs.uninter.edu.mx\/difusioncultural\/?p=7964#breadcrumb\",\"itemListElement\":[{\"@type\":\"ListItem\",\"position\":1,\"name\":\"Inicio\",\"item\":\"https:\/\/blogs.uninter.edu.mx\/difusioncultural\/\"},{\"@type\":\"ListItem\",\"position\":2,\"name\":\"Germ\u00e1n Vald\u00e9s \u2018Tin Tan\u2019, el pachuco de oro\"}]},{\"@type\":\"WebSite\",\"@id\":\"https:\/\/blogs.uninter.edu.mx\/difusioncultural\/#website\",\"url\":\"https:\/\/blogs.uninter.edu.mx\/difusioncultural\/\",\"name\":\"Difusi\u00f3n Cultural\",\"description\":\"UNINTER\",\"publisher\":{\"@id\":\"https:\/\/blogs.uninter.edu.mx\/difusioncultural\/#organization\"},\"potentialAction\":[{\"@type\":\"SearchAction\",\"target\":{\"@type\":\"EntryPoint\",\"urlTemplate\":\"https:\/\/blogs.uninter.edu.mx\/difusioncultural\/?s={search_term_string}\"},\"query-input\":{\"@type\":\"PropertyValueSpecification\",\"valueRequired\":true,\"valueName\":\"search_term_string\"}}],\"inLanguage\":\"es\"},{\"@type\":\"Organization\",\"@id\":\"https:\/\/blogs.uninter.edu.mx\/difusioncultural\/#organization\",\"name\":\"Difusi\u00f3n Cultural\",\"url\":\"https:\/\/blogs.uninter.edu.mx\/difusioncultural\/\",\"logo\":{\"@type\":\"ImageObject\",\"inLanguage\":\"es\",\"@id\":\"https:\/\/blogs.uninter.edu.mx\/difusioncultural\/#\/schema\/logo\/image\/\",\"url\":\"https:\/\/blogs.uninter.edu.mx\/difusioncultural\/wp-content\/uploads\/2022\/09\/uninter.jpg\",\"contentUrl\":\"https:\/\/blogs.uninter.edu.mx\/difusioncultural\/wp-content\/uploads\/2022\/09\/uninter.jpg\",\"width\":2048,\"height\":2048,\"caption\":\"Difusi\u00f3n Cultural\"},\"image\":{\"@id\":\"https:\/\/blogs.uninter.edu.mx\/difusioncultural\/#\/schema\/logo\/image\/\"}},{\"@type\":\"Person\",\"@id\":\"https:\/\/blogs.uninter.edu.mx\/difusioncultural\/#\/schema\/person\/37a0926f4dd300a814993fd595abdc4a\",\"name\":\"webmaster\",\"image\":{\"@type\":\"ImageObject\",\"inLanguage\":\"es\",\"@id\":\"https:\/\/blogs.uninter.edu.mx\/difusioncultural\/#\/schema\/person\/image\/\",\"url\":\"https:\/\/secure.gravatar.com\/avatar\/a59c276b01147463ef3aab4118e3137ebc5e1ad6700deb39ccdf8b89e517f7dc?s=96&d=mm&r=g\",\"contentUrl\":\"https:\/\/secure.gravatar.com\/avatar\/a59c276b01147463ef3aab4118e3137ebc5e1ad6700deb39ccdf8b89e517f7dc?s=96&d=mm&r=g\",\"caption\":\"webmaster\"},\"sameAs\":[\"https:\/\/blogs.uninter.edu.mx\/difusioncultural\"],\"url\":\"https:\/\/blogs.uninter.edu.mx\/difusioncultural\/?author=1\"}]}<\/script>\r\n<!-- \/ Yoast SEO plugin. -->","yoast_head_json":{"title":"Germ\u00e1n Vald\u00e9s \u2018Tin Tan\u2019, el pachuco de oro - Difusi\u00f3n Cultural","robots":{"index":"index","follow":"follow","max-snippet":"max-snippet:-1","max-image-preview":"max-image-preview:large","max-video-preview":"max-video-preview:-1"},"canonical":"https:\/\/blogs.uninter.edu.mx\/difusioncultural\/?p=7964","og_locale":"es_MX","og_type":"article","og_title":"Germ\u00e1n Vald\u00e9s \u2018Tin Tan\u2019, el pachuco de oro - Difusi\u00f3n Cultural","og_description":"Comunidad uninter uando escuchamos la palabra \u2018pachuco\u2019 es imposible no pensar en Tin Tan, uno de los personajes m\u00e1s queridos y admirados del cine mexicanoo, pero \u00bfqui\u00e9n fue Tin Tan? Germ\u00e1n Genaro Cipriano G\u00f3mez Vald\u00e9s de Castillo, mejor conocido como \u201cTin Tan\u201d naci\u00f3 un 19 de septiembre de 1915 en la Ciudad de M\u00e9xico. Fue&hellip;","og_url":"https:\/\/blogs.uninter.edu.mx\/difusioncultural\/?p=7964","og_site_name":"Difusi\u00f3n Cultural","article_published_time":"2021-03-16T14:21:17+00:00","og_image":[{"width":1080,"height":1443,"url":"https:\/\/blogs.uninter.edu.mx\/difusioncultural\/wp-content\/uploads\/2021\/03\/img_20210316_081133-1.jpg","type":"image\/jpeg"}],"author":"webmaster","twitter_card":"summary_large_image","twitter_misc":{"Escrito por":"webmaster","Tiempo de lectura":"2 minutos"},"schema":{"@context":"https:\/\/schema.org","@graph":[{"@type":"Article","@id":"https:\/\/blogs.uninter.edu.mx\/difusioncultural\/?p=7964#article","isPartOf":{"@id":"https:\/\/blogs.uninter.edu.mx\/difusioncultural\/?p=7964"},"author":{"name":"webmaster","@id":"https:\/\/blogs.uninter.edu.mx\/difusioncultural\/#\/schema\/person\/37a0926f4dd300a814993fd595abdc4a"},"headline":"Germ\u00e1n Vald\u00e9s \u2018Tin Tan\u2019, el pachuco de oro","datePublished":"2021-03-16T14:21:17+00:00","mainEntityOfPage":{"@id":"https:\/\/blogs.uninter.edu.mx\/difusioncultural\/?p=7964"},"wordCount":364,"publisher":{"@id":"https:\/\/blogs.uninter.edu.mx\/difusioncultural\/#organization"},"image":{"@id":"https:\/\/blogs.uninter.edu.mx\/difusioncultural\/?p=7964#primaryimage"},"thumbnailUrl":"https:\/\/blogs.uninter.edu.mx\/difusioncultural\/wp-content\/uploads\/2021\/03\/img_20210316_081133-1.jpg","articleSection":["Compa\u00f1ia de Teatro"],"inLanguage":"es"},{"@type":"WebPage","@id":"https:\/\/blogs.uninter.edu.mx\/difusioncultural\/?p=7964","url":"https:\/\/blogs.uninter.edu.mx\/difusioncultural\/?p=7964","name":"Germ\u00e1n Vald\u00e9s \u2018Tin Tan\u2019, el pachuco de oro - Difusi\u00f3n Cultural","isPartOf":{"@id":"https:\/\/blogs.uninter.edu.mx\/difusioncultural\/#website"},"primaryImageOfPage":{"@id":"https:\/\/blogs.uninter.edu.mx\/difusioncultural\/?p=7964#primaryimage"},"image":{"@id":"https:\/\/blogs.uninter.edu.mx\/difusioncultural\/?p=7964#primaryimage"},"thumbnailUrl":"https:\/\/blogs.uninter.edu.mx\/difusioncultural\/wp-content\/uploads\/2021\/03\/img_20210316_081133-1.jpg","datePublished":"2021-03-16T14:21:17+00:00","breadcrumb":{"@id":"https:\/\/blogs.uninter.edu.mx\/difusioncultural\/?p=7964#breadcrumb"},"inLanguage":"es","potentialAction":[{"@type":"ReadAction","target":["https:\/\/blogs.uninter.edu.mx\/difusioncultural\/?p=7964"]}]},{"@type":"ImageObject","inLanguage":"es","@id":"https:\/\/blogs.uninter.edu.mx\/difusioncultural\/?p=7964#primaryimage","url":"https:\/\/blogs.uninter.edu.mx\/difusioncultural\/wp-content\/uploads\/2021\/03\/img_20210316_081133-1.jpg","contentUrl":"https:\/\/blogs.uninter.edu.mx\/difusioncultural\/wp-content\/uploads\/2021\/03\/img_20210316_081133-1.jpg","width":1080,"height":1443},{"@type":"BreadcrumbList","@id":"https:\/\/blogs.uninter.edu.mx\/difusioncultural\/?p=7964#breadcrumb","itemListElement":[{"@type":"ListItem","position":1,"name":"Inicio","item":"https:\/\/blogs.uninter.edu.mx\/difusioncultural\/"},{"@type":"ListItem","position":2,"name":"Germ\u00e1n Vald\u00e9s \u2018Tin Tan\u2019, el pachuco de oro"}]},{"@type":"WebSite","@id":"https:\/\/blogs.uninter.edu.mx\/difusioncultural\/#website","url":"https:\/\/blogs.uninter.edu.mx\/difusioncultural\/","name":"Difusi\u00f3n Cultural","description":"UNINTER","publisher":{"@id":"https:\/\/blogs.uninter.edu.mx\/difusioncultural\/#organization"},"potentialAction":[{"@type":"SearchAction","target":{"@type":"EntryPoint","urlTemplate":"https:\/\/blogs.uninter.edu.mx\/difusioncultural\/?s={search_term_string}"},"query-input":{"@type":"PropertyValueSpecification","valueRequired":true,"valueName":"search_term_string"}}],"inLanguage":"es"},{"@type":"Organization","@id":"https:\/\/blogs.uninter.edu.mx\/difusioncultural\/#organization","name":"Difusi\u00f3n Cultural","url":"https:\/\/blogs.uninter.edu.mx\/difusioncultural\/","logo":{"@type":"ImageObject","inLanguage":"es","@id":"https:\/\/blogs.uninter.edu.mx\/difusioncultural\/#\/schema\/logo\/image\/","url":"https:\/\/blogs.uninter.edu.mx\/difusioncultural\/wp-content\/uploads\/2022\/09\/uninter.jpg","contentUrl":"https:\/\/blogs.uninter.edu.mx\/difusioncultural\/wp-content\/uploads\/2022\/09\/uninter.jpg","width":2048,"height":2048,"caption":"Difusi\u00f3n Cultural"},"image":{"@id":"https:\/\/blogs.uninter.edu.mx\/difusioncultural\/#\/schema\/logo\/image\/"}},{"@type":"Person","@id":"https:\/\/blogs.uninter.edu.mx\/difusioncultural\/#\/schema\/person\/37a0926f4dd300a814993fd595abdc4a","name":"webmaster","image":{"@type":"ImageObject","inLanguage":"es","@id":"https:\/\/blogs.uninter.edu.mx\/difusioncultural\/#\/schema\/person\/image\/","url":"https:\/\/secure.gravatar.com\/avatar\/a59c276b01147463ef3aab4118e3137ebc5e1ad6700deb39ccdf8b89e517f7dc?s=96&d=mm&r=g","contentUrl":"https:\/\/secure.gravatar.com\/avatar\/a59c276b01147463ef3aab4118e3137ebc5e1ad6700deb39ccdf8b89e517f7dc?s=96&d=mm&r=g","caption":"webmaster"},"sameAs":["https:\/\/blogs.uninter.edu.mx\/difusioncultural"],"url":"https:\/\/blogs.uninter.edu.mx\/difusioncultural\/?author=1"}]}},"jetpack_publicize_connections":[],"jetpack_featured_media_url":"https:\/\/blogs.uninter.edu.mx\/difusioncultural\/wp-content\/uploads\/2021\/03\/img_20210316_081133-1.jpg","jetpack_sharing_enabled":true,"_links":{"self":[{"href":"https:\/\/blogs.uninter.edu.mx\/difusioncultural\/index.php?rest_route=\/wp\/v2\/posts\/7964","targetHints":{"allow":["GET"]}}],"collection":[{"href":"https:\/\/blogs.uninter.edu.mx\/difusioncultural\/index.php?rest_route=\/wp\/v2\/posts"}],"about":[{"href":"https:\/\/blogs.uninter.edu.mx\/difusioncultural\/index.php?rest_route=\/wp\/v2\/types\/post"}],"author":[{"embeddable":true,"href":"https:\/\/blogs.uninter.edu.mx\/difusioncultural\/index.php?rest_route=\/wp\/v2\/users\/1"}],"replies":[{"embeddable":true,"href":"https:\/\/blogs.uninter.edu.mx\/difusioncultural\/index.php?rest_route=%2Fwp%2Fv2%2Fcomments&post=7964"}],"version-history":[{"count":0,"href":"https:\/\/blogs.uninter.edu.mx\/difusioncultural\/index.php?rest_route=\/wp\/v2\/posts\/7964\/revisions"}],"wp:featuredmedia":[{"embeddable":true,"href":"https:\/\/blogs.uninter.edu.mx\/difusioncultural\/index.php?rest_route=\/wp\/v2\/media\/7963"}],"wp:attachment":[{"href":"https:\/\/blogs.uninter.edu.mx\/difusioncultural\/index.php?rest_route=%2Fwp%2Fv2%2Fmedia&parent=7964"}],"wp:term":[{"taxonomy":"category","embeddable":true,"href":"https:\/\/blogs.uninter.edu.mx\/difusioncultural\/index.php?rest_route=%2Fwp%2Fv2%2Fcategories&post=7964"},{"taxonomy":"post_tag","embeddable":true,"href":"https:\/\/blogs.uninter.edu.mx\/difusioncultural\/index.php?rest_route=%2Fwp%2Fv2%2Ftags&post=7964"}],"curies":[{"name":"wp","href":"https:\/\/api.w.org\/{rel}","templated":true}]}}