{"id":8150,"date":"2021-04-20T09:09:21","date_gmt":"2021-04-20T14:09:21","guid":{"rendered":"https:\/\/difusionculturaluninter.wordpress.com\/2021\/04\/20\/el-citru-presenta-galeria-virtual-pilar-pellicer-a-campo-abierto\/"},"modified":"2021-04-20T09:09:21","modified_gmt":"2021-04-20T14:09:21","slug":"el-citru-presenta-galeria-virtual-pilar-pellicer-a-campo-abierto","status":"publish","type":"post","link":"https:\/\/blogs.uninter.edu.mx\/difusioncultural\/?p=8150","title":{"rendered":"El CITRU presenta Galer\u00eda virtual: Pilar Pellicer, a campo abierto"},"content":{"rendered":"\n<figure class=\"wp-block-gallery columns-1 is-cropped wp-block-gallery-1 is-layout-flex wp-block-gallery-is-layout-flex\"><ul class=\"blocks-gallery-grid\"><li class=\"blocks-gallery-item\"><figure><img decoding=\"async\" src=\"https:\/\/blogs.uninter.edu.mx\/difusioncultural\/wp-content\/uploads\/2021\/04\/galeria-virtual-pilar-citru_300.jpg\" data-id=\"8141\" class=\"wp-image-8141\" \/><\/figure><\/li><\/ul><\/figure>\n\n\n\n<p>El\u00a0<strong>Centro Nacional de Investigaci\u00f3n, Documentaci\u00f3n e Informaci\u00f3n Teatral Rodolfo Usigli (CITRU)\u00a0<\/strong>del Instituto Nacional de Bellas Artes y Literatura (INBAL) presentar\u00e1, en el marco de sus\u00a0<em><a href=\"https:\/\/carteleradeteatro.mx\/2021\/el-citru-ofrecera-diversas-actividades-virtuales-rumbo-a-su-40-aniversario\/\">Jornadas Rumbo al 40 Aniversario<\/a><\/em>, la\u00a0<strong>Galer\u00eda virtual: Pilar Pellicer, a campo abierto<\/strong><\/p>\n\n\n\n<p>En el marco de la campa\u00f1a&nbsp;<strong>\u201cContigo en la distancia\u201d<\/strong>&nbsp;de la Secretar\u00eda de Cultura, esta exhibici\u00f3n dise\u00f1ada por Alberto Figuueroa, tiene como eje la figura de la actriz y como punto de partida su archivo personal.<\/p>\n\n\n\n<p>La investigadora Ang\u00e9lica Garc\u00eda comenta que&nbsp;<strong>\u201cesta exposici\u00f3n documental tiene alcances en distintos niveles: es la oportunidad de mostrar al p\u00fablico documentos originales de un acervo espec\u00edfico, concatenar las im\u00e1genes de obras art\u00edsticas importantes y, al mismo tiempo, poner todo ello frente a las y los visitantes para que puedan ser apreciados por su valor hist\u00f3rico y por las narrativas que a partir de ellos se convocan\u201d.<\/strong><\/p>\n\n\n\n<p>La segunda jornada contar\u00e1 con la compa\u00f1\u00eda y experiencia de diferentes personalidades del arte y la cultura como Olga Pellicer, Carmen Parra, Felipe Cazals y Paulina Lavista, moderada por Ang\u00e9lica Garc\u00eda.<\/p>\n\n\n\n<p><strong>Pilar Pellicer<\/strong>&nbsp;comenz\u00f3 como bailarina de danza contempor\u00e1nea. Su preparaci\u00f3n como actriz se dio con algunos de los mejores maestros del pa\u00eds, entre ellos Seki Sano, Dimitrios Sarr\u00e1s o Ludwik Margules. En 1959 obtuvo una beca del Instituto Franc\u00e9s de Am\u00e9rica Latina para perfeccionar en Par\u00eds su dominio en las artes esc\u00e9nicas.<\/p>\n\n\n\n<p>Antes de viajar a Europa particip\u00f3 en dos pel\u00edculas bajo la direcci\u00f3n de Luis Bu\u00f1uel: Nazar\u00edn y Los ambiciosos. Sin embargo, fue hasta su regreso a M\u00e9xico, en 1967, cuando obtuvo su primer papel protag\u00f3nico, al interpretar a Susana San Juan en la adaptaci\u00f3n f\u00edlmica de Pedro P\u00e1ramo, dirigida por Carlos Velo.<\/p>\n\n\n\n<p>Con estas&nbsp;<strong>Jornadas rumbo al 40 aniversario<\/strong>, el CITRU \u2013inaugurado el 12 de julio de 1981- ha cumplido con el compromiso de vincularse con lo acad\u00e9mico, as\u00ed como rescatar, organizar y difundir el patrimonio documental del teatro mexicano, adem\u00e1s de propiciar un acercamiento con las nuevas generaciones relacionadas con el teatro y su estudio.<\/p>\n","protected":false},"excerpt":{"rendered":"<p>El\u00a0Centro Nacional de Investigaci\u00f3n, Documentaci\u00f3n e Informaci\u00f3n Teatral Rodolfo Usigli (CITRU)\u00a0del Instituto Nacional de Bellas Artes y Literatura (INBAL) presentar\u00e1, en el marco de sus\u00a0Jornadas Rumbo al 40 Aniversario, la\u00a0Galer\u00eda virtual: Pilar Pellicer, a campo abierto En el marco de la campa\u00f1a&nbsp;\u201cContigo en la distancia\u201d&nbsp;de la Secretar\u00eda de Cultura, esta exhibici\u00f3n dise\u00f1ada por Alberto Figuueroa,&hellip;<\/p>\n","protected":false},"author":1,"featured_media":8149,"comment_status":"closed","ping_status":"open","sticky":false,"template":"","format":"standard","meta":{"_jetpack_memberships_contains_paid_content":false,"footnotes":"","jetpack_publicize_message":"","jetpack_publicize_feature_enabled":true,"jetpack_social_post_already_shared":false,"jetpack_social_options":{"image_generator_settings":{"template":"highway","default_image_id":0,"font":"","enabled":false},"version":2}},"categories":[6,10,11],"tags":[],"class_list":["post-8150","post","type-post","status-publish","format-standard","has-post-thumbnail","hentry","category-compania-de-teatro","category-galeria-fotografica-talleres","category-estudiantiles-culturales"],"yoast_head":"<!-- This site is optimized with the Yoast SEO plugin v26.3 - https:\/\/yoast.com\/wordpress\/plugins\/seo\/ -->\r\n<title>El CITRU presenta Galer\u00eda virtual: Pilar Pellicer, a campo abierto - Difusi\u00f3n Cultural<\/title>\r\n<meta name=\"robots\" content=\"index, follow, max-snippet:-1, max-image-preview:large, max-video-preview:-1\" \/>\r\n<link rel=\"canonical\" href=\"https:\/\/blogs.uninter.edu.mx\/difusioncultural\/?p=8150\" \/>\r\n<meta property=\"og:locale\" content=\"es_MX\" \/>\r\n<meta property=\"og:type\" content=\"article\" \/>\r\n<meta property=\"og:title\" content=\"El CITRU presenta Galer\u00eda virtual: Pilar Pellicer, a campo abierto - Difusi\u00f3n Cultural\" \/>\r\n<meta property=\"og:description\" content=\"El\u00a0Centro Nacional de Investigaci\u00f3n, Documentaci\u00f3n e Informaci\u00f3n Teatral Rodolfo Usigli (CITRU)\u00a0del Instituto Nacional de Bellas Artes y Literatura (INBAL) presentar\u00e1, en el marco de sus\u00a0Jornadas Rumbo al 40 Aniversario, la\u00a0Galer\u00eda virtual: Pilar Pellicer, a campo abierto En el marco de la campa\u00f1a&nbsp;\u201cContigo en la distancia\u201d&nbsp;de la Secretar\u00eda de Cultura, esta exhibici\u00f3n dise\u00f1ada por Alberto Figuueroa,&hellip;\" \/>\r\n<meta property=\"og:url\" content=\"https:\/\/blogs.uninter.edu.mx\/difusioncultural\/?p=8150\" \/>\r\n<meta property=\"og:site_name\" content=\"Difusi\u00f3n Cultural\" \/>\r\n<meta property=\"article:published_time\" content=\"2021-04-20T14:09:21+00:00\" \/>\r\n<meta property=\"og:image\" content=\"https:\/\/blogs.uninter.edu.mx\/difusioncultural\/wp-content\/uploads\/2021\/04\/galeria-virtual-pilar-citru_300-1.jpg\" \/>\r\n\t<meta property=\"og:image:width\" content=\"300\" \/>\r\n\t<meta property=\"og:image:height\" content=\"300\" \/>\r\n\t<meta property=\"og:image:type\" content=\"image\/jpeg\" \/>\r\n<meta name=\"author\" content=\"webmaster\" \/>\r\n<meta name=\"twitter:card\" content=\"summary_large_image\" \/>\r\n<meta name=\"twitter:label1\" content=\"Escrito por\" \/>\n\t<meta name=\"twitter:data1\" content=\"webmaster\" \/>\n\t<meta name=\"twitter:label2\" content=\"Tiempo de lectura\" \/>\n\t<meta name=\"twitter:data2\" content=\"2 minutos\" \/>\r\n<script type=\"application\/ld+json\" class=\"yoast-schema-graph\">{\"@context\":\"https:\/\/schema.org\",\"@graph\":[{\"@type\":\"Article\",\"@id\":\"https:\/\/blogs.uninter.edu.mx\/difusioncultural\/?p=8150#article\",\"isPartOf\":{\"@id\":\"https:\/\/blogs.uninter.edu.mx\/difusioncultural\/?p=8150\"},\"author\":{\"name\":\"webmaster\",\"@id\":\"https:\/\/blogs.uninter.edu.mx\/difusioncultural\/#\/schema\/person\/37a0926f4dd300a814993fd595abdc4a\"},\"headline\":\"El CITRU presenta Galer\u00eda virtual: Pilar Pellicer, a campo abierto\",\"datePublished\":\"2021-04-20T14:09:21+00:00\",\"mainEntityOfPage\":{\"@id\":\"https:\/\/blogs.uninter.edu.mx\/difusioncultural\/?p=8150\"},\"wordCount\":382,\"publisher\":{\"@id\":\"https:\/\/blogs.uninter.edu.mx\/difusioncultural\/#organization\"},\"image\":{\"@id\":\"https:\/\/blogs.uninter.edu.mx\/difusioncultural\/?p=8150#primaryimage\"},\"thumbnailUrl\":\"https:\/\/blogs.uninter.edu.mx\/difusioncultural\/wp-content\/uploads\/2021\/04\/galeria-virtual-pilar-citru_300-1.jpg\",\"articleSection\":[\"Compa\u00f1ia de Teatro\",\"Galer\u00eda Fotografica Talleres\",\"Talleres Culturales\"],\"inLanguage\":\"es\"},{\"@type\":\"WebPage\",\"@id\":\"https:\/\/blogs.uninter.edu.mx\/difusioncultural\/?p=8150\",\"url\":\"https:\/\/blogs.uninter.edu.mx\/difusioncultural\/?p=8150\",\"name\":\"El CITRU presenta Galer\u00eda virtual: Pilar Pellicer, a campo abierto - Difusi\u00f3n Cultural\",\"isPartOf\":{\"@id\":\"https:\/\/blogs.uninter.edu.mx\/difusioncultural\/#website\"},\"primaryImageOfPage\":{\"@id\":\"https:\/\/blogs.uninter.edu.mx\/difusioncultural\/?p=8150#primaryimage\"},\"image\":{\"@id\":\"https:\/\/blogs.uninter.edu.mx\/difusioncultural\/?p=8150#primaryimage\"},\"thumbnailUrl\":\"https:\/\/blogs.uninter.edu.mx\/difusioncultural\/wp-content\/uploads\/2021\/04\/galeria-virtual-pilar-citru_300-1.jpg\",\"datePublished\":\"2021-04-20T14:09:21+00:00\",\"breadcrumb\":{\"@id\":\"https:\/\/blogs.uninter.edu.mx\/difusioncultural\/?p=8150#breadcrumb\"},\"inLanguage\":\"es\",\"potentialAction\":[{\"@type\":\"ReadAction\",\"target\":[\"https:\/\/blogs.uninter.edu.mx\/difusioncultural\/?p=8150\"]}]},{\"@type\":\"ImageObject\",\"inLanguage\":\"es\",\"@id\":\"https:\/\/blogs.uninter.edu.mx\/difusioncultural\/?p=8150#primaryimage\",\"url\":\"https:\/\/blogs.uninter.edu.mx\/difusioncultural\/wp-content\/uploads\/2021\/04\/galeria-virtual-pilar-citru_300-1.jpg\",\"contentUrl\":\"https:\/\/blogs.uninter.edu.mx\/difusioncultural\/wp-content\/uploads\/2021\/04\/galeria-virtual-pilar-citru_300-1.jpg\",\"width\":300,\"height\":300},{\"@type\":\"BreadcrumbList\",\"@id\":\"https:\/\/blogs.uninter.edu.mx\/difusioncultural\/?p=8150#breadcrumb\",\"itemListElement\":[{\"@type\":\"ListItem\",\"position\":1,\"name\":\"Inicio\",\"item\":\"https:\/\/blogs.uninter.edu.mx\/difusioncultural\/\"},{\"@type\":\"ListItem\",\"position\":2,\"name\":\"El CITRU presenta Galer\u00eda virtual: Pilar Pellicer, a campo abierto\"}]},{\"@type\":\"WebSite\",\"@id\":\"https:\/\/blogs.uninter.edu.mx\/difusioncultural\/#website\",\"url\":\"https:\/\/blogs.uninter.edu.mx\/difusioncultural\/\",\"name\":\"Difusi\u00f3n Cultural\",\"description\":\"UNINTER\",\"publisher\":{\"@id\":\"https:\/\/blogs.uninter.edu.mx\/difusioncultural\/#organization\"},\"potentialAction\":[{\"@type\":\"SearchAction\",\"target\":{\"@type\":\"EntryPoint\",\"urlTemplate\":\"https:\/\/blogs.uninter.edu.mx\/difusioncultural\/?s={search_term_string}\"},\"query-input\":{\"@type\":\"PropertyValueSpecification\",\"valueRequired\":true,\"valueName\":\"search_term_string\"}}],\"inLanguage\":\"es\"},{\"@type\":\"Organization\",\"@id\":\"https:\/\/blogs.uninter.edu.mx\/difusioncultural\/#organization\",\"name\":\"Difusi\u00f3n Cultural\",\"url\":\"https:\/\/blogs.uninter.edu.mx\/difusioncultural\/\",\"logo\":{\"@type\":\"ImageObject\",\"inLanguage\":\"es\",\"@id\":\"https:\/\/blogs.uninter.edu.mx\/difusioncultural\/#\/schema\/logo\/image\/\",\"url\":\"https:\/\/blogs.uninter.edu.mx\/difusioncultural\/wp-content\/uploads\/2022\/09\/uninter.jpg\",\"contentUrl\":\"https:\/\/blogs.uninter.edu.mx\/difusioncultural\/wp-content\/uploads\/2022\/09\/uninter.jpg\",\"width\":2048,\"height\":2048,\"caption\":\"Difusi\u00f3n Cultural\"},\"image\":{\"@id\":\"https:\/\/blogs.uninter.edu.mx\/difusioncultural\/#\/schema\/logo\/image\/\"}},{\"@type\":\"Person\",\"@id\":\"https:\/\/blogs.uninter.edu.mx\/difusioncultural\/#\/schema\/person\/37a0926f4dd300a814993fd595abdc4a\",\"name\":\"webmaster\",\"image\":{\"@type\":\"ImageObject\",\"inLanguage\":\"es\",\"@id\":\"https:\/\/blogs.uninter.edu.mx\/difusioncultural\/#\/schema\/person\/image\/\",\"url\":\"https:\/\/secure.gravatar.com\/avatar\/a59c276b01147463ef3aab4118e3137ebc5e1ad6700deb39ccdf8b89e517f7dc?s=96&d=mm&r=g\",\"contentUrl\":\"https:\/\/secure.gravatar.com\/avatar\/a59c276b01147463ef3aab4118e3137ebc5e1ad6700deb39ccdf8b89e517f7dc?s=96&d=mm&r=g\",\"caption\":\"webmaster\"},\"sameAs\":[\"https:\/\/blogs.uninter.edu.mx\/difusioncultural\"],\"url\":\"https:\/\/blogs.uninter.edu.mx\/difusioncultural\/?author=1\"}]}<\/script>\r\n<!-- \/ Yoast SEO plugin. -->","yoast_head_json":{"title":"El CITRU presenta Galer\u00eda virtual: Pilar Pellicer, a campo abierto - Difusi\u00f3n Cultural","robots":{"index":"index","follow":"follow","max-snippet":"max-snippet:-1","max-image-preview":"max-image-preview:large","max-video-preview":"max-video-preview:-1"},"canonical":"https:\/\/blogs.uninter.edu.mx\/difusioncultural\/?p=8150","og_locale":"es_MX","og_type":"article","og_title":"El CITRU presenta Galer\u00eda virtual: Pilar Pellicer, a campo abierto - Difusi\u00f3n Cultural","og_description":"El\u00a0Centro Nacional de Investigaci\u00f3n, Documentaci\u00f3n e Informaci\u00f3n Teatral Rodolfo Usigli (CITRU)\u00a0del Instituto Nacional de Bellas Artes y Literatura (INBAL) presentar\u00e1, en el marco de sus\u00a0Jornadas Rumbo al 40 Aniversario, la\u00a0Galer\u00eda virtual: Pilar Pellicer, a campo abierto En el marco de la campa\u00f1a&nbsp;\u201cContigo en la distancia\u201d&nbsp;de la Secretar\u00eda de Cultura, esta exhibici\u00f3n dise\u00f1ada por Alberto Figuueroa,&hellip;","og_url":"https:\/\/blogs.uninter.edu.mx\/difusioncultural\/?p=8150","og_site_name":"Difusi\u00f3n Cultural","article_published_time":"2021-04-20T14:09:21+00:00","og_image":[{"width":300,"height":300,"url":"https:\/\/blogs.uninter.edu.mx\/difusioncultural\/wp-content\/uploads\/2021\/04\/galeria-virtual-pilar-citru_300-1.jpg","type":"image\/jpeg"}],"author":"webmaster","twitter_card":"summary_large_image","twitter_misc":{"Escrito por":"webmaster","Tiempo de lectura":"2 minutos"},"schema":{"@context":"https:\/\/schema.org","@graph":[{"@type":"Article","@id":"https:\/\/blogs.uninter.edu.mx\/difusioncultural\/?p=8150#article","isPartOf":{"@id":"https:\/\/blogs.uninter.edu.mx\/difusioncultural\/?p=8150"},"author":{"name":"webmaster","@id":"https:\/\/blogs.uninter.edu.mx\/difusioncultural\/#\/schema\/person\/37a0926f4dd300a814993fd595abdc4a"},"headline":"El CITRU presenta Galer\u00eda virtual: Pilar Pellicer, a campo abierto","datePublished":"2021-04-20T14:09:21+00:00","mainEntityOfPage":{"@id":"https:\/\/blogs.uninter.edu.mx\/difusioncultural\/?p=8150"},"wordCount":382,"publisher":{"@id":"https:\/\/blogs.uninter.edu.mx\/difusioncultural\/#organization"},"image":{"@id":"https:\/\/blogs.uninter.edu.mx\/difusioncultural\/?p=8150#primaryimage"},"thumbnailUrl":"https:\/\/blogs.uninter.edu.mx\/difusioncultural\/wp-content\/uploads\/2021\/04\/galeria-virtual-pilar-citru_300-1.jpg","articleSection":["Compa\u00f1ia de Teatro","Galer\u00eda Fotografica Talleres","Talleres Culturales"],"inLanguage":"es"},{"@type":"WebPage","@id":"https:\/\/blogs.uninter.edu.mx\/difusioncultural\/?p=8150","url":"https:\/\/blogs.uninter.edu.mx\/difusioncultural\/?p=8150","name":"El CITRU presenta Galer\u00eda virtual: Pilar Pellicer, a campo abierto - Difusi\u00f3n Cultural","isPartOf":{"@id":"https:\/\/blogs.uninter.edu.mx\/difusioncultural\/#website"},"primaryImageOfPage":{"@id":"https:\/\/blogs.uninter.edu.mx\/difusioncultural\/?p=8150#primaryimage"},"image":{"@id":"https:\/\/blogs.uninter.edu.mx\/difusioncultural\/?p=8150#primaryimage"},"thumbnailUrl":"https:\/\/blogs.uninter.edu.mx\/difusioncultural\/wp-content\/uploads\/2021\/04\/galeria-virtual-pilar-citru_300-1.jpg","datePublished":"2021-04-20T14:09:21+00:00","breadcrumb":{"@id":"https:\/\/blogs.uninter.edu.mx\/difusioncultural\/?p=8150#breadcrumb"},"inLanguage":"es","potentialAction":[{"@type":"ReadAction","target":["https:\/\/blogs.uninter.edu.mx\/difusioncultural\/?p=8150"]}]},{"@type":"ImageObject","inLanguage":"es","@id":"https:\/\/blogs.uninter.edu.mx\/difusioncultural\/?p=8150#primaryimage","url":"https:\/\/blogs.uninter.edu.mx\/difusioncultural\/wp-content\/uploads\/2021\/04\/galeria-virtual-pilar-citru_300-1.jpg","contentUrl":"https:\/\/blogs.uninter.edu.mx\/difusioncultural\/wp-content\/uploads\/2021\/04\/galeria-virtual-pilar-citru_300-1.jpg","width":300,"height":300},{"@type":"BreadcrumbList","@id":"https:\/\/blogs.uninter.edu.mx\/difusioncultural\/?p=8150#breadcrumb","itemListElement":[{"@type":"ListItem","position":1,"name":"Inicio","item":"https:\/\/blogs.uninter.edu.mx\/difusioncultural\/"},{"@type":"ListItem","position":2,"name":"El CITRU presenta Galer\u00eda virtual: Pilar Pellicer, a campo abierto"}]},{"@type":"WebSite","@id":"https:\/\/blogs.uninter.edu.mx\/difusioncultural\/#website","url":"https:\/\/blogs.uninter.edu.mx\/difusioncultural\/","name":"Difusi\u00f3n Cultural","description":"UNINTER","publisher":{"@id":"https:\/\/blogs.uninter.edu.mx\/difusioncultural\/#organization"},"potentialAction":[{"@type":"SearchAction","target":{"@type":"EntryPoint","urlTemplate":"https:\/\/blogs.uninter.edu.mx\/difusioncultural\/?s={search_term_string}"},"query-input":{"@type":"PropertyValueSpecification","valueRequired":true,"valueName":"search_term_string"}}],"inLanguage":"es"},{"@type":"Organization","@id":"https:\/\/blogs.uninter.edu.mx\/difusioncultural\/#organization","name":"Difusi\u00f3n Cultural","url":"https:\/\/blogs.uninter.edu.mx\/difusioncultural\/","logo":{"@type":"ImageObject","inLanguage":"es","@id":"https:\/\/blogs.uninter.edu.mx\/difusioncultural\/#\/schema\/logo\/image\/","url":"https:\/\/blogs.uninter.edu.mx\/difusioncultural\/wp-content\/uploads\/2022\/09\/uninter.jpg","contentUrl":"https:\/\/blogs.uninter.edu.mx\/difusioncultural\/wp-content\/uploads\/2022\/09\/uninter.jpg","width":2048,"height":2048,"caption":"Difusi\u00f3n Cultural"},"image":{"@id":"https:\/\/blogs.uninter.edu.mx\/difusioncultural\/#\/schema\/logo\/image\/"}},{"@type":"Person","@id":"https:\/\/blogs.uninter.edu.mx\/difusioncultural\/#\/schema\/person\/37a0926f4dd300a814993fd595abdc4a","name":"webmaster","image":{"@type":"ImageObject","inLanguage":"es","@id":"https:\/\/blogs.uninter.edu.mx\/difusioncultural\/#\/schema\/person\/image\/","url":"https:\/\/secure.gravatar.com\/avatar\/a59c276b01147463ef3aab4118e3137ebc5e1ad6700deb39ccdf8b89e517f7dc?s=96&d=mm&r=g","contentUrl":"https:\/\/secure.gravatar.com\/avatar\/a59c276b01147463ef3aab4118e3137ebc5e1ad6700deb39ccdf8b89e517f7dc?s=96&d=mm&r=g","caption":"webmaster"},"sameAs":["https:\/\/blogs.uninter.edu.mx\/difusioncultural"],"url":"https:\/\/blogs.uninter.edu.mx\/difusioncultural\/?author=1"}]}},"jetpack_publicize_connections":[],"jetpack_featured_media_url":"https:\/\/blogs.uninter.edu.mx\/difusioncultural\/wp-content\/uploads\/2021\/04\/galeria-virtual-pilar-citru_300-1.jpg","jetpack_sharing_enabled":true,"_links":{"self":[{"href":"https:\/\/blogs.uninter.edu.mx\/difusioncultural\/index.php?rest_route=\/wp\/v2\/posts\/8150","targetHints":{"allow":["GET"]}}],"collection":[{"href":"https:\/\/blogs.uninter.edu.mx\/difusioncultural\/index.php?rest_route=\/wp\/v2\/posts"}],"about":[{"href":"https:\/\/blogs.uninter.edu.mx\/difusioncultural\/index.php?rest_route=\/wp\/v2\/types\/post"}],"author":[{"embeddable":true,"href":"https:\/\/blogs.uninter.edu.mx\/difusioncultural\/index.php?rest_route=\/wp\/v2\/users\/1"}],"replies":[{"embeddable":true,"href":"https:\/\/blogs.uninter.edu.mx\/difusioncultural\/index.php?rest_route=%2Fwp%2Fv2%2Fcomments&post=8150"}],"version-history":[{"count":0,"href":"https:\/\/blogs.uninter.edu.mx\/difusioncultural\/index.php?rest_route=\/wp\/v2\/posts\/8150\/revisions"}],"wp:featuredmedia":[{"embeddable":true,"href":"https:\/\/blogs.uninter.edu.mx\/difusioncultural\/index.php?rest_route=\/wp\/v2\/media\/8149"}],"wp:attachment":[{"href":"https:\/\/blogs.uninter.edu.mx\/difusioncultural\/index.php?rest_route=%2Fwp%2Fv2%2Fmedia&parent=8150"}],"wp:term":[{"taxonomy":"category","embeddable":true,"href":"https:\/\/blogs.uninter.edu.mx\/difusioncultural\/index.php?rest_route=%2Fwp%2Fv2%2Fcategories&post=8150"},{"taxonomy":"post_tag","embeddable":true,"href":"https:\/\/blogs.uninter.edu.mx\/difusioncultural\/index.php?rest_route=%2Fwp%2Fv2%2Ftags&post=8150"}],"curies":[{"name":"wp","href":"https:\/\/api.w.org\/{rel}","templated":true}]}}