{"id":8200,"date":"2021-05-07T08:30:45","date_gmt":"2021-05-07T13:30:45","guid":{"rendered":"https:\/\/difusionculturaluninter.wordpress.com\/?p=8200"},"modified":"2021-05-07T08:30:45","modified_gmt":"2021-05-07T13:30:45","slug":"un-dia-como-hoy-pero-de-1429-juana-de-arco-cambiaba-el-curso-de-la-guerra-de-100-anos","status":"publish","type":"post","link":"https:\/\/blogs.uninter.edu.mx\/difusioncultural\/?p=8200","title":{"rendered":"Un d\u00eda como hoy pero de 1429 Juana de Arco cambiaba el curso de la guerra de 100 a\u00f1os"},"content":{"rendered":"\n<figure class=\"wp-block-image size-large\"><img fetchpriority=\"high\" decoding=\"async\" width=\"220\" height=\"328\" src=\"https:\/\/blogs.uninter.edu.mx\/difusioncultural\/wp-content\/uploads\/2021\/05\/220px-joan_of_arc_miniature_graded.jpg?w=220\" alt=\"\" class=\"wp-image-8201\" \/><\/figure>\n\n\n\n<p>juana de Arco<br \/><br \/><br \/>El 8 de mayo de 1429 Juana de Arco libera el sitio de Orleans (Francia), modificando por completo el rumbo de la Guerra de los Cien A\u00f1os.<br \/><br \/>La batalla de Orleans o sitio de Orelans fue uno de los enfrentamientos m\u00e1s destacados en Guerra de los Cien A\u00f1os. En \u00e9l, una joven campesina francesa de 17 a\u00f1os de edad llamada Jeanne d&#8217;Arc (Juana de Arco), lider\u00f3 en mayo de 1429 el Ej\u00e9rcito franc\u00e9s en la guerra de los Cien A\u00f1os, liberando la ciudad de Orleans, asediada por los ingleses desde el mes de octubre.<br \/><br \/>Seg\u00fan ella, oy\u00f3 &#8220;voces&#8221; de los santos cristianos que le dec\u00edan que ayudara a Carlos VII de Valois a ganar el trono franc\u00e9s y expulsar a los ingleses de Francia. Convencida de su misi\u00f3n divina, el propio Carlos le proporcion\u00f3 un peque\u00f1o ej\u00e9rcito que, consigui\u00f3 entrar sin oposici\u00f3n por la puerta oriental gracias a un despiste de los ingleses. Continu\u00f3 dirigiendo la carga durante una serie de escaramuzas y batallas y, a pesar de ser alcanzada por una flecha, volvi\u00f3 al frente tras curar sus heridas. Finalmente, el 8 de mayo, el asedio de Orleans acab\u00f3 y los ingleses ordenaron retirada.<br \/><br \/>En un alarde de valent\u00eda, la joven Juana de Arco decidi\u00f3 seguir conduciendo a las fuerzas francesas contra los ingleses. Continuaron varias semanas de incre\u00edbles victorias sobre los ingleses. Al poco tiempo la misi\u00f3n divina de Juana de Arco concluy\u00f3 satisfactoriamente al ver que Carlos VII era coronado rey de Francia.<br \/><br \/>Sin embargo, al a\u00f1o siguiente fue capturada por soldados Bourguignon quienes no se lo pensaron dos veces y la vendieron a los ingleses. Su sentencia llegar\u00eda poco despu\u00e9s. Fue juzgada por herej\u00eda y brujer\u00eda y quemada en la hoguera en Rouen el 30 de mayo de 1431.<br \/><br \/>Juana de Arco fue beatificada y canonizada en 1920. Para Francia, la joven y aguerrida, forma parte de uno de los nueve santos patronos secundarios del pa\u00eds.<\/p>\n","protected":false},"excerpt":{"rendered":"<p>juana de Arco El 8 de mayo de 1429 Juana de Arco libera el sitio de Orleans (Francia), modificando por completo el rumbo de la Guerra de los Cien A\u00f1os. La batalla de Orleans o sitio de Orelans fue uno de los enfrentamientos m\u00e1s destacados en Guerra de los Cien A\u00f1os. En \u00e9l, una joven&hellip;<\/p>\n","protected":false},"author":1,"featured_media":8202,"comment_status":"closed","ping_status":"open","sticky":false,"template":"","format":"standard","meta":{"_jetpack_memberships_contains_paid_content":false,"footnotes":"","jetpack_publicize_message":"","jetpack_publicize_feature_enabled":true,"jetpack_social_post_already_shared":false,"jetpack_social_options":{"image_generator_settings":{"template":"highway","default_image_id":0,"font":"","enabled":false},"version":2}},"categories":[9,14],"tags":[],"class_list":["post-8200","post","type-post","status-publish","format-standard","has-post-thumbnail","hentry","category-galeria","category-un-dia-como-hoy"],"yoast_head":"<!-- This site is optimized with the Yoast SEO plugin v26.3 - https:\/\/yoast.com\/wordpress\/plugins\/seo\/ -->\r\n<title>Un d\u00eda como hoy pero de 1429 Juana de Arco cambiaba el curso de la guerra de 100 a\u00f1os - Difusi\u00f3n Cultural<\/title>\r\n<meta name=\"robots\" content=\"index, follow, max-snippet:-1, max-image-preview:large, max-video-preview:-1\" \/>\r\n<link rel=\"canonical\" href=\"https:\/\/blogs.uninter.edu.mx\/difusioncultural\/?p=8200\" \/>\r\n<meta property=\"og:locale\" content=\"es_MX\" \/>\r\n<meta property=\"og:type\" content=\"article\" \/>\r\n<meta property=\"og:title\" content=\"Un d\u00eda como hoy pero de 1429 Juana de Arco cambiaba el curso de la guerra de 100 a\u00f1os - Difusi\u00f3n Cultural\" \/>\r\n<meta property=\"og:description\" content=\"juana de Arco El 8 de mayo de 1429 Juana de Arco libera el sitio de Orleans (Francia), modificando por completo el rumbo de la Guerra de los Cien A\u00f1os. La batalla de Orleans o sitio de Orelans fue uno de los enfrentamientos m\u00e1s destacados en Guerra de los Cien A\u00f1os. En \u00e9l, una joven&hellip;\" \/>\r\n<meta property=\"og:url\" content=\"https:\/\/blogs.uninter.edu.mx\/difusioncultural\/?p=8200\" \/>\r\n<meta property=\"og:site_name\" content=\"Difusi\u00f3n Cultural\" \/>\r\n<meta property=\"article:published_time\" content=\"2021-05-07T13:30:45+00:00\" \/>\r\n<meta property=\"og:image\" content=\"https:\/\/blogs.uninter.edu.mx\/difusioncultural\/wp-content\/uploads\/2021\/05\/220px-joan_of_arc_miniature_graded-1.jpg\" \/>\r\n\t<meta property=\"og:image:width\" content=\"220\" \/>\r\n\t<meta property=\"og:image:height\" content=\"328\" \/>\r\n\t<meta property=\"og:image:type\" content=\"image\/jpeg\" \/>\r\n<meta name=\"author\" content=\"webmaster\" \/>\r\n<meta name=\"twitter:card\" content=\"summary_large_image\" \/>\r\n<meta name=\"twitter:label1\" content=\"Escrito por\" \/>\n\t<meta name=\"twitter:data1\" content=\"webmaster\" \/>\n\t<meta name=\"twitter:label2\" content=\"Tiempo de lectura\" \/>\n\t<meta name=\"twitter:data2\" content=\"2 minutos\" \/>\r\n<script type=\"application\/ld+json\" class=\"yoast-schema-graph\">{\"@context\":\"https:\/\/schema.org\",\"@graph\":[{\"@type\":\"Article\",\"@id\":\"https:\/\/blogs.uninter.edu.mx\/difusioncultural\/?p=8200#article\",\"isPartOf\":{\"@id\":\"https:\/\/blogs.uninter.edu.mx\/difusioncultural\/?p=8200\"},\"author\":{\"name\":\"webmaster\",\"@id\":\"https:\/\/blogs.uninter.edu.mx\/difusioncultural\/#\/schema\/person\/37a0926f4dd300a814993fd595abdc4a\"},\"headline\":\"Un d\u00eda como hoy pero de 1429 Juana de Arco cambiaba el curso de la guerra de 100 a\u00f1os\",\"datePublished\":\"2021-05-07T13:30:45+00:00\",\"mainEntityOfPage\":{\"@id\":\"https:\/\/blogs.uninter.edu.mx\/difusioncultural\/?p=8200\"},\"wordCount\":358,\"publisher\":{\"@id\":\"https:\/\/blogs.uninter.edu.mx\/difusioncultural\/#organization\"},\"image\":{\"@id\":\"https:\/\/blogs.uninter.edu.mx\/difusioncultural\/?p=8200#primaryimage\"},\"thumbnailUrl\":\"https:\/\/blogs.uninter.edu.mx\/difusioncultural\/wp-content\/uploads\/2021\/05\/220px-joan_of_arc_miniature_graded-1.jpg\",\"articleSection\":[\"Galer\u00eda\",\"un dia como hoy\"],\"inLanguage\":\"es\"},{\"@type\":\"WebPage\",\"@id\":\"https:\/\/blogs.uninter.edu.mx\/difusioncultural\/?p=8200\",\"url\":\"https:\/\/blogs.uninter.edu.mx\/difusioncultural\/?p=8200\",\"name\":\"Un d\u00eda como hoy pero de 1429 Juana de Arco cambiaba el curso de la guerra de 100 a\u00f1os - Difusi\u00f3n Cultural\",\"isPartOf\":{\"@id\":\"https:\/\/blogs.uninter.edu.mx\/difusioncultural\/#website\"},\"primaryImageOfPage\":{\"@id\":\"https:\/\/blogs.uninter.edu.mx\/difusioncultural\/?p=8200#primaryimage\"},\"image\":{\"@id\":\"https:\/\/blogs.uninter.edu.mx\/difusioncultural\/?p=8200#primaryimage\"},\"thumbnailUrl\":\"https:\/\/blogs.uninter.edu.mx\/difusioncultural\/wp-content\/uploads\/2021\/05\/220px-joan_of_arc_miniature_graded-1.jpg\",\"datePublished\":\"2021-05-07T13:30:45+00:00\",\"breadcrumb\":{\"@id\":\"https:\/\/blogs.uninter.edu.mx\/difusioncultural\/?p=8200#breadcrumb\"},\"inLanguage\":\"es\",\"potentialAction\":[{\"@type\":\"ReadAction\",\"target\":[\"https:\/\/blogs.uninter.edu.mx\/difusioncultural\/?p=8200\"]}]},{\"@type\":\"ImageObject\",\"inLanguage\":\"es\",\"@id\":\"https:\/\/blogs.uninter.edu.mx\/difusioncultural\/?p=8200#primaryimage\",\"url\":\"https:\/\/blogs.uninter.edu.mx\/difusioncultural\/wp-content\/uploads\/2021\/05\/220px-joan_of_arc_miniature_graded-1.jpg\",\"contentUrl\":\"https:\/\/blogs.uninter.edu.mx\/difusioncultural\/wp-content\/uploads\/2021\/05\/220px-joan_of_arc_miniature_graded-1.jpg\",\"width\":220,\"height\":328},{\"@type\":\"BreadcrumbList\",\"@id\":\"https:\/\/blogs.uninter.edu.mx\/difusioncultural\/?p=8200#breadcrumb\",\"itemListElement\":[{\"@type\":\"ListItem\",\"position\":1,\"name\":\"Inicio\",\"item\":\"https:\/\/blogs.uninter.edu.mx\/difusioncultural\/\"},{\"@type\":\"ListItem\",\"position\":2,\"name\":\"Un d\u00eda como hoy pero de 1429 Juana de Arco cambiaba el curso de la guerra de 100 a\u00f1os\"}]},{\"@type\":\"WebSite\",\"@id\":\"https:\/\/blogs.uninter.edu.mx\/difusioncultural\/#website\",\"url\":\"https:\/\/blogs.uninter.edu.mx\/difusioncultural\/\",\"name\":\"Difusi\u00f3n Cultural\",\"description\":\"UNINTER\",\"publisher\":{\"@id\":\"https:\/\/blogs.uninter.edu.mx\/difusioncultural\/#organization\"},\"potentialAction\":[{\"@type\":\"SearchAction\",\"target\":{\"@type\":\"EntryPoint\",\"urlTemplate\":\"https:\/\/blogs.uninter.edu.mx\/difusioncultural\/?s={search_term_string}\"},\"query-input\":{\"@type\":\"PropertyValueSpecification\",\"valueRequired\":true,\"valueName\":\"search_term_string\"}}],\"inLanguage\":\"es\"},{\"@type\":\"Organization\",\"@id\":\"https:\/\/blogs.uninter.edu.mx\/difusioncultural\/#organization\",\"name\":\"Difusi\u00f3n Cultural\",\"url\":\"https:\/\/blogs.uninter.edu.mx\/difusioncultural\/\",\"logo\":{\"@type\":\"ImageObject\",\"inLanguage\":\"es\",\"@id\":\"https:\/\/blogs.uninter.edu.mx\/difusioncultural\/#\/schema\/logo\/image\/\",\"url\":\"https:\/\/blogs.uninter.edu.mx\/difusioncultural\/wp-content\/uploads\/2022\/09\/uninter.jpg\",\"contentUrl\":\"https:\/\/blogs.uninter.edu.mx\/difusioncultural\/wp-content\/uploads\/2022\/09\/uninter.jpg\",\"width\":2048,\"height\":2048,\"caption\":\"Difusi\u00f3n Cultural\"},\"image\":{\"@id\":\"https:\/\/blogs.uninter.edu.mx\/difusioncultural\/#\/schema\/logo\/image\/\"}},{\"@type\":\"Person\",\"@id\":\"https:\/\/blogs.uninter.edu.mx\/difusioncultural\/#\/schema\/person\/37a0926f4dd300a814993fd595abdc4a\",\"name\":\"webmaster\",\"image\":{\"@type\":\"ImageObject\",\"inLanguage\":\"es\",\"@id\":\"https:\/\/blogs.uninter.edu.mx\/difusioncultural\/#\/schema\/person\/image\/\",\"url\":\"https:\/\/secure.gravatar.com\/avatar\/a59c276b01147463ef3aab4118e3137ebc5e1ad6700deb39ccdf8b89e517f7dc?s=96&d=mm&r=g\",\"contentUrl\":\"https:\/\/secure.gravatar.com\/avatar\/a59c276b01147463ef3aab4118e3137ebc5e1ad6700deb39ccdf8b89e517f7dc?s=96&d=mm&r=g\",\"caption\":\"webmaster\"},\"sameAs\":[\"https:\/\/blogs.uninter.edu.mx\/difusioncultural\"],\"url\":\"https:\/\/blogs.uninter.edu.mx\/difusioncultural\/?author=1\"}]}<\/script>\r\n<!-- \/ Yoast SEO plugin. -->","yoast_head_json":{"title":"Un d\u00eda como hoy pero de 1429 Juana de Arco cambiaba el curso de la guerra de 100 a\u00f1os - Difusi\u00f3n Cultural","robots":{"index":"index","follow":"follow","max-snippet":"max-snippet:-1","max-image-preview":"max-image-preview:large","max-video-preview":"max-video-preview:-1"},"canonical":"https:\/\/blogs.uninter.edu.mx\/difusioncultural\/?p=8200","og_locale":"es_MX","og_type":"article","og_title":"Un d\u00eda como hoy pero de 1429 Juana de Arco cambiaba el curso de la guerra de 100 a\u00f1os - Difusi\u00f3n Cultural","og_description":"juana de Arco El 8 de mayo de 1429 Juana de Arco libera el sitio de Orleans (Francia), modificando por completo el rumbo de la Guerra de los Cien A\u00f1os. La batalla de Orleans o sitio de Orelans fue uno de los enfrentamientos m\u00e1s destacados en Guerra de los Cien A\u00f1os. En \u00e9l, una joven&hellip;","og_url":"https:\/\/blogs.uninter.edu.mx\/difusioncultural\/?p=8200","og_site_name":"Difusi\u00f3n Cultural","article_published_time":"2021-05-07T13:30:45+00:00","og_image":[{"width":220,"height":328,"url":"https:\/\/blogs.uninter.edu.mx\/difusioncultural\/wp-content\/uploads\/2021\/05\/220px-joan_of_arc_miniature_graded-1.jpg","type":"image\/jpeg"}],"author":"webmaster","twitter_card":"summary_large_image","twitter_misc":{"Escrito por":"webmaster","Tiempo de lectura":"2 minutos"},"schema":{"@context":"https:\/\/schema.org","@graph":[{"@type":"Article","@id":"https:\/\/blogs.uninter.edu.mx\/difusioncultural\/?p=8200#article","isPartOf":{"@id":"https:\/\/blogs.uninter.edu.mx\/difusioncultural\/?p=8200"},"author":{"name":"webmaster","@id":"https:\/\/blogs.uninter.edu.mx\/difusioncultural\/#\/schema\/person\/37a0926f4dd300a814993fd595abdc4a"},"headline":"Un d\u00eda como hoy pero de 1429 Juana de Arco cambiaba el curso de la guerra de 100 a\u00f1os","datePublished":"2021-05-07T13:30:45+00:00","mainEntityOfPage":{"@id":"https:\/\/blogs.uninter.edu.mx\/difusioncultural\/?p=8200"},"wordCount":358,"publisher":{"@id":"https:\/\/blogs.uninter.edu.mx\/difusioncultural\/#organization"},"image":{"@id":"https:\/\/blogs.uninter.edu.mx\/difusioncultural\/?p=8200#primaryimage"},"thumbnailUrl":"https:\/\/blogs.uninter.edu.mx\/difusioncultural\/wp-content\/uploads\/2021\/05\/220px-joan_of_arc_miniature_graded-1.jpg","articleSection":["Galer\u00eda","un dia como hoy"],"inLanguage":"es"},{"@type":"WebPage","@id":"https:\/\/blogs.uninter.edu.mx\/difusioncultural\/?p=8200","url":"https:\/\/blogs.uninter.edu.mx\/difusioncultural\/?p=8200","name":"Un d\u00eda como hoy pero de 1429 Juana de Arco cambiaba el curso de la guerra de 100 a\u00f1os - Difusi\u00f3n Cultural","isPartOf":{"@id":"https:\/\/blogs.uninter.edu.mx\/difusioncultural\/#website"},"primaryImageOfPage":{"@id":"https:\/\/blogs.uninter.edu.mx\/difusioncultural\/?p=8200#primaryimage"},"image":{"@id":"https:\/\/blogs.uninter.edu.mx\/difusioncultural\/?p=8200#primaryimage"},"thumbnailUrl":"https:\/\/blogs.uninter.edu.mx\/difusioncultural\/wp-content\/uploads\/2021\/05\/220px-joan_of_arc_miniature_graded-1.jpg","datePublished":"2021-05-07T13:30:45+00:00","breadcrumb":{"@id":"https:\/\/blogs.uninter.edu.mx\/difusioncultural\/?p=8200#breadcrumb"},"inLanguage":"es","potentialAction":[{"@type":"ReadAction","target":["https:\/\/blogs.uninter.edu.mx\/difusioncultural\/?p=8200"]}]},{"@type":"ImageObject","inLanguage":"es","@id":"https:\/\/blogs.uninter.edu.mx\/difusioncultural\/?p=8200#primaryimage","url":"https:\/\/blogs.uninter.edu.mx\/difusioncultural\/wp-content\/uploads\/2021\/05\/220px-joan_of_arc_miniature_graded-1.jpg","contentUrl":"https:\/\/blogs.uninter.edu.mx\/difusioncultural\/wp-content\/uploads\/2021\/05\/220px-joan_of_arc_miniature_graded-1.jpg","width":220,"height":328},{"@type":"BreadcrumbList","@id":"https:\/\/blogs.uninter.edu.mx\/difusioncultural\/?p=8200#breadcrumb","itemListElement":[{"@type":"ListItem","position":1,"name":"Inicio","item":"https:\/\/blogs.uninter.edu.mx\/difusioncultural\/"},{"@type":"ListItem","position":2,"name":"Un d\u00eda como hoy pero de 1429 Juana de Arco cambiaba el curso de la guerra de 100 a\u00f1os"}]},{"@type":"WebSite","@id":"https:\/\/blogs.uninter.edu.mx\/difusioncultural\/#website","url":"https:\/\/blogs.uninter.edu.mx\/difusioncultural\/","name":"Difusi\u00f3n Cultural","description":"UNINTER","publisher":{"@id":"https:\/\/blogs.uninter.edu.mx\/difusioncultural\/#organization"},"potentialAction":[{"@type":"SearchAction","target":{"@type":"EntryPoint","urlTemplate":"https:\/\/blogs.uninter.edu.mx\/difusioncultural\/?s={search_term_string}"},"query-input":{"@type":"PropertyValueSpecification","valueRequired":true,"valueName":"search_term_string"}}],"inLanguage":"es"},{"@type":"Organization","@id":"https:\/\/blogs.uninter.edu.mx\/difusioncultural\/#organization","name":"Difusi\u00f3n Cultural","url":"https:\/\/blogs.uninter.edu.mx\/difusioncultural\/","logo":{"@type":"ImageObject","inLanguage":"es","@id":"https:\/\/blogs.uninter.edu.mx\/difusioncultural\/#\/schema\/logo\/image\/","url":"https:\/\/blogs.uninter.edu.mx\/difusioncultural\/wp-content\/uploads\/2022\/09\/uninter.jpg","contentUrl":"https:\/\/blogs.uninter.edu.mx\/difusioncultural\/wp-content\/uploads\/2022\/09\/uninter.jpg","width":2048,"height":2048,"caption":"Difusi\u00f3n Cultural"},"image":{"@id":"https:\/\/blogs.uninter.edu.mx\/difusioncultural\/#\/schema\/logo\/image\/"}},{"@type":"Person","@id":"https:\/\/blogs.uninter.edu.mx\/difusioncultural\/#\/schema\/person\/37a0926f4dd300a814993fd595abdc4a","name":"webmaster","image":{"@type":"ImageObject","inLanguage":"es","@id":"https:\/\/blogs.uninter.edu.mx\/difusioncultural\/#\/schema\/person\/image\/","url":"https:\/\/secure.gravatar.com\/avatar\/a59c276b01147463ef3aab4118e3137ebc5e1ad6700deb39ccdf8b89e517f7dc?s=96&d=mm&r=g","contentUrl":"https:\/\/secure.gravatar.com\/avatar\/a59c276b01147463ef3aab4118e3137ebc5e1ad6700deb39ccdf8b89e517f7dc?s=96&d=mm&r=g","caption":"webmaster"},"sameAs":["https:\/\/blogs.uninter.edu.mx\/difusioncultural"],"url":"https:\/\/blogs.uninter.edu.mx\/difusioncultural\/?author=1"}]}},"jetpack_publicize_connections":[],"jetpack_featured_media_url":"https:\/\/blogs.uninter.edu.mx\/difusioncultural\/wp-content\/uploads\/2021\/05\/220px-joan_of_arc_miniature_graded-1.jpg","jetpack_sharing_enabled":true,"_links":{"self":[{"href":"https:\/\/blogs.uninter.edu.mx\/difusioncultural\/index.php?rest_route=\/wp\/v2\/posts\/8200","targetHints":{"allow":["GET"]}}],"collection":[{"href":"https:\/\/blogs.uninter.edu.mx\/difusioncultural\/index.php?rest_route=\/wp\/v2\/posts"}],"about":[{"href":"https:\/\/blogs.uninter.edu.mx\/difusioncultural\/index.php?rest_route=\/wp\/v2\/types\/post"}],"author":[{"embeddable":true,"href":"https:\/\/blogs.uninter.edu.mx\/difusioncultural\/index.php?rest_route=\/wp\/v2\/users\/1"}],"replies":[{"embeddable":true,"href":"https:\/\/blogs.uninter.edu.mx\/difusioncultural\/index.php?rest_route=%2Fwp%2Fv2%2Fcomments&post=8200"}],"version-history":[{"count":0,"href":"https:\/\/blogs.uninter.edu.mx\/difusioncultural\/index.php?rest_route=\/wp\/v2\/posts\/8200\/revisions"}],"wp:featuredmedia":[{"embeddable":true,"href":"https:\/\/blogs.uninter.edu.mx\/difusioncultural\/index.php?rest_route=\/wp\/v2\/media\/8202"}],"wp:attachment":[{"href":"https:\/\/blogs.uninter.edu.mx\/difusioncultural\/index.php?rest_route=%2Fwp%2Fv2%2Fmedia&parent=8200"}],"wp:term":[{"taxonomy":"category","embeddable":true,"href":"https:\/\/blogs.uninter.edu.mx\/difusioncultural\/index.php?rest_route=%2Fwp%2Fv2%2Fcategories&post=8200"},{"taxonomy":"post_tag","embeddable":true,"href":"https:\/\/blogs.uninter.edu.mx\/difusioncultural\/index.php?rest_route=%2Fwp%2Fv2%2Ftags&post=8200"}],"curies":[{"name":"wp","href":"https:\/\/api.w.org\/{rel}","templated":true}]}}