{"id":8205,"date":"2021-05-12T08:19:08","date_gmt":"2021-05-12T13:19:08","guid":{"rendered":"https:\/\/difusionculturaluninter.wordpress.com\/?p=8205"},"modified":"2021-05-12T08:19:08","modified_gmt":"2021-05-12T13:19:08","slug":"dia-internacional-de-las-familias","status":"publish","type":"post","link":"https:\/\/blogs.uninter.edu.mx\/difusioncultural\/?p=8205","title":{"rendered":"D\u00eda Internacional de las Familias"},"content":{"rendered":"\n<figure class=\"wp-block-image\"><img fetchpriority=\"high\" decoding=\"async\" width=\"1140\" height=\"855\" src=\"https:\/\/blogs.uninter.edu.mx\/difusioncultural\/wp-content\/uploads\/2021\/05\/img-20210512-wa0000.jpg\" alt=\"\" class=\"wp-image-8204\" \/><\/figure>\n\n\n\n<p>Desde 1993, cada 15 de mayo se celebra el D\u00eda Internacional de las Familias con el objetivo de concienciar sobre el papel fundamental que la familia ejerce en la educaci\u00f3n de los hijos desde la infancia hasta la juventud.<br><br>Aunque el concepto de familia ha ido evolucionando con el paso del tiempo debido a las tendencias mundiales y a los cambios demogr\u00e1ficos, la ONU considera que esta es la unidad b\u00e1sica de la sociedad. El D\u00eda Internacional de las Familias es un d\u00eda para reconocer, identificar y analizar aspectos sociales, econ\u00f3micos y demogr\u00e1ficos que pueden afectar al desarrollo y la evoluci\u00f3n de las familias. En este sentido, durante esta jornada se organizan actividades como talleres y conferencias, para favorecer y mejorar la unidad familiar.<br><br>En los a\u00f1os 80, las Naciones Unidas empezaron a centrarse en temas relacionados con las familias. En 1983, siguiendo las recomendaciones del Consejo Econ\u00f3mico y Social, la Comisi\u00f3n de Desarrollo Social, a trav\u00e9s de su resoluci\u00f3n 1983\/23 sobre la funci\u00f3n de la familia en el proceso de desarrollo, pidi\u00f3 al Secretario General que promoviera &#8220;entre los encargados de adoptar decisiones y el p\u00fablico una mayor conciencia de los problemas y las necesidades de la familia, as\u00ed como de las formas eficaces de satisfacer dichas necesidades&#8221;.<br><br>Cinco a\u00f1os m\u00e1s tarde, el Consejo, en su resoluci\u00f3n 1985\/29, pidi\u00f3 a la Asamblea General que considerara la posibilidad de incluir en su programa provisional para el cuadrag\u00e9simo primero periodo de sesiones el tema &#8220;Las familias en el proceso de desarrollo&#8221;, con la idea de pedir al Secretario General que iniciase un proceso para crear conciencia sobre este asunto entre los gobiernos, las organizaciones intergubernamentales y no gubernamentales, y la opini\u00f3n p\u00fablica. A continuaci\u00f3n, atendiendo a las recomendaciones de la Comisi\u00f3n de Desarrollo Social formulada en su trig\u00e9simo periodo de sesiones, la Asamblea invit\u00f3 a los Estados Miembros a que dieran su opini\u00f3n acerca de la posible proclamaci\u00f3n de un a\u00f1o internacional de la familia, as\u00ed como hicieran sus propuestas al respecto. El Consejo tambi\u00e9n pidi\u00f3 al Secretario General que presentara ante la Asamblea un informe general, basado en las observaciones y propuestas de los Estados Miembros, sobre la proclamaci\u00f3n del a\u00f1o y otras medidas para mejorar la situaci\u00f3n y el bienestar de las familias e intensificar la cooperaci\u00f3n internacional como parte de los esfuerzos mundiales para favorecer el progreso y desarrollo en lo social.<br><br>Finalmente, en su resoluci\u00f3n 44\/82 el 9 de diciembre de 1989, la Asamblea General proclam\u00f3 el A\u00f1o Internacional de la Familia. M\u00e1s tarde, en 1993, con la resoluci\u00f3n A\/RES\/47\/237, decidi\u00f3 celebrar el D\u00eda Internacional de la Familia cada 15 de mayo, con el fin de dar a conocer cuestiones relativas a las familias y reflexionar acerca de c\u00f3mo les afectan los procesos sociales, econ\u00f3micos y demogr\u00e1ficos.<br><br>El 25 de septiembre de 2015, los 193 Estados Miembros adoptaron por unanimidad los Objetivos de Desarrollo Sostenible, una serie de 17 objetivos dirigidos a erradicar la pobreza, la discriminaci\u00f3n, los abusos y las muertes prevenibles, abordar la destrucci\u00f3n del medio ambiente e iniciar una era de desarrollo para todos los habitantes del planeta. Las familias y las pol\u00edticas que se ocupan de las cuestiones que les afectan son claves para la consecuci\u00f3n de muchos de estos objetivos.<\/p>\n","protected":false},"excerpt":{"rendered":"<p>Desde 1993, cada 15 de mayo se celebra el D\u00eda Internacional de las Familias con el objetivo de concienciar sobre el papel fundamental que la familia ejerce en la educaci\u00f3n de los hijos desde la infancia hasta la juventud. Aunque el concepto de familia ha ido evolucionando con el paso del tiempo debido a las&hellip;<\/p>\n","protected":false},"author":1,"featured_media":8204,"comment_status":"closed","ping_status":"open","sticky":false,"template":"","format":"standard","meta":{"_jetpack_memberships_contains_paid_content":false,"footnotes":"","jetpack_publicize_message":"","jetpack_publicize_feature_enabled":true,"jetpack_social_post_already_shared":false,"jetpack_social_options":{"image_generator_settings":{"template":"highway","default_image_id":0,"font":"","enabled":false},"version":2}},"categories":[8,14],"tags":[],"class_list":["post-8205","post","type-post","status-publish","format-standard","has-post-thumbnail","hentry","category-eventos","category-un-dia-como-hoy"],"yoast_head":"<!-- This site is optimized with the Yoast SEO plugin v26.3 - https:\/\/yoast.com\/wordpress\/plugins\/seo\/ -->\r\n<title>D\u00eda Internacional de las Familias - Difusi\u00f3n Cultural<\/title>\r\n<meta name=\"robots\" content=\"index, follow, max-snippet:-1, max-image-preview:large, max-video-preview:-1\" \/>\r\n<link rel=\"canonical\" href=\"https:\/\/blogs.uninter.edu.mx\/difusioncultural\/?p=8205\" \/>\r\n<meta property=\"og:locale\" content=\"es_MX\" \/>\r\n<meta property=\"og:type\" content=\"article\" \/>\r\n<meta property=\"og:title\" content=\"D\u00eda Internacional de las Familias - Difusi\u00f3n Cultural\" \/>\r\n<meta property=\"og:description\" content=\"Desde 1993, cada 15 de mayo se celebra el D\u00eda Internacional de las Familias con el objetivo de concienciar sobre el papel fundamental que la familia ejerce en la educaci\u00f3n de los hijos desde la infancia hasta la juventud. Aunque el concepto de familia ha ido evolucionando con el paso del tiempo debido a las&hellip;\" \/>\r\n<meta property=\"og:url\" content=\"https:\/\/blogs.uninter.edu.mx\/difusioncultural\/?p=8205\" \/>\r\n<meta property=\"og:site_name\" content=\"Difusi\u00f3n Cultural\" \/>\r\n<meta property=\"article:published_time\" content=\"2021-05-12T13:19:08+00:00\" \/>\r\n<meta property=\"og:image\" content=\"https:\/\/blogs.uninter.edu.mx\/difusioncultural\/wp-content\/uploads\/2021\/05\/img-20210512-wa0000.jpg\" \/>\r\n\t<meta property=\"og:image:width\" content=\"1140\" \/>\r\n\t<meta property=\"og:image:height\" content=\"855\" \/>\r\n\t<meta property=\"og:image:type\" content=\"image\/jpeg\" \/>\r\n<meta name=\"author\" content=\"webmaster\" \/>\r\n<meta name=\"twitter:card\" content=\"summary_large_image\" \/>\r\n<meta name=\"twitter:label1\" content=\"Escrito por\" \/>\n\t<meta name=\"twitter:data1\" content=\"webmaster\" \/>\n\t<meta name=\"twitter:label2\" content=\"Tiempo de lectura\" \/>\n\t<meta name=\"twitter:data2\" content=\"3 minutos\" \/>\r\n<script type=\"application\/ld+json\" class=\"yoast-schema-graph\">{\"@context\":\"https:\/\/schema.org\",\"@graph\":[{\"@type\":\"Article\",\"@id\":\"https:\/\/blogs.uninter.edu.mx\/difusioncultural\/?p=8205#article\",\"isPartOf\":{\"@id\":\"https:\/\/blogs.uninter.edu.mx\/difusioncultural\/?p=8205\"},\"author\":{\"name\":\"webmaster\",\"@id\":\"https:\/\/blogs.uninter.edu.mx\/difusioncultural\/#\/schema\/person\/37a0926f4dd300a814993fd595abdc4a\"},\"headline\":\"D\u00eda Internacional de las Familias\",\"datePublished\":\"2021-05-12T13:19:08+00:00\",\"mainEntityOfPage\":{\"@id\":\"https:\/\/blogs.uninter.edu.mx\/difusioncultural\/?p=8205\"},\"wordCount\":575,\"publisher\":{\"@id\":\"https:\/\/blogs.uninter.edu.mx\/difusioncultural\/#organization\"},\"image\":{\"@id\":\"https:\/\/blogs.uninter.edu.mx\/difusioncultural\/?p=8205#primaryimage\"},\"thumbnailUrl\":\"https:\/\/blogs.uninter.edu.mx\/difusioncultural\/wp-content\/uploads\/2021\/05\/img-20210512-wa0000.jpg\",\"articleSection\":[\"Eventos\",\"un dia como hoy\"],\"inLanguage\":\"es\"},{\"@type\":\"WebPage\",\"@id\":\"https:\/\/blogs.uninter.edu.mx\/difusioncultural\/?p=8205\",\"url\":\"https:\/\/blogs.uninter.edu.mx\/difusioncultural\/?p=8205\",\"name\":\"D\u00eda Internacional de las Familias - Difusi\u00f3n Cultural\",\"isPartOf\":{\"@id\":\"https:\/\/blogs.uninter.edu.mx\/difusioncultural\/#website\"},\"primaryImageOfPage\":{\"@id\":\"https:\/\/blogs.uninter.edu.mx\/difusioncultural\/?p=8205#primaryimage\"},\"image\":{\"@id\":\"https:\/\/blogs.uninter.edu.mx\/difusioncultural\/?p=8205#primaryimage\"},\"thumbnailUrl\":\"https:\/\/blogs.uninter.edu.mx\/difusioncultural\/wp-content\/uploads\/2021\/05\/img-20210512-wa0000.jpg\",\"datePublished\":\"2021-05-12T13:19:08+00:00\",\"breadcrumb\":{\"@id\":\"https:\/\/blogs.uninter.edu.mx\/difusioncultural\/?p=8205#breadcrumb\"},\"inLanguage\":\"es\",\"potentialAction\":[{\"@type\":\"ReadAction\",\"target\":[\"https:\/\/blogs.uninter.edu.mx\/difusioncultural\/?p=8205\"]}]},{\"@type\":\"ImageObject\",\"inLanguage\":\"es\",\"@id\":\"https:\/\/blogs.uninter.edu.mx\/difusioncultural\/?p=8205#primaryimage\",\"url\":\"https:\/\/blogs.uninter.edu.mx\/difusioncultural\/wp-content\/uploads\/2021\/05\/img-20210512-wa0000.jpg\",\"contentUrl\":\"https:\/\/blogs.uninter.edu.mx\/difusioncultural\/wp-content\/uploads\/2021\/05\/img-20210512-wa0000.jpg\",\"width\":1140,\"height\":855},{\"@type\":\"BreadcrumbList\",\"@id\":\"https:\/\/blogs.uninter.edu.mx\/difusioncultural\/?p=8205#breadcrumb\",\"itemListElement\":[{\"@type\":\"ListItem\",\"position\":1,\"name\":\"Inicio\",\"item\":\"https:\/\/blogs.uninter.edu.mx\/difusioncultural\/\"},{\"@type\":\"ListItem\",\"position\":2,\"name\":\"D\u00eda Internacional de las Familias\"}]},{\"@type\":\"WebSite\",\"@id\":\"https:\/\/blogs.uninter.edu.mx\/difusioncultural\/#website\",\"url\":\"https:\/\/blogs.uninter.edu.mx\/difusioncultural\/\",\"name\":\"Difusi\u00f3n Cultural\",\"description\":\"UNINTER\",\"publisher\":{\"@id\":\"https:\/\/blogs.uninter.edu.mx\/difusioncultural\/#organization\"},\"potentialAction\":[{\"@type\":\"SearchAction\",\"target\":{\"@type\":\"EntryPoint\",\"urlTemplate\":\"https:\/\/blogs.uninter.edu.mx\/difusioncultural\/?s={search_term_string}\"},\"query-input\":{\"@type\":\"PropertyValueSpecification\",\"valueRequired\":true,\"valueName\":\"search_term_string\"}}],\"inLanguage\":\"es\"},{\"@type\":\"Organization\",\"@id\":\"https:\/\/blogs.uninter.edu.mx\/difusioncultural\/#organization\",\"name\":\"Difusi\u00f3n Cultural\",\"url\":\"https:\/\/blogs.uninter.edu.mx\/difusioncultural\/\",\"logo\":{\"@type\":\"ImageObject\",\"inLanguage\":\"es\",\"@id\":\"https:\/\/blogs.uninter.edu.mx\/difusioncultural\/#\/schema\/logo\/image\/\",\"url\":\"https:\/\/blogs.uninter.edu.mx\/difusioncultural\/wp-content\/uploads\/2022\/09\/uninter.jpg\",\"contentUrl\":\"https:\/\/blogs.uninter.edu.mx\/difusioncultural\/wp-content\/uploads\/2022\/09\/uninter.jpg\",\"width\":2048,\"height\":2048,\"caption\":\"Difusi\u00f3n Cultural\"},\"image\":{\"@id\":\"https:\/\/blogs.uninter.edu.mx\/difusioncultural\/#\/schema\/logo\/image\/\"}},{\"@type\":\"Person\",\"@id\":\"https:\/\/blogs.uninter.edu.mx\/difusioncultural\/#\/schema\/person\/37a0926f4dd300a814993fd595abdc4a\",\"name\":\"webmaster\",\"image\":{\"@type\":\"ImageObject\",\"inLanguage\":\"es\",\"@id\":\"https:\/\/blogs.uninter.edu.mx\/difusioncultural\/#\/schema\/person\/image\/\",\"url\":\"https:\/\/secure.gravatar.com\/avatar\/a59c276b01147463ef3aab4118e3137ebc5e1ad6700deb39ccdf8b89e517f7dc?s=96&d=mm&r=g\",\"contentUrl\":\"https:\/\/secure.gravatar.com\/avatar\/a59c276b01147463ef3aab4118e3137ebc5e1ad6700deb39ccdf8b89e517f7dc?s=96&d=mm&r=g\",\"caption\":\"webmaster\"},\"sameAs\":[\"https:\/\/blogs.uninter.edu.mx\/difusioncultural\"],\"url\":\"https:\/\/blogs.uninter.edu.mx\/difusioncultural\/?author=1\"}]}<\/script>\r\n<!-- \/ Yoast SEO plugin. -->","yoast_head_json":{"title":"D\u00eda Internacional de las Familias - Difusi\u00f3n Cultural","robots":{"index":"index","follow":"follow","max-snippet":"max-snippet:-1","max-image-preview":"max-image-preview:large","max-video-preview":"max-video-preview:-1"},"canonical":"https:\/\/blogs.uninter.edu.mx\/difusioncultural\/?p=8205","og_locale":"es_MX","og_type":"article","og_title":"D\u00eda Internacional de las Familias - Difusi\u00f3n Cultural","og_description":"Desde 1993, cada 15 de mayo se celebra el D\u00eda Internacional de las Familias con el objetivo de concienciar sobre el papel fundamental que la familia ejerce en la educaci\u00f3n de los hijos desde la infancia hasta la juventud. Aunque el concepto de familia ha ido evolucionando con el paso del tiempo debido a las&hellip;","og_url":"https:\/\/blogs.uninter.edu.mx\/difusioncultural\/?p=8205","og_site_name":"Difusi\u00f3n Cultural","article_published_time":"2021-05-12T13:19:08+00:00","og_image":[{"width":1140,"height":855,"url":"https:\/\/blogs.uninter.edu.mx\/difusioncultural\/wp-content\/uploads\/2021\/05\/img-20210512-wa0000.jpg","type":"image\/jpeg"}],"author":"webmaster","twitter_card":"summary_large_image","twitter_misc":{"Escrito por":"webmaster","Tiempo de lectura":"3 minutos"},"schema":{"@context":"https:\/\/schema.org","@graph":[{"@type":"Article","@id":"https:\/\/blogs.uninter.edu.mx\/difusioncultural\/?p=8205#article","isPartOf":{"@id":"https:\/\/blogs.uninter.edu.mx\/difusioncultural\/?p=8205"},"author":{"name":"webmaster","@id":"https:\/\/blogs.uninter.edu.mx\/difusioncultural\/#\/schema\/person\/37a0926f4dd300a814993fd595abdc4a"},"headline":"D\u00eda Internacional de las Familias","datePublished":"2021-05-12T13:19:08+00:00","mainEntityOfPage":{"@id":"https:\/\/blogs.uninter.edu.mx\/difusioncultural\/?p=8205"},"wordCount":575,"publisher":{"@id":"https:\/\/blogs.uninter.edu.mx\/difusioncultural\/#organization"},"image":{"@id":"https:\/\/blogs.uninter.edu.mx\/difusioncultural\/?p=8205#primaryimage"},"thumbnailUrl":"https:\/\/blogs.uninter.edu.mx\/difusioncultural\/wp-content\/uploads\/2021\/05\/img-20210512-wa0000.jpg","articleSection":["Eventos","un dia como hoy"],"inLanguage":"es"},{"@type":"WebPage","@id":"https:\/\/blogs.uninter.edu.mx\/difusioncultural\/?p=8205","url":"https:\/\/blogs.uninter.edu.mx\/difusioncultural\/?p=8205","name":"D\u00eda Internacional de las Familias - Difusi\u00f3n Cultural","isPartOf":{"@id":"https:\/\/blogs.uninter.edu.mx\/difusioncultural\/#website"},"primaryImageOfPage":{"@id":"https:\/\/blogs.uninter.edu.mx\/difusioncultural\/?p=8205#primaryimage"},"image":{"@id":"https:\/\/blogs.uninter.edu.mx\/difusioncultural\/?p=8205#primaryimage"},"thumbnailUrl":"https:\/\/blogs.uninter.edu.mx\/difusioncultural\/wp-content\/uploads\/2021\/05\/img-20210512-wa0000.jpg","datePublished":"2021-05-12T13:19:08+00:00","breadcrumb":{"@id":"https:\/\/blogs.uninter.edu.mx\/difusioncultural\/?p=8205#breadcrumb"},"inLanguage":"es","potentialAction":[{"@type":"ReadAction","target":["https:\/\/blogs.uninter.edu.mx\/difusioncultural\/?p=8205"]}]},{"@type":"ImageObject","inLanguage":"es","@id":"https:\/\/blogs.uninter.edu.mx\/difusioncultural\/?p=8205#primaryimage","url":"https:\/\/blogs.uninter.edu.mx\/difusioncultural\/wp-content\/uploads\/2021\/05\/img-20210512-wa0000.jpg","contentUrl":"https:\/\/blogs.uninter.edu.mx\/difusioncultural\/wp-content\/uploads\/2021\/05\/img-20210512-wa0000.jpg","width":1140,"height":855},{"@type":"BreadcrumbList","@id":"https:\/\/blogs.uninter.edu.mx\/difusioncultural\/?p=8205#breadcrumb","itemListElement":[{"@type":"ListItem","position":1,"name":"Inicio","item":"https:\/\/blogs.uninter.edu.mx\/difusioncultural\/"},{"@type":"ListItem","position":2,"name":"D\u00eda Internacional de las Familias"}]},{"@type":"WebSite","@id":"https:\/\/blogs.uninter.edu.mx\/difusioncultural\/#website","url":"https:\/\/blogs.uninter.edu.mx\/difusioncultural\/","name":"Difusi\u00f3n Cultural","description":"UNINTER","publisher":{"@id":"https:\/\/blogs.uninter.edu.mx\/difusioncultural\/#organization"},"potentialAction":[{"@type":"SearchAction","target":{"@type":"EntryPoint","urlTemplate":"https:\/\/blogs.uninter.edu.mx\/difusioncultural\/?s={search_term_string}"},"query-input":{"@type":"PropertyValueSpecification","valueRequired":true,"valueName":"search_term_string"}}],"inLanguage":"es"},{"@type":"Organization","@id":"https:\/\/blogs.uninter.edu.mx\/difusioncultural\/#organization","name":"Difusi\u00f3n Cultural","url":"https:\/\/blogs.uninter.edu.mx\/difusioncultural\/","logo":{"@type":"ImageObject","inLanguage":"es","@id":"https:\/\/blogs.uninter.edu.mx\/difusioncultural\/#\/schema\/logo\/image\/","url":"https:\/\/blogs.uninter.edu.mx\/difusioncultural\/wp-content\/uploads\/2022\/09\/uninter.jpg","contentUrl":"https:\/\/blogs.uninter.edu.mx\/difusioncultural\/wp-content\/uploads\/2022\/09\/uninter.jpg","width":2048,"height":2048,"caption":"Difusi\u00f3n Cultural"},"image":{"@id":"https:\/\/blogs.uninter.edu.mx\/difusioncultural\/#\/schema\/logo\/image\/"}},{"@type":"Person","@id":"https:\/\/blogs.uninter.edu.mx\/difusioncultural\/#\/schema\/person\/37a0926f4dd300a814993fd595abdc4a","name":"webmaster","image":{"@type":"ImageObject","inLanguage":"es","@id":"https:\/\/blogs.uninter.edu.mx\/difusioncultural\/#\/schema\/person\/image\/","url":"https:\/\/secure.gravatar.com\/avatar\/a59c276b01147463ef3aab4118e3137ebc5e1ad6700deb39ccdf8b89e517f7dc?s=96&d=mm&r=g","contentUrl":"https:\/\/secure.gravatar.com\/avatar\/a59c276b01147463ef3aab4118e3137ebc5e1ad6700deb39ccdf8b89e517f7dc?s=96&d=mm&r=g","caption":"webmaster"},"sameAs":["https:\/\/blogs.uninter.edu.mx\/difusioncultural"],"url":"https:\/\/blogs.uninter.edu.mx\/difusioncultural\/?author=1"}]}},"jetpack_publicize_connections":[],"jetpack_featured_media_url":"https:\/\/blogs.uninter.edu.mx\/difusioncultural\/wp-content\/uploads\/2021\/05\/img-20210512-wa0000.jpg","jetpack_sharing_enabled":true,"_links":{"self":[{"href":"https:\/\/blogs.uninter.edu.mx\/difusioncultural\/index.php?rest_route=\/wp\/v2\/posts\/8205","targetHints":{"allow":["GET"]}}],"collection":[{"href":"https:\/\/blogs.uninter.edu.mx\/difusioncultural\/index.php?rest_route=\/wp\/v2\/posts"}],"about":[{"href":"https:\/\/blogs.uninter.edu.mx\/difusioncultural\/index.php?rest_route=\/wp\/v2\/types\/post"}],"author":[{"embeddable":true,"href":"https:\/\/blogs.uninter.edu.mx\/difusioncultural\/index.php?rest_route=\/wp\/v2\/users\/1"}],"replies":[{"embeddable":true,"href":"https:\/\/blogs.uninter.edu.mx\/difusioncultural\/index.php?rest_route=%2Fwp%2Fv2%2Fcomments&post=8205"}],"version-history":[{"count":0,"href":"https:\/\/blogs.uninter.edu.mx\/difusioncultural\/index.php?rest_route=\/wp\/v2\/posts\/8205\/revisions"}],"wp:featuredmedia":[{"embeddable":true,"href":"https:\/\/blogs.uninter.edu.mx\/difusioncultural\/index.php?rest_route=\/wp\/v2\/media\/8204"}],"wp:attachment":[{"href":"https:\/\/blogs.uninter.edu.mx\/difusioncultural\/index.php?rest_route=%2Fwp%2Fv2%2Fmedia&parent=8205"}],"wp:term":[{"taxonomy":"category","embeddable":true,"href":"https:\/\/blogs.uninter.edu.mx\/difusioncultural\/index.php?rest_route=%2Fwp%2Fv2%2Fcategories&post=8205"},{"taxonomy":"post_tag","embeddable":true,"href":"https:\/\/blogs.uninter.edu.mx\/difusioncultural\/index.php?rest_route=%2Fwp%2Fv2%2Ftags&post=8205"}],"curies":[{"name":"wp","href":"https:\/\/api.w.org\/{rel}","templated":true}]}}